{"id":234291,"date":"2021-09-13T09:31:52","date_gmt":"2021-09-13T12:31:52","guid":{"rendered":"https:\/\/franciscanos.org.br\/noticias\/?p=234291"},"modified":"2021-09-13T09:35:01","modified_gmt":"2021-09-13T12:35:01","slug":"ministro-geral-na-primeira-profissao-jesus-gera-uma-bela-e-contagiante-novidade","status":"publish","type":"post","link":"https:\/\/franciscanos.org.br\/noticias\/ministro-geral-na-primeira-profissao-jesus-gera-uma-bela-e-contagiante-novidade.html","title":{"rendered":"Ministro Geral pede a novi\u00e7os para &#8216;se contagiarem&#8217; pelo Senhor Jesus"},"content":{"rendered":"<p><img loading=\"lazy\" class=\"alignnone wp-image-234292 size-full\" src=\"https:\/\/franciscanos.org.br\/noticias\/wp-content\/uploads\/2021\/09\/geral_130921.jpg\" alt=\"\" width=\"1280\" height=\"850\" srcset=\"https:\/\/franciscanos.org.br\/noticias\/wp-content\/uploads\/2021\/09\/geral_130921.jpg 1280w, https:\/\/franciscanos.org.br\/noticias\/wp-content\/uploads\/2021\/09\/geral_130921-450x299.jpg 450w, https:\/\/franciscanos.org.br\/noticias\/wp-content\/uploads\/2021\/09\/geral_130921-1024x680.jpg 1024w, https:\/\/franciscanos.org.br\/noticias\/wp-content\/uploads\/2021\/09\/geral_130921-768x510.jpg 768w, https:\/\/franciscanos.org.br\/noticias\/wp-content\/uploads\/2021\/09\/geral_130921-150x100.jpg 150w\" sizes=\"(max-width: 1280px) 100vw, 1280px\" \/><\/p>\n<p>O Ministro Geral Frei Massimo Fusarelli acolheu na Ordem dos Frades Menores 14 jovens que fizeram a Primeira Profiss\u00e3o durante a Celebra\u00e7\u00e3o Eucar\u00edstica (4\/9) no Santu\u00e1rio della Verna (Monte Alverne) e motivou-os a &#8216;se contagiarem&#8217; pela bela novidade: o encontro com o Senhor Jesus. Professaram 4 novi\u00e7os da Prov\u00edncia da Toscana, 2 da Prov\u00edncia da Prov\u00edncia do Lazio-Abruzzo, onde Frei Massimo era Ministro Provincial antes de ser eleito Ministro Geral, e 8 da Cust\u00f3dia da Terra Santa.<\/p>\n<p>O Ministro Geral fez uma analogia, lembrando que nada ser\u00e1 como antes nesta pandemia: &#8220;Tamb\u00e9m para voc\u00eas, irm\u00e3os novi\u00e7os, existe o que precede este dia e o que come\u00e7a hoje. Cada um de voc\u00eas conhece o &#8216;antes&#8217; que os trouxe aqui hoje, e espero que este ano tenham podido olhar para o seu &#8216;antes&#8217; com novos olhos para acolher este &#8216;depois&#8217; de uma nova forma. Espero e rezo para que este momento seja marcado pelo encontro com o Senhor Jesus, que gera uma bela e contagiante novidade, uma alegria que deve ser compartilhada: deixemo-nos contagiar!&#8221;, disse.<\/p>\n<p>&#8220;Voc\u00eas passaram um ano aqui no Alverne, em contato com S\u00e3o Francisco, que conheceu o &#8216;antes&#8217; da sua condi\u00e7\u00e3o de pecador e o &#8216;depois&#8217; do encontro com o leproso &#8230; diz-o com clareza no Testamento, quando chegou ao fim da sua exist\u00eancia e soube tra\u00e7ar essa fronteira na sua vida: primeiro adorei-me, depois pude encontrar o olhar, a carne podre e o abra\u00e7o dos leprosos, e naquele &#8216;n\u00f3s&#8217; encontrei o meu verdadeiro &#8216;eu&#8217;, o fraterno, marcado pela miseric\u00f3rdia&#8221;, acrescentou Frei Massimo.<\/p>\n<p>Segundo o Ministro Geral, Francisco conheceu o &#8216;antes&#8217; do seu esgotamento (cansa\u00e7o\/esfor\u00e7o) com a fraternidade da Ordem que seguiu outros caminhos e o &#8216;depois&#8217; do encontro que o tornou semelhante ao Amado no Alverne. Ele se referia \u00e0 impress\u00e3o das Chagas de S\u00e3o Francisco, festa franciscana que ser\u00e1 celebrada no pr\u00f3ximo dia 17 de setembro. &#8220;A cruz gloriosa do Senhor imprimiu na carne do cora\u00e7\u00e3o e da vida de Francisco a marca de um amor humilde: o Serafim se apresenta a Francisco de maneira pac\u00edfica e amorosa. Cristo imprime a sua marca vitoriosa no servo: \u00e9 o amigo, o noivo, o irm\u00e3o que marca o seu amigo com o fogo e o beijo do amor&#8221;, ressaltou.<\/p>\n<p>Frei Massimo enfatizou que Francisco permaneceu firme na f\u00e9, como dizia S\u00e3o Paulo aos Colossenses, unido \u00e0 solidez da rocha que \u00e9 Cristo: &#8220;Come\u00e7ando seu Tr\u00e2nsito, o &#8216;Poverello&#8217; indica aos seus irm\u00e3os que Cristo foi seu tudo, tudo\u2026; mostrou-lhes o seu caminho, que agora deixa aos seus irm\u00e3os, a n\u00f3s, hoje a voc\u00eas, para que nos deixemos guiar por Cristo. Aquele corpo deitado na terra nua significa precisamente essa liberdade, esse dom de si mesmo &#8230; Oh, como precisamos disso! Que Jesus nos mostre com os olhos do esp\u00edrito a maneira de dizer um sim novo, mais livre e feliz ao seu chamado!&#8221;<\/p>\n<p>&#8220;Caros irm\u00e3os novi\u00e7os e em breve professos: desejo-lhes de todo o cora\u00e7\u00e3o e de todas as for\u00e7as que se apaixonem verdadeiramente pelo olhar com que o Senhor hoje os v\u00ea e os atrai a si. N\u00e3o lhes desejo mais nada debaixo do c\u00e9u, nem medo de perder algo, mas saber que com Cristo tudo nos \u00e9 dado. Para confiar: voc\u00ea pode dar o passo de seguir as pegadas de Jesus dentro e atrav\u00e9s de suas pobrezas. Deus n\u00e3o tem medo de nossas infidelidades, porque nos conhece e nos ama&#8221;, exortou.<\/p>\n<p>&#8220;Posso atestar que podemos perder de vista aquele olhar na estrada e procurar outra coisa. Mas tamb\u00e9m posso dizer que \u00e9 chegado o momento em que aquele olhar volta a buscar o nosso, e conosco o de muitos, e supera as resist\u00eancias e os medos, a autossufici\u00eancia e os pecados. Acreditamos, confiamos, nos devolvemos a voc\u00ea, a este Amor teimoso e invenc\u00edvel. E nesse olhar, o nosso olhar muda para o mundo, para as pessoas. Cria\u00e7\u00e3o, realidade. As criaturas se tornam irm\u00e3os e irm\u00e3s, n\u00e3o inimigos, para serem humildemente amadas e servidas.<\/p>\n<p>&#8220;Posso atestar que podemos perder de vista aquele olhar na estrada e procurar outra coisa. Mas tamb\u00e9m posso dizer que \u00e9 chegado o momento em que aquele olhar volta a buscar o nosso, e conosco o de muitos, e supera as resist\u00eancias e os medos, a autossufici\u00eancia e os pecados. Acreditamos, confiamos, nos devolvemos a voc\u00ea a este Amor teimoso e invenc\u00edvel. E nesse olhar, o nosso olhar muda para o mundo, para as pessoas, a cria\u00e7\u00e3o, a realidade. As criaturas se tornam irm\u00e3os e irm\u00e3s, n\u00e3o inimigas, para serem humildemente amadas e servidas. Bom caminho de acompanhamento na alegria do amor que n\u00e3o decepciona&#8221;, desejou.<\/p>\n<hr \/>\n<p><em>Fonte: Site da Ordem dos Frades Menores (www.ofm.org)<\/em><\/p>\n","protected":false},"excerpt":{"rendered":"<p>Ordem dos Frades Menores<\/p>\n","protected":false},"author":3,"featured_media":234292,"comment_status":"open","ping_status":"open","sticky":false,"template":"","format":"standard","meta":[],"categories":[1],"tags":[127,397],"acf":[],"yoast_head":"<!-- This site is optimized with the Yoast SEO plugin v19.2 - https:\/\/yoast.com\/wordpress\/plugins\/seo\/ -->\n<title>Ministro Geral pede a novi\u00e7os para &#039;se contagiarem&#039; pelo Senhor Jesus - Not\u00edcias - Franciscanos<\/title>\n<meta name=\"robots\" content=\"index, follow, max-snippet:-1, max-image-preview:large, max-video-preview:-1\" \/>\n<link rel=\"canonical\" href=\"https:\/\/franciscanos.org.br\/noticias\/ministro-geral-na-primeira-profissao-jesus-gera-uma-bela-e-contagiante-novidade.html\" \/>\n<meta property=\"og:locale\" content=\"pt_BR\" \/>\n<meta property=\"og:type\" content=\"article\" \/>\n<meta property=\"og:title\" content=\"Ministro Geral pede a novi\u00e7os para &#039;se contagiarem&#039; pelo Senhor Jesus - Not\u00edcias - Franciscanos\" \/>\n<meta property=\"og:description\" content=\"Ordem dos Frades Menores\" \/>\n<meta property=\"og:url\" content=\"https:\/\/franciscanos.org.br\/noticias\/ministro-geral-na-primeira-profissao-jesus-gera-uma-bela-e-contagiante-novidade.html\" \/>\n<meta property=\"og:site_name\" content=\"Not\u00edcias - Franciscanos\" \/>\n<meta property=\"article:published_time\" content=\"2021-09-13T12:31:52+00:00\" \/>\n<meta property=\"article:modified_time\" content=\"2021-09-13T12:35:01+00:00\" \/>\n<meta property=\"og:image\" content=\"https:\/\/franciscanos.org.br\/noticias\/wp-content\/uploads\/2021\/09\/geral_130921.jpg\" \/>\n\t<meta property=\"og:image:width\" content=\"1280\" \/>\n\t<meta property=\"og:image:height\" content=\"850\" \/>\n\t<meta property=\"og:image:type\" content=\"image\/jpeg\" \/>\n<meta name=\"author\" content=\"moacir\" \/>\n<meta name=\"twitter:card\" content=\"summary_large_image\" \/>\n<meta name=\"twitter:label1\" content=\"Escrito por\" \/>\n\t<meta name=\"twitter:data1\" content=\"moacir\" \/>\n\t<meta name=\"twitter:label2\" content=\"Est. tempo de leitura\" \/>\n\t<meta name=\"twitter:data2\" content=\"4 minutos\" \/>\n<script type=\"application\/ld+json\" class=\"yoast-schema-graph\">{\"@context\":\"https:\/\/schema.org\",\"@graph\":[{\"@type\":\"WebSite\",\"@id\":\"https:\/\/franciscanos.org.br\/noticias\/#website\",\"url\":\"https:\/\/franciscanos.org.br\/noticias\/\",\"name\":\"Not\u00edcias - Franciscanos\",\"description\":\"Prov\u00edncia Franciscana da Imaculada Concei\u00e7\u00e3o do Brasil - Ordem dos Frades Menores - OFM\",\"potentialAction\":[{\"@type\":\"SearchAction\",\"target\":{\"@type\":\"EntryPoint\",\"urlTemplate\":\"https:\/\/franciscanos.org.br\/noticias\/?s={search_term_string}\"},\"query-input\":\"required name=search_term_string\"}],\"inLanguage\":\"pt-BR\"},{\"@type\":\"ImageObject\",\"inLanguage\":\"pt-BR\",\"@id\":\"https:\/\/franciscanos.org.br\/noticias\/ministro-geral-na-primeira-profissao-jesus-gera-uma-bela-e-contagiante-novidade.html#primaryimage\",\"url\":\"https:\/\/franciscanos.org.br\/noticias\/wp-content\/uploads\/2021\/09\/geral_130921.jpg\",\"contentUrl\":\"https:\/\/franciscanos.org.br\/noticias\/wp-content\/uploads\/2021\/09\/geral_130921.jpg\",\"width\":1280,\"height\":850},{\"@type\":\"WebPage\",\"@id\":\"https:\/\/franciscanos.org.br\/noticias\/ministro-geral-na-primeira-profissao-jesus-gera-uma-bela-e-contagiante-novidade.html#webpage\",\"url\":\"https:\/\/franciscanos.org.br\/noticias\/ministro-geral-na-primeira-profissao-jesus-gera-uma-bela-e-contagiante-novidade.html\",\"name\":\"Ministro Geral pede a novi\u00e7os para 'se contagiarem' pelo Senhor Jesus - Not\u00edcias - Franciscanos\",\"isPartOf\":{\"@id\":\"https:\/\/franciscanos.org.br\/noticias\/#website\"},\"primaryImageOfPage\":{\"@id\":\"https:\/\/franciscanos.org.br\/noticias\/ministro-geral-na-primeira-profissao-jesus-gera-uma-bela-e-contagiante-novidade.html#primaryimage\"},\"datePublished\":\"2021-09-13T12:31:52+00:00\",\"dateModified\":\"2021-09-13T12:35:01+00:00\",\"author\":{\"@id\":\"https:\/\/franciscanos.org.br\/noticias\/#\/schema\/person\/b5c8cba458c330ccff548b056e95a5d4\"},\"breadcrumb\":{\"@id\":\"https:\/\/franciscanos.org.br\/noticias\/ministro-geral-na-primeira-profissao-jesus-gera-uma-bela-e-contagiante-novidade.html#breadcrumb\"},\"inLanguage\":\"pt-BR\",\"potentialAction\":[{\"@type\":\"ReadAction\",\"target\":[\"https:\/\/franciscanos.org.br\/noticias\/ministro-geral-na-primeira-profissao-jesus-gera-uma-bela-e-contagiante-novidade.html\"]}]},{\"@type\":\"BreadcrumbList\",\"@id\":\"https:\/\/franciscanos.org.br\/noticias\/ministro-geral-na-primeira-profissao-jesus-gera-uma-bela-e-contagiante-novidade.html#breadcrumb\",\"itemListElement\":[{\"@type\":\"ListItem\",\"position\":1,\"name\":\"Home\",\"item\":\"https:\/\/franciscanos.org.br\/noticias\"},{\"@type\":\"ListItem\",\"position\":2,\"name\":\"Ministro Geral pede a novi\u00e7os para &#8216;se contagiarem&#8217; pelo Senhor Jesus\"}]},{\"@type\":\"Person\",\"@id\":\"https:\/\/franciscanos.org.br\/noticias\/#\/schema\/person\/b5c8cba458c330ccff548b056e95a5d4\",\"name\":\"moacir\",\"image\":{\"@type\":\"ImageObject\",\"inLanguage\":\"pt-BR\",\"@id\":\"https:\/\/franciscanos.org.br\/noticias\/#\/schema\/person\/image\/\",\"url\":\"https:\/\/secure.gravatar.com\/avatar\/d08aa2ce4c8dd416d4479aa8536fcf64?s=96&d=mm&r=g\",\"contentUrl\":\"https:\/\/secure.gravatar.com\/avatar\/d08aa2ce4c8dd416d4479aa8536fcf64?s=96&d=mm&r=g\",\"caption\":\"moacir\"},\"url\":\"https:\/\/franciscanos.org.br\/noticias\/author\/moacir\"}]}<\/script>\n<!-- \/ Yoast SEO plugin. -->","yoast_head_json":{"title":"Ministro Geral pede a novi\u00e7os para 'se contagiarem' pelo Senhor Jesus - Not\u00edcias - Franciscanos","robots":{"index":"index","follow":"follow","max-snippet":"max-snippet:-1","max-image-preview":"max-image-preview:large","max-video-preview":"max-video-preview:-1"},"canonical":"https:\/\/franciscanos.org.br\/noticias\/ministro-geral-na-primeira-profissao-jesus-gera-uma-bela-e-contagiante-novidade.html","og_locale":"pt_BR","og_type":"article","og_title":"Ministro Geral pede a novi\u00e7os para 'se contagiarem' pelo Senhor Jesus - Not\u00edcias - Franciscanos","og_description":"Ordem dos Frades Menores","og_url":"https:\/\/franciscanos.org.br\/noticias\/ministro-geral-na-primeira-profissao-jesus-gera-uma-bela-e-contagiante-novidade.html","og_site_name":"Not\u00edcias - Franciscanos","article_published_time":"2021-09-13T12:31:52+00:00","article_modified_time":"2021-09-13T12:35:01+00:00","og_image":[{"width":1280,"height":850,"url":"https:\/\/franciscanos.org.br\/noticias\/wp-content\/uploads\/2021\/09\/geral_130921.jpg","type":"image\/jpeg"}],"author":"moacir","twitter_card":"summary_large_image","twitter_misc":{"Escrito por":"moacir","Est. tempo de leitura":"4 minutos"},"schema":{"@context":"https:\/\/schema.org","@graph":[{"@type":"WebSite","@id":"https:\/\/franciscanos.org.br\/noticias\/#website","url":"https:\/\/franciscanos.org.br\/noticias\/","name":"Not\u00edcias - Franciscanos","description":"Prov\u00edncia Franciscana da Imaculada Concei\u00e7\u00e3o do Brasil - Ordem dos Frades Menores - OFM","potentialAction":[{"@type":"SearchAction","target":{"@type":"EntryPoint","urlTemplate":"https:\/\/franciscanos.org.br\/noticias\/?s={search_term_string}"},"query-input":"required name=search_term_string"}],"inLanguage":"pt-BR"},{"@type":"ImageObject","inLanguage":"pt-BR","@id":"https:\/\/franciscanos.org.br\/noticias\/ministro-geral-na-primeira-profissao-jesus-gera-uma-bela-e-contagiante-novidade.html#primaryimage","url":"https:\/\/franciscanos.org.br\/noticias\/wp-content\/uploads\/2021\/09\/geral_130921.jpg","contentUrl":"https:\/\/franciscanos.org.br\/noticias\/wp-content\/uploads\/2021\/09\/geral_130921.jpg","width":1280,"height":850},{"@type":"WebPage","@id":"https:\/\/franciscanos.org.br\/noticias\/ministro-geral-na-primeira-profissao-jesus-gera-uma-bela-e-contagiante-novidade.html#webpage","url":"https:\/\/franciscanos.org.br\/noticias\/ministro-geral-na-primeira-profissao-jesus-gera-uma-bela-e-contagiante-novidade.html","name":"Ministro Geral pede a novi\u00e7os para 'se contagiarem' pelo Senhor Jesus - Not\u00edcias - Franciscanos","isPartOf":{"@id":"https:\/\/franciscanos.org.br\/noticias\/#website"},"primaryImageOfPage":{"@id":"https:\/\/franciscanos.org.br\/noticias\/ministro-geral-na-primeira-profissao-jesus-gera-uma-bela-e-contagiante-novidade.html#primaryimage"},"datePublished":"2021-09-13T12:31:52+00:00","dateModified":"2021-09-13T12:35:01+00:00","author":{"@id":"https:\/\/franciscanos.org.br\/noticias\/#\/schema\/person\/b5c8cba458c330ccff548b056e95a5d4"},"breadcrumb":{"@id":"https:\/\/franciscanos.org.br\/noticias\/ministro-geral-na-primeira-profissao-jesus-gera-uma-bela-e-contagiante-novidade.html#breadcrumb"},"inLanguage":"pt-BR","potentialAction":[{"@type":"ReadAction","target":["https:\/\/franciscanos.org.br\/noticias\/ministro-geral-na-primeira-profissao-jesus-gera-uma-bela-e-contagiante-novidade.html"]}]},{"@type":"BreadcrumbList","@id":"https:\/\/franciscanos.org.br\/noticias\/ministro-geral-na-primeira-profissao-jesus-gera-uma-bela-e-contagiante-novidade.html#breadcrumb","itemListElement":[{"@type":"ListItem","position":1,"name":"Home","item":"https:\/\/franciscanos.org.br\/noticias"},{"@type":"ListItem","position":2,"name":"Ministro Geral pede a novi\u00e7os para &#8216;se contagiarem&#8217; pelo Senhor Jesus"}]},{"@type":"Person","@id":"https:\/\/franciscanos.org.br\/noticias\/#\/schema\/person\/b5c8cba458c330ccff548b056e95a5d4","name":"moacir","image":{"@type":"ImageObject","inLanguage":"pt-BR","@id":"https:\/\/franciscanos.org.br\/noticias\/#\/schema\/person\/image\/","url":"https:\/\/secure.gravatar.com\/avatar\/d08aa2ce4c8dd416d4479aa8536fcf64?s=96&d=mm&r=g","contentUrl":"https:\/\/secure.gravatar.com\/avatar\/d08aa2ce4c8dd416d4479aa8536fcf64?s=96&d=mm&r=g","caption":"moacir"},"url":"https:\/\/franciscanos.org.br\/noticias\/author\/moacir"}]}},"_links":{"self":[{"href":"https:\/\/franciscanos.org.br\/noticias\/wp-json\/wp\/v2\/posts\/234291"}],"collection":[{"href":"https:\/\/franciscanos.org.br\/noticias\/wp-json\/wp\/v2\/posts"}],"about":[{"href":"https:\/\/franciscanos.org.br\/noticias\/wp-json\/wp\/v2\/types\/post"}],"author":[{"embeddable":true,"href":"https:\/\/franciscanos.org.br\/noticias\/wp-json\/wp\/v2\/users\/3"}],"replies":[{"embeddable":true,"href":"https:\/\/franciscanos.org.br\/noticias\/wp-json\/wp\/v2\/comments?post=234291"}],"version-history":[{"count":4,"href":"https:\/\/franciscanos.org.br\/noticias\/wp-json\/wp\/v2\/posts\/234291\/revisions"}],"predecessor-version":[{"id":234296,"href":"https:\/\/franciscanos.org.br\/noticias\/wp-json\/wp\/v2\/posts\/234291\/revisions\/234296"}],"wp:featuredmedia":[{"embeddable":true,"href":"https:\/\/franciscanos.org.br\/noticias\/wp-json\/wp\/v2\/media\/234292"}],"wp:attachment":[{"href":"https:\/\/franciscanos.org.br\/noticias\/wp-json\/wp\/v2\/media?parent=234291"}],"wp:term":[{"taxonomy":"category","embeddable":true,"href":"https:\/\/franciscanos.org.br\/noticias\/wp-json\/wp\/v2\/categories?post=234291"},{"taxonomy":"post_tag","embeddable":true,"href":"https:\/\/franciscanos.org.br\/noticias\/wp-json\/wp\/v2\/tags?post=234291"}],"curies":[{"name":"wp","href":"https:\/\/api.w.org\/{rel}","templated":true}]}}