{"id":234285,"date":"2021-09-13T08:30:00","date_gmt":"2021-09-13T11:30:00","guid":{"rendered":"https:\/\/franciscanos.org.br\/noticias\/?p=234285"},"modified":"2021-09-13T08:33:20","modified_gmt":"2021-09-13T11:33:20","slug":"que-o-anuncio-do-evangelho-seja-libertador-os-votos-do-papa-a-igreja-eslovaca","status":"publish","type":"post","link":"https:\/\/franciscanos.org.br\/noticias\/que-o-anuncio-do-evangelho-seja-libertador-os-votos-do-papa-a-igreja-eslovaca.html","title":{"rendered":"Que o an\u00fancio do Evangelho seja libertador: os votos do Papa \u00e0 Igreja eslovaca"},"content":{"rendered":"<div id=\"attachment_234289\" style=\"width: 1290px\" class=\"wp-caption alignnone\"><img aria-describedby=\"caption-attachment-234289\" loading=\"lazy\" class=\"wp-image-234289 size-full\" src=\"https:\/\/franciscanos.org.br\/noticias\/wp-content\/uploads\/2021\/09\/igreja_papa_130921.jpg\" alt=\"\" width=\"1280\" height=\"720\" srcset=\"https:\/\/franciscanos.org.br\/noticias\/wp-content\/uploads\/2021\/09\/igreja_papa_130921.jpg 1280w, https:\/\/franciscanos.org.br\/noticias\/wp-content\/uploads\/2021\/09\/igreja_papa_130921-450x253.jpg 450w, https:\/\/franciscanos.org.br\/noticias\/wp-content\/uploads\/2021\/09\/igreja_papa_130921-1024x576.jpg 1024w, https:\/\/franciscanos.org.br\/noticias\/wp-content\/uploads\/2021\/09\/igreja_papa_130921-768x432.jpg 768w, https:\/\/franciscanos.org.br\/noticias\/wp-content\/uploads\/2021\/09\/igreja_papa_130921-150x84.jpg 150w\" sizes=\"(max-width: 1280px) 100vw, 1280px\" \/><p id=\"caption-attachment-234289\" class=\"wp-caption-text\">\u00a0 \u00a0 \u00a0 \u00a0 \u00a0 \u00a0 \u00a0 \u00a0 \u00a0 \u00a0 \u00a0 \u00a0 \u00a0 \u00a0 \u00a0 \u00a0 \u00a0 \u00a0 \u00a0 \u00a0 \u00a0 \u00a0 \u00a0 \u00a0 \u00a0 \u00a0 \u00a0 \u00a0 \u00a0 \u00a0 \u00a0 \u00a0 \u00a0 \u00a0 \u00a0 \u00a0 \u00a0 \u00a0 \u00a0 \u00a0 \u00a0 \u00a0 \u00a0 \u00a0 \u00a0 \u00a0 \u00a0 \u00a0 \u00a0 \u00a0 \u00a0 \u00a0 \u00a0 \u00a0 \u00a0 \u00a0 \u00a0 \u00a0 \u00a0 \u00a0 \u00a0 \u00a0 \u00a0 \u00a0 \u00a0 \u00a0 \u00a0<em> \u00a0 \u00a0 \u00a0 \u00a0 Imagem: Vatican Media<\/em><\/p><\/div>\n<p>Onde quer que v\u00e1, para o Papa Francisco o encontro com bispos, sacerdotes, religiosos, seminaristas e catequistas \u00e9 o momento de uma conversa franca e sincera, quando se &#8220;sente em casa&#8221;. E n\u00e3o foi diferente com os eslovacos: \u201cVenho como irm\u00e3o, um de voc\u00eas\u201d, disse ele, na Catedral de S\u00e3o Martinho, em Bratislava.\u00a0\u201cEstou aqui para partilhar o seu caminho\u201d, afirmou, e a Igreja se faz em conjunto, percorrendo as estradas da vida com a chama do Evangelho acesa.<\/p>\n<p>A Igreja n\u00e3o \u00e9 uma fortaleza, um castelo. \u201cAqui, em Bratislava, o castelo j\u00e1 existe. E \u00e9 belo!\u201d Mas a Igreja \u00e9 a comunidade que deseja atrair para Cristo mediante a alegria do Evangelho. Ent\u00e3o \u00e9 l\u00edcito perguntar: O que \u00e9 que se espera da Igreja? Francisco respondeu com tr\u00eas palavras: liberdade, criatividade e di\u00e1logo.\u00a0\u201cSem liberdade n\u00e3o h\u00e1 verdadeira humanidade\u201d, afirmou o Papa. O ser humano foi criado livre para permanecer livre.<\/p>\n<p>\u201cA Igreja de Cristo n\u00e3o quer dominar as consci\u00eancias e ocupar os espa\u00e7os, quer ser uma \u00abfonte\u00bb de esperan\u00e7a na vida das pessoas. (..) Que ningu\u00e9m se sinta oprimido. (&#8230;) Que o an\u00fancio do Evangelho seja libertador, nunca opressivo; e a Igreja, sinal de liberdade e acolhimento.\u201d<\/p>\n<p>Ao falar da criatividade, o Pont\u00edfice chamou em causa as figuras dos Santos Cirilo e Met\u00f3dio, evangelizadores das terras eslavas. Cirilo e Met\u00f3dio inventaram um novo alfabeto para a tradu\u00e7\u00e3o da B\u00edblia. Ent\u00e3o o Papa fez uma provoca\u00e7\u00e3o: \u201cPor acaso n\u00e3o precisa disto, tamb\u00e9m hoje, a Eslov\u00e1quia? Porventura n\u00e3o ser\u00e1 esta a tarefa mais urgente da Igreja entre os povos da Europa: encontrar novos \u00abalfabetos\u00bb para anunciar a f\u00e9?<\/p>\n<p>\u201c\u00c0 vista da perda do sentido de Deus e da alegria da f\u00e9, n\u00e3o adianta lamentar-se, entrincheirar-se num catolicismo defensivo, julgar e acusar o mundo; o que serve \u00e9 a criatividade do Evangelho.\u201d<\/p>\n<p>Por fim, o di\u00e1logo, a necessidade de uma Igreja que sabe dialogar com o mundo, com quem confessa Cristo sem ser \u00abdos nossos\u00bb, com quem vive a fadiga de uma busca religiosa, e at\u00e9 mesmo com quem n\u00e3o cr\u00ea. Para Francisco, \u00e9 preciso responder ao convite de Jesus a romper o c\u00edrculo vicioso e destruidor da viol\u00eancia, \u201capresentando a outra face a quem nos bate, para vencer o mal com o bem\u201d.<\/p>\n<p>Como exemplo, citou a hist\u00f3ria do cardeal jesu\u00edta Korec, perseguido pelo regime, encarcerado, for\u00e7ado a trabalhar at\u00e9 adoecer. \u201cQuando foi a Roma no Jubileu do ano 2000, deslocou-se \u00e0s catacumbas e acendeu uma vela pelos seus perseguidores, implorando para eles miseric\u00f3rdia. Isto \u00e9 Evangelho!\u201d<\/p>\n<p>O Papa concluiu seu discurso fazendo votos de que a Igreja eslovaca continue seu caminho \u201cna liberdade do Evangelho, na criatividade da f\u00e9 e no di\u00e1logo que brota da miseric\u00f3rdia de Deus\u201d.<\/p>\n<hr \/>\n<h3>O futuro da Eslov\u00e1quia est\u00e1 nas m\u00e3os dos jovens, afirma Papa \u00e0s autoridades<\/h3>\n<p>O segundo dia de viagem do Papa Francisco come\u00e7ou cedo com a cerim\u00f4nia de boas-vindas no Pal\u00e1cio Presidencial da Eslov\u00e1quia, seguida da visita de cortesia \u00e0 Presidente da Rep\u00fablica, Zuzana \u010caputov\u00e1. Ali mesmo, no Pal\u00e1cio Presidencial, o Pont\u00edfice pronunciou seu discurso \u00e0s Autoridades, \u00e0 Sociedade Civil e ao Corpo Diplom\u00e1tico.<\/p>\n<p>\u201cVim como peregrino a um pa\u00eds jovem, mas com uma hist\u00f3ria antiga, a uma terra com ra\u00edzes profundas situada no cora\u00e7\u00e3o da Europa\u201d, disse o Papa, citando o nascimento da Eslov\u00e1quia 28 anos atr\u00e1s. Embora &#8220;jovens&#8221;, os eslovacos cultivam duas express\u00f5es da hospitalidade eslava: o p\u00e3o e o sal.<\/p>\n<p>\u201cO p\u00e3o, escolhido por Deus para Se tornar presente entre n\u00f3s, \u00e9 essencial. A Escritura convida a n\u00e3o o acumular, mas a partilh\u00e1-lo. (&#8230;) Que ningu\u00e9m seja estigmatizado ou discriminado. O olhar crist\u00e3o n\u00e3o v\u00ea nos mais fr\u00e1geis um peso ou um problema, mas irm\u00e3os e irm\u00e3s que devem ser acompanhados e defendidos.\u201d<\/p>\n<p>Mas n\u00e3o bastam estruturas organizadas e eficientes, disse ainda o Papa, \u00e9 preciso sabor, o sabor da solidariedade.<\/p>\n<p>\u201cE como o sal s\u00f3 d\u00e1 sabor dissolvendo-se, tamb\u00e9m a sociedade readquire sabor atrav\u00e9s da generosidade gratuita de quem se gasta pelos outros. \u00c9 bom que os jovens, em particular, sejam motivados para isto.\u201d<\/p>\n<p>Francisco lamentou o sentimento de cansa\u00e7o e frustra\u00e7\u00e3o que acomete muito jovens na Europa, \u201ciludidos por um esp\u00edrito consumista que torna cinzenta a sua exist\u00eancia\u201d. \u201cO ingrediente que falta \u00e9 cuidar dos outros: sentir-se respons\u00e1vel por algu\u00e9m d\u00e1 sabor \u00e0 vida.\u201d<\/p>\n<p>O Pont\u00edfice advertiu para o risco das coloniza\u00e7\u00f5es ideol\u00f3gicas: \u201cAt\u00e9 algumas d\u00e9cadas atr\u00e1s, nestas terras, um pensamento \u00fanico impedia a liberdade; hoje, outro pensamento \u00fanico esvazia-a de sentido, reduzindo o progresso ao lucro e os direitos a meras car\u00eancias individualistas\u201d.<\/p>\n<p>Entretanto, Francisco considera a pandemia a &#8220;prova\u00e7\u00e3o do nosso tempo&#8221;, que nos ensinou que somos todos fr\u00e1geis e necessitados dos outros.<\/p>\n<p>\u201cSeja como indiv\u00edduo seja como na\u00e7\u00e3o, ningu\u00e9m se pode isolar. Acolhamos esta crise como um apelo a repensar os nossos estilos de vida. (&#8230;) Espero que o fa\u00e7ais com os olhos voltados para o alto, como quando contemplais os vossos espl\u00eandidos montes Tatra. (&#8230;) Cultivai esta beleza, a beleza do conjunto. Isto requer paci\u00eancia e fadiga, coragem e partilha, zelo e criatividade. Mas \u00e9 a obra humana que o C\u00e9u aben\u00e7oa.\u201d<\/p>\n<p>O Papa concluiu seu discurso arriscando algumas palavras em eslovaco, pedindo a Deus que aben\u00e7oe o pa\u00eds (Nech Boh \u017eehn\u00e1 Slovensko [Deus aben\u00e7oe a Eslov\u00e1quia!).<\/p>\n<p>Ap\u00f3s a Cerim\u00f4nia oficial de boas-vindas no Pal\u00e1cio Presidencial em Bratislava, o Papa dirigiu-se ao Sal\u00e3o de Ouro do Pal\u00e1cio para o encontro privado com a presidente da Rep\u00fablica Zuzana \u010caputov\u00e1.<\/p>\n<p>Ali, Francisco assinou o Livro de Honra onde deixou a seguinte mensagem: \u201cPeregrino em Bratislava, abra\u00e7o com afeto o povo eslovaco e rezo por este pa\u00eds de ra\u00edzes antigas e com rosto jovem, para que seja uma mensagem de fraternidade e de paz no cora\u00e7\u00e3o da Europa\u201d.<\/p>\n<p>Ap\u00f3s, no Sal\u00e3o Verde, seguiu-se a troca de presentes e a apresenta\u00e7\u00e3o da fam\u00edlia da mandat\u00e1ria eslovaca ao Pont\u00edfice. Ao final, dirigiram-se ao jardim do Pal\u00e1cio para o Encontro com as Autoridades.<\/p>\n<p>A Sra. Zuzana \u010caputov\u00e1 nasceu em Bratislava em 1973. Formou-se na Faculdade de Direito da Universidade Comenius, em Bratislava, em 1996. Colaborou com a Associa\u00e7\u00e3o c\u00edvica Via Iuris de 2001 a 2017 &#8211; a partir de 2010 como advogada &#8211; para promover o eficaz funcionamento do sistema judicial, a transpar\u00eancia na gest\u00e3o dos bens p\u00fablicos e um maior controle da autoridade p\u00fablica. Por mais de dez anos, em Pezinok, participou na linha de frente de uma campanha p\u00fablica contra a autoriza\u00e7\u00e3o de um novo aterro que violaria as normas ambientais.<\/p>\n<p>Em dezembro 2017 anunciou sua entrada no Partido pol\u00edtico Progressive Eslov\u00e1quia e em janeiro de 2018 foi eleita vice-presidente no primeiro congresso do partido, cargo ao qual renunciou em 2019 para concorrer \u00e0s elei\u00e7\u00f5es presidenciais. Em 30 de mar\u00e7o de 2019 foi eleita Presidente da Rep\u00fablica Eslovaca no segundo turno. A Sra. \u010caputov\u00e1 tem 2 filhas.<\/p>\n<hr \/>\n<p><em>Fonte: Vatican News<\/em><\/p>\n","protected":false},"excerpt":{"rendered":"<p>Viagem Apost\u00f3lica do Papa Francisco<\/p>\n","protected":false},"author":3,"featured_media":234289,"comment_status":"open","ping_status":"open","sticky":false,"template":"","format":"standard","meta":[],"categories":[1428],"tags":[1901],"acf":[],"yoast_head":"<!-- This site is optimized with the Yoast SEO plugin v19.2 - https:\/\/yoast.com\/wordpress\/plugins\/seo\/ -->\n<title>Que o an\u00fancio do Evangelho seja libertador: os votos do Papa \u00e0 Igreja eslovaca - Not\u00edcias - Franciscanos<\/title>\n<meta name=\"robots\" content=\"index, follow, max-snippet:-1, max-image-preview:large, max-video-preview:-1\" \/>\n<link rel=\"canonical\" href=\"https:\/\/franciscanos.org.br\/noticias\/que-o-anuncio-do-evangelho-seja-libertador-os-votos-do-papa-a-igreja-eslovaca.html\" \/>\n<meta property=\"og:locale\" content=\"pt_BR\" \/>\n<meta property=\"og:type\" content=\"article\" \/>\n<meta property=\"og:title\" content=\"Que o an\u00fancio do Evangelho seja libertador: os votos do Papa \u00e0 Igreja eslovaca - Not\u00edcias - Franciscanos\" \/>\n<meta property=\"og:description\" content=\"Viagem Apost\u00f3lica do Papa Francisco\" \/>\n<meta property=\"og:url\" content=\"https:\/\/franciscanos.org.br\/noticias\/que-o-anuncio-do-evangelho-seja-libertador-os-votos-do-papa-a-igreja-eslovaca.html\" \/>\n<meta property=\"og:site_name\" content=\"Not\u00edcias - Franciscanos\" \/>\n<meta property=\"article:published_time\" content=\"2021-09-13T11:30:00+00:00\" \/>\n<meta property=\"article:modified_time\" content=\"2021-09-13T11:33:20+00:00\" \/>\n<meta property=\"og:image\" content=\"https:\/\/franciscanos.org.br\/noticias\/wp-content\/uploads\/2021\/09\/igreja_papa_130921.jpg\" \/>\n\t<meta property=\"og:image:width\" content=\"1280\" \/>\n\t<meta property=\"og:image:height\" content=\"720\" \/>\n\t<meta property=\"og:image:type\" content=\"image\/jpeg\" \/>\n<meta name=\"author\" content=\"moacir\" \/>\n<meta name=\"twitter:card\" content=\"summary_large_image\" \/>\n<meta name=\"twitter:label1\" content=\"Escrito por\" \/>\n\t<meta name=\"twitter:data1\" content=\"moacir\" \/>\n\t<meta name=\"twitter:label2\" content=\"Est. tempo de leitura\" \/>\n\t<meta name=\"twitter:data2\" content=\"6 minutos\" \/>\n<script type=\"application\/ld+json\" class=\"yoast-schema-graph\">{\"@context\":\"https:\/\/schema.org\",\"@graph\":[{\"@type\":\"WebSite\",\"@id\":\"https:\/\/franciscanos.org.br\/noticias\/#website\",\"url\":\"https:\/\/franciscanos.org.br\/noticias\/\",\"name\":\"Not\u00edcias - Franciscanos\",\"description\":\"Prov\u00edncia Franciscana da Imaculada Concei\u00e7\u00e3o do Brasil - Ordem dos Frades Menores - OFM\",\"potentialAction\":[{\"@type\":\"SearchAction\",\"target\":{\"@type\":\"EntryPoint\",\"urlTemplate\":\"https:\/\/franciscanos.org.br\/noticias\/?s={search_term_string}\"},\"query-input\":\"required name=search_term_string\"}],\"inLanguage\":\"pt-BR\"},{\"@type\":\"ImageObject\",\"inLanguage\":\"pt-BR\",\"@id\":\"https:\/\/franciscanos.org.br\/noticias\/que-o-anuncio-do-evangelho-seja-libertador-os-votos-do-papa-a-igreja-eslovaca.html#primaryimage\",\"url\":\"https:\/\/franciscanos.org.br\/noticias\/wp-content\/uploads\/2021\/09\/igreja_papa_130921.jpg\",\"contentUrl\":\"https:\/\/franciscanos.org.br\/noticias\/wp-content\/uploads\/2021\/09\/igreja_papa_130921.jpg\",\"width\":1280,\"height\":720},{\"@type\":\"WebPage\",\"@id\":\"https:\/\/franciscanos.org.br\/noticias\/que-o-anuncio-do-evangelho-seja-libertador-os-votos-do-papa-a-igreja-eslovaca.html#webpage\",\"url\":\"https:\/\/franciscanos.org.br\/noticias\/que-o-anuncio-do-evangelho-seja-libertador-os-votos-do-papa-a-igreja-eslovaca.html\",\"name\":\"Que o an\u00fancio do Evangelho seja libertador: os votos do Papa \u00e0 Igreja eslovaca - Not\u00edcias - Franciscanos\",\"isPartOf\":{\"@id\":\"https:\/\/franciscanos.org.br\/noticias\/#website\"},\"primaryImageOfPage\":{\"@id\":\"https:\/\/franciscanos.org.br\/noticias\/que-o-anuncio-do-evangelho-seja-libertador-os-votos-do-papa-a-igreja-eslovaca.html#primaryimage\"},\"datePublished\":\"2021-09-13T11:30:00+00:00\",\"dateModified\":\"2021-09-13T11:33:20+00:00\",\"author\":{\"@id\":\"https:\/\/franciscanos.org.br\/noticias\/#\/schema\/person\/b5c8cba458c330ccff548b056e95a5d4\"},\"breadcrumb\":{\"@id\":\"https:\/\/franciscanos.org.br\/noticias\/que-o-anuncio-do-evangelho-seja-libertador-os-votos-do-papa-a-igreja-eslovaca.html#breadcrumb\"},\"inLanguage\":\"pt-BR\",\"potentialAction\":[{\"@type\":\"ReadAction\",\"target\":[\"https:\/\/franciscanos.org.br\/noticias\/que-o-anuncio-do-evangelho-seja-libertador-os-votos-do-papa-a-igreja-eslovaca.html\"]}]},{\"@type\":\"BreadcrumbList\",\"@id\":\"https:\/\/franciscanos.org.br\/noticias\/que-o-anuncio-do-evangelho-seja-libertador-os-votos-do-papa-a-igreja-eslovaca.html#breadcrumb\",\"itemListElement\":[{\"@type\":\"ListItem\",\"position\":1,\"name\":\"Home\",\"item\":\"https:\/\/franciscanos.org.br\/noticias\"},{\"@type\":\"ListItem\",\"position\":2,\"name\":\"Que o an\u00fancio do Evangelho seja libertador: os votos do Papa \u00e0 Igreja eslovaca\"}]},{\"@type\":\"Person\",\"@id\":\"https:\/\/franciscanos.org.br\/noticias\/#\/schema\/person\/b5c8cba458c330ccff548b056e95a5d4\",\"name\":\"moacir\",\"image\":{\"@type\":\"ImageObject\",\"inLanguage\":\"pt-BR\",\"@id\":\"https:\/\/franciscanos.org.br\/noticias\/#\/schema\/person\/image\/\",\"url\":\"https:\/\/secure.gravatar.com\/avatar\/d08aa2ce4c8dd416d4479aa8536fcf64?s=96&d=mm&r=g\",\"contentUrl\":\"https:\/\/secure.gravatar.com\/avatar\/d08aa2ce4c8dd416d4479aa8536fcf64?s=96&d=mm&r=g\",\"caption\":\"moacir\"},\"url\":\"https:\/\/franciscanos.org.br\/noticias\/author\/moacir\"}]}<\/script>\n<!-- \/ Yoast SEO plugin. -->","yoast_head_json":{"title":"Que o an\u00fancio do Evangelho seja libertador: os votos do Papa \u00e0 Igreja eslovaca - Not\u00edcias - Franciscanos","robots":{"index":"index","follow":"follow","max-snippet":"max-snippet:-1","max-image-preview":"max-image-preview:large","max-video-preview":"max-video-preview:-1"},"canonical":"https:\/\/franciscanos.org.br\/noticias\/que-o-anuncio-do-evangelho-seja-libertador-os-votos-do-papa-a-igreja-eslovaca.html","og_locale":"pt_BR","og_type":"article","og_title":"Que o an\u00fancio do Evangelho seja libertador: os votos do Papa \u00e0 Igreja eslovaca - Not\u00edcias - Franciscanos","og_description":"Viagem Apost\u00f3lica do Papa Francisco","og_url":"https:\/\/franciscanos.org.br\/noticias\/que-o-anuncio-do-evangelho-seja-libertador-os-votos-do-papa-a-igreja-eslovaca.html","og_site_name":"Not\u00edcias - Franciscanos","article_published_time":"2021-09-13T11:30:00+00:00","article_modified_time":"2021-09-13T11:33:20+00:00","og_image":[{"width":1280,"height":720,"url":"https:\/\/franciscanos.org.br\/noticias\/wp-content\/uploads\/2021\/09\/igreja_papa_130921.jpg","type":"image\/jpeg"}],"author":"moacir","twitter_card":"summary_large_image","twitter_misc":{"Escrito por":"moacir","Est. tempo de leitura":"6 minutos"},"schema":{"@context":"https:\/\/schema.org","@graph":[{"@type":"WebSite","@id":"https:\/\/franciscanos.org.br\/noticias\/#website","url":"https:\/\/franciscanos.org.br\/noticias\/","name":"Not\u00edcias - Franciscanos","description":"Prov\u00edncia Franciscana da Imaculada Concei\u00e7\u00e3o do Brasil - Ordem dos Frades Menores - OFM","potentialAction":[{"@type":"SearchAction","target":{"@type":"EntryPoint","urlTemplate":"https:\/\/franciscanos.org.br\/noticias\/?s={search_term_string}"},"query-input":"required name=search_term_string"}],"inLanguage":"pt-BR"},{"@type":"ImageObject","inLanguage":"pt-BR","@id":"https:\/\/franciscanos.org.br\/noticias\/que-o-anuncio-do-evangelho-seja-libertador-os-votos-do-papa-a-igreja-eslovaca.html#primaryimage","url":"https:\/\/franciscanos.org.br\/noticias\/wp-content\/uploads\/2021\/09\/igreja_papa_130921.jpg","contentUrl":"https:\/\/franciscanos.org.br\/noticias\/wp-content\/uploads\/2021\/09\/igreja_papa_130921.jpg","width":1280,"height":720},{"@type":"WebPage","@id":"https:\/\/franciscanos.org.br\/noticias\/que-o-anuncio-do-evangelho-seja-libertador-os-votos-do-papa-a-igreja-eslovaca.html#webpage","url":"https:\/\/franciscanos.org.br\/noticias\/que-o-anuncio-do-evangelho-seja-libertador-os-votos-do-papa-a-igreja-eslovaca.html","name":"Que o an\u00fancio do Evangelho seja libertador: os votos do Papa \u00e0 Igreja eslovaca - Not\u00edcias - Franciscanos","isPartOf":{"@id":"https:\/\/franciscanos.org.br\/noticias\/#website"},"primaryImageOfPage":{"@id":"https:\/\/franciscanos.org.br\/noticias\/que-o-anuncio-do-evangelho-seja-libertador-os-votos-do-papa-a-igreja-eslovaca.html#primaryimage"},"datePublished":"2021-09-13T11:30:00+00:00","dateModified":"2021-09-13T11:33:20+00:00","author":{"@id":"https:\/\/franciscanos.org.br\/noticias\/#\/schema\/person\/b5c8cba458c330ccff548b056e95a5d4"},"breadcrumb":{"@id":"https:\/\/franciscanos.org.br\/noticias\/que-o-anuncio-do-evangelho-seja-libertador-os-votos-do-papa-a-igreja-eslovaca.html#breadcrumb"},"inLanguage":"pt-BR","potentialAction":[{"@type":"ReadAction","target":["https:\/\/franciscanos.org.br\/noticias\/que-o-anuncio-do-evangelho-seja-libertador-os-votos-do-papa-a-igreja-eslovaca.html"]}]},{"@type":"BreadcrumbList","@id":"https:\/\/franciscanos.org.br\/noticias\/que-o-anuncio-do-evangelho-seja-libertador-os-votos-do-papa-a-igreja-eslovaca.html#breadcrumb","itemListElement":[{"@type":"ListItem","position":1,"name":"Home","item":"https:\/\/franciscanos.org.br\/noticias"},{"@type":"ListItem","position":2,"name":"Que o an\u00fancio do Evangelho seja libertador: os votos do Papa \u00e0 Igreja eslovaca"}]},{"@type":"Person","@id":"https:\/\/franciscanos.org.br\/noticias\/#\/schema\/person\/b5c8cba458c330ccff548b056e95a5d4","name":"moacir","image":{"@type":"ImageObject","inLanguage":"pt-BR","@id":"https:\/\/franciscanos.org.br\/noticias\/#\/schema\/person\/image\/","url":"https:\/\/secure.gravatar.com\/avatar\/d08aa2ce4c8dd416d4479aa8536fcf64?s=96&d=mm&r=g","contentUrl":"https:\/\/secure.gravatar.com\/avatar\/d08aa2ce4c8dd416d4479aa8536fcf64?s=96&d=mm&r=g","caption":"moacir"},"url":"https:\/\/franciscanos.org.br\/noticias\/author\/moacir"}]}},"_links":{"self":[{"href":"https:\/\/franciscanos.org.br\/noticias\/wp-json\/wp\/v2\/posts\/234285"}],"collection":[{"href":"https:\/\/franciscanos.org.br\/noticias\/wp-json\/wp\/v2\/posts"}],"about":[{"href":"https:\/\/franciscanos.org.br\/noticias\/wp-json\/wp\/v2\/types\/post"}],"author":[{"embeddable":true,"href":"https:\/\/franciscanos.org.br\/noticias\/wp-json\/wp\/v2\/users\/3"}],"replies":[{"embeddable":true,"href":"https:\/\/franciscanos.org.br\/noticias\/wp-json\/wp\/v2\/comments?post=234285"}],"version-history":[{"count":3,"href":"https:\/\/franciscanos.org.br\/noticias\/wp-json\/wp\/v2\/posts\/234285\/revisions"}],"predecessor-version":[{"id":234290,"href":"https:\/\/franciscanos.org.br\/noticias\/wp-json\/wp\/v2\/posts\/234285\/revisions\/234290"}],"wp:featuredmedia":[{"embeddable":true,"href":"https:\/\/franciscanos.org.br\/noticias\/wp-json\/wp\/v2\/media\/234289"}],"wp:attachment":[{"href":"https:\/\/franciscanos.org.br\/noticias\/wp-json\/wp\/v2\/media?parent=234285"}],"wp:term":[{"taxonomy":"category","embeddable":true,"href":"https:\/\/franciscanos.org.br\/noticias\/wp-json\/wp\/v2\/categories?post=234285"},{"taxonomy":"post_tag","embeddable":true,"href":"https:\/\/franciscanos.org.br\/noticias\/wp-json\/wp\/v2\/tags?post=234285"}],"curies":[{"name":"wp","href":"https:\/\/api.w.org\/{rel}","templated":true}]}}