{"id":234280,"date":"2021-09-13T05:33:53","date_gmt":"2021-09-13T08:33:53","guid":{"rendered":"https:\/\/franciscanos.org.br\/noticias\/?p=234280"},"modified":"2021-09-13T05:35:13","modified_gmt":"2021-09-13T08:35:13","slug":"papa-na-eslovaquia-trabalhar-pela-reconciliacao-das-diferencas","status":"publish","type":"post","link":"https:\/\/franciscanos.org.br\/noticias\/papa-na-eslovaquia-trabalhar-pela-reconciliacao-das-diferencas.html","title":{"rendered":"Papa na Eslov\u00e1quia: trabalhar pela reconcilia\u00e7\u00e3o das diferen\u00e7as"},"content":{"rendered":"<div id=\"attachment_234281\" style=\"width: 1010px\" class=\"wp-caption alignnone\"><img aria-describedby=\"caption-attachment-234281\" loading=\"lazy\" class=\"wp-image-234281 size-full\" src=\"https:\/\/franciscanos.org.br\/noticias\/wp-content\/uploads\/2021\/09\/eslovaquia_130921.jpg\" alt=\"\" width=\"1000\" height=\"563\" srcset=\"https:\/\/franciscanos.org.br\/noticias\/wp-content\/uploads\/2021\/09\/eslovaquia_130921.jpg 1000w, https:\/\/franciscanos.org.br\/noticias\/wp-content\/uploads\/2021\/09\/eslovaquia_130921-450x253.jpg 450w, https:\/\/franciscanos.org.br\/noticias\/wp-content\/uploads\/2021\/09\/eslovaquia_130921-768x432.jpg 768w, https:\/\/franciscanos.org.br\/noticias\/wp-content\/uploads\/2021\/09\/eslovaquia_130921-150x84.jpg 150w\" sizes=\"(max-width: 1000px) 100vw, 1000px\" \/><p id=\"caption-attachment-234281\" class=\"wp-caption-text\"><em>\u00a0 \u00a0 \u00a0 \u00a0 \u00a0 \u00a0 \u00a0 \u00a0 \u00a0 \u00a0 \u00a0 \u00a0 \u00a0 \u00a0 \u00a0 \u00a0 \u00a0 \u00a0 \u00a0 \u00a0 \u00a0 \u00a0 \u00a0 \u00a0 \u00a0 \u00a0 \u00a0 \u00a0 \u00a0 \u00a0 \u00a0 \u00a0 \u00a0 \u00a0 \u00a0 \u00a0 \u00a0 \u00a0 \u00a0 \u00a0 \u00a0 \u00a0 \u00a0 \u00a0 \u00a0 \u00a0 \u00a0 \u00a0 \u00a0 \u00a0 \u00a0 \u00a0 \u00a0 \u00a0 \u00a0 \u00a0 \u00a0 \u00a0 \u00a0 \u00a0 \u00a0 \u00a0 \u00a0 \u00a0 \u00a0 \u00a0 \u00a0 \u00a0 \u00a0 \u00a0 \u00a0 \u00a0 \u00a0 \u00a0 Imagem: Vatican Media<\/em><\/p><\/div>\n<p>Na tarde deste domingo (12\/09), o Papa Francisco deixou o solo h\u00fangaro e se dirigiu para Bratislava, na Eslov\u00e1quia, dando prosseguimento \u00e0 sua 34\u00aa viagem apost\u00f3lica internacional.\u00a0Na Nunciatura Apost\u00f3lica de Bratislava, o Pont\u00edfice encontrou-se com o Conselho Ecum\u00eanico das Igrejas na Rep\u00fablica Eslovaca.<\/p>\n<p>&#8220;Este encontro \u00e9 um sinal de que a f\u00e9 crist\u00e3 \u00e9 \u2013 e quer ser \u2013 neste pa\u00eds semente de unidade e fermento de fraternidade&#8221;, disse Francisco que a seguir, acrescentou:<\/p>\n<p>O caminho de suas comunidades p\u00f4de ser retomado ap\u00f3s os anos da persegui\u00e7\u00e3o ateia em que a liberdade religiosa esteve impedida ou sujeita a dura prova. Agora, voc\u00eas t\u00eam em comum uma parte do caminho, experimentando como \u00e9 belo, mas ao mesmo tempo dif\u00edcil, viver a f\u00e9 em liberdade. De fato, existe a tenta\u00e7\u00e3o de voltar a ser escravos, n\u00e3o certamente de um regime, mas de uma escravid\u00e3o ainda pior: a interior.<\/p>\n<p>&#8220;Daqui, do cora\u00e7\u00e3o da Europa, perguntemo-nos: Ser\u00e1 que n\u00f3s, crist\u00e3os, perdemos um pouco o ardor do an\u00fancio e a profecia do testemunho? \u00c9 a verdade do Evangelho que nos faz livres, ou ent\u00e3o sentimo-nos livres quando alcan\u00e7amos \u00e1reas de conforto que nos permitem gerir a vida e avan\u00e7ar tranquilos sem particulares contratempos? Contentando-nos com p\u00e3o e seguran\u00e7a, ser\u00e1 que n\u00e3o perdemos o \u00edmpeto na busca da unidade que Jesus implorou, uma unidade que certamente requer a liberdade madura de op\u00e7\u00f5es fortes, ren\u00fancias e sacrif\u00edcios, mas \u00e9 a premissa para que o mundo creia? N\u00e3o nos preocupemos apenas com o que possa ser \u00fatil \u00e0s nossas pr\u00f3prias comunidades; a liberdade do irm\u00e3o e da irm\u00e3 \u00e9 tamb\u00e9m a nossa liberdade, porque, sem a dele e a dela, n\u00e3o ser\u00e1 plena a nossa liberdade&#8221;, disse ainda Francisco.<\/p>\n<p>A seguir, o Papa recordou os santos Cirilo e Met\u00f3dio, respons\u00e1veis pela expans\u00e3o do cristianismo entre os eslavos do Leste europeu, dizendo que ali, &#8220;a evangeliza\u00e7\u00e3o nasceu de modo fraterno, trazendo impresso o selo dos santos irm\u00e3os de Tessal\u00f4nica&#8221;.<\/p>\n<p>Que eles, testemunhas dum cristianismo ainda unido e inflamado pelo ardor do an\u00fancio, nos ajudem a continuar o caminho, cultivando entre n\u00f3s a comunh\u00e3o fraterna no nome de Jesus. Caso contr\u00e1rio, como podemos desejar uma Europa que reencontre as suas ra\u00edzes crist\u00e3s, se somos n\u00f3s os primeiros desarraigados da plena comunh\u00e3o? Como podemos sonhar com uma Europa livre de ideologias, se n\u00e3o temos a coragem de antepor a liberdade de Jesus \u00e0s necessidades dos grupos particulares de fi\u00e9is? \u00c9 dif\u00edcil exigir uma Europa mais fecundada pelo Evangelho sem se preocupar com o fato de ainda n\u00e3o estarmos plenamente unidos entre n\u00f3s no continente e sem cuidarmos uns dos outros. C\u00e1lculos de conveni\u00eancia, raz\u00f5es hist\u00f3ricas e la\u00e7os pol\u00edticos n\u00e3o podem ser obst\u00e1culos irremov\u00edveis no nosso caminho.<\/p>\n<p>&#8220;Que os Santos Cirilo e Met\u00f3dio, \u00abprecursores do ecumenismo\u00bb nos ajudem a trabalhar pela reconcilia\u00e7\u00e3o das diferen\u00e7as no Esp\u00edrito Santo; por uma unidade que, sem ser uniformidade, se revele sinal e testemunho da liberdade de Cristo, o Senhor que desata as amarras do passado e nos cura dos medos e da timidez&#8221;, disse ainda Francisco.<\/p>\n<p>&#8220;A unidade n\u00e3o se alcan\u00e7a tanto com os bons prop\u00f3sitos e a ades\u00e3o a qualquer valor comum, mas fazendo algo em conjunto por aqueles que mais nos aproximam do Senhor. Quem s\u00e3o? Os pobres, porque neles est\u00e1 presente Jesus&#8221;, frisou o Papa, acrescentando:<\/p>\n<p>A partilha da caridade abre horizontes mais amplos e ajuda a caminhar mais r\u00e1pido, superando preconceitos e equ\u00edvocos. Trata-se de um tra\u00e7o que encontra tamb\u00e9m genu\u00edna aceita\u00e7\u00e3o neste pa\u00eds. Que o dom de Deus esteja presente sobre a mesa de todos, pois, embora ainda n\u00e3o possamos partilhar a mesma Mesa Eucar\u00edstica, podemos hospedar juntos Jesus, servindo-O nos pobres. Ser\u00e1 um sinal mais sugestivo do que muitas palavras, que ajudar\u00e1 a sociedade civil a compreender, especialmente neste per\u00edodo doloroso, que s\u00f3 estando do lado dos mais fracos poderemos sair verdadeiramente todos da pandemia.<\/p>\n<p>Por fim, o Papa disse que &#8220;o car\u00e1ter sereno e acolhedor, t\u00edpico do povo eslovaco, a tradicional conviv\u00eancia pac\u00edfica entre&#8221; eles, e a &#8220;sua colabora\u00e7\u00e3o em prol do bem do pa\u00eds s\u00e3o elementos preciosos para o crescimento do Evangelho&#8221;. Francisco encorajou a &#8220;prosseguir no caminho ecum\u00eanico, tesouro irrenunci\u00e1vel e valioso&#8221;.<\/p>\n<p><em>Fonte: Vatican News (texto de Mariangela Jaguraba )<\/em><\/p>\n<hr \/>\n<h3>O encontro do Papa com os jesu\u00edtas eslovacos:<br \/>\n&#8220;Ele fortaleceu a nossa identidade&#8221;<\/h3>\n<p>Os 53 confrades jesu\u00edtas de toda a Eslov\u00e1quia acolheram com um sorrido o Papa Francisco em um encontro privado no final da tarde deste domingo, 12, na Nunciatura Apost\u00f3lica em Bratislava. Um encontro com os membros da Companhia de Jesus da Igreja local, que j\u00e1 se tornou uma tradi\u00e7\u00e3o consolidada em todas as Viagens Apost\u00f3licas. Francisco ouviu suas perguntas, fez outras, encorajou sua miss\u00e3o em uma \u00e9poca de seculariza\u00e7\u00e3o e decl\u00ednio vocacional. Nunca se mostrou cansado, como dizem os presentes, apesar da intensidade das atividades no primeiro dia da viagem que come\u00e7aram em Budapeste e se conclu\u00edram em Bratislava.<\/p>\n<p><strong>Uma pessoa da fam\u00edlia<\/strong><\/p>\n<p>Tudo durou cerca de uma hora e meia. \u201cCorreu muito bem, em um ambiente sereno\u201d, afirma o padre Jozef Bartkovjak, respons\u00e1vel pela Sec\u00e7\u00e3o eslovaca da R\u00e1dio Vaticano-Vatican News e correspondente em Bratislava, que esteve presente neste encontro que define como \u201cum encontro de fam\u00edlia\u201d.<\/p>\n<p>Embora ainda n\u00e3o tivesse jantado e rec\u00e9m tinha sa\u00eddo de um exigente encontro com o Conselho Ecum\u00eanico de Igrejas, o Santo Padre \u201cmostrou-se bem renovado. Ele j\u00e1 tinha feito v\u00e1rias coisas, mas estava bem presente, brincou, estava animado. Deu-nos a impress\u00e3o de estarmos reunidos com uma pessoa muito querida, com quem \u00e9 um prazer estar juntos. Uma pessoa que conhecemos, mas n\u00e3o conhec\u00edamos de perto. Ouvimos as suas palavras e pudemos dizer-lhe o que desejamos, o que fazemos\u201d.<\/p>\n<p><strong>Encorajamento \u00e0 miss\u00e3o<\/strong><\/p>\n<p>O Papa, de sua parte, encorajou fortemente os 53 jesu\u00edtas (s\u00e3o 80 no total, em toda a Eslov\u00e1quia) a continuar a miss\u00e3o no pa\u00eds que se desenvolve em v\u00e1rios apostolados, com particular \u00eanfase na educa\u00e7\u00e3o e forma\u00e7\u00e3o, em uma Faculdade de Teologia e duas Casas para Exerc\u00edcios Espirituais, que permaneceram ativas mesmo durante os anos sombrios do regime comunista.<\/p>\n<p>Um alento n\u00e3o desprez\u00edvel nos tempos dif\u00edceis como os de hoje, marcados pela pandemia de Covid-19, mas tamb\u00e9m pela seculariza\u00e7\u00e3o que permeia toda a Europa, pelo decl\u00ednio demogr\u00e1fico e das voca\u00e7\u00f5es. \u201c\u00c9 algo que sentimos muito &#8230; No passado &#8211; explica padre Jozef &#8211; na Igreja clandestina durante o regime comunista, os jesu\u00edtas formavam novos membros, quase um noviciado escondido. Isso permitiu que em nossa Prov\u00edncia nunca se pulasse uma gera\u00e7\u00e3o, cada ano foi preenchido, mesmo durante o comunismo\u201d.<\/p>\n<p><strong>Novos desafios<\/strong><\/p>\n<p>Agora h\u00e1 novos desafios pela frente, mas, diz o religioso, \u201cter o encorajamento do Papa que nos fez sentir realmente a sua presen\u00e7a, que apreciou o que fazemos apesar das dificuldades, ajudou-nos a n\u00e3o desanimar\u201d. \u201cTodo jesu\u00edta, de fato &#8211; relata Bartkovjak &#8211; que vincula sua voca\u00e7\u00e3o \u00e0 do Sucessor de Pedro, sentiu nossa identidade fortalecida. Estar perto do Papa e n\u00e3o sentir nenhum bloqueio era como um carinho\u201d.<\/p>\n<p><strong>Perguntas e respostas<\/strong><\/p>\n<p>O que tornou a visita ainda mais livre e familiar foi certamente o car\u00e1ter reservado do encontro: a portas fechadas e sem a presen\u00e7a da m\u00eddia. Nenhuma palavra sobre o conte\u00fado do encontro, de fato, por parte dos presentes, mas muitos coment\u00e1rios sobre o estado de esp\u00edrito do Pont\u00edfice. \u201cComo mencionei, foi tudo muito espont\u00e2neo. V\u00e1rias perguntas surgiram dos jesu\u00edtas presentes, mas tamb\u00e9m do Santo Padre. Poder\u00edamos conversar sobre qualquer coisa, com muita liberdade\u201d.<\/p>\n<p>O encontro terminou com uma foto de grupo e se \u201co Santo Padre parecia satisfeito\u201d, os jesu\u00edtas dizem que est\u00e3o \u201c100% satisfeitos, ali\u00e1s, 200%\u201d.<\/p>\n<hr \/>\n<p><em>Fonte: Vatican News (texto de Salvatore Cernuzio )<\/em><\/p>\n","protected":false},"excerpt":{"rendered":"<p>Viagem Apost\u00f3lica do Papa Francisco<\/p>\n","protected":false},"author":3,"featured_media":234281,"comment_status":"open","ping_status":"open","sticky":false,"template":"","format":"standard","meta":[],"categories":[1428],"tags":[1901],"acf":[],"yoast_head":"<!-- This site is optimized with the Yoast SEO plugin v19.2 - https:\/\/yoast.com\/wordpress\/plugins\/seo\/ -->\n<title>Papa na Eslov\u00e1quia: trabalhar pela reconcilia\u00e7\u00e3o das diferen\u00e7as - Not\u00edcias - Franciscanos<\/title>\n<meta name=\"robots\" content=\"index, follow, max-snippet:-1, max-image-preview:large, max-video-preview:-1\" \/>\n<link rel=\"canonical\" href=\"https:\/\/franciscanos.org.br\/noticias\/papa-na-eslovaquia-trabalhar-pela-reconciliacao-das-diferencas.html\" \/>\n<meta property=\"og:locale\" content=\"pt_BR\" \/>\n<meta property=\"og:type\" content=\"article\" \/>\n<meta property=\"og:title\" content=\"Papa na Eslov\u00e1quia: trabalhar pela reconcilia\u00e7\u00e3o das diferen\u00e7as - Not\u00edcias - Franciscanos\" \/>\n<meta property=\"og:description\" content=\"Viagem Apost\u00f3lica do Papa Francisco\" \/>\n<meta property=\"og:url\" content=\"https:\/\/franciscanos.org.br\/noticias\/papa-na-eslovaquia-trabalhar-pela-reconciliacao-das-diferencas.html\" \/>\n<meta property=\"og:site_name\" content=\"Not\u00edcias - Franciscanos\" \/>\n<meta property=\"article:published_time\" content=\"2021-09-13T08:33:53+00:00\" \/>\n<meta property=\"article:modified_time\" content=\"2021-09-13T08:35:13+00:00\" \/>\n<meta property=\"og:image\" content=\"https:\/\/franciscanos.org.br\/noticias\/wp-content\/uploads\/2021\/09\/eslovaquia_130921.jpg\" \/>\n\t<meta property=\"og:image:width\" content=\"1000\" \/>\n\t<meta property=\"og:image:height\" content=\"563\" \/>\n\t<meta property=\"og:image:type\" content=\"image\/jpeg\" \/>\n<meta name=\"author\" content=\"moacir\" \/>\n<meta name=\"twitter:card\" content=\"summary_large_image\" \/>\n<meta name=\"twitter:label1\" content=\"Escrito por\" \/>\n\t<meta name=\"twitter:data1\" content=\"moacir\" \/>\n\t<meta name=\"twitter:label2\" content=\"Est. tempo de leitura\" \/>\n\t<meta name=\"twitter:data2\" content=\"7 minutos\" \/>\n<script type=\"application\/ld+json\" class=\"yoast-schema-graph\">{\"@context\":\"https:\/\/schema.org\",\"@graph\":[{\"@type\":\"WebSite\",\"@id\":\"https:\/\/franciscanos.org.br\/noticias\/#website\",\"url\":\"https:\/\/franciscanos.org.br\/noticias\/\",\"name\":\"Not\u00edcias - Franciscanos\",\"description\":\"Prov\u00edncia Franciscana da Imaculada Concei\u00e7\u00e3o do Brasil - Ordem dos Frades Menores - OFM\",\"potentialAction\":[{\"@type\":\"SearchAction\",\"target\":{\"@type\":\"EntryPoint\",\"urlTemplate\":\"https:\/\/franciscanos.org.br\/noticias\/?s={search_term_string}\"},\"query-input\":\"required name=search_term_string\"}],\"inLanguage\":\"pt-BR\"},{\"@type\":\"ImageObject\",\"inLanguage\":\"pt-BR\",\"@id\":\"https:\/\/franciscanos.org.br\/noticias\/papa-na-eslovaquia-trabalhar-pela-reconciliacao-das-diferencas.html#primaryimage\",\"url\":\"https:\/\/franciscanos.org.br\/noticias\/wp-content\/uploads\/2021\/09\/eslovaquia_130921.jpg\",\"contentUrl\":\"https:\/\/franciscanos.org.br\/noticias\/wp-content\/uploads\/2021\/09\/eslovaquia_130921.jpg\",\"width\":1000,\"height\":563},{\"@type\":\"WebPage\",\"@id\":\"https:\/\/franciscanos.org.br\/noticias\/papa-na-eslovaquia-trabalhar-pela-reconciliacao-das-diferencas.html#webpage\",\"url\":\"https:\/\/franciscanos.org.br\/noticias\/papa-na-eslovaquia-trabalhar-pela-reconciliacao-das-diferencas.html\",\"name\":\"Papa na Eslov\u00e1quia: trabalhar pela reconcilia\u00e7\u00e3o das diferen\u00e7as - Not\u00edcias - Franciscanos\",\"isPartOf\":{\"@id\":\"https:\/\/franciscanos.org.br\/noticias\/#website\"},\"primaryImageOfPage\":{\"@id\":\"https:\/\/franciscanos.org.br\/noticias\/papa-na-eslovaquia-trabalhar-pela-reconciliacao-das-diferencas.html#primaryimage\"},\"datePublished\":\"2021-09-13T08:33:53+00:00\",\"dateModified\":\"2021-09-13T08:35:13+00:00\",\"author\":{\"@id\":\"https:\/\/franciscanos.org.br\/noticias\/#\/schema\/person\/b5c8cba458c330ccff548b056e95a5d4\"},\"breadcrumb\":{\"@id\":\"https:\/\/franciscanos.org.br\/noticias\/papa-na-eslovaquia-trabalhar-pela-reconciliacao-das-diferencas.html#breadcrumb\"},\"inLanguage\":\"pt-BR\",\"potentialAction\":[{\"@type\":\"ReadAction\",\"target\":[\"https:\/\/franciscanos.org.br\/noticias\/papa-na-eslovaquia-trabalhar-pela-reconciliacao-das-diferencas.html\"]}]},{\"@type\":\"BreadcrumbList\",\"@id\":\"https:\/\/franciscanos.org.br\/noticias\/papa-na-eslovaquia-trabalhar-pela-reconciliacao-das-diferencas.html#breadcrumb\",\"itemListElement\":[{\"@type\":\"ListItem\",\"position\":1,\"name\":\"Home\",\"item\":\"https:\/\/franciscanos.org.br\/noticias\"},{\"@type\":\"ListItem\",\"position\":2,\"name\":\"Papa na Eslov\u00e1quia: trabalhar pela reconcilia\u00e7\u00e3o das diferen\u00e7as\"}]},{\"@type\":\"Person\",\"@id\":\"https:\/\/franciscanos.org.br\/noticias\/#\/schema\/person\/b5c8cba458c330ccff548b056e95a5d4\",\"name\":\"moacir\",\"image\":{\"@type\":\"ImageObject\",\"inLanguage\":\"pt-BR\",\"@id\":\"https:\/\/franciscanos.org.br\/noticias\/#\/schema\/person\/image\/\",\"url\":\"https:\/\/secure.gravatar.com\/avatar\/d08aa2ce4c8dd416d4479aa8536fcf64?s=96&d=mm&r=g\",\"contentUrl\":\"https:\/\/secure.gravatar.com\/avatar\/d08aa2ce4c8dd416d4479aa8536fcf64?s=96&d=mm&r=g\",\"caption\":\"moacir\"},\"url\":\"https:\/\/franciscanos.org.br\/noticias\/author\/moacir\"}]}<\/script>\n<!-- \/ Yoast SEO plugin. -->","yoast_head_json":{"title":"Papa na Eslov\u00e1quia: trabalhar pela reconcilia\u00e7\u00e3o das diferen\u00e7as - Not\u00edcias - Franciscanos","robots":{"index":"index","follow":"follow","max-snippet":"max-snippet:-1","max-image-preview":"max-image-preview:large","max-video-preview":"max-video-preview:-1"},"canonical":"https:\/\/franciscanos.org.br\/noticias\/papa-na-eslovaquia-trabalhar-pela-reconciliacao-das-diferencas.html","og_locale":"pt_BR","og_type":"article","og_title":"Papa na Eslov\u00e1quia: trabalhar pela reconcilia\u00e7\u00e3o das diferen\u00e7as - Not\u00edcias - Franciscanos","og_description":"Viagem Apost\u00f3lica do Papa Francisco","og_url":"https:\/\/franciscanos.org.br\/noticias\/papa-na-eslovaquia-trabalhar-pela-reconciliacao-das-diferencas.html","og_site_name":"Not\u00edcias - Franciscanos","article_published_time":"2021-09-13T08:33:53+00:00","article_modified_time":"2021-09-13T08:35:13+00:00","og_image":[{"width":1000,"height":563,"url":"https:\/\/franciscanos.org.br\/noticias\/wp-content\/uploads\/2021\/09\/eslovaquia_130921.jpg","type":"image\/jpeg"}],"author":"moacir","twitter_card":"summary_large_image","twitter_misc":{"Escrito por":"moacir","Est. tempo de leitura":"7 minutos"},"schema":{"@context":"https:\/\/schema.org","@graph":[{"@type":"WebSite","@id":"https:\/\/franciscanos.org.br\/noticias\/#website","url":"https:\/\/franciscanos.org.br\/noticias\/","name":"Not\u00edcias - Franciscanos","description":"Prov\u00edncia Franciscana da Imaculada Concei\u00e7\u00e3o do Brasil - Ordem dos Frades Menores - OFM","potentialAction":[{"@type":"SearchAction","target":{"@type":"EntryPoint","urlTemplate":"https:\/\/franciscanos.org.br\/noticias\/?s={search_term_string}"},"query-input":"required name=search_term_string"}],"inLanguage":"pt-BR"},{"@type":"ImageObject","inLanguage":"pt-BR","@id":"https:\/\/franciscanos.org.br\/noticias\/papa-na-eslovaquia-trabalhar-pela-reconciliacao-das-diferencas.html#primaryimage","url":"https:\/\/franciscanos.org.br\/noticias\/wp-content\/uploads\/2021\/09\/eslovaquia_130921.jpg","contentUrl":"https:\/\/franciscanos.org.br\/noticias\/wp-content\/uploads\/2021\/09\/eslovaquia_130921.jpg","width":1000,"height":563},{"@type":"WebPage","@id":"https:\/\/franciscanos.org.br\/noticias\/papa-na-eslovaquia-trabalhar-pela-reconciliacao-das-diferencas.html#webpage","url":"https:\/\/franciscanos.org.br\/noticias\/papa-na-eslovaquia-trabalhar-pela-reconciliacao-das-diferencas.html","name":"Papa na Eslov\u00e1quia: trabalhar pela reconcilia\u00e7\u00e3o das diferen\u00e7as - Not\u00edcias - Franciscanos","isPartOf":{"@id":"https:\/\/franciscanos.org.br\/noticias\/#website"},"primaryImageOfPage":{"@id":"https:\/\/franciscanos.org.br\/noticias\/papa-na-eslovaquia-trabalhar-pela-reconciliacao-das-diferencas.html#primaryimage"},"datePublished":"2021-09-13T08:33:53+00:00","dateModified":"2021-09-13T08:35:13+00:00","author":{"@id":"https:\/\/franciscanos.org.br\/noticias\/#\/schema\/person\/b5c8cba458c330ccff548b056e95a5d4"},"breadcrumb":{"@id":"https:\/\/franciscanos.org.br\/noticias\/papa-na-eslovaquia-trabalhar-pela-reconciliacao-das-diferencas.html#breadcrumb"},"inLanguage":"pt-BR","potentialAction":[{"@type":"ReadAction","target":["https:\/\/franciscanos.org.br\/noticias\/papa-na-eslovaquia-trabalhar-pela-reconciliacao-das-diferencas.html"]}]},{"@type":"BreadcrumbList","@id":"https:\/\/franciscanos.org.br\/noticias\/papa-na-eslovaquia-trabalhar-pela-reconciliacao-das-diferencas.html#breadcrumb","itemListElement":[{"@type":"ListItem","position":1,"name":"Home","item":"https:\/\/franciscanos.org.br\/noticias"},{"@type":"ListItem","position":2,"name":"Papa na Eslov\u00e1quia: trabalhar pela reconcilia\u00e7\u00e3o das diferen\u00e7as"}]},{"@type":"Person","@id":"https:\/\/franciscanos.org.br\/noticias\/#\/schema\/person\/b5c8cba458c330ccff548b056e95a5d4","name":"moacir","image":{"@type":"ImageObject","inLanguage":"pt-BR","@id":"https:\/\/franciscanos.org.br\/noticias\/#\/schema\/person\/image\/","url":"https:\/\/secure.gravatar.com\/avatar\/d08aa2ce4c8dd416d4479aa8536fcf64?s=96&d=mm&r=g","contentUrl":"https:\/\/secure.gravatar.com\/avatar\/d08aa2ce4c8dd416d4479aa8536fcf64?s=96&d=mm&r=g","caption":"moacir"},"url":"https:\/\/franciscanos.org.br\/noticias\/author\/moacir"}]}},"_links":{"self":[{"href":"https:\/\/franciscanos.org.br\/noticias\/wp-json\/wp\/v2\/posts\/234280"}],"collection":[{"href":"https:\/\/franciscanos.org.br\/noticias\/wp-json\/wp\/v2\/posts"}],"about":[{"href":"https:\/\/franciscanos.org.br\/noticias\/wp-json\/wp\/v2\/types\/post"}],"author":[{"embeddable":true,"href":"https:\/\/franciscanos.org.br\/noticias\/wp-json\/wp\/v2\/users\/3"}],"replies":[{"embeddable":true,"href":"https:\/\/franciscanos.org.br\/noticias\/wp-json\/wp\/v2\/comments?post=234280"}],"version-history":[{"count":3,"href":"https:\/\/franciscanos.org.br\/noticias\/wp-json\/wp\/v2\/posts\/234280\/revisions"}],"predecessor-version":[{"id":234284,"href":"https:\/\/franciscanos.org.br\/noticias\/wp-json\/wp\/v2\/posts\/234280\/revisions\/234284"}],"wp:featuredmedia":[{"embeddable":true,"href":"https:\/\/franciscanos.org.br\/noticias\/wp-json\/wp\/v2\/media\/234281"}],"wp:attachment":[{"href":"https:\/\/franciscanos.org.br\/noticias\/wp-json\/wp\/v2\/media?parent=234280"}],"wp:term":[{"taxonomy":"category","embeddable":true,"href":"https:\/\/franciscanos.org.br\/noticias\/wp-json\/wp\/v2\/categories?post=234280"},{"taxonomy":"post_tag","embeddable":true,"href":"https:\/\/franciscanos.org.br\/noticias\/wp-json\/wp\/v2\/tags?post=234280"}],"curies":[{"name":"wp","href":"https:\/\/api.w.org\/{rel}","templated":true}]}}