{"id":234242,"date":"2021-09-09T05:55:14","date_gmt":"2021-09-09T08:55:14","guid":{"rendered":"https:\/\/franciscanos.org.br\/noticias\/?p=234242"},"modified":"2021-09-09T05:55:14","modified_gmt":"2021-09-09T08:55:14","slug":"papa-maria-a-voz-dos-sem-voz-para-dar-a-luz-um-mundo-novo","status":"publish","type":"post","link":"https:\/\/franciscanos.org.br\/noticias\/papa-maria-a-voz-dos-sem-voz-para-dar-a-luz-um-mundo-novo.html","title":{"rendered":"Papa: &#8220;Maria, a voz dos sem voz para dar \u00e0 luz um mundo novo&#8221;"},"content":{"rendered":"<div id=\"attachment_234243\" style=\"width: 1290px\" class=\"wp-caption alignnone\"><img aria-describedby=\"caption-attachment-234243\" loading=\"lazy\" class=\"wp-image-234243 size-full\" src=\"https:\/\/franciscanos.org.br\/noticias\/wp-content\/uploads\/2021\/09\/maria_090921.jpg\" alt=\"\" width=\"1280\" height=\"720\" srcset=\"https:\/\/franciscanos.org.br\/noticias\/wp-content\/uploads\/2021\/09\/maria_090921.jpg 1280w, https:\/\/franciscanos.org.br\/noticias\/wp-content\/uploads\/2021\/09\/maria_090921-450x253.jpg 450w, https:\/\/franciscanos.org.br\/noticias\/wp-content\/uploads\/2021\/09\/maria_090921-1024x576.jpg 1024w, https:\/\/franciscanos.org.br\/noticias\/wp-content\/uploads\/2021\/09\/maria_090921-768x432.jpg 768w, https:\/\/franciscanos.org.br\/noticias\/wp-content\/uploads\/2021\/09\/maria_090921-150x84.jpg 150w\" sizes=\"(max-width: 1280px) 100vw, 1280px\" \/><p id=\"caption-attachment-234243\" class=\"wp-caption-text\">\u00a0 \u00a0 \u00a0 \u00a0 \u00a0 \u00a0 \u00a0 \u00a0 \u00a0 \u00a0 \u00a0 \u00a0 \u00a0 \u00a0 \u00a0 \u00a0 \u00a0 \u00a0 \u00a0 \u00a0 \u00a0 \u00a0 \u00a0 \u00a0 \u00a0 \u00a0 \u00a0 \u00a0 \u00a0 \u00a0 \u00a0 \u00a0 \u00a0 \u00a0 \u00a0 \u00a0 \u00a0 \u00a0 \u00a0 \u00a0 \u00a0 \u00a0 \u00a0 \u00a0 \u00a0 \u00a0 \u00a0 \u00a0 \u00a0 \u00a0 \u00a0 \u00a0 \u00a0 \u00a0 \u00a0 \u00a0 \u00a0 \u00a0 \u00a0 \u00a0 \u00a0 \u00a0 \u00a0 \u00a0 \u00a0 \u00a0<em> \u00a0 \u00a0 \u00a0 \u00a0Imagem: Vatican Media <\/em><\/p><\/div>\n<p>De 8 a 11 de setembro ser\u00e1 realizado o 25\u00b0 Congresso Mariol\u00f3gico Mariano Internacional (on-line) com o tema Maria entre teologia e cultura hoje. Modelos, comunica\u00e7\u00f5es e perspectiva. Para a ocasi\u00e3o o Papa enviou uma mensagem recordando que \u201cnossa alegria n\u00e3o deve esquecer o grito silencioso de tantos irm\u00e3os e irm\u00e3s que vivem em condi\u00e7\u00f5es de grande dificuldade\u201d e que \u201cMaria, na beleza de seu seguimento evang\u00e9lico e em seu servi\u00e7o ao bem comum da humanidade e do planeta, sempre nos ensina a escutar estas vozes, e ela mesma se torna a voz dos sem voz para dar \u00e0 luz um mundo novo, onde todos sejamos irm\u00e3os, onde haja lugar para cada descartado das nossas sociedades\u201d.<\/p>\n<p>Francisco agradeceu \u00e0 Pontif\u00edcia Academia Mariana Internationalis que h\u00e1 mais de sessenta anos dedica-se ao estudo de Maria reunindo cultores de mariologia no mundo inteiro: \u201cA celebra\u00e7\u00e3o dos Congressos Marianos Internacionais, ofereceu debates, intui\u00e7\u00f5es, ideias e aprofundamentos em uma \u00e9poca que transforma \u2018rapidamente o modo de viver, de se relacionar, de comunicar e elaborar o pensamento, de comunicar entre as gera\u00e7\u00f5es humanas e de compreender e viver a f\u00e9. Estes Congressos\u201d, continuou o Papa, \u201cs\u00e3o um claro testemunho de como a Mariologia seja uma presen\u00e7a necess\u00e1ria de di\u00e1logo entre culturas, capaz de alimentar a fraternidade e a paz\u201d.<\/p>\n<p><strong>Maria, M\u00e3e de todos presen\u00e7a nas fronteiras<\/strong><br \/>\nAo recordar que a teologia e a cultura de inspira\u00e7\u00e3o crist\u00e3 estiveram \u00e0 altura da sua miss\u00e3o quando souberam, de forma arriscada e fiel, viver na fronteira, Francisco explicou que a M\u00e3e do Senhor tem uma sua espec\u00edfica presen\u00e7a nas fronteiras: \u201c\u00c9 a M\u00e3e de todos, independentemente de etnia ou nacionalidade. Assim, a figura de Maria torna-se um ponto de refer\u00eancia para uma cultura capaz de superar as barreiras que podem criar divis\u00f5es. Portanto, no caminho desta cultura da fraternidade, o Esp\u00edrito nos chama a acolher mais uma vez o sinal de consola\u00e7\u00e3o e esperan\u00e7a segura que tem o nome, o rosto e o cora\u00e7\u00e3o de Maria, mulher, disc\u00edpula, m\u00e3e e amiga. \u00c9 ao longo deste caminho que o Esp\u00edrito continua nos dizendo &#8220;que os tempos em que vivemos s\u00e3o os tempos de Maria&#8221;.<\/p>\n<p><strong>Bento XVI: o mist\u00e9rio de Maria \u00e9 o mist\u00e9rio da Palavra de Deus<\/strong><br \/>\nO Papa recordou as palavras do Papa em\u00e9rito Bento XVI ao falar que o mist\u00e9rio contido na pessoa de Maria \u00e9 o mist\u00e9rio da Palavra de Deus encarnada: \u201cEla Se sente verdadeiramente em casa na Palavra de Deus, dela sai e a ela volta com naturalidade. Fala e pensa com a Palavra de Deus; esta torna-se Palavra d\u2019Ela, e a sua palavra nasce da Palavra de Deus. Al\u00e9m disso, fica assim patente que os seus pensamentos est\u00e3o em sintonia com os de Deus, que o d\u2019Ela \u00e9 um querer juntamente com Deus. Vivendo intimamente permeada pela Palavra de Deus, Ela p\u00f4de tornar-Se m\u00e3e da Palavra encarnada\u201d.<\/p>\n<p><strong>Piedade popular<\/strong><br \/>\nPor fim Francisco sublinhou: \u201cN\u00e3o esque\u00e7amos que \u00e9 precisamente esta mesma Palavra que alimenta a piedade popular, que se inspira naturalmente em Nossa Senhora, expressando e transmitindo &#8220;a vida teologal presente na piedade dos povos crist\u00e3os, especialmente nos pobres; uma vida teologal animada pela a\u00e7\u00e3o do Espirito Santo, fruto do Evangelho inculturado. O Papa concluiu recordando uma cita\u00e7\u00e3o de S\u00e3o Boaventura Bagnoregio ao afirmar que \u201cS\u00e3o Francisco de Assis circundava a Virgem Maria de imenso amor porque tinha feito Deus nosso irm\u00e3o\u201d.<\/p>\n<hr \/>\n<p><em>Fonte: Vatican News (texto de Jane Nogara)<\/em><\/p>\n","protected":false},"excerpt":{"rendered":"<p>Mensagem do Papa Francisco<\/p>\n","protected":false},"author":3,"featured_media":234244,"comment_status":"open","ping_status":"open","sticky":false,"template":"","format":"standard","meta":[],"categories":[1428],"tags":[55],"acf":[],"yoast_head":"<!-- This site is optimized with the Yoast SEO plugin v19.2 - https:\/\/yoast.com\/wordpress\/plugins\/seo\/ -->\n<title>Papa: &quot;Maria, a voz dos sem voz para dar \u00e0 luz um mundo novo&quot; - Not\u00edcias - Franciscanos<\/title>\n<meta name=\"robots\" content=\"index, follow, max-snippet:-1, max-image-preview:large, max-video-preview:-1\" \/>\n<link rel=\"canonical\" href=\"https:\/\/franciscanos.org.br\/noticias\/papa-maria-a-voz-dos-sem-voz-para-dar-a-luz-um-mundo-novo.html\" \/>\n<meta property=\"og:locale\" content=\"pt_BR\" \/>\n<meta property=\"og:type\" content=\"article\" \/>\n<meta property=\"og:title\" content=\"Papa: &quot;Maria, a voz dos sem voz para dar \u00e0 luz um mundo novo&quot; - Not\u00edcias - Franciscanos\" \/>\n<meta property=\"og:description\" content=\"Mensagem do Papa Francisco\" \/>\n<meta property=\"og:url\" content=\"https:\/\/franciscanos.org.br\/noticias\/papa-maria-a-voz-dos-sem-voz-para-dar-a-luz-um-mundo-novo.html\" \/>\n<meta property=\"og:site_name\" content=\"Not\u00edcias - Franciscanos\" \/>\n<meta property=\"article:published_time\" content=\"2021-09-09T08:55:14+00:00\" \/>\n<meta property=\"og:image\" content=\"https:\/\/franciscanos.org.br\/noticias\/wp-content\/uploads\/2021\/09\/maria_090921d.jpg\" \/>\n\t<meta property=\"og:image:width\" content=\"800\" \/>\n\t<meta property=\"og:image:height\" content=\"550\" \/>\n\t<meta property=\"og:image:type\" content=\"image\/jpeg\" \/>\n<meta name=\"author\" content=\"moacir\" \/>\n<meta name=\"twitter:card\" content=\"summary_large_image\" \/>\n<meta name=\"twitter:label1\" content=\"Escrito por\" \/>\n\t<meta name=\"twitter:data1\" content=\"moacir\" \/>\n\t<meta name=\"twitter:label2\" content=\"Est. tempo de leitura\" \/>\n\t<meta name=\"twitter:data2\" content=\"3 minutos\" \/>\n<script type=\"application\/ld+json\" class=\"yoast-schema-graph\">{\"@context\":\"https:\/\/schema.org\",\"@graph\":[{\"@type\":\"WebSite\",\"@id\":\"https:\/\/franciscanos.org.br\/noticias\/#website\",\"url\":\"https:\/\/franciscanos.org.br\/noticias\/\",\"name\":\"Not\u00edcias - Franciscanos\",\"description\":\"Prov\u00edncia Franciscana da Imaculada Concei\u00e7\u00e3o do Brasil - Ordem dos Frades Menores - OFM\",\"potentialAction\":[{\"@type\":\"SearchAction\",\"target\":{\"@type\":\"EntryPoint\",\"urlTemplate\":\"https:\/\/franciscanos.org.br\/noticias\/?s={search_term_string}\"},\"query-input\":\"required name=search_term_string\"}],\"inLanguage\":\"pt-BR\"},{\"@type\":\"ImageObject\",\"inLanguage\":\"pt-BR\",\"@id\":\"https:\/\/franciscanos.org.br\/noticias\/papa-maria-a-voz-dos-sem-voz-para-dar-a-luz-um-mundo-novo.html#primaryimage\",\"url\":\"https:\/\/franciscanos.org.br\/noticias\/wp-content\/uploads\/2021\/09\/maria_090921d.jpg\",\"contentUrl\":\"https:\/\/franciscanos.org.br\/noticias\/wp-content\/uploads\/2021\/09\/maria_090921d.jpg\",\"width\":800,\"height\":550},{\"@type\":\"WebPage\",\"@id\":\"https:\/\/franciscanos.org.br\/noticias\/papa-maria-a-voz-dos-sem-voz-para-dar-a-luz-um-mundo-novo.html#webpage\",\"url\":\"https:\/\/franciscanos.org.br\/noticias\/papa-maria-a-voz-dos-sem-voz-para-dar-a-luz-um-mundo-novo.html\",\"name\":\"Papa: \\\"Maria, a voz dos sem voz para dar \u00e0 luz um mundo novo\\\" - Not\u00edcias - Franciscanos\",\"isPartOf\":{\"@id\":\"https:\/\/franciscanos.org.br\/noticias\/#website\"},\"primaryImageOfPage\":{\"@id\":\"https:\/\/franciscanos.org.br\/noticias\/papa-maria-a-voz-dos-sem-voz-para-dar-a-luz-um-mundo-novo.html#primaryimage\"},\"datePublished\":\"2021-09-09T08:55:14+00:00\",\"dateModified\":\"2021-09-09T08:55:14+00:00\",\"author\":{\"@id\":\"https:\/\/franciscanos.org.br\/noticias\/#\/schema\/person\/b5c8cba458c330ccff548b056e95a5d4\"},\"breadcrumb\":{\"@id\":\"https:\/\/franciscanos.org.br\/noticias\/papa-maria-a-voz-dos-sem-voz-para-dar-a-luz-um-mundo-novo.html#breadcrumb\"},\"inLanguage\":\"pt-BR\",\"potentialAction\":[{\"@type\":\"ReadAction\",\"target\":[\"https:\/\/franciscanos.org.br\/noticias\/papa-maria-a-voz-dos-sem-voz-para-dar-a-luz-um-mundo-novo.html\"]}]},{\"@type\":\"BreadcrumbList\",\"@id\":\"https:\/\/franciscanos.org.br\/noticias\/papa-maria-a-voz-dos-sem-voz-para-dar-a-luz-um-mundo-novo.html#breadcrumb\",\"itemListElement\":[{\"@type\":\"ListItem\",\"position\":1,\"name\":\"Home\",\"item\":\"https:\/\/franciscanos.org.br\/noticias\"},{\"@type\":\"ListItem\",\"position\":2,\"name\":\"Papa: &#8220;Maria, a voz dos sem voz para dar \u00e0 luz um mundo novo&#8221;\"}]},{\"@type\":\"Person\",\"@id\":\"https:\/\/franciscanos.org.br\/noticias\/#\/schema\/person\/b5c8cba458c330ccff548b056e95a5d4\",\"name\":\"moacir\",\"image\":{\"@type\":\"ImageObject\",\"inLanguage\":\"pt-BR\",\"@id\":\"https:\/\/franciscanos.org.br\/noticias\/#\/schema\/person\/image\/\",\"url\":\"https:\/\/secure.gravatar.com\/avatar\/d08aa2ce4c8dd416d4479aa8536fcf64?s=96&d=mm&r=g\",\"contentUrl\":\"https:\/\/secure.gravatar.com\/avatar\/d08aa2ce4c8dd416d4479aa8536fcf64?s=96&d=mm&r=g\",\"caption\":\"moacir\"},\"url\":\"https:\/\/franciscanos.org.br\/noticias\/author\/moacir\"}]}<\/script>\n<!-- \/ Yoast SEO plugin. -->","yoast_head_json":{"title":"Papa: \"Maria, a voz dos sem voz para dar \u00e0 luz um mundo novo\" - Not\u00edcias - Franciscanos","robots":{"index":"index","follow":"follow","max-snippet":"max-snippet:-1","max-image-preview":"max-image-preview:large","max-video-preview":"max-video-preview:-1"},"canonical":"https:\/\/franciscanos.org.br\/noticias\/papa-maria-a-voz-dos-sem-voz-para-dar-a-luz-um-mundo-novo.html","og_locale":"pt_BR","og_type":"article","og_title":"Papa: \"Maria, a voz dos sem voz para dar \u00e0 luz um mundo novo\" - Not\u00edcias - Franciscanos","og_description":"Mensagem do Papa Francisco","og_url":"https:\/\/franciscanos.org.br\/noticias\/papa-maria-a-voz-dos-sem-voz-para-dar-a-luz-um-mundo-novo.html","og_site_name":"Not\u00edcias - Franciscanos","article_published_time":"2021-09-09T08:55:14+00:00","og_image":[{"width":800,"height":550,"url":"https:\/\/franciscanos.org.br\/noticias\/wp-content\/uploads\/2021\/09\/maria_090921d.jpg","type":"image\/jpeg"}],"author":"moacir","twitter_card":"summary_large_image","twitter_misc":{"Escrito por":"moacir","Est. tempo de leitura":"3 minutos"},"schema":{"@context":"https:\/\/schema.org","@graph":[{"@type":"WebSite","@id":"https:\/\/franciscanos.org.br\/noticias\/#website","url":"https:\/\/franciscanos.org.br\/noticias\/","name":"Not\u00edcias - Franciscanos","description":"Prov\u00edncia Franciscana da Imaculada Concei\u00e7\u00e3o do Brasil - Ordem dos Frades Menores - OFM","potentialAction":[{"@type":"SearchAction","target":{"@type":"EntryPoint","urlTemplate":"https:\/\/franciscanos.org.br\/noticias\/?s={search_term_string}"},"query-input":"required name=search_term_string"}],"inLanguage":"pt-BR"},{"@type":"ImageObject","inLanguage":"pt-BR","@id":"https:\/\/franciscanos.org.br\/noticias\/papa-maria-a-voz-dos-sem-voz-para-dar-a-luz-um-mundo-novo.html#primaryimage","url":"https:\/\/franciscanos.org.br\/noticias\/wp-content\/uploads\/2021\/09\/maria_090921d.jpg","contentUrl":"https:\/\/franciscanos.org.br\/noticias\/wp-content\/uploads\/2021\/09\/maria_090921d.jpg","width":800,"height":550},{"@type":"WebPage","@id":"https:\/\/franciscanos.org.br\/noticias\/papa-maria-a-voz-dos-sem-voz-para-dar-a-luz-um-mundo-novo.html#webpage","url":"https:\/\/franciscanos.org.br\/noticias\/papa-maria-a-voz-dos-sem-voz-para-dar-a-luz-um-mundo-novo.html","name":"Papa: \"Maria, a voz dos sem voz para dar \u00e0 luz um mundo novo\" - Not\u00edcias - Franciscanos","isPartOf":{"@id":"https:\/\/franciscanos.org.br\/noticias\/#website"},"primaryImageOfPage":{"@id":"https:\/\/franciscanos.org.br\/noticias\/papa-maria-a-voz-dos-sem-voz-para-dar-a-luz-um-mundo-novo.html#primaryimage"},"datePublished":"2021-09-09T08:55:14+00:00","dateModified":"2021-09-09T08:55:14+00:00","author":{"@id":"https:\/\/franciscanos.org.br\/noticias\/#\/schema\/person\/b5c8cba458c330ccff548b056e95a5d4"},"breadcrumb":{"@id":"https:\/\/franciscanos.org.br\/noticias\/papa-maria-a-voz-dos-sem-voz-para-dar-a-luz-um-mundo-novo.html#breadcrumb"},"inLanguage":"pt-BR","potentialAction":[{"@type":"ReadAction","target":["https:\/\/franciscanos.org.br\/noticias\/papa-maria-a-voz-dos-sem-voz-para-dar-a-luz-um-mundo-novo.html"]}]},{"@type":"BreadcrumbList","@id":"https:\/\/franciscanos.org.br\/noticias\/papa-maria-a-voz-dos-sem-voz-para-dar-a-luz-um-mundo-novo.html#breadcrumb","itemListElement":[{"@type":"ListItem","position":1,"name":"Home","item":"https:\/\/franciscanos.org.br\/noticias"},{"@type":"ListItem","position":2,"name":"Papa: &#8220;Maria, a voz dos sem voz para dar \u00e0 luz um mundo novo&#8221;"}]},{"@type":"Person","@id":"https:\/\/franciscanos.org.br\/noticias\/#\/schema\/person\/b5c8cba458c330ccff548b056e95a5d4","name":"moacir","image":{"@type":"ImageObject","inLanguage":"pt-BR","@id":"https:\/\/franciscanos.org.br\/noticias\/#\/schema\/person\/image\/","url":"https:\/\/secure.gravatar.com\/avatar\/d08aa2ce4c8dd416d4479aa8536fcf64?s=96&d=mm&r=g","contentUrl":"https:\/\/secure.gravatar.com\/avatar\/d08aa2ce4c8dd416d4479aa8536fcf64?s=96&d=mm&r=g","caption":"moacir"},"url":"https:\/\/franciscanos.org.br\/noticias\/author\/moacir"}]}},"_links":{"self":[{"href":"https:\/\/franciscanos.org.br\/noticias\/wp-json\/wp\/v2\/posts\/234242"}],"collection":[{"href":"https:\/\/franciscanos.org.br\/noticias\/wp-json\/wp\/v2\/posts"}],"about":[{"href":"https:\/\/franciscanos.org.br\/noticias\/wp-json\/wp\/v2\/types\/post"}],"author":[{"embeddable":true,"href":"https:\/\/franciscanos.org.br\/noticias\/wp-json\/wp\/v2\/users\/3"}],"replies":[{"embeddable":true,"href":"https:\/\/franciscanos.org.br\/noticias\/wp-json\/wp\/v2\/comments?post=234242"}],"version-history":[{"count":1,"href":"https:\/\/franciscanos.org.br\/noticias\/wp-json\/wp\/v2\/posts\/234242\/revisions"}],"predecessor-version":[{"id":234245,"href":"https:\/\/franciscanos.org.br\/noticias\/wp-json\/wp\/v2\/posts\/234242\/revisions\/234245"}],"wp:featuredmedia":[{"embeddable":true,"href":"https:\/\/franciscanos.org.br\/noticias\/wp-json\/wp\/v2\/media\/234244"}],"wp:attachment":[{"href":"https:\/\/franciscanos.org.br\/noticias\/wp-json\/wp\/v2\/media?parent=234242"}],"wp:term":[{"taxonomy":"category","embeddable":true,"href":"https:\/\/franciscanos.org.br\/noticias\/wp-json\/wp\/v2\/categories?post=234242"},{"taxonomy":"post_tag","embeddable":true,"href":"https:\/\/franciscanos.org.br\/noticias\/wp-json\/wp\/v2\/tags?post=234242"}],"curies":[{"name":"wp","href":"https:\/\/api.w.org\/{rel}","templated":true}]}}