{"id":234225,"date":"2021-09-05T06:22:12","date_gmt":"2021-09-05T09:22:12","guid":{"rendered":"https:\/\/franciscanos.org.br\/noticias\/?p=234225"},"modified":"2021-09-05T06:22:12","modified_gmt":"2021-09-05T09:22:12","slug":"beatificado-frei-mamerto-esquiu-franciscano-e-bispo-argentino","status":"publish","type":"post","link":"https:\/\/franciscanos.org.br\/noticias\/beatificado-frei-mamerto-esquiu-franciscano-e-bispo-argentino.html","title":{"rendered":"Beatificado Frei Mamerto Esqui\u00fa, franciscano e bispo argentino"},"content":{"rendered":"<div id=\"attachment_234226\" style=\"width: 1290px\" class=\"wp-caption alignnone\"><img aria-describedby=\"caption-attachment-234226\" loading=\"lazy\" class=\"wp-image-234226 size-full\" src=\"https:\/\/franciscanos.org.br\/noticias\/wp-content\/uploads\/2021\/09\/beato_050910.jpg\" alt=\"\" width=\"1280\" height=\"720\" srcset=\"https:\/\/franciscanos.org.br\/noticias\/wp-content\/uploads\/2021\/09\/beato_050910.jpg 1280w, https:\/\/franciscanos.org.br\/noticias\/wp-content\/uploads\/2021\/09\/beato_050910-450x253.jpg 450w, https:\/\/franciscanos.org.br\/noticias\/wp-content\/uploads\/2021\/09\/beato_050910-1024x576.jpg 1024w, https:\/\/franciscanos.org.br\/noticias\/wp-content\/uploads\/2021\/09\/beato_050910-768x432.jpg 768w, https:\/\/franciscanos.org.br\/noticias\/wp-content\/uploads\/2021\/09\/beato_050910-150x84.jpg 150w\" sizes=\"(max-width: 1280px) 100vw, 1280px\" \/><p id=\"caption-attachment-234226\" class=\"wp-caption-text\">\u00a0 \u00a0 \u00a0 \u00a0 \u00a0 \u00a0 \u00a0 \u00a0 \u00a0 \u00a0 \u00a0 \u00a0 \u00a0 \u00a0 \u00a0 \u00a0 \u00a0 \u00a0 \u00a0 \u00a0 \u00a0 \u00a0 \u00a0 \u00a0 \u00a0 \u00a0 \u00a0 \u00a0 \u00a0 \u00a0 \u00a0 \u00a0 \u00a0 \u00a0 \u00a0 \u00a0 \u00a0 \u00a0 \u00a0 \u00a0 \u00a0 \u00a0 \u00a0 \u00a0 \u00a0 \u00a0 \u00a0 \u00a0 \u00a0 \u00a0<em> \u00a0 \u00a0 \u00a0 \u00a0 \u00a0 \u00a0Imagem: Vatican News<\/em><\/p><\/div>\n<p>A Missa com a cerim\u00f4nia de beatifica\u00e7\u00e3o de Fr. Mamerto Esqui\u00fa, franciscano da Prov\u00edncia de Catamarca, Argentina, foi celebrada \u00e0s 10 horas (hor\u00e1rio local) do s\u00e1bado, 4 de setembro, na esplanada da Igreja de San Jos\u00e9 em Piedra Blanca, cidade natal de Esqui\u00fa.<\/p>\n<p>Por conta da Covid n\u00e3o houve uma participa\u00e7\u00e3o massiva que, como informa um comunicado, teria sido &#8220;o desejo do povo e de todos que esperaram por este grande acontecimento por mais de um s\u00e9culo&#8221;, mas muitos puderam acompanhar a celebra\u00e7\u00e3o pela r\u00e1dio, m\u00eddias digitais e redes sociais.<\/p>\n<p>Para a beatifica\u00e7\u00e3o do frade franciscano, os postuladores apresentaram para exame da Congrega\u00e7\u00e3o para o Causas de Santos a suposta recupera\u00e7\u00e3o milagrosa, atribu\u00edda \u00e0 intercess\u00e3o do frade, de uma menina com \u201costeomielite aguda com evolu\u00e7\u00e3o cr\u00f4nica e artrite s\u00e9ptica\u201d. A cura ocorreu em janeiro de 2016 na Argentina.<\/p>\n<p><em>Villalba: segui-lo na sua vontade de ser Santo<\/em><\/p>\n<p>A Missa foi presidida pelo legado apost\u00f3lico Luis H\u00e9ctor Villalba, cardeal argentino, arcebispo em\u00e9rito de Tucum\u00e1n, acompanhado por um grupo de bispos do pa\u00eds.<br \/>\nMamerto Esqui\u00fa como religioso, como sacerdote, como bispo \u201c\u00e9 um modelo a ser imitado\u201d, disse o cardeal, \u201c\u00e9 um intercessor por n\u00f3s\u201d. \u201cA Igreja diz-nos, beatificando-o, que podemos invoc\u00e1-lo e rezar a ele, porque ele j\u00e1 participa da felicidade eterna\u201d.<\/p>\n<p>A sua beatifica\u00e7\u00e3o, prosseguiu, \u00e9 um convite a todos para caminhar &#8220;nas pegadas abertas por Jesus Cristo&#8221;, isto \u00e9, &#8220;um convite para caminhar para a santidade&#8221;. E Frei Mamerto Esqui\u00fa queria ser um Santo e em sua vida procurou, antes de tudo, fazer a vontade de Deus, a todo custo.<\/p>\n<p>Mamerto Esqui\u00fa tamb\u00e9m era um sacerdote de profunda ora\u00e7\u00e3o, acrescentou o cardeal. \u201cFoi um bispo mission\u00e1rio que se dedicou a visitar todas as comunidades da sua extensa diocese\u201d, e foi tamb\u00e9m \u201cum bispo pastor que se distinguiu pela sua humildade, pela pobreza e pela austeridade da sua vida\u201d.<\/p>\n<p>Esqui\u00fa &#8220;era um pastor que se doava aos pobres no estilo de S\u00e3o Francisco. Era incans\u00e1vel na assist\u00eancia aos enfermos e na administra\u00e7\u00e3o dos Sacramentos&#8221;. \u201cO beato Mamerto Esqui\u00fa &#8211; disse ainda o legado apost\u00f3lico, descrevendo a figura do novo beato &#8211; \u00e9 reconhecido como uma das grandes figuras de nosso pa\u00eds por seu patriotismo exemplar. Ele iluminou a ordem temporal com a luz do Evangelho, defendendo e promovendo a dignidade humana, a paz e a justi\u00e7a&#8221;.<\/p>\n<p><em>Quem foi Mamerto Esqui\u00fa<\/em><\/p>\n<p>O novo beato nasceu em 11 de maio de 1826 e fez a profiss\u00e3o religiosa como frade menor na Prov\u00edncia franciscana da Assun\u00e7\u00e3o da Virgem do Rio de la Plata em 14 de julho de 1842. Em 18 de outubro de 1848 foi ordenado sacerdote e, a partir de 1850, passou a lecionar no semin\u00e1rio de Catamarca, exercendo tamb\u00e9m a fun\u00e7\u00e3o de pai espiritual.<br \/>\nEstimado pela sua piedade e integridade moral, entre 1855 e 1862 exerceu os cargos de deputado e membro do Conselho Deliberativo de Catamarca. Em 1862 mudou-se para a Bol\u00edvia como mission\u00e1rio e, em 1864, foi nomeado professor do semin\u00e1rio de Sucre. O Papa Le\u00e3o XIII o nomeou bispo de C\u00f3rdoba na Argentina. Recebeu a ordena\u00e7\u00e3o episcopal em 12 de dezembro de 1880. Na sua diocese distinguiu-se pela intensa vida de ora\u00e7\u00e3o, ajuda espiritual e material aos pobres, zelo e caridade pastoral, forma\u00e7\u00e3o dos seminaristas, funda\u00e7\u00e3o de irmandades e associa\u00e7\u00f5es de fi\u00e9is, prega\u00e7\u00e3o ao povo e cursos de exerc\u00edcios espirituais. Mamerto Esqui\u00fa morreu em 10 de janeiro de 1883 em Posta del Suncho, Argentina. O decreto sobre suas virtudes heroicas foi promulgado em 16 de dezembro de 2006.<br \/>\nUma vida espiritual intensa e proximidade com as pessoas<\/p>\n<p>Entrevistado pela reda\u00e7\u00e3o de l\u00edngua espanhola do Vaticano News, frei Pablo Reartes, estudioso da vida de frei Mamerto Esqui\u00fa, destaca que o novo beato desempenhou in\u00fameros of\u00edcios e tarefas eclesi\u00e1sticas e civis: foi jornalista, professor, deputado da Prov\u00edncia de Catamarca, legislador e tamb\u00e9m escreveu cinco serm\u00f5es patri\u00f3ticos em diversos momentos dif\u00edceis da hist\u00f3ria da Rep\u00fablica Argentina. Mas o mais importante, diz ele, foi sua vida espiritual, seguindo o exemplo de S\u00e3o Francisco de Assis.<\/p>\n<p>A heran\u00e7a pastoral deste frade franciscano vive ainda hoje no seio da Igreja argentina, que o recorda como um bispo pr\u00f3ximo ao povo por quem era muito amado e que continua a ser dedicado a ele. \u201cEstamos felizes por termos chegado a esta fase de beatifica\u00e7\u00e3o &#8211; conclui frei Pablo Reartes &#8211; porque a vivemos como uma gra\u00e7a, um dom e \u00e9 um privil\u00e9gio estar aqui presentes e ser testemunhas da obra de Deus no nosso querido irm\u00e3o\u201d.<\/p>\n<hr \/>\n<p><em>Fonte: Vatican News (texto de Adriana Masotti)<\/em><\/p>\n","protected":false},"excerpt":{"rendered":"<p>Ordem dos Frades Menores<\/p>\n","protected":false},"author":3,"featured_media":234226,"comment_status":"open","ping_status":"open","sticky":false,"template":"","format":"standard","meta":[],"categories":[1],"tags":[397],"acf":[],"yoast_head":"<!-- This site is optimized with the Yoast SEO plugin v19.2 - https:\/\/yoast.com\/wordpress\/plugins\/seo\/ -->\n<title>Beatificado Frei Mamerto Esqui\u00fa, franciscano e bispo argentino - Not\u00edcias - Franciscanos<\/title>\n<meta name=\"robots\" content=\"index, follow, max-snippet:-1, max-image-preview:large, max-video-preview:-1\" \/>\n<link rel=\"canonical\" href=\"https:\/\/franciscanos.org.br\/noticias\/beatificado-frei-mamerto-esquiu-franciscano-e-bispo-argentino.html\" \/>\n<meta property=\"og:locale\" content=\"pt_BR\" \/>\n<meta property=\"og:type\" content=\"article\" \/>\n<meta property=\"og:title\" content=\"Beatificado Frei Mamerto Esqui\u00fa, franciscano e bispo argentino - Not\u00edcias - Franciscanos\" \/>\n<meta property=\"og:description\" content=\"Ordem dos Frades Menores\" \/>\n<meta property=\"og:url\" content=\"https:\/\/franciscanos.org.br\/noticias\/beatificado-frei-mamerto-esquiu-franciscano-e-bispo-argentino.html\" \/>\n<meta property=\"og:site_name\" content=\"Not\u00edcias - Franciscanos\" \/>\n<meta property=\"article:published_time\" content=\"2021-09-05T09:22:12+00:00\" \/>\n<meta property=\"og:image\" content=\"https:\/\/franciscanos.org.br\/noticias\/wp-content\/uploads\/2021\/09\/beato_050910.jpg\" \/>\n\t<meta property=\"og:image:width\" content=\"1280\" \/>\n\t<meta property=\"og:image:height\" content=\"720\" \/>\n\t<meta property=\"og:image:type\" content=\"image\/jpeg\" \/>\n<meta name=\"author\" content=\"moacir\" \/>\n<meta name=\"twitter:card\" content=\"summary_large_image\" \/>\n<meta name=\"twitter:label1\" content=\"Escrito por\" \/>\n\t<meta name=\"twitter:data1\" content=\"moacir\" \/>\n\t<meta name=\"twitter:label2\" content=\"Est. tempo de leitura\" \/>\n\t<meta name=\"twitter:data2\" content=\"4 minutos\" \/>\n<script type=\"application\/ld+json\" class=\"yoast-schema-graph\">{\"@context\":\"https:\/\/schema.org\",\"@graph\":[{\"@type\":\"WebSite\",\"@id\":\"https:\/\/franciscanos.org.br\/noticias\/#website\",\"url\":\"https:\/\/franciscanos.org.br\/noticias\/\",\"name\":\"Not\u00edcias - Franciscanos\",\"description\":\"Prov\u00edncia Franciscana da Imaculada Concei\u00e7\u00e3o do Brasil - Ordem dos Frades Menores - OFM\",\"potentialAction\":[{\"@type\":\"SearchAction\",\"target\":{\"@type\":\"EntryPoint\",\"urlTemplate\":\"https:\/\/franciscanos.org.br\/noticias\/?s={search_term_string}\"},\"query-input\":\"required name=search_term_string\"}],\"inLanguage\":\"pt-BR\"},{\"@type\":\"ImageObject\",\"inLanguage\":\"pt-BR\",\"@id\":\"https:\/\/franciscanos.org.br\/noticias\/beatificado-frei-mamerto-esquiu-franciscano-e-bispo-argentino.html#primaryimage\",\"url\":\"https:\/\/franciscanos.org.br\/noticias\/wp-content\/uploads\/2021\/09\/beato_050910.jpg\",\"contentUrl\":\"https:\/\/franciscanos.org.br\/noticias\/wp-content\/uploads\/2021\/09\/beato_050910.jpg\",\"width\":1280,\"height\":720},{\"@type\":\"WebPage\",\"@id\":\"https:\/\/franciscanos.org.br\/noticias\/beatificado-frei-mamerto-esquiu-franciscano-e-bispo-argentino.html#webpage\",\"url\":\"https:\/\/franciscanos.org.br\/noticias\/beatificado-frei-mamerto-esquiu-franciscano-e-bispo-argentino.html\",\"name\":\"Beatificado Frei Mamerto Esqui\u00fa, franciscano e bispo argentino - Not\u00edcias - Franciscanos\",\"isPartOf\":{\"@id\":\"https:\/\/franciscanos.org.br\/noticias\/#website\"},\"primaryImageOfPage\":{\"@id\":\"https:\/\/franciscanos.org.br\/noticias\/beatificado-frei-mamerto-esquiu-franciscano-e-bispo-argentino.html#primaryimage\"},\"datePublished\":\"2021-09-05T09:22:12+00:00\",\"dateModified\":\"2021-09-05T09:22:12+00:00\",\"author\":{\"@id\":\"https:\/\/franciscanos.org.br\/noticias\/#\/schema\/person\/b5c8cba458c330ccff548b056e95a5d4\"},\"breadcrumb\":{\"@id\":\"https:\/\/franciscanos.org.br\/noticias\/beatificado-frei-mamerto-esquiu-franciscano-e-bispo-argentino.html#breadcrumb\"},\"inLanguage\":\"pt-BR\",\"potentialAction\":[{\"@type\":\"ReadAction\",\"target\":[\"https:\/\/franciscanos.org.br\/noticias\/beatificado-frei-mamerto-esquiu-franciscano-e-bispo-argentino.html\"]}]},{\"@type\":\"BreadcrumbList\",\"@id\":\"https:\/\/franciscanos.org.br\/noticias\/beatificado-frei-mamerto-esquiu-franciscano-e-bispo-argentino.html#breadcrumb\",\"itemListElement\":[{\"@type\":\"ListItem\",\"position\":1,\"name\":\"Home\",\"item\":\"https:\/\/franciscanos.org.br\/noticias\"},{\"@type\":\"ListItem\",\"position\":2,\"name\":\"Beatificado Frei Mamerto Esqui\u00fa, franciscano e bispo argentino\"}]},{\"@type\":\"Person\",\"@id\":\"https:\/\/franciscanos.org.br\/noticias\/#\/schema\/person\/b5c8cba458c330ccff548b056e95a5d4\",\"name\":\"moacir\",\"image\":{\"@type\":\"ImageObject\",\"inLanguage\":\"pt-BR\",\"@id\":\"https:\/\/franciscanos.org.br\/noticias\/#\/schema\/person\/image\/\",\"url\":\"https:\/\/secure.gravatar.com\/avatar\/d08aa2ce4c8dd416d4479aa8536fcf64?s=96&d=mm&r=g\",\"contentUrl\":\"https:\/\/secure.gravatar.com\/avatar\/d08aa2ce4c8dd416d4479aa8536fcf64?s=96&d=mm&r=g\",\"caption\":\"moacir\"},\"url\":\"https:\/\/franciscanos.org.br\/noticias\/author\/moacir\"}]}<\/script>\n<!-- \/ Yoast SEO plugin. -->","yoast_head_json":{"title":"Beatificado Frei Mamerto Esqui\u00fa, franciscano e bispo argentino - Not\u00edcias - Franciscanos","robots":{"index":"index","follow":"follow","max-snippet":"max-snippet:-1","max-image-preview":"max-image-preview:large","max-video-preview":"max-video-preview:-1"},"canonical":"https:\/\/franciscanos.org.br\/noticias\/beatificado-frei-mamerto-esquiu-franciscano-e-bispo-argentino.html","og_locale":"pt_BR","og_type":"article","og_title":"Beatificado Frei Mamerto Esqui\u00fa, franciscano e bispo argentino - Not\u00edcias - Franciscanos","og_description":"Ordem dos Frades Menores","og_url":"https:\/\/franciscanos.org.br\/noticias\/beatificado-frei-mamerto-esquiu-franciscano-e-bispo-argentino.html","og_site_name":"Not\u00edcias - Franciscanos","article_published_time":"2021-09-05T09:22:12+00:00","og_image":[{"width":1280,"height":720,"url":"https:\/\/franciscanos.org.br\/noticias\/wp-content\/uploads\/2021\/09\/beato_050910.jpg","type":"image\/jpeg"}],"author":"moacir","twitter_card":"summary_large_image","twitter_misc":{"Escrito por":"moacir","Est. tempo de leitura":"4 minutos"},"schema":{"@context":"https:\/\/schema.org","@graph":[{"@type":"WebSite","@id":"https:\/\/franciscanos.org.br\/noticias\/#website","url":"https:\/\/franciscanos.org.br\/noticias\/","name":"Not\u00edcias - Franciscanos","description":"Prov\u00edncia Franciscana da Imaculada Concei\u00e7\u00e3o do Brasil - Ordem dos Frades Menores - OFM","potentialAction":[{"@type":"SearchAction","target":{"@type":"EntryPoint","urlTemplate":"https:\/\/franciscanos.org.br\/noticias\/?s={search_term_string}"},"query-input":"required name=search_term_string"}],"inLanguage":"pt-BR"},{"@type":"ImageObject","inLanguage":"pt-BR","@id":"https:\/\/franciscanos.org.br\/noticias\/beatificado-frei-mamerto-esquiu-franciscano-e-bispo-argentino.html#primaryimage","url":"https:\/\/franciscanos.org.br\/noticias\/wp-content\/uploads\/2021\/09\/beato_050910.jpg","contentUrl":"https:\/\/franciscanos.org.br\/noticias\/wp-content\/uploads\/2021\/09\/beato_050910.jpg","width":1280,"height":720},{"@type":"WebPage","@id":"https:\/\/franciscanos.org.br\/noticias\/beatificado-frei-mamerto-esquiu-franciscano-e-bispo-argentino.html#webpage","url":"https:\/\/franciscanos.org.br\/noticias\/beatificado-frei-mamerto-esquiu-franciscano-e-bispo-argentino.html","name":"Beatificado Frei Mamerto Esqui\u00fa, franciscano e bispo argentino - Not\u00edcias - Franciscanos","isPartOf":{"@id":"https:\/\/franciscanos.org.br\/noticias\/#website"},"primaryImageOfPage":{"@id":"https:\/\/franciscanos.org.br\/noticias\/beatificado-frei-mamerto-esquiu-franciscano-e-bispo-argentino.html#primaryimage"},"datePublished":"2021-09-05T09:22:12+00:00","dateModified":"2021-09-05T09:22:12+00:00","author":{"@id":"https:\/\/franciscanos.org.br\/noticias\/#\/schema\/person\/b5c8cba458c330ccff548b056e95a5d4"},"breadcrumb":{"@id":"https:\/\/franciscanos.org.br\/noticias\/beatificado-frei-mamerto-esquiu-franciscano-e-bispo-argentino.html#breadcrumb"},"inLanguage":"pt-BR","potentialAction":[{"@type":"ReadAction","target":["https:\/\/franciscanos.org.br\/noticias\/beatificado-frei-mamerto-esquiu-franciscano-e-bispo-argentino.html"]}]},{"@type":"BreadcrumbList","@id":"https:\/\/franciscanos.org.br\/noticias\/beatificado-frei-mamerto-esquiu-franciscano-e-bispo-argentino.html#breadcrumb","itemListElement":[{"@type":"ListItem","position":1,"name":"Home","item":"https:\/\/franciscanos.org.br\/noticias"},{"@type":"ListItem","position":2,"name":"Beatificado Frei Mamerto Esqui\u00fa, franciscano e bispo argentino"}]},{"@type":"Person","@id":"https:\/\/franciscanos.org.br\/noticias\/#\/schema\/person\/b5c8cba458c330ccff548b056e95a5d4","name":"moacir","image":{"@type":"ImageObject","inLanguage":"pt-BR","@id":"https:\/\/franciscanos.org.br\/noticias\/#\/schema\/person\/image\/","url":"https:\/\/secure.gravatar.com\/avatar\/d08aa2ce4c8dd416d4479aa8536fcf64?s=96&d=mm&r=g","contentUrl":"https:\/\/secure.gravatar.com\/avatar\/d08aa2ce4c8dd416d4479aa8536fcf64?s=96&d=mm&r=g","caption":"moacir"},"url":"https:\/\/franciscanos.org.br\/noticias\/author\/moacir"}]}},"_links":{"self":[{"href":"https:\/\/franciscanos.org.br\/noticias\/wp-json\/wp\/v2\/posts\/234225"}],"collection":[{"href":"https:\/\/franciscanos.org.br\/noticias\/wp-json\/wp\/v2\/posts"}],"about":[{"href":"https:\/\/franciscanos.org.br\/noticias\/wp-json\/wp\/v2\/types\/post"}],"author":[{"embeddable":true,"href":"https:\/\/franciscanos.org.br\/noticias\/wp-json\/wp\/v2\/users\/3"}],"replies":[{"embeddable":true,"href":"https:\/\/franciscanos.org.br\/noticias\/wp-json\/wp\/v2\/comments?post=234225"}],"version-history":[{"count":1,"href":"https:\/\/franciscanos.org.br\/noticias\/wp-json\/wp\/v2\/posts\/234225\/revisions"}],"predecessor-version":[{"id":234227,"href":"https:\/\/franciscanos.org.br\/noticias\/wp-json\/wp\/v2\/posts\/234225\/revisions\/234227"}],"wp:featuredmedia":[{"embeddable":true,"href":"https:\/\/franciscanos.org.br\/noticias\/wp-json\/wp\/v2\/media\/234226"}],"wp:attachment":[{"href":"https:\/\/franciscanos.org.br\/noticias\/wp-json\/wp\/v2\/media?parent=234225"}],"wp:term":[{"taxonomy":"category","embeddable":true,"href":"https:\/\/franciscanos.org.br\/noticias\/wp-json\/wp\/v2\/categories?post=234225"},{"taxonomy":"post_tag","embeddable":true,"href":"https:\/\/franciscanos.org.br\/noticias\/wp-json\/wp\/v2\/tags?post=234225"}],"curies":[{"name":"wp","href":"https:\/\/api.w.org\/{rel}","templated":true}]}}