{"id":234199,"date":"2021-09-04T10:23:55","date_gmt":"2021-09-04T13:23:55","guid":{"rendered":"https:\/\/franciscanos.org.br\/noticias\/?p=234199"},"modified":"2022-05-19T09:21:49","modified_gmt":"2022-05-19T12:21:49","slug":"manter-vivo-um-dialogo-com-deus-frades-do-tempo-da-teologia-recebem-o-ministerio-do-leitorado","status":"publish","type":"post","link":"https:\/\/franciscanos.org.br\/noticias\/manter-vivo-um-dialogo-com-deus-frades-do-tempo-da-teologia-recebem-o-ministerio-do-leitorado.html","title":{"rendered":"&#8220;Manter vivo o di\u00e1logo com Deus&#8221;: Frades do tempo da Teologia recebem o Leitorado"},"content":{"rendered":"<p><img loading=\"lazy\" class=\"alignnone size-full wp-image-234200\" src=\"https:\/\/franciscanos.org.br\/noticias\/wp-content\/uploads\/2021\/09\/leitorado_01_1.jpg\" alt=\"\" width=\"1280\" height=\"720\" srcset=\"https:\/\/franciscanos.org.br\/noticias\/wp-content\/uploads\/2021\/09\/leitorado_01_1.jpg 1280w, https:\/\/franciscanos.org.br\/noticias\/wp-content\/uploads\/2021\/09\/leitorado_01_1-450x253.jpg 450w, https:\/\/franciscanos.org.br\/noticias\/wp-content\/uploads\/2021\/09\/leitorado_01_1-1024x576.jpg 1024w, https:\/\/franciscanos.org.br\/noticias\/wp-content\/uploads\/2021\/09\/leitorado_01_1-768x432.jpg 768w, https:\/\/franciscanos.org.br\/noticias\/wp-content\/uploads\/2021\/09\/leitorado_01_1-150x84.jpg 150w\" sizes=\"(max-width: 1280px) 100vw, 1280px\" \/><\/p>\n<p><strong>Petr\u00f3polis (RJ)<\/strong> \u2013 &#8220;\u00c9 necess\u00e1rio manter vivo o di\u00e1logo com Deus para exercer bem esse minist\u00e9rio&#8221;, exortou o guardi\u00e3o da Fraternidade do Sagrado Cora\u00e7\u00e3o de Jesus,\u00a0 Frei Jorge Paulo Schiavini, ao acolher sete frades do tempo da Teologia ao Minist\u00e9rio de Leitor: Frei Andr\u00e9 dos Santos Sungo Mingas, Frei Andrei N. dos Anjos, Frei Danilo Santos Oliveira, Frei F\u00e1bio Melo Vasconcelos, Frei Felipe Medeiros Carreta, Frei Jos\u00e9 Jo\u00e3o Ganga e Frei Miguel Tchiteculo Tchindjombo Filipe foram institu\u00eddos leitores neste s\u00e1bado (04\/9), na Igreja Sagrado Cora\u00e7\u00e3o de Jesus, em Petr\u00f3polis (RJ).<\/p>\n<p>Frei Jorge recebeu a miss\u00e3o do Ministro Provincial, Frei Fid\u00eancio Vanboemmel, e de Frei Edilson Rocha da Silva, da Cust\u00f3dia S\u00e3o Benedito da Amaz\u00f4nia, de presidir esta celebra\u00e7\u00e3o como seu delegado. Este momento lit\u00fargico aconteceu durante a Ora\u00e7\u00e3o da Manh\u00e3 (<em>Laudes<\/em>) da Fraternidade do Sagrado. Os frades e um pequeno n\u00famero de fi\u00e9is participaram deste momento. O povo p\u00f4de acompanhar pela p\u00e1gina do YouTube da Par\u00f3quia.<\/p>\n<p><img loading=\"lazy\" class=\"alignnone size-full wp-image-234201\" src=\"https:\/\/franciscanos.org.br\/noticias\/wp-content\/uploads\/2021\/09\/leitorado_02.jpg\" alt=\"\" width=\"1280\" height=\"853\" srcset=\"https:\/\/franciscanos.org.br\/noticias\/wp-content\/uploads\/2021\/09\/leitorado_02.jpg 1280w, https:\/\/franciscanos.org.br\/noticias\/wp-content\/uploads\/2021\/09\/leitorado_02-450x300.jpg 450w, https:\/\/franciscanos.org.br\/noticias\/wp-content\/uploads\/2021\/09\/leitorado_02-1024x682.jpg 1024w, https:\/\/franciscanos.org.br\/noticias\/wp-content\/uploads\/2021\/09\/leitorado_02-768x512.jpg 768w, https:\/\/franciscanos.org.br\/noticias\/wp-content\/uploads\/2021\/09\/leitorado_02-150x100.jpg 150w\" sizes=\"(max-width: 1280px) 100vw, 1280px\" \/><\/p>\n<p>O rito de institui\u00e7\u00e3o dos leitores teve in\u00edcio com a chamada feita pelo mestre Frei Marcos Ant\u00f4nio de Andrade ap\u00f3s a leitura b\u00edblica da Ora\u00e7\u00e3o.<\/p>\n<p>Os sete frades candidatos ao servi\u00e7o de Leitor se colocaram no presbit\u00e9rio e Frei Jorge rogou a Deus que derramasse a gra\u00e7a da sua b\u00ean\u00e7\u00e3o sobre estes seus servos, escolhidos para o minist\u00e9rio dos Leitores. \u201cConcedei que meditando assiduamente a vossa Palavra, sejam nela instru\u00eddos e fielmente a anunciem aos seus irm\u00e3os\u201d, pediu.<\/p>\n<p>Cada frade recebeu a Palavra de Deus com a recomenda\u00e7\u00e3o de anunciar fielmente a Palavra de Deus, para que ela frutifique cada vez mais viva no cora\u00e7\u00e3o dos homens. Com essa celebra\u00e7\u00e3o, os sete frades tornaram-se leitores institu\u00eddos para proclamar e anunciar a Palavra de Deus junto \u00e0s comunidades.<\/p>\n<p style=\"text-align: center;\"><strong>ENTREGA DO LIVRO DA SAGRADA ESCRITURA<\/strong><\/p>\n\n\t\t<style type=\"text\/css\">\n\t\t\t#gallery-1 {\n\t\t\t\tmargin: auto;\n\t\t\t}\n\t\t\t#gallery-1 .gallery-item {\n\t\t\t\tfloat: left;\n\t\t\t\tmargin-top: 10px;\n\t\t\t\ttext-align: center;\n\t\t\t\twidth: 25%;\n\t\t\t}\n\t\t\t#gallery-1 img {\n\t\t\t\tborder: 2px solid #cfcfcf;\n\t\t\t}\n\t\t\t#gallery-1 .gallery-caption {\n\t\t\t\tmargin-left: 0;\n\t\t\t}\n\t\t\t\/* see gallery_shortcode() in wp-includes\/media.php *\/\n\t\t<\/style>\n\t\t<div id='gallery-1' class='gallery galleryid-234199 gallery-columns-4 gallery-size-thumbnail'><dl class='gallery-item'>\n\t\t\t<dt class='gallery-icon landscape'>\n\t\t\t\t<a href='https:\/\/franciscanos.org.br\/noticias\/wp-content\/uploads\/2021\/09\/leitor_01.jpg'><img width=\"300\" height=\"300\" src=\"https:\/\/franciscanos.org.br\/noticias\/wp-content\/uploads\/2021\/09\/leitor_01-300x300.jpg\" class=\"attachment-thumbnail size-thumbnail\" alt=\"\" loading=\"lazy\" srcset=\"https:\/\/franciscanos.org.br\/noticias\/wp-content\/uploads\/2021\/09\/leitor_01-300x300.jpg 300w, https:\/\/franciscanos.org.br\/noticias\/wp-content\/uploads\/2021\/09\/leitor_01-100x100.jpg 100w\" sizes=\"(max-width: 300px) 100vw, 300px\" \/><\/a>\n\t\t\t<\/dt><\/dl><dl class='gallery-item'>\n\t\t\t<dt class='gallery-icon landscape'>\n\t\t\t\t<a href='https:\/\/franciscanos.org.br\/noticias\/wp-content\/uploads\/2021\/09\/leitor_02.jpg'><img width=\"300\" height=\"300\" src=\"https:\/\/franciscanos.org.br\/noticias\/wp-content\/uploads\/2021\/09\/leitor_02-300x300.jpg\" class=\"attachment-thumbnail size-thumbnail\" alt=\"\" loading=\"lazy\" srcset=\"https:\/\/franciscanos.org.br\/noticias\/wp-content\/uploads\/2021\/09\/leitor_02-300x300.jpg 300w, https:\/\/franciscanos.org.br\/noticias\/wp-content\/uploads\/2021\/09\/leitor_02-100x100.jpg 100w\" sizes=\"(max-width: 300px) 100vw, 300px\" \/><\/a>\n\t\t\t<\/dt><\/dl><dl class='gallery-item'>\n\t\t\t<dt class='gallery-icon landscape'>\n\t\t\t\t<a href='https:\/\/franciscanos.org.br\/noticias\/wp-content\/uploads\/2021\/09\/leitor_03.jpg'><img width=\"300\" height=\"300\" src=\"https:\/\/franciscanos.org.br\/noticias\/wp-content\/uploads\/2021\/09\/leitor_03-300x300.jpg\" class=\"attachment-thumbnail size-thumbnail\" alt=\"\" loading=\"lazy\" srcset=\"https:\/\/franciscanos.org.br\/noticias\/wp-content\/uploads\/2021\/09\/leitor_03-300x300.jpg 300w, https:\/\/franciscanos.org.br\/noticias\/wp-content\/uploads\/2021\/09\/leitor_03-100x100.jpg 100w\" sizes=\"(max-width: 300px) 100vw, 300px\" \/><\/a>\n\t\t\t<\/dt><\/dl><dl class='gallery-item'>\n\t\t\t<dt class='gallery-icon landscape'>\n\t\t\t\t<a href='https:\/\/franciscanos.org.br\/noticias\/wp-content\/uploads\/2021\/09\/leitor_04.jpg'><img width=\"300\" height=\"300\" src=\"https:\/\/franciscanos.org.br\/noticias\/wp-content\/uploads\/2021\/09\/leitor_04-300x300.jpg\" class=\"attachment-thumbnail size-thumbnail\" alt=\"\" loading=\"lazy\" srcset=\"https:\/\/franciscanos.org.br\/noticias\/wp-content\/uploads\/2021\/09\/leitor_04-300x300.jpg 300w, https:\/\/franciscanos.org.br\/noticias\/wp-content\/uploads\/2021\/09\/leitor_04-100x100.jpg 100w\" sizes=\"(max-width: 300px) 100vw, 300px\" \/><\/a>\n\t\t\t<\/dt><\/dl><br style=\"clear: both\" \/><dl class='gallery-item'>\n\t\t\t<dt class='gallery-icon landscape'>\n\t\t\t\t<a href='https:\/\/franciscanos.org.br\/noticias\/wp-content\/uploads\/2021\/09\/leitor_05.jpg'><img width=\"300\" height=\"300\" src=\"https:\/\/franciscanos.org.br\/noticias\/wp-content\/uploads\/2021\/09\/leitor_05-300x300.jpg\" class=\"attachment-thumbnail size-thumbnail\" alt=\"\" loading=\"lazy\" srcset=\"https:\/\/franciscanos.org.br\/noticias\/wp-content\/uploads\/2021\/09\/leitor_05-300x300.jpg 300w, https:\/\/franciscanos.org.br\/noticias\/wp-content\/uploads\/2021\/09\/leitor_05-100x100.jpg 100w\" sizes=\"(max-width: 300px) 100vw, 300px\" \/><\/a>\n\t\t\t<\/dt><\/dl><dl class='gallery-item'>\n\t\t\t<dt class='gallery-icon landscape'>\n\t\t\t\t<a href='https:\/\/franciscanos.org.br\/noticias\/wp-content\/uploads\/2021\/09\/leitor_06.jpg'><img width=\"300\" height=\"300\" src=\"https:\/\/franciscanos.org.br\/noticias\/wp-content\/uploads\/2021\/09\/leitor_06-300x300.jpg\" class=\"attachment-thumbnail size-thumbnail\" alt=\"\" loading=\"lazy\" srcset=\"https:\/\/franciscanos.org.br\/noticias\/wp-content\/uploads\/2021\/09\/leitor_06-300x300.jpg 300w, https:\/\/franciscanos.org.br\/noticias\/wp-content\/uploads\/2021\/09\/leitor_06-100x100.jpg 100w\" sizes=\"(max-width: 300px) 100vw, 300px\" \/><\/a>\n\t\t\t<\/dt><\/dl><dl class='gallery-item'>\n\t\t\t<dt class='gallery-icon landscape'>\n\t\t\t\t<a href='https:\/\/franciscanos.org.br\/noticias\/wp-content\/uploads\/2021\/09\/leitor_07.jpg'><img width=\"300\" height=\"300\" src=\"https:\/\/franciscanos.org.br\/noticias\/wp-content\/uploads\/2021\/09\/leitor_07-300x300.jpg\" class=\"attachment-thumbnail size-thumbnail\" alt=\"\" loading=\"lazy\" srcset=\"https:\/\/franciscanos.org.br\/noticias\/wp-content\/uploads\/2021\/09\/leitor_07-300x300.jpg 300w, https:\/\/franciscanos.org.br\/noticias\/wp-content\/uploads\/2021\/09\/leitor_07-100x100.jpg 100w\" sizes=\"(max-width: 300px) 100vw, 300px\" \/><\/a>\n\t\t\t<\/dt><\/dl>\n\t\t\t<br style='clear: both' \/>\n\t\t<\/div>\n\n<p>&#8220;N\u00f3s celebramos em comunh\u00e3o com o Ministro Provincial, com a nossa Prov\u00edncia, com a Cust\u00f3dia da Amaz\u00f4nia e em comunh\u00e3o com toda a Igreja, que institui ministros para dar continuidade \u00e0 miss\u00e3o de Jesus&#8221;, disse o delegado do Ministro Provincial.<\/p>\n<p>Frei Jorge, comentando a exorta\u00e7\u00e3o do rito, destacou que o an\u00fancio do Evangelho nos vem como mandato do pr\u00f3prio Cristo para sermos continuadores da sua miss\u00e3o como Igreja. &#8220;Trata-se de um servi\u00e7o que se fundamenta na Palavra de Deus&#8221;, disse o celebrante. &#8220;\u00c9 necess\u00e1rio manter vivo um di\u00e1logo com Deus para exercer bem esse minist\u00e9rio, esse di\u00e1logo com Deus por meio de sua Palavra e tamb\u00e9m por meio da escuta atenta daquilo que Deus vai falando na vida e na hist\u00f3ria do povo de Deus&#8221;, acrescentou Frei Jorge.<\/p>\n<p>Ele exemplificou que essa escuta se d\u00e1 tamb\u00e9m no empenho dos estudos de Teologia e que n\u00e3o deve haver espa\u00e7o para improvisa\u00e7\u00e3o. &#8220;Por mais simples que seja uma celebra\u00e7\u00e3o, \u00e9 necess\u00e1rio se preparar bem&#8221;, exortou, lembrando que o cultivo da espiritualidade e da ora\u00e7\u00e3o faz parte da escuta. &#8220;Quando falamos em escutar o povo de Deus, n\u00f3s, como franciscanos, temos a fraternidade tamb\u00e9m. Deus nos fala pelos irm\u00e3os, pelos confrades, pelo povo e por toda a cria\u00e7\u00e3o&#8221;, observou, advertindo que nem sempre pode se estar diante de um irm\u00e3o am\u00e1vel e bondoso, mas Deus fala atrav\u00e9s de todos os irm\u00e3os, em todos os momentos, at\u00e9 &#8220;mesmo na perfeita alegria&#8221;, disse ao se referir ao epis\u00f3dio em que S\u00e3o Francisco diz: acima de todas as gra\u00e7as e de todos os dons do Esp\u00edrito Santo, os quais Cristo concede aos amigos, est\u00e1 o de vencer-se a si mesmo, e, voluntariamente, pelo amor, suportar trabalhos, inj\u00farias, opr\u00f3brios e desprezos.<\/p>\n<p><img loading=\"lazy\" class=\"alignnone size-full wp-image-234210\" src=\"https:\/\/franciscanos.org.br\/noticias\/wp-content\/uploads\/2021\/09\/leitorado_03.jpg\" alt=\"\" width=\"1280\" height=\"707\" srcset=\"https:\/\/franciscanos.org.br\/noticias\/wp-content\/uploads\/2021\/09\/leitorado_03.jpg 1280w, https:\/\/franciscanos.org.br\/noticias\/wp-content\/uploads\/2021\/09\/leitorado_03-450x249.jpg 450w, https:\/\/franciscanos.org.br\/noticias\/wp-content\/uploads\/2021\/09\/leitorado_03-1024x566.jpg 1024w, https:\/\/franciscanos.org.br\/noticias\/wp-content\/uploads\/2021\/09\/leitorado_03-768x424.jpg 768w, https:\/\/franciscanos.org.br\/noticias\/wp-content\/uploads\/2021\/09\/leitorado_03-150x83.jpg 150w\" sizes=\"(max-width: 1280px) 100vw, 1280px\" \/><\/p>\n<p>Referindo-se \u00e0 Carta de S\u00e3o Paulo a Tim\u00f3teo (2 TM 4, 1-5), lida durante a Ora\u00e7\u00e3o, Frei Jorge ressaltou: proclame a Palavra, insista no tempo oportuno e inoportuno, advertindo, reprovando e aconselhando com toda paci\u00eancia e doutrina. &#8220;Ent\u00e3o, a Palavra de Deus tem uma din\u00e2mica pr\u00f3pria e, anunciada, ela vai fazer o seu caminho como ouvimos em v\u00e1rias leituras do Evangelho. Ela vai frutificar como a semente da par\u00e1bola&#8221;, disse.<\/p>\n<p>&#8220;Que voc\u00eas possam exercer o minist\u00e9rio que hoje recebem com esse esp\u00edrito de servi\u00e7o, n\u00e3o com o esp\u00edrito de autoritarismo. Com um esp\u00edrito crist\u00e3o do lava-p\u00e9s, do cuidado, do amor, com certeza vai fazer brotar todas essas atitudes e a\u00e7\u00f5es que a Palavra de Deus nos pede&#8221;, concluiu.<\/p>\n<p>No dia 19 de outubro, tr\u00eas frades (Augusto Luiz Gabriel, Honorato Gabriel e David Belineli) do 3\u00ba Ano do Tempo da Teologia ser\u00e3o institu\u00eddos ac\u00f3litos durante a Celebra\u00e7\u00e3o Eucar\u00edstica das 18 horas, que ser\u00e1 presidida pelo Ministro Provincial, Frei Fid\u00eancio Vanboemmel.<\/p>\n<p><img loading=\"lazy\" class=\"alignnone size-full wp-image-234209\" src=\"https:\/\/franciscanos.org.br\/noticias\/wp-content\/uploads\/2021\/09\/leitorado_04.jpg\" alt=\"\" width=\"1280\" height=\"979\" srcset=\"https:\/\/franciscanos.org.br\/noticias\/wp-content\/uploads\/2021\/09\/leitorado_04.jpg 1280w, https:\/\/franciscanos.org.br\/noticias\/wp-content\/uploads\/2021\/09\/leitorado_04-450x344.jpg 450w, https:\/\/franciscanos.org.br\/noticias\/wp-content\/uploads\/2021\/09\/leitorado_04-1024x783.jpg 1024w, https:\/\/franciscanos.org.br\/noticias\/wp-content\/uploads\/2021\/09\/leitorado_04-768x587.jpg 768w, https:\/\/franciscanos.org.br\/noticias\/wp-content\/uploads\/2021\/09\/leitorado_04-150x115.jpg 150w\" sizes=\"(max-width: 1280px) 100vw, 1280px\" \/><\/p>\n<p>Da esq. para a direita: <strong>Frei Jos\u00e9 Ganga, Frei Jorge e Frei Marcos; <\/strong>no centro:<strong> Frei Miguel e Frei Andrei (Cust\u00f3dia); <\/strong>e abaixo<strong>: Frei F\u00e1bio (Cust\u00f3dia), Frei Andr\u00e9, Frei Danilo e Frei Felipe.\u00a0<\/strong><\/p>\n<h3><strong>CONHE\u00c7A OS SETE FRADES LEITORES<\/strong><\/h3>\n<p><strong>Frei Andr\u00e9 dos Santos Sungo Mingas, OFM <\/strong><\/p>\n<p>Natural de Cabinda (Angola), nasceu no dia 02 de janeiro de 1986. Vestiu o h\u00e1bito franciscano no dia 15 de janeiro de 2015 e fez sua primeira profiss\u00e3o no dia 05 de janeiro de 2016 em Rodeio (SC). Atualmente, Frei Andr\u00e9 cursa o 2\u00ba ano de Teologia no Instituto Teol\u00f3gico Franciscano.<\/p>\n<p><strong>\u00a0<\/strong><strong>Frei Andrei N. dos Anjos, OFM<\/strong><\/p>\n<p>Natural de Murumuru, Monte Alegre (PA), nasceu no dia 23 de julho de 1993. Vestiu o h\u00e1bito franciscano no dia 20 de mar\u00e7o de 2015 e fez sua primeira profiss\u00e3o no dia 15 de novembro de 2015 em Montes Claros (MG). Atualmente, Frei Andrei cursa o 2\u00ba ano de Teologia no Instituto Teol\u00f3gico Franciscano. \u00c9 frade da Cust\u00f3dia S\u00e3o Benedito da Amaz\u00f4nia.<\/p>\n<p><strong>\u00a0<\/strong><strong>Frei Danilo Santos Oliveira, OFM<\/strong><\/p>\n<p>Natural de Itapeva (SP), nasceu no dia 10 de julho de 1989. Vestiu o h\u00e1bito franciscano no dia 15 de janeiro de 2015 e fez sua primeira profiss\u00e3o no dia 05 de janeiro de 2016 em Rodeio (SC). Atualmente, Frei Danilo cursa o 2\u00ba ano de Teologia no Instituto Teol\u00f3gico Franciscano.<\/p>\n<p><strong>\u00a0<\/strong><strong>Frei F\u00e1bio Melo Vasconcelos, OFM<\/strong><\/p>\n<p>Natural de Santar\u00e9m (PA), nasceu no dia 16 de mar\u00e7o de 1995. Vestiu o h\u00e1bito franciscano no dia 20 de mar\u00e7o de 2015 e fez sua primeira profiss\u00e3o no dia 15 de novembro de 2015 em Montes Claros (MG). Atualmente, Frei F\u00e1bio cursa o 2\u00ba ano de Teologia no Instituto Teol\u00f3gico Franciscano. \u00c9 frade da Cust\u00f3dia S\u00e3o Benedito da Amaz\u00f4nia.<\/p>\n<p><strong>\u00a0<\/strong><strong>Frei Felipe Medeiros Carretta, OFM<\/strong><\/p>\n<p>Natural de Vila Velha (ES), nasceu no dia 02 de julho de 1993. Vestiu o h\u00e1bito franciscano no dia 15 de janeiro de 2015 e fez sua primeira profiss\u00e3o no dia 05 de janeiro de 2016 em Rodeio (SC). Atualmente, Frei Felipe cursa o 2\u00ba ano de Teologia no Instituto Teol\u00f3gico Franciscano.<\/p>\n<p><strong>Frei Jos\u00e9 Jo\u00e3o Ganga, OFM<\/strong><\/p>\n<p>Natural de Caconda (Angola), nasceu no dia 13 de novembro de 1990. Vestiu o h\u00e1bito franciscano no dia 15 de janeiro de 2015 e fez sua primeira profiss\u00e3o no dia 05 de janeiro de 2016 em Rodeio (SC). Atualmente, Frei Jos\u00e9 cursa o 2\u00ba ano de Teologia no Instituto Teol\u00f3gico Franciscano.<\/p>\n<p><strong>Frei Miguel Tchiteculo Tchindjombo Filipe, OFM<\/strong><\/p>\n<p>Natural de Lobito \u2013 Benguela (Angola), nasceu no dia 13 de janeiro de 1990. Vestiu o h\u00e1bito franciscano no dia 15 de janeiro de 2015 e fez sua primeira profiss\u00e3o no dia 05 de janeiro de 2016 em Rodeio (SC). Atualmente, Frei Miguel cursa o 2\u00ba ano de Teologia no Instituto Teol\u00f3gico Franciscano.<\/p>\n<hr \/>\n<p><em>Frei Augusto Luiz Gabriel (fotos) e Moacir Beggo<\/em><\/p>\n","protected":false},"excerpt":{"rendered":"<p>Institui\u00e7\u00e3o do Leitorado em Petr\u00f3polis<\/p>\n","protected":false},"author":3,"featured_media":234211,"comment_status":"open","ping_status":"open","sticky":false,"template":"","format":"standard","meta":[],"categories":[1],"tags":[1900],"acf":[],"yoast_head":"<!-- This site is optimized with the Yoast SEO plugin v19.2 - https:\/\/yoast.com\/wordpress\/plugins\/seo\/ -->\n<title>&quot;Manter vivo o di\u00e1logo com Deus&quot;: Frades do tempo da Teologia recebem o Leitorado - Not\u00edcias - Franciscanos<\/title>\n<meta name=\"robots\" content=\"index, follow, max-snippet:-1, max-image-preview:large, max-video-preview:-1\" \/>\n<link rel=\"canonical\" href=\"https:\/\/franciscanos.org.br\/noticias\/manter-vivo-um-dialogo-com-deus-frades-do-tempo-da-teologia-recebem-o-ministerio-do-leitorado.html\" \/>\n<meta property=\"og:locale\" content=\"pt_BR\" \/>\n<meta property=\"og:type\" content=\"article\" \/>\n<meta property=\"og:title\" content=\"&quot;Manter vivo o di\u00e1logo com Deus&quot;: Frades do tempo da Teologia recebem o Leitorado - Not\u00edcias - Franciscanos\" \/>\n<meta property=\"og:description\" content=\"Institui\u00e7\u00e3o do Leitorado em Petr\u00f3polis\" \/>\n<meta property=\"og:url\" content=\"https:\/\/franciscanos.org.br\/noticias\/manter-vivo-um-dialogo-com-deus-frades-do-tempo-da-teologia-recebem-o-ministerio-do-leitorado.html\" \/>\n<meta property=\"og:site_name\" content=\"Not\u00edcias - Franciscanos\" \/>\n<meta property=\"article:published_time\" content=\"2021-09-04T13:23:55+00:00\" \/>\n<meta property=\"article:modified_time\" content=\"2022-05-19T12:21:49+00:00\" \/>\n<meta property=\"og:image\" content=\"https:\/\/franciscanos.org.br\/noticias\/wp-content\/uploads\/2021\/09\/leitorado_01d.jpg\" \/>\n\t<meta property=\"og:image:width\" content=\"800\" \/>\n\t<meta property=\"og:image:height\" content=\"550\" \/>\n\t<meta property=\"og:image:type\" content=\"image\/jpeg\" \/>\n<meta name=\"author\" content=\"moacir\" \/>\n<meta name=\"twitter:card\" content=\"summary_large_image\" \/>\n<meta name=\"twitter:label1\" content=\"Escrito por\" \/>\n\t<meta name=\"twitter:data1\" content=\"moacir\" \/>\n\t<meta name=\"twitter:label2\" content=\"Est. tempo de leitura\" \/>\n\t<meta name=\"twitter:data2\" content=\"7 minutos\" \/>\n<script type=\"application\/ld+json\" class=\"yoast-schema-graph\">{\"@context\":\"https:\/\/schema.org\",\"@graph\":[{\"@type\":\"WebSite\",\"@id\":\"https:\/\/franciscanos.org.br\/noticias\/#website\",\"url\":\"https:\/\/franciscanos.org.br\/noticias\/\",\"name\":\"Not\u00edcias - Franciscanos\",\"description\":\"Prov\u00edncia Franciscana da Imaculada Concei\u00e7\u00e3o do Brasil - Ordem dos Frades Menores - OFM\",\"potentialAction\":[{\"@type\":\"SearchAction\",\"target\":{\"@type\":\"EntryPoint\",\"urlTemplate\":\"https:\/\/franciscanos.org.br\/noticias\/?s={search_term_string}\"},\"query-input\":\"required name=search_term_string\"}],\"inLanguage\":\"pt-BR\"},{\"@type\":\"ImageObject\",\"inLanguage\":\"pt-BR\",\"@id\":\"https:\/\/franciscanos.org.br\/noticias\/manter-vivo-um-dialogo-com-deus-frades-do-tempo-da-teologia-recebem-o-ministerio-do-leitorado.html#primaryimage\",\"url\":\"https:\/\/franciscanos.org.br\/noticias\/wp-content\/uploads\/2021\/09\/leitorado_01d.jpg\",\"contentUrl\":\"https:\/\/franciscanos.org.br\/noticias\/wp-content\/uploads\/2021\/09\/leitorado_01d.jpg\",\"width\":800,\"height\":550},{\"@type\":\"WebPage\",\"@id\":\"https:\/\/franciscanos.org.br\/noticias\/manter-vivo-um-dialogo-com-deus-frades-do-tempo-da-teologia-recebem-o-ministerio-do-leitorado.html#webpage\",\"url\":\"https:\/\/franciscanos.org.br\/noticias\/manter-vivo-um-dialogo-com-deus-frades-do-tempo-da-teologia-recebem-o-ministerio-do-leitorado.html\",\"name\":\"\\\"Manter vivo o di\u00e1logo com Deus\\\": Frades do tempo da Teologia recebem o Leitorado - Not\u00edcias - Franciscanos\",\"isPartOf\":{\"@id\":\"https:\/\/franciscanos.org.br\/noticias\/#website\"},\"primaryImageOfPage\":{\"@id\":\"https:\/\/franciscanos.org.br\/noticias\/manter-vivo-um-dialogo-com-deus-frades-do-tempo-da-teologia-recebem-o-ministerio-do-leitorado.html#primaryimage\"},\"datePublished\":\"2021-09-04T13:23:55+00:00\",\"dateModified\":\"2022-05-19T12:21:49+00:00\",\"author\":{\"@id\":\"https:\/\/franciscanos.org.br\/noticias\/#\/schema\/person\/b5c8cba458c330ccff548b056e95a5d4\"},\"breadcrumb\":{\"@id\":\"https:\/\/franciscanos.org.br\/noticias\/manter-vivo-um-dialogo-com-deus-frades-do-tempo-da-teologia-recebem-o-ministerio-do-leitorado.html#breadcrumb\"},\"inLanguage\":\"pt-BR\",\"potentialAction\":[{\"@type\":\"ReadAction\",\"target\":[\"https:\/\/franciscanos.org.br\/noticias\/manter-vivo-um-dialogo-com-deus-frades-do-tempo-da-teologia-recebem-o-ministerio-do-leitorado.html\"]}]},{\"@type\":\"BreadcrumbList\",\"@id\":\"https:\/\/franciscanos.org.br\/noticias\/manter-vivo-um-dialogo-com-deus-frades-do-tempo-da-teologia-recebem-o-ministerio-do-leitorado.html#breadcrumb\",\"itemListElement\":[{\"@type\":\"ListItem\",\"position\":1,\"name\":\"Home\",\"item\":\"https:\/\/franciscanos.org.br\/noticias\"},{\"@type\":\"ListItem\",\"position\":2,\"name\":\"&#8220;Manter vivo o di\u00e1logo com Deus&#8221;: Frades do tempo da Teologia recebem o Leitorado\"}]},{\"@type\":\"Person\",\"@id\":\"https:\/\/franciscanos.org.br\/noticias\/#\/schema\/person\/b5c8cba458c330ccff548b056e95a5d4\",\"name\":\"moacir\",\"image\":{\"@type\":\"ImageObject\",\"inLanguage\":\"pt-BR\",\"@id\":\"https:\/\/franciscanos.org.br\/noticias\/#\/schema\/person\/image\/\",\"url\":\"https:\/\/secure.gravatar.com\/avatar\/d08aa2ce4c8dd416d4479aa8536fcf64?s=96&d=mm&r=g\",\"contentUrl\":\"https:\/\/secure.gravatar.com\/avatar\/d08aa2ce4c8dd416d4479aa8536fcf64?s=96&d=mm&r=g\",\"caption\":\"moacir\"},\"url\":\"https:\/\/franciscanos.org.br\/noticias\/author\/moacir\"}]}<\/script>\n<!-- \/ Yoast SEO plugin. -->","yoast_head_json":{"title":"\"Manter vivo o di\u00e1logo com Deus\": Frades do tempo da Teologia recebem o Leitorado - Not\u00edcias - Franciscanos","robots":{"index":"index","follow":"follow","max-snippet":"max-snippet:-1","max-image-preview":"max-image-preview:large","max-video-preview":"max-video-preview:-1"},"canonical":"https:\/\/franciscanos.org.br\/noticias\/manter-vivo-um-dialogo-com-deus-frades-do-tempo-da-teologia-recebem-o-ministerio-do-leitorado.html","og_locale":"pt_BR","og_type":"article","og_title":"\"Manter vivo o di\u00e1logo com Deus\": Frades do tempo da Teologia recebem o Leitorado - Not\u00edcias - Franciscanos","og_description":"Institui\u00e7\u00e3o do Leitorado em Petr\u00f3polis","og_url":"https:\/\/franciscanos.org.br\/noticias\/manter-vivo-um-dialogo-com-deus-frades-do-tempo-da-teologia-recebem-o-ministerio-do-leitorado.html","og_site_name":"Not\u00edcias - Franciscanos","article_published_time":"2021-09-04T13:23:55+00:00","article_modified_time":"2022-05-19T12:21:49+00:00","og_image":[{"width":800,"height":550,"url":"https:\/\/franciscanos.org.br\/noticias\/wp-content\/uploads\/2021\/09\/leitorado_01d.jpg","type":"image\/jpeg"}],"author":"moacir","twitter_card":"summary_large_image","twitter_misc":{"Escrito por":"moacir","Est. tempo de leitura":"7 minutos"},"schema":{"@context":"https:\/\/schema.org","@graph":[{"@type":"WebSite","@id":"https:\/\/franciscanos.org.br\/noticias\/#website","url":"https:\/\/franciscanos.org.br\/noticias\/","name":"Not\u00edcias - Franciscanos","description":"Prov\u00edncia Franciscana da Imaculada Concei\u00e7\u00e3o do Brasil - Ordem dos Frades Menores - OFM","potentialAction":[{"@type":"SearchAction","target":{"@type":"EntryPoint","urlTemplate":"https:\/\/franciscanos.org.br\/noticias\/?s={search_term_string}"},"query-input":"required name=search_term_string"}],"inLanguage":"pt-BR"},{"@type":"ImageObject","inLanguage":"pt-BR","@id":"https:\/\/franciscanos.org.br\/noticias\/manter-vivo-um-dialogo-com-deus-frades-do-tempo-da-teologia-recebem-o-ministerio-do-leitorado.html#primaryimage","url":"https:\/\/franciscanos.org.br\/noticias\/wp-content\/uploads\/2021\/09\/leitorado_01d.jpg","contentUrl":"https:\/\/franciscanos.org.br\/noticias\/wp-content\/uploads\/2021\/09\/leitorado_01d.jpg","width":800,"height":550},{"@type":"WebPage","@id":"https:\/\/franciscanos.org.br\/noticias\/manter-vivo-um-dialogo-com-deus-frades-do-tempo-da-teologia-recebem-o-ministerio-do-leitorado.html#webpage","url":"https:\/\/franciscanos.org.br\/noticias\/manter-vivo-um-dialogo-com-deus-frades-do-tempo-da-teologia-recebem-o-ministerio-do-leitorado.html","name":"\"Manter vivo o di\u00e1logo com Deus\": Frades do tempo da Teologia recebem o Leitorado - Not\u00edcias - Franciscanos","isPartOf":{"@id":"https:\/\/franciscanos.org.br\/noticias\/#website"},"primaryImageOfPage":{"@id":"https:\/\/franciscanos.org.br\/noticias\/manter-vivo-um-dialogo-com-deus-frades-do-tempo-da-teologia-recebem-o-ministerio-do-leitorado.html#primaryimage"},"datePublished":"2021-09-04T13:23:55+00:00","dateModified":"2022-05-19T12:21:49+00:00","author":{"@id":"https:\/\/franciscanos.org.br\/noticias\/#\/schema\/person\/b5c8cba458c330ccff548b056e95a5d4"},"breadcrumb":{"@id":"https:\/\/franciscanos.org.br\/noticias\/manter-vivo-um-dialogo-com-deus-frades-do-tempo-da-teologia-recebem-o-ministerio-do-leitorado.html#breadcrumb"},"inLanguage":"pt-BR","potentialAction":[{"@type":"ReadAction","target":["https:\/\/franciscanos.org.br\/noticias\/manter-vivo-um-dialogo-com-deus-frades-do-tempo-da-teologia-recebem-o-ministerio-do-leitorado.html"]}]},{"@type":"BreadcrumbList","@id":"https:\/\/franciscanos.org.br\/noticias\/manter-vivo-um-dialogo-com-deus-frades-do-tempo-da-teologia-recebem-o-ministerio-do-leitorado.html#breadcrumb","itemListElement":[{"@type":"ListItem","position":1,"name":"Home","item":"https:\/\/franciscanos.org.br\/noticias"},{"@type":"ListItem","position":2,"name":"&#8220;Manter vivo o di\u00e1logo com Deus&#8221;: Frades do tempo da Teologia recebem o Leitorado"}]},{"@type":"Person","@id":"https:\/\/franciscanos.org.br\/noticias\/#\/schema\/person\/b5c8cba458c330ccff548b056e95a5d4","name":"moacir","image":{"@type":"ImageObject","inLanguage":"pt-BR","@id":"https:\/\/franciscanos.org.br\/noticias\/#\/schema\/person\/image\/","url":"https:\/\/secure.gravatar.com\/avatar\/d08aa2ce4c8dd416d4479aa8536fcf64?s=96&d=mm&r=g","contentUrl":"https:\/\/secure.gravatar.com\/avatar\/d08aa2ce4c8dd416d4479aa8536fcf64?s=96&d=mm&r=g","caption":"moacir"},"url":"https:\/\/franciscanos.org.br\/noticias\/author\/moacir"}]}},"_links":{"self":[{"href":"https:\/\/franciscanos.org.br\/noticias\/wp-json\/wp\/v2\/posts\/234199"}],"collection":[{"href":"https:\/\/franciscanos.org.br\/noticias\/wp-json\/wp\/v2\/posts"}],"about":[{"href":"https:\/\/franciscanos.org.br\/noticias\/wp-json\/wp\/v2\/types\/post"}],"author":[{"embeddable":true,"href":"https:\/\/franciscanos.org.br\/noticias\/wp-json\/wp\/v2\/users\/3"}],"replies":[{"embeddable":true,"href":"https:\/\/franciscanos.org.br\/noticias\/wp-json\/wp\/v2\/comments?post=234199"}],"version-history":[{"count":14,"href":"https:\/\/franciscanos.org.br\/noticias\/wp-json\/wp\/v2\/posts\/234199\/revisions"}],"predecessor-version":[{"id":237943,"href":"https:\/\/franciscanos.org.br\/noticias\/wp-json\/wp\/v2\/posts\/234199\/revisions\/237943"}],"wp:featuredmedia":[{"embeddable":true,"href":"https:\/\/franciscanos.org.br\/noticias\/wp-json\/wp\/v2\/media\/234211"}],"wp:attachment":[{"href":"https:\/\/franciscanos.org.br\/noticias\/wp-json\/wp\/v2\/media?parent=234199"}],"wp:term":[{"taxonomy":"category","embeddable":true,"href":"https:\/\/franciscanos.org.br\/noticias\/wp-json\/wp\/v2\/categories?post=234199"},{"taxonomy":"post_tag","embeddable":true,"href":"https:\/\/franciscanos.org.br\/noticias\/wp-json\/wp\/v2\/tags?post=234199"}],"curies":[{"name":"wp","href":"https:\/\/api.w.org\/{rel}","templated":true}]}}