{"id":234194,"date":"2021-09-04T06:10:43","date_gmt":"2021-09-04T09:10:43","guid":{"rendered":"https:\/\/franciscanos.org.br\/noticias\/?p=234194"},"modified":"2021-09-04T06:17:35","modified_gmt":"2021-09-04T09:17:35","slug":"mensagem-do-presidente-da-cnbb-para-o-dia-da-patria-somos-todos-irmaos","status":"publish","type":"post","link":"https:\/\/franciscanos.org.br\/noticias\/mensagem-do-presidente-da-cnbb-para-o-dia-da-patria-somos-todos-irmaos.html","title":{"rendered":"Mensagem do presidente da CNBB para o Dia da P\u00e1tria: somos todos irm\u00e3os!"},"content":{"rendered":"<p><img loading=\"lazy\" class=\"alignnone size-full wp-image-234195\" src=\"https:\/\/franciscanos.org.br\/noticias\/wp-content\/uploads\/2021\/09\/cnbb_0409.jpg\" alt=\"\" width=\"1280\" height=\"720\" srcset=\"https:\/\/franciscanos.org.br\/noticias\/wp-content\/uploads\/2021\/09\/cnbb_0409.jpg 1280w, https:\/\/franciscanos.org.br\/noticias\/wp-content\/uploads\/2021\/09\/cnbb_0409-450x253.jpg 450w, https:\/\/franciscanos.org.br\/noticias\/wp-content\/uploads\/2021\/09\/cnbb_0409-1024x576.jpg 1024w, https:\/\/franciscanos.org.br\/noticias\/wp-content\/uploads\/2021\/09\/cnbb_0409-768x432.jpg 768w, https:\/\/franciscanos.org.br\/noticias\/wp-content\/uploads\/2021\/09\/cnbb_0409-150x84.jpg 150w\" sizes=\"(max-width: 1280px) 100vw, 1280px\" \/><br \/>\n<em>\u201cN\u00e3o se deixe convencer por quem agride os poderes Legislativo e Judici\u00e1rio. A exist\u00eancia de tr\u00eas poderes impede a exist\u00eancia de totalitarismos\u201d, disse. Dom Walmor defende que n\u00e3o \u00e9 poss\u00edvel aceitar, independentemente das convic\u00e7\u00f5es pol\u00edtico-partid\u00e1rias de cada um, agress\u00f5es aos pilares que sustentam a democracia. Agredir, eliminar, hostilizar, ignorar ou excluir, segundo o arcebispo, s\u00e3o verbos que n\u00e3o combinam com um sistema democr\u00e1tico.<\/em><\/p>\n<p>O arcebispo de Belo Horizonte (MG) e presidente da Confer\u00eancia Nacional dos Bispos do Brasil (CNBB), Dom Walmor Oliveira de Azevedo divulgou na sexta-feira, 3 de setembro, um v\u00eddeo por ocasi\u00e3o do pr\u00f3ximo <strong>Dia da P\u00e1tria, 7 de setembro<\/strong>. De acordo com o presidente da CNBB, a data deve inspirar em cada brasileiro o reconhecimento de que todos s\u00e3o irm\u00e3os, inclusive daqueles com quem n\u00e3o se concorda.<\/p>\n<p><iframe loading=\"lazy\" title=\"Mensagem do presidente da CNBB para o Dia da P\u00e1tria\" width=\"500\" height=\"281\" src=\"https:\/\/www.youtube.com\/embed\/wC8C4N-Tb1I?feature=oembed\" frameborder=\"0\" allow=\"accelerometer; autoplay; clipboard-write; encrypted-media; gyroscope; picture-in-picture\" allowfullscreen><\/iframe><\/p>\n<p>Essa verdade, segundo dom Walmor, precisa ser contemplada e ajudar no reconfiguramento da interioridade de cada um frente a um contexto no qual o Brasil est\u00e1 sendo contaminado pela raiva e pela intoler\u00e2ncia. De acordo com o arcebispo de Belo Horizonte, em nome de ideologias muitos dedicam-se \u00e0 ofensas, chegando ao absurdo de defender o armamento da popula\u00e7\u00e3o.<\/p>\n<p>\u201cQuem se diz crist\u00e3o ou crist\u00e3 deve ser agente da Paz e a paz n\u00e3o se constr\u00f3i com armas. Somos todos irm\u00e3os. Esta verdade \u00e9 sublinhada pelo Papa Francisco na Carta Enc\u00edclica <em>Fratelli Tutti<\/em>\u201d, disse.<\/p>\n<p>Os ensinamentos da <em>Fratelli Tutti,<\/em> aponta dom Walmor, devem tamb\u00e9m inspirar cuidados com os que sofrem. \u201cA fome \u00e9 realidade de quase 20 milh\u00f5es de brasileiros. Aquele pai que n\u00e3o tem alimento a oferecer para o pr\u00f3prio filho \u00e9 seu irm\u00e3o. Nosso irm\u00e3o. Do mesmo modo, a crian\u00e7a e a mulher feridas pela mis\u00e9ria s\u00e3o suas irm\u00e3s, nossos irm\u00e3os e irm\u00e3s\u201d.<\/p>\n<p>De acordo com o presidente da CNBB, os cat\u00f3licos e crist\u00e3os n\u00e3o podem ficar indiferentes \u00e0 realidade que mistura desemprego e alta infla\u00e7\u00e3o, num contexto agravado pela pandemia, situa\u00e7\u00e3o que acentua as exclus\u00f5es sociais. A sa\u00edda, de acordo com o arcebispo, est\u00e1 na urg\u00eancia em implementar pol\u00edticas p\u00fablicas para a retomada da economia e a inclus\u00e3o dos mais pobres no mercado de trabalho.<\/p>\n<p><strong>Povos origin\u00e1rios e a Casa Comum<\/strong><\/p>\n<p>O presidente da CNBB afirma que os olhares precisam voltar-se para os povos que est\u00e3o mais sofrendo, como os ind\u00edgenas, povos origin\u00e1rios.<\/p>\n<p>\u201cNossa p\u00e1tria n\u00e3o come\u00e7a com a coloniza\u00e7\u00e3o europeia. Nossas ra\u00edzes est\u00e3o nas matas e florestas, num sinal claro nos ensinando que a nossa rela\u00e7\u00e3o com planeta deve ser pautada pela harmonia. Os povos ind\u00edgenas, historicamente perseguidos e dizimados, enfrentam graves amea\u00e7as do poder econ\u00f4mico extrativista e ganancioso que tudo faz para exaurir nossos recursos naturais\u201d, disse.<\/p>\n<p>Dom Walmor dedica um parte da mensagem ao cuidado da Casa Comum, refor\u00e7ando o alerta dos cientistas brasileiros sobre a gradativa diminui\u00e7\u00e3o nos mananciais de \u00e1gua pot\u00e1vel no Brasil. \u201cA explora\u00e7\u00e3o desmedida e irracional do solo, com a derrubada de florestas, est\u00e1 levando \u00e0 escassez de \u00e1gua em nossas torneiras. N\u00e3o podemos deixar que o Brasil, reconhecimento internacionalmente por ser rico em recursos naturais, seja devastado e torne-se uma terra arrasada\u201d, observou.<\/p>\n<p><strong>Exerc\u00edcio da cidadania e supera\u00e7\u00e3o da crise<\/strong><\/p>\n<p>O presidente da CNBB enalteceu a import\u00e2ncia do dia 7 de Setembro como caminho para contribuir para o exerc\u00edcio qualificado da cidadania. Na mensagem, o arcebispo defende que a participa\u00e7\u00e3o cidad\u00e3 na pol\u00edtica, reivindicando direitos, com liberdade, est\u00e1 diretamente relacionada com o fortalecimento das institui\u00e7\u00f5es que sustentam a democracia.<\/p>\n<p>\u201cN\u00e3o se deixe convencer por quem agride os poderes Legislativo e Judici\u00e1rio. A exist\u00eancia de tr\u00eas poderes impede a exist\u00eancia de totalitarismos\u201d, afirmou. Dom Walmor defende que n\u00e3o \u00e9 poss\u00edvel aceitar, independentemente das convic\u00e7\u00f5es pol\u00edtico-partid\u00e1rias de cada um, agress\u00f5es aos pilares que sustentam a democracia. Agredir, eliminar, hostilizar, ignorar ou excluir, segundo o arcebispo, s\u00e3o verbos que n\u00e3o combinam com um sistema democr\u00e1tico.<\/p>\n<p>Para o pr\u00f3ximo 7 de setembro, dom Walmor faz um pedido aos brasileiros: \u201crespeite a vida e a de seu semelhante. (\u2026) a intoler\u00e2ncia nos distancia da Justi\u00e7a e da Paz e afasta-nos de Deus. Somos todos irm\u00e3os. No dia da P\u00e1tria, 7 de setembro, rezemos para que o Brasil encontre um caminho para superar as suas crises. Rezemos tamb\u00e9m pelas v\u00edtimas da Covid-19&#8243;.<\/p>\n<p>Dom Walmor encerra o v\u00eddeo recordando o trecho de uma mensagem do Papa Francisco: \u201cO bem n\u00e3o \u00e9 conquista mas uma constru\u00e7\u00e3o permanente, demandando a nossa dedica\u00e7\u00e3o a cada dia\u201d.<\/p>\n<hr \/>\n<p><em>*CNBB &#8211; Confer\u00eancia Nacional dos Bispos do Brasil<\/em><\/p>\n","protected":false},"excerpt":{"rendered":"<p>CNBB<\/p>\n","protected":false},"author":3,"featured_media":234196,"comment_status":"open","ping_status":"open","sticky":false,"template":"","format":"standard","meta":[],"categories":[1],"tags":[1796],"acf":[],"yoast_head":"<!-- This site is optimized with the Yoast SEO plugin v19.2 - https:\/\/yoast.com\/wordpress\/plugins\/seo\/ -->\n<title>Mensagem do presidente da CNBB para o Dia da P\u00e1tria: somos todos irm\u00e3os! - Not\u00edcias - Franciscanos<\/title>\n<meta name=\"robots\" content=\"index, follow, max-snippet:-1, max-image-preview:large, max-video-preview:-1\" \/>\n<link rel=\"canonical\" href=\"https:\/\/franciscanos.org.br\/noticias\/mensagem-do-presidente-da-cnbb-para-o-dia-da-patria-somos-todos-irmaos.html\" \/>\n<meta property=\"og:locale\" content=\"pt_BR\" \/>\n<meta property=\"og:type\" content=\"article\" \/>\n<meta property=\"og:title\" content=\"Mensagem do presidente da CNBB para o Dia da P\u00e1tria: somos todos irm\u00e3os! - Not\u00edcias - Franciscanos\" \/>\n<meta property=\"og:description\" content=\"CNBB\" \/>\n<meta property=\"og:url\" content=\"https:\/\/franciscanos.org.br\/noticias\/mensagem-do-presidente-da-cnbb-para-o-dia-da-patria-somos-todos-irmaos.html\" \/>\n<meta property=\"og:site_name\" content=\"Not\u00edcias - Franciscanos\" \/>\n<meta property=\"article:published_time\" content=\"2021-09-04T09:10:43+00:00\" \/>\n<meta property=\"article:modified_time\" content=\"2021-09-04T09:17:35+00:00\" \/>\n<meta property=\"og:image\" content=\"https:\/\/franciscanos.org.br\/noticias\/wp-content\/uploads\/2021\/09\/cnbb_0409d.jpg\" \/>\n\t<meta property=\"og:image:width\" content=\"800\" \/>\n\t<meta property=\"og:image:height\" content=\"550\" \/>\n\t<meta property=\"og:image:type\" content=\"image\/jpeg\" \/>\n<meta name=\"author\" content=\"moacir\" \/>\n<meta name=\"twitter:card\" content=\"summary_large_image\" \/>\n<meta name=\"twitter:label1\" content=\"Escrito por\" \/>\n\t<meta name=\"twitter:data1\" content=\"moacir\" \/>\n\t<meta name=\"twitter:label2\" content=\"Est. tempo de leitura\" \/>\n\t<meta name=\"twitter:data2\" content=\"4 minutos\" \/>\n<script type=\"application\/ld+json\" class=\"yoast-schema-graph\">{\"@context\":\"https:\/\/schema.org\",\"@graph\":[{\"@type\":\"WebSite\",\"@id\":\"https:\/\/franciscanos.org.br\/noticias\/#website\",\"url\":\"https:\/\/franciscanos.org.br\/noticias\/\",\"name\":\"Not\u00edcias - Franciscanos\",\"description\":\"Prov\u00edncia Franciscana da Imaculada Concei\u00e7\u00e3o do Brasil - Ordem dos Frades Menores - OFM\",\"potentialAction\":[{\"@type\":\"SearchAction\",\"target\":{\"@type\":\"EntryPoint\",\"urlTemplate\":\"https:\/\/franciscanos.org.br\/noticias\/?s={search_term_string}\"},\"query-input\":\"required name=search_term_string\"}],\"inLanguage\":\"pt-BR\"},{\"@type\":\"ImageObject\",\"inLanguage\":\"pt-BR\",\"@id\":\"https:\/\/franciscanos.org.br\/noticias\/mensagem-do-presidente-da-cnbb-para-o-dia-da-patria-somos-todos-irmaos.html#primaryimage\",\"url\":\"https:\/\/franciscanos.org.br\/noticias\/wp-content\/uploads\/2021\/09\/cnbb_0409d.jpg\",\"contentUrl\":\"https:\/\/franciscanos.org.br\/noticias\/wp-content\/uploads\/2021\/09\/cnbb_0409d.jpg\",\"width\":800,\"height\":550},{\"@type\":\"WebPage\",\"@id\":\"https:\/\/franciscanos.org.br\/noticias\/mensagem-do-presidente-da-cnbb-para-o-dia-da-patria-somos-todos-irmaos.html#webpage\",\"url\":\"https:\/\/franciscanos.org.br\/noticias\/mensagem-do-presidente-da-cnbb-para-o-dia-da-patria-somos-todos-irmaos.html\",\"name\":\"Mensagem do presidente da CNBB para o Dia da P\u00e1tria: somos todos irm\u00e3os! - Not\u00edcias - Franciscanos\",\"isPartOf\":{\"@id\":\"https:\/\/franciscanos.org.br\/noticias\/#website\"},\"primaryImageOfPage\":{\"@id\":\"https:\/\/franciscanos.org.br\/noticias\/mensagem-do-presidente-da-cnbb-para-o-dia-da-patria-somos-todos-irmaos.html#primaryimage\"},\"datePublished\":\"2021-09-04T09:10:43+00:00\",\"dateModified\":\"2021-09-04T09:17:35+00:00\",\"author\":{\"@id\":\"https:\/\/franciscanos.org.br\/noticias\/#\/schema\/person\/b5c8cba458c330ccff548b056e95a5d4\"},\"breadcrumb\":{\"@id\":\"https:\/\/franciscanos.org.br\/noticias\/mensagem-do-presidente-da-cnbb-para-o-dia-da-patria-somos-todos-irmaos.html#breadcrumb\"},\"inLanguage\":\"pt-BR\",\"potentialAction\":[{\"@type\":\"ReadAction\",\"target\":[\"https:\/\/franciscanos.org.br\/noticias\/mensagem-do-presidente-da-cnbb-para-o-dia-da-patria-somos-todos-irmaos.html\"]}]},{\"@type\":\"BreadcrumbList\",\"@id\":\"https:\/\/franciscanos.org.br\/noticias\/mensagem-do-presidente-da-cnbb-para-o-dia-da-patria-somos-todos-irmaos.html#breadcrumb\",\"itemListElement\":[{\"@type\":\"ListItem\",\"position\":1,\"name\":\"Home\",\"item\":\"https:\/\/franciscanos.org.br\/noticias\"},{\"@type\":\"ListItem\",\"position\":2,\"name\":\"Mensagem do presidente da CNBB para o Dia da P\u00e1tria: somos todos irm\u00e3os!\"}]},{\"@type\":\"Person\",\"@id\":\"https:\/\/franciscanos.org.br\/noticias\/#\/schema\/person\/b5c8cba458c330ccff548b056e95a5d4\",\"name\":\"moacir\",\"image\":{\"@type\":\"ImageObject\",\"inLanguage\":\"pt-BR\",\"@id\":\"https:\/\/franciscanos.org.br\/noticias\/#\/schema\/person\/image\/\",\"url\":\"https:\/\/secure.gravatar.com\/avatar\/d08aa2ce4c8dd416d4479aa8536fcf64?s=96&d=mm&r=g\",\"contentUrl\":\"https:\/\/secure.gravatar.com\/avatar\/d08aa2ce4c8dd416d4479aa8536fcf64?s=96&d=mm&r=g\",\"caption\":\"moacir\"},\"url\":\"https:\/\/franciscanos.org.br\/noticias\/author\/moacir\"}]}<\/script>\n<!-- \/ Yoast SEO plugin. -->","yoast_head_json":{"title":"Mensagem do presidente da CNBB para o Dia da P\u00e1tria: somos todos irm\u00e3os! - Not\u00edcias - Franciscanos","robots":{"index":"index","follow":"follow","max-snippet":"max-snippet:-1","max-image-preview":"max-image-preview:large","max-video-preview":"max-video-preview:-1"},"canonical":"https:\/\/franciscanos.org.br\/noticias\/mensagem-do-presidente-da-cnbb-para-o-dia-da-patria-somos-todos-irmaos.html","og_locale":"pt_BR","og_type":"article","og_title":"Mensagem do presidente da CNBB para o Dia da P\u00e1tria: somos todos irm\u00e3os! - Not\u00edcias - Franciscanos","og_description":"CNBB","og_url":"https:\/\/franciscanos.org.br\/noticias\/mensagem-do-presidente-da-cnbb-para-o-dia-da-patria-somos-todos-irmaos.html","og_site_name":"Not\u00edcias - Franciscanos","article_published_time":"2021-09-04T09:10:43+00:00","article_modified_time":"2021-09-04T09:17:35+00:00","og_image":[{"width":800,"height":550,"url":"https:\/\/franciscanos.org.br\/noticias\/wp-content\/uploads\/2021\/09\/cnbb_0409d.jpg","type":"image\/jpeg"}],"author":"moacir","twitter_card":"summary_large_image","twitter_misc":{"Escrito por":"moacir","Est. tempo de leitura":"4 minutos"},"schema":{"@context":"https:\/\/schema.org","@graph":[{"@type":"WebSite","@id":"https:\/\/franciscanos.org.br\/noticias\/#website","url":"https:\/\/franciscanos.org.br\/noticias\/","name":"Not\u00edcias - Franciscanos","description":"Prov\u00edncia Franciscana da Imaculada Concei\u00e7\u00e3o do Brasil - Ordem dos Frades Menores - OFM","potentialAction":[{"@type":"SearchAction","target":{"@type":"EntryPoint","urlTemplate":"https:\/\/franciscanos.org.br\/noticias\/?s={search_term_string}"},"query-input":"required name=search_term_string"}],"inLanguage":"pt-BR"},{"@type":"ImageObject","inLanguage":"pt-BR","@id":"https:\/\/franciscanos.org.br\/noticias\/mensagem-do-presidente-da-cnbb-para-o-dia-da-patria-somos-todos-irmaos.html#primaryimage","url":"https:\/\/franciscanos.org.br\/noticias\/wp-content\/uploads\/2021\/09\/cnbb_0409d.jpg","contentUrl":"https:\/\/franciscanos.org.br\/noticias\/wp-content\/uploads\/2021\/09\/cnbb_0409d.jpg","width":800,"height":550},{"@type":"WebPage","@id":"https:\/\/franciscanos.org.br\/noticias\/mensagem-do-presidente-da-cnbb-para-o-dia-da-patria-somos-todos-irmaos.html#webpage","url":"https:\/\/franciscanos.org.br\/noticias\/mensagem-do-presidente-da-cnbb-para-o-dia-da-patria-somos-todos-irmaos.html","name":"Mensagem do presidente da CNBB para o Dia da P\u00e1tria: somos todos irm\u00e3os! - Not\u00edcias - Franciscanos","isPartOf":{"@id":"https:\/\/franciscanos.org.br\/noticias\/#website"},"primaryImageOfPage":{"@id":"https:\/\/franciscanos.org.br\/noticias\/mensagem-do-presidente-da-cnbb-para-o-dia-da-patria-somos-todos-irmaos.html#primaryimage"},"datePublished":"2021-09-04T09:10:43+00:00","dateModified":"2021-09-04T09:17:35+00:00","author":{"@id":"https:\/\/franciscanos.org.br\/noticias\/#\/schema\/person\/b5c8cba458c330ccff548b056e95a5d4"},"breadcrumb":{"@id":"https:\/\/franciscanos.org.br\/noticias\/mensagem-do-presidente-da-cnbb-para-o-dia-da-patria-somos-todos-irmaos.html#breadcrumb"},"inLanguage":"pt-BR","potentialAction":[{"@type":"ReadAction","target":["https:\/\/franciscanos.org.br\/noticias\/mensagem-do-presidente-da-cnbb-para-o-dia-da-patria-somos-todos-irmaos.html"]}]},{"@type":"BreadcrumbList","@id":"https:\/\/franciscanos.org.br\/noticias\/mensagem-do-presidente-da-cnbb-para-o-dia-da-patria-somos-todos-irmaos.html#breadcrumb","itemListElement":[{"@type":"ListItem","position":1,"name":"Home","item":"https:\/\/franciscanos.org.br\/noticias"},{"@type":"ListItem","position":2,"name":"Mensagem do presidente da CNBB para o Dia da P\u00e1tria: somos todos irm\u00e3os!"}]},{"@type":"Person","@id":"https:\/\/franciscanos.org.br\/noticias\/#\/schema\/person\/b5c8cba458c330ccff548b056e95a5d4","name":"moacir","image":{"@type":"ImageObject","inLanguage":"pt-BR","@id":"https:\/\/franciscanos.org.br\/noticias\/#\/schema\/person\/image\/","url":"https:\/\/secure.gravatar.com\/avatar\/d08aa2ce4c8dd416d4479aa8536fcf64?s=96&d=mm&r=g","contentUrl":"https:\/\/secure.gravatar.com\/avatar\/d08aa2ce4c8dd416d4479aa8536fcf64?s=96&d=mm&r=g","caption":"moacir"},"url":"https:\/\/franciscanos.org.br\/noticias\/author\/moacir"}]}},"_links":{"self":[{"href":"https:\/\/franciscanos.org.br\/noticias\/wp-json\/wp\/v2\/posts\/234194"}],"collection":[{"href":"https:\/\/franciscanos.org.br\/noticias\/wp-json\/wp\/v2\/posts"}],"about":[{"href":"https:\/\/franciscanos.org.br\/noticias\/wp-json\/wp\/v2\/types\/post"}],"author":[{"embeddable":true,"href":"https:\/\/franciscanos.org.br\/noticias\/wp-json\/wp\/v2\/users\/3"}],"replies":[{"embeddable":true,"href":"https:\/\/franciscanos.org.br\/noticias\/wp-json\/wp\/v2\/comments?post=234194"}],"version-history":[{"count":2,"href":"https:\/\/franciscanos.org.br\/noticias\/wp-json\/wp\/v2\/posts\/234194\/revisions"}],"predecessor-version":[{"id":234198,"href":"https:\/\/franciscanos.org.br\/noticias\/wp-json\/wp\/v2\/posts\/234194\/revisions\/234198"}],"wp:featuredmedia":[{"embeddable":true,"href":"https:\/\/franciscanos.org.br\/noticias\/wp-json\/wp\/v2\/media\/234196"}],"wp:attachment":[{"href":"https:\/\/franciscanos.org.br\/noticias\/wp-json\/wp\/v2\/media?parent=234194"}],"wp:term":[{"taxonomy":"category","embeddable":true,"href":"https:\/\/franciscanos.org.br\/noticias\/wp-json\/wp\/v2\/categories?post=234194"},{"taxonomy":"post_tag","embeddable":true,"href":"https:\/\/franciscanos.org.br\/noticias\/wp-json\/wp\/v2\/tags?post=234194"}],"curies":[{"name":"wp","href":"https:\/\/api.w.org\/{rel}","templated":true}]}}