{"id":234180,"date":"2021-09-03T20:29:18","date_gmt":"2021-09-03T23:29:18","guid":{"rendered":"https:\/\/franciscanos.org.br\/noticias\/?p=234180"},"modified":"2021-09-04T10:12:42","modified_gmt":"2021-09-04T13:12:42","slug":"ano-jubilar-a-casa-do-coracao-de-jesus","status":"publish","type":"post","link":"https:\/\/franciscanos.org.br\/noticias\/ano-jubilar-a-casa-do-coracao-de-jesus.html","title":{"rendered":"Ano Jubilar: \u201cA casa do Cora\u00e7\u00e3o de Jesus\u201d"},"content":{"rendered":"<p><img loading=\"lazy\" class=\"alignnone wp-image-234181 size-full\" src=\"https:\/\/franciscanos.org.br\/noticias\/wp-content\/uploads\/2021\/09\/petropolis_030921_1.jpg\" alt=\"\" width=\"1280\" height=\"703\" srcset=\"https:\/\/franciscanos.org.br\/noticias\/wp-content\/uploads\/2021\/09\/petropolis_030921_1.jpg 1280w, https:\/\/franciscanos.org.br\/noticias\/wp-content\/uploads\/2021\/09\/petropolis_030921_1-450x247.jpg 450w, https:\/\/franciscanos.org.br\/noticias\/wp-content\/uploads\/2021\/09\/petropolis_030921_1-1024x562.jpg 1024w, https:\/\/franciscanos.org.br\/noticias\/wp-content\/uploads\/2021\/09\/petropolis_030921_1-768x422.jpg 768w, https:\/\/franciscanos.org.br\/noticias\/wp-content\/uploads\/2021\/09\/petropolis_030921_1-150x82.jpg 150w\" sizes=\"(max-width: 1280px) 100vw, 1280px\" \/><\/p>\n<p><strong>Petr\u00f3polis (RJ) \u2013<\/strong>\u00a0\u201cNesta primeira sexta-feira do m\u00eas e na comemora\u00e7\u00e3o do Jubileu da Par\u00f3quia do Cora\u00e7\u00e3o de Jesus, detenhamo-nos sobre a ador\u00e1vel figura daquele que \u00e9 Deus na carne e na hist\u00f3ria do homem. Cremos, de fato, na ressurrei\u00e7\u00e3o de Jesus todo feito de chagas e de abandono?\u201d. Foi com essa indaga\u00e7\u00e3o que o vig\u00e1rio paroquial da Par\u00f3quia do Sagrado Cora\u00e7\u00e3o de Jesus, Frei Almir Ribeiro Guimar\u00e3es, presidiu a Celebra\u00e7\u00e3o Eucar\u00edstica das 18 horas, desta sexta-feira (3\/09), em comemora\u00e7\u00e3o aos 75 anos da Par\u00f3quia e dos 125 anos de presen\u00e7a dos frades franciscanos em Petr\u00f3polis (RJ). O coral dos ex-canarinhos, Bienias&amp;Prim, abrilhantou a celebra\u00e7\u00e3o que foi transmitida pelo Facebook e YouTube da Par\u00f3quia e pela R\u00e1dio Imperial.<\/p>\n<p>Desde fevereiro deste ano, os frades do Convento e a comunidade da Par\u00f3quia do Sagrado est\u00e3o celebrando o Ano Jubilar.\u00a0E, nesta sexta-feira, coube ao petropolitano Frei Almir fazer mem\u00f3ria desta hist\u00f3ria centen\u00e1ria em torno do \u2018Sagrado\u2019. Come\u00e7ou lembrando que \u00e9 uma tradi\u00e7\u00e3o relativamente antiga em cada primeira sexta-feira do m\u00eas celebrar o \u2018Cora\u00e7\u00e3o daquele que j\u00e1 morto, teve seu peito rasgado pela lan\u00e7a do soldado\u2019. \u201cEsta nossa Par\u00f3quia \u00e9 dedicada ao Cora\u00e7\u00e3o do Redentor. Ao longo dos tempos, ela ficou simplesmente conhecida como a igreja do Sagrado e os religiosos que aqui residem s\u00e3o os franciscanos do Sagrado\u201d, explicou.<\/p>\n<p><img loading=\"lazy\" class=\"alignnone wp-image-234182 size-full\" src=\"https:\/\/franciscanos.org.br\/noticias\/wp-content\/uploads\/2021\/09\/petropolis_030921_2.jpg\" alt=\"\" width=\"1280\" height=\"853\" srcset=\"https:\/\/franciscanos.org.br\/noticias\/wp-content\/uploads\/2021\/09\/petropolis_030921_2.jpg 1280w, https:\/\/franciscanos.org.br\/noticias\/wp-content\/uploads\/2021\/09\/petropolis_030921_2-450x300.jpg 450w, https:\/\/franciscanos.org.br\/noticias\/wp-content\/uploads\/2021\/09\/petropolis_030921_2-1024x682.jpg 1024w, https:\/\/franciscanos.org.br\/noticias\/wp-content\/uploads\/2021\/09\/petropolis_030921_2-768x512.jpg 768w, https:\/\/franciscanos.org.br\/noticias\/wp-content\/uploads\/2021\/09\/petropolis_030921_2-150x100.jpg 150w\" sizes=\"(max-width: 1280px) 100vw, 1280px\" \/><\/p>\n<p>O presidente da celebra\u00e7\u00e3o come\u00e7ou sua reflex\u00e3o fazendo refer\u00eancia a S\u00e3o Greg\u00f3rio Magno, mem\u00f3ria celebrada por toda a Igreja neste dia 3 de setembro. Segundo Frei Almir, o Papa Greg\u00f3rio foi uma das mais importantes figuras do papado. Nasceu no ano de 540 e morreu em 604. \u201cGreg\u00f3rio soube fixar o olhar na realidade da Igreja que ele belamente consolidou em meio a duras lutas\u201d, disse.<\/p>\n<p><img loading=\"lazy\" class=\"alignnone size-full wp-image-234183\" src=\"https:\/\/franciscanos.org.br\/noticias\/wp-content\/uploads\/2021\/09\/petropolis_030921_8.jpg\" alt=\"\" width=\"890\" height=\"911\" srcset=\"https:\/\/franciscanos.org.br\/noticias\/wp-content\/uploads\/2021\/09\/petropolis_030921_8.jpg 890w, https:\/\/franciscanos.org.br\/noticias\/wp-content\/uploads\/2021\/09\/petropolis_030921_8-440x450.jpg 440w, https:\/\/franciscanos.org.br\/noticias\/wp-content\/uploads\/2021\/09\/petropolis_030921_8-768x786.jpg 768w, https:\/\/franciscanos.org.br\/noticias\/wp-content\/uploads\/2021\/09\/petropolis_030921_8-150x154.jpg 150w\" sizes=\"(max-width: 890px) 100vw, 890px\" \/><\/p>\n<p><strong>JESUS CRISTO: A VIDA NOVA NO ESP\u00cdRITO<\/strong><\/p>\n<p>Sobre o Evangelho do dia (Lucas 5,33-39), o frade explicou que os ouvintes de Jesus estavam apegados aos costumes religiosos de seus antepassados e acreditavam que cumprindo as regras do passado estariam \u2018em dia\u2019 com Deus. \u201cJesus \u00e9 o novo, o vinho novo. O Evangelho proclamado, por sua vez, quer o novo\u201d, destacou.<\/p>\n<p>\u201cUm sonho de Deus. O abismo de amor da Trindade. Um Pai amando eternamente o Filho e entre os dois uma uni\u00e3o, um sopro do Esp\u00edrito. Uma fornalha de dom, um se entregando ao outro numa intensidade de dom. N\u00e3o \u00e9 assim que nosso cora\u00e7\u00e3o experimenta a saudade do novo?\u201d, perguntou.<\/p>\n<p>Em seguida, Frei Almir evidenciou aspectos da vida de Jesus: \u201cUm menino que nasce no Oriente, num inexpressivo cantinho, que chora, pede o peito da m\u00e3e, conversa com o carpinteiro Jos\u00e9, cresce discreta e silenciosamente. Entra no Jord\u00e3o com o cortejo dos pecadores, se identifica com os que precisavam nascer de novo. Deixa seu cantinho e come\u00e7a a percorrer os caminhos dos homens, fala de um mundo novo em que n\u00e3o pode haver \u00f3dio, nem competi\u00e7\u00e3o, nem indiferen\u00e7a, nem vontade de sempre buscar os primeiros lugares, fala de um mundo do abra\u00e7o, de pessoas sem m\u00e1scaras. Acerca-se de cegos e coxos, de crian\u00e7as, de amigos como L\u00e1zaro e suas irm\u00e3s, recolhe-se no sil\u00eancio para estar com o Pai e seu rosto se torna luminoso. Nem a todos agrada. N\u00e3o veio para isso. Veio por amor\u201d, ensinou.<\/p>\n\n\t\t<style type=\"text\/css\">\n\t\t\t#gallery-1 {\n\t\t\t\tmargin: auto;\n\t\t\t}\n\t\t\t#gallery-1 .gallery-item {\n\t\t\t\tfloat: left;\n\t\t\t\tmargin-top: 10px;\n\t\t\t\ttext-align: center;\n\t\t\t\twidth: 25%;\n\t\t\t}\n\t\t\t#gallery-1 img {\n\t\t\t\tborder: 2px solid #cfcfcf;\n\t\t\t}\n\t\t\t#gallery-1 .gallery-caption {\n\t\t\t\tmargin-left: 0;\n\t\t\t}\n\t\t\t\/* see gallery_shortcode() in wp-includes\/media.php *\/\n\t\t<\/style>\n\t\t<div id='gallery-1' class='gallery galleryid-234180 gallery-columns-4 gallery-size-thumbnail'><dl class='gallery-item'>\n\t\t\t<dt class='gallery-icon landscape'>\n\t\t\t\t<a href='https:\/\/franciscanos.org.br\/noticias\/wp-content\/uploads\/2021\/09\/petropolis_030921_4.jpg'><img width=\"300\" height=\"300\" src=\"https:\/\/franciscanos.org.br\/noticias\/wp-content\/uploads\/2021\/09\/petropolis_030921_4-300x300.jpg\" class=\"attachment-thumbnail size-thumbnail\" alt=\"\" loading=\"lazy\" srcset=\"https:\/\/franciscanos.org.br\/noticias\/wp-content\/uploads\/2021\/09\/petropolis_030921_4-300x300.jpg 300w, https:\/\/franciscanos.org.br\/noticias\/wp-content\/uploads\/2021\/09\/petropolis_030921_4-100x100.jpg 100w\" sizes=\"(max-width: 300px) 100vw, 300px\" \/><\/a>\n\t\t\t<\/dt><\/dl><dl class='gallery-item'>\n\t\t\t<dt class='gallery-icon landscape'>\n\t\t\t\t<a href='https:\/\/franciscanos.org.br\/noticias\/wp-content\/uploads\/2021\/09\/petropolis_030921_5.jpg'><img width=\"300\" height=\"300\" src=\"https:\/\/franciscanos.org.br\/noticias\/wp-content\/uploads\/2021\/09\/petropolis_030921_5-300x300.jpg\" class=\"attachment-thumbnail size-thumbnail\" alt=\"\" loading=\"lazy\" srcset=\"https:\/\/franciscanos.org.br\/noticias\/wp-content\/uploads\/2021\/09\/petropolis_030921_5-300x300.jpg 300w, https:\/\/franciscanos.org.br\/noticias\/wp-content\/uploads\/2021\/09\/petropolis_030921_5-100x100.jpg 100w\" sizes=\"(max-width: 300px) 100vw, 300px\" \/><\/a>\n\t\t\t<\/dt><\/dl><dl class='gallery-item'>\n\t\t\t<dt class='gallery-icon landscape'>\n\t\t\t\t<a href='https:\/\/franciscanos.org.br\/noticias\/wp-content\/uploads\/2021\/09\/petropolis_030921_6.jpg'><img width=\"300\" height=\"300\" src=\"https:\/\/franciscanos.org.br\/noticias\/wp-content\/uploads\/2021\/09\/petropolis_030921_6-300x300.jpg\" class=\"attachment-thumbnail size-thumbnail\" alt=\"\" loading=\"lazy\" srcset=\"https:\/\/franciscanos.org.br\/noticias\/wp-content\/uploads\/2021\/09\/petropolis_030921_6-300x300.jpg 300w, https:\/\/franciscanos.org.br\/noticias\/wp-content\/uploads\/2021\/09\/petropolis_030921_6-100x100.jpg 100w\" sizes=\"(max-width: 300px) 100vw, 300px\" \/><\/a>\n\t\t\t<\/dt><\/dl><dl class='gallery-item'>\n\t\t\t<dt class='gallery-icon landscape'>\n\t\t\t\t<a href='https:\/\/franciscanos.org.br\/noticias\/wp-content\/uploads\/2021\/09\/petropolis_030921_7.jpg'><img width=\"300\" height=\"300\" src=\"https:\/\/franciscanos.org.br\/noticias\/wp-content\/uploads\/2021\/09\/petropolis_030921_7-300x300.jpg\" class=\"attachment-thumbnail size-thumbnail\" alt=\"\" loading=\"lazy\" srcset=\"https:\/\/franciscanos.org.br\/noticias\/wp-content\/uploads\/2021\/09\/petropolis_030921_7-300x300.jpg 300w, https:\/\/franciscanos.org.br\/noticias\/wp-content\/uploads\/2021\/09\/petropolis_030921_7-100x100.jpg 100w\" sizes=\"(max-width: 300px) 100vw, 300px\" \/><\/a>\n\t\t\t<\/dt><\/dl><br style=\"clear: both\" \/>\n\t\t<\/div>\n\n<p>Para Frei Almir, a trajet\u00f3ria de Jesus n\u00e3o acaba na cruz. Segundo ele, sem termos fatos fotografados, todos os crist\u00e3os creem com a Igreja que Ele vive e \u201cnos acompanha e que sua vida vive em nossa vida\u201d. O celebrante, ressaltou ainda que a morte de Jesus significa o fim do regime ultrapassado, do templo de pedra, e o acesso a Deus, a reconcilia\u00e7\u00e3o do c\u00e9u e da terra, a realiza\u00e7\u00e3o da s\u00faplica do \u00faltimo livro de Isa\u00edas, que diz: \u2018Oxal\u00e1 rasgastes os c\u00e9us e desc\u00easseis\u2019 (Is 63,9). \u201cO templo \u00e9 o corpo de Jesus no momento em que ele morre. Esvaziando-se de seu sangue, faz nascer a vida nova, no Esp\u00edrito e na \u00e1gua\u201d, explicou.<\/p>\n<p>Encerrando sua reflex\u00e3o, Frei Almir destacou a import\u00e2ncia de se ter uma par\u00f3quia franciscana consagrada ao Cora\u00e7\u00e3o do Redentor. \u201cTudo na Igreja fala Dele: A grande imagem do presbit\u00e9rio, o vitral do Cora\u00e7\u00e3o de Jesus ao lado do vitral do Cora\u00e7\u00e3o Imaculado de Maria. Nesta igreja as pessoas passam momentos diante do Sant\u00edssimo e da imagem do Cora\u00e7\u00e3o de Jesus. Os devotos de Ant\u00f4nio trazem suas preocupa\u00e7\u00f5es em sacolas de p\u00e3es para serem distribu\u00eddos aos pobres. H\u00e1 pessoas que confessam seus pecados lavando seu eu mais profundo nas \u00e1guas do peito do Senhor. Na pia batismal nos lembramos do Esp\u00edrito para a vida nova que Jesus deu nos \u00faltimos momentos de sua vida. Fazemos a sua mem\u00f3ria: Isto \u00e9 meu corpo que \u00e9 dado por v\u00f3s. Esta \u00e9 a casa do Cora\u00e7\u00e3o de Jesus\u201d.<\/p>\n<p><img loading=\"lazy\" class=\"alignnone size-full wp-image-234184\" src=\"https:\/\/franciscanos.org.br\/noticias\/wp-content\/uploads\/2021\/09\/petropolis_030921_3.jpg\" alt=\"\" width=\"1280\" height=\"853\" srcset=\"https:\/\/franciscanos.org.br\/noticias\/wp-content\/uploads\/2021\/09\/petropolis_030921_3.jpg 1280w, https:\/\/franciscanos.org.br\/noticias\/wp-content\/uploads\/2021\/09\/petropolis_030921_3-450x300.jpg 450w, https:\/\/franciscanos.org.br\/noticias\/wp-content\/uploads\/2021\/09\/petropolis_030921_3-1024x682.jpg 1024w, https:\/\/franciscanos.org.br\/noticias\/wp-content\/uploads\/2021\/09\/petropolis_030921_3-768x512.jpg 768w, https:\/\/franciscanos.org.br\/noticias\/wp-content\/uploads\/2021\/09\/petropolis_030921_3-150x100.jpg 150w\" sizes=\"(max-width: 1280px) 100vw, 1280px\" \/><\/p>\n<p>Ap\u00f3s a homilia, a celebra\u00e7\u00e3o teve continuidade com as preces pr\u00f3prias para o dia, seguidamente da liturgia eucar\u00edstica. Ap\u00f3s o rito de comunh\u00e3o, o Coral Bienias&amp;Prim entoou o moteto \u201cAnima Christi\u201d de Marco Frisina, arrancando uma forte salva de palmas dos presentes, que lotaram a Igreja do Sagrado (<span style=\"color: #000000;\"><strong><a style=\"color: #000000;\" href=\"https:\/\/youtu.be\/6NFMPchRloI\" target=\"_blank\" rel=\"noopener\">VEJA O V\u00cdDEO<\/a><\/strong><\/span>). No final, Frei Almir agradeceu a presen\u00e7a de todos e rezou pelas fam\u00edlias enlutadas. \u00a0A pr\u00f3xima celebra\u00e7\u00e3o do Ano Jubilar ser\u00e1 no dia 16 de setembro, \u00e0s 18 horas, data da dedica\u00e7\u00e3o da Igreja ao Sagrado Cora\u00e7\u00e3o de Jesus.<\/p>\n<hr \/>\n<p><em>Frei Augusto Luiz Gabriel<\/em><\/p>\n","protected":false},"excerpt":{"rendered":"<p>75 anos da Par\u00f3quia do Sagrado e 125 anos de presen\u00e7a dos frades em Petr\u00f3polis<\/p>\n","protected":false},"author":3,"featured_media":234189,"comment_status":"open","ping_status":"open","sticky":false,"template":"","format":"standard","meta":[],"categories":[1],"tags":[1859,1766,190],"acf":[],"yoast_head":"<!-- This site is optimized with the Yoast SEO plugin v19.2 - https:\/\/yoast.com\/wordpress\/plugins\/seo\/ -->\n<title>Ano Jubilar: \u201cA casa do Cora\u00e7\u00e3o de Jesus\u201d - Not\u00edcias - Franciscanos<\/title>\n<meta name=\"robots\" content=\"index, follow, max-snippet:-1, max-image-preview:large, max-video-preview:-1\" \/>\n<link rel=\"canonical\" href=\"https:\/\/franciscanos.org.br\/noticias\/ano-jubilar-a-casa-do-coracao-de-jesus.html\" \/>\n<meta property=\"og:locale\" content=\"pt_BR\" \/>\n<meta property=\"og:type\" content=\"article\" \/>\n<meta property=\"og:title\" content=\"Ano Jubilar: \u201cA casa do Cora\u00e7\u00e3o de Jesus\u201d - Not\u00edcias - Franciscanos\" \/>\n<meta property=\"og:description\" content=\"75 anos da Par\u00f3quia do Sagrado e 125 anos de presen\u00e7a dos frades em Petr\u00f3polis\" \/>\n<meta property=\"og:url\" content=\"https:\/\/franciscanos.org.br\/noticias\/ano-jubilar-a-casa-do-coracao-de-jesus.html\" \/>\n<meta property=\"og:site_name\" content=\"Not\u00edcias - Franciscanos\" \/>\n<meta property=\"article:published_time\" content=\"2021-09-03T23:29:18+00:00\" \/>\n<meta property=\"article:modified_time\" content=\"2021-09-04T13:12:42+00:00\" \/>\n<meta property=\"og:image\" content=\"https:\/\/franciscanos.org.br\/noticias\/wp-content\/uploads\/2021\/09\/petropolis_030921_1d.jpg\" \/>\n\t<meta property=\"og:image:width\" content=\"800\" \/>\n\t<meta property=\"og:image:height\" content=\"550\" \/>\n\t<meta property=\"og:image:type\" content=\"image\/jpeg\" \/>\n<meta name=\"author\" content=\"moacir\" \/>\n<meta name=\"twitter:card\" content=\"summary_large_image\" \/>\n<meta name=\"twitter:label1\" content=\"Escrito por\" \/>\n\t<meta name=\"twitter:data1\" content=\"moacir\" \/>\n\t<meta name=\"twitter:label2\" content=\"Est. tempo de leitura\" \/>\n\t<meta name=\"twitter:data2\" content=\"5 minutos\" \/>\n<script type=\"application\/ld+json\" class=\"yoast-schema-graph\">{\"@context\":\"https:\/\/schema.org\",\"@graph\":[{\"@type\":\"WebSite\",\"@id\":\"https:\/\/franciscanos.org.br\/noticias\/#website\",\"url\":\"https:\/\/franciscanos.org.br\/noticias\/\",\"name\":\"Not\u00edcias - Franciscanos\",\"description\":\"Prov\u00edncia Franciscana da Imaculada Concei\u00e7\u00e3o do Brasil - Ordem dos Frades Menores - OFM\",\"potentialAction\":[{\"@type\":\"SearchAction\",\"target\":{\"@type\":\"EntryPoint\",\"urlTemplate\":\"https:\/\/franciscanos.org.br\/noticias\/?s={search_term_string}\"},\"query-input\":\"required name=search_term_string\"}],\"inLanguage\":\"pt-BR\"},{\"@type\":\"ImageObject\",\"inLanguage\":\"pt-BR\",\"@id\":\"https:\/\/franciscanos.org.br\/noticias\/ano-jubilar-a-casa-do-coracao-de-jesus.html#primaryimage\",\"url\":\"https:\/\/franciscanos.org.br\/noticias\/wp-content\/uploads\/2021\/09\/petropolis_030921_1d.jpg\",\"contentUrl\":\"https:\/\/franciscanos.org.br\/noticias\/wp-content\/uploads\/2021\/09\/petropolis_030921_1d.jpg\",\"width\":800,\"height\":550},{\"@type\":\"WebPage\",\"@id\":\"https:\/\/franciscanos.org.br\/noticias\/ano-jubilar-a-casa-do-coracao-de-jesus.html#webpage\",\"url\":\"https:\/\/franciscanos.org.br\/noticias\/ano-jubilar-a-casa-do-coracao-de-jesus.html\",\"name\":\"Ano Jubilar: \u201cA casa do Cora\u00e7\u00e3o de Jesus\u201d - Not\u00edcias - Franciscanos\",\"isPartOf\":{\"@id\":\"https:\/\/franciscanos.org.br\/noticias\/#website\"},\"primaryImageOfPage\":{\"@id\":\"https:\/\/franciscanos.org.br\/noticias\/ano-jubilar-a-casa-do-coracao-de-jesus.html#primaryimage\"},\"datePublished\":\"2021-09-03T23:29:18+00:00\",\"dateModified\":\"2021-09-04T13:12:42+00:00\",\"author\":{\"@id\":\"https:\/\/franciscanos.org.br\/noticias\/#\/schema\/person\/b5c8cba458c330ccff548b056e95a5d4\"},\"breadcrumb\":{\"@id\":\"https:\/\/franciscanos.org.br\/noticias\/ano-jubilar-a-casa-do-coracao-de-jesus.html#breadcrumb\"},\"inLanguage\":\"pt-BR\",\"potentialAction\":[{\"@type\":\"ReadAction\",\"target\":[\"https:\/\/franciscanos.org.br\/noticias\/ano-jubilar-a-casa-do-coracao-de-jesus.html\"]}]},{\"@type\":\"BreadcrumbList\",\"@id\":\"https:\/\/franciscanos.org.br\/noticias\/ano-jubilar-a-casa-do-coracao-de-jesus.html#breadcrumb\",\"itemListElement\":[{\"@type\":\"ListItem\",\"position\":1,\"name\":\"Home\",\"item\":\"https:\/\/franciscanos.org.br\/noticias\"},{\"@type\":\"ListItem\",\"position\":2,\"name\":\"Ano Jubilar: \u201cA casa do Cora\u00e7\u00e3o de Jesus\u201d\"}]},{\"@type\":\"Person\",\"@id\":\"https:\/\/franciscanos.org.br\/noticias\/#\/schema\/person\/b5c8cba458c330ccff548b056e95a5d4\",\"name\":\"moacir\",\"image\":{\"@type\":\"ImageObject\",\"inLanguage\":\"pt-BR\",\"@id\":\"https:\/\/franciscanos.org.br\/noticias\/#\/schema\/person\/image\/\",\"url\":\"https:\/\/secure.gravatar.com\/avatar\/d08aa2ce4c8dd416d4479aa8536fcf64?s=96&d=mm&r=g\",\"contentUrl\":\"https:\/\/secure.gravatar.com\/avatar\/d08aa2ce4c8dd416d4479aa8536fcf64?s=96&d=mm&r=g\",\"caption\":\"moacir\"},\"url\":\"https:\/\/franciscanos.org.br\/noticias\/author\/moacir\"}]}<\/script>\n<!-- \/ Yoast SEO plugin. -->","yoast_head_json":{"title":"Ano Jubilar: \u201cA casa do Cora\u00e7\u00e3o de Jesus\u201d - Not\u00edcias - Franciscanos","robots":{"index":"index","follow":"follow","max-snippet":"max-snippet:-1","max-image-preview":"max-image-preview:large","max-video-preview":"max-video-preview:-1"},"canonical":"https:\/\/franciscanos.org.br\/noticias\/ano-jubilar-a-casa-do-coracao-de-jesus.html","og_locale":"pt_BR","og_type":"article","og_title":"Ano Jubilar: \u201cA casa do Cora\u00e7\u00e3o de Jesus\u201d - Not\u00edcias - Franciscanos","og_description":"75 anos da Par\u00f3quia do Sagrado e 125 anos de presen\u00e7a dos frades em Petr\u00f3polis","og_url":"https:\/\/franciscanos.org.br\/noticias\/ano-jubilar-a-casa-do-coracao-de-jesus.html","og_site_name":"Not\u00edcias - Franciscanos","article_published_time":"2021-09-03T23:29:18+00:00","article_modified_time":"2021-09-04T13:12:42+00:00","og_image":[{"width":800,"height":550,"url":"https:\/\/franciscanos.org.br\/noticias\/wp-content\/uploads\/2021\/09\/petropolis_030921_1d.jpg","type":"image\/jpeg"}],"author":"moacir","twitter_card":"summary_large_image","twitter_misc":{"Escrito por":"moacir","Est. tempo de leitura":"5 minutos"},"schema":{"@context":"https:\/\/schema.org","@graph":[{"@type":"WebSite","@id":"https:\/\/franciscanos.org.br\/noticias\/#website","url":"https:\/\/franciscanos.org.br\/noticias\/","name":"Not\u00edcias - Franciscanos","description":"Prov\u00edncia Franciscana da Imaculada Concei\u00e7\u00e3o do Brasil - Ordem dos Frades Menores - OFM","potentialAction":[{"@type":"SearchAction","target":{"@type":"EntryPoint","urlTemplate":"https:\/\/franciscanos.org.br\/noticias\/?s={search_term_string}"},"query-input":"required name=search_term_string"}],"inLanguage":"pt-BR"},{"@type":"ImageObject","inLanguage":"pt-BR","@id":"https:\/\/franciscanos.org.br\/noticias\/ano-jubilar-a-casa-do-coracao-de-jesus.html#primaryimage","url":"https:\/\/franciscanos.org.br\/noticias\/wp-content\/uploads\/2021\/09\/petropolis_030921_1d.jpg","contentUrl":"https:\/\/franciscanos.org.br\/noticias\/wp-content\/uploads\/2021\/09\/petropolis_030921_1d.jpg","width":800,"height":550},{"@type":"WebPage","@id":"https:\/\/franciscanos.org.br\/noticias\/ano-jubilar-a-casa-do-coracao-de-jesus.html#webpage","url":"https:\/\/franciscanos.org.br\/noticias\/ano-jubilar-a-casa-do-coracao-de-jesus.html","name":"Ano Jubilar: \u201cA casa do Cora\u00e7\u00e3o de Jesus\u201d - Not\u00edcias - Franciscanos","isPartOf":{"@id":"https:\/\/franciscanos.org.br\/noticias\/#website"},"primaryImageOfPage":{"@id":"https:\/\/franciscanos.org.br\/noticias\/ano-jubilar-a-casa-do-coracao-de-jesus.html#primaryimage"},"datePublished":"2021-09-03T23:29:18+00:00","dateModified":"2021-09-04T13:12:42+00:00","author":{"@id":"https:\/\/franciscanos.org.br\/noticias\/#\/schema\/person\/b5c8cba458c330ccff548b056e95a5d4"},"breadcrumb":{"@id":"https:\/\/franciscanos.org.br\/noticias\/ano-jubilar-a-casa-do-coracao-de-jesus.html#breadcrumb"},"inLanguage":"pt-BR","potentialAction":[{"@type":"ReadAction","target":["https:\/\/franciscanos.org.br\/noticias\/ano-jubilar-a-casa-do-coracao-de-jesus.html"]}]},{"@type":"BreadcrumbList","@id":"https:\/\/franciscanos.org.br\/noticias\/ano-jubilar-a-casa-do-coracao-de-jesus.html#breadcrumb","itemListElement":[{"@type":"ListItem","position":1,"name":"Home","item":"https:\/\/franciscanos.org.br\/noticias"},{"@type":"ListItem","position":2,"name":"Ano Jubilar: \u201cA casa do Cora\u00e7\u00e3o de Jesus\u201d"}]},{"@type":"Person","@id":"https:\/\/franciscanos.org.br\/noticias\/#\/schema\/person\/b5c8cba458c330ccff548b056e95a5d4","name":"moacir","image":{"@type":"ImageObject","inLanguage":"pt-BR","@id":"https:\/\/franciscanos.org.br\/noticias\/#\/schema\/person\/image\/","url":"https:\/\/secure.gravatar.com\/avatar\/d08aa2ce4c8dd416d4479aa8536fcf64?s=96&d=mm&r=g","contentUrl":"https:\/\/secure.gravatar.com\/avatar\/d08aa2ce4c8dd416d4479aa8536fcf64?s=96&d=mm&r=g","caption":"moacir"},"url":"https:\/\/franciscanos.org.br\/noticias\/author\/moacir"}]}},"_links":{"self":[{"href":"https:\/\/franciscanos.org.br\/noticias\/wp-json\/wp\/v2\/posts\/234180"}],"collection":[{"href":"https:\/\/franciscanos.org.br\/noticias\/wp-json\/wp\/v2\/posts"}],"about":[{"href":"https:\/\/franciscanos.org.br\/noticias\/wp-json\/wp\/v2\/types\/post"}],"author":[{"embeddable":true,"href":"https:\/\/franciscanos.org.br\/noticias\/wp-json\/wp\/v2\/users\/3"}],"replies":[{"embeddable":true,"href":"https:\/\/franciscanos.org.br\/noticias\/wp-json\/wp\/v2\/comments?post=234180"}],"version-history":[{"count":3,"href":"https:\/\/franciscanos.org.br\/noticias\/wp-json\/wp\/v2\/posts\/234180\/revisions"}],"predecessor-version":[{"id":234192,"href":"https:\/\/franciscanos.org.br\/noticias\/wp-json\/wp\/v2\/posts\/234180\/revisions\/234192"}],"wp:featuredmedia":[{"embeddable":true,"href":"https:\/\/franciscanos.org.br\/noticias\/wp-json\/wp\/v2\/media\/234189"}],"wp:attachment":[{"href":"https:\/\/franciscanos.org.br\/noticias\/wp-json\/wp\/v2\/media?parent=234180"}],"wp:term":[{"taxonomy":"category","embeddable":true,"href":"https:\/\/franciscanos.org.br\/noticias\/wp-json\/wp\/v2\/categories?post=234180"},{"taxonomy":"post_tag","embeddable":true,"href":"https:\/\/franciscanos.org.br\/noticias\/wp-json\/wp\/v2\/tags?post=234180"}],"curies":[{"name":"wp","href":"https:\/\/api.w.org\/{rel}","templated":true}]}}