{"id":234169,"date":"2021-09-03T07:19:42","date_gmt":"2021-09-03T10:19:42","guid":{"rendered":"https:\/\/franciscanos.org.br\/noticias\/?p=234169"},"modified":"2021-09-03T07:23:47","modified_gmt":"2021-09-03T10:23:47","slug":"dia-de-luta-grito-do-excluidos-chega-a-27a-edicao","status":"publish","type":"post","link":"https:\/\/franciscanos.org.br\/noticias\/dia-de-luta-grito-do-excluidos-chega-a-27a-edicao.html","title":{"rendered":"Vida em primeiro lugar: Grito do Exclu\u00eddos chega \u00e0 27\u00aa edi\u00e7\u00e3o"},"content":{"rendered":"<p>&nbsp;<\/p>\n<p>&nbsp;<\/p>\n<p><img loading=\"lazy\" class=\"alignnone wp-image-234172 size-full\" src=\"https:\/\/franciscanos.org.br\/noticias\/wp-content\/uploads\/2021\/09\/gritodosexcluidos_0309.jpg\" alt=\"\" width=\"1057\" height=\"747\" srcset=\"https:\/\/franciscanos.org.br\/noticias\/wp-content\/uploads\/2021\/09\/gritodosexcluidos_0309.jpg 1057w, https:\/\/franciscanos.org.br\/noticias\/wp-content\/uploads\/2021\/09\/gritodosexcluidos_0309-450x318.jpg 450w, https:\/\/franciscanos.org.br\/noticias\/wp-content\/uploads\/2021\/09\/gritodosexcluidos_0309-1024x724.jpg 1024w, https:\/\/franciscanos.org.br\/noticias\/wp-content\/uploads\/2021\/09\/gritodosexcluidos_0309-768x543.jpg 768w, https:\/\/franciscanos.org.br\/noticias\/wp-content\/uploads\/2021\/09\/gritodosexcluidos_0309-150x106.jpg 150w, https:\/\/franciscanos.org.br\/noticias\/wp-content\/uploads\/2021\/09\/gritodosexcluidos_0309-460x325.jpg 460w\" sizes=\"(max-width: 1057px) 100vw, 1057px\" \/><\/p>\n<p>Nesta ter\u00e7a-feira (7), no Dia da Independ\u00eancia, manifesta\u00e7\u00f5es acontecer\u00e3o em diversas cidades brasileiras, em mais um Grito dos Exclu\u00eddos e das Exclu\u00eddas. Nestes 27 anos de hist\u00f3ria, o Grito mudou a cara do 7 de Setembro e da Semana da P\u00e1tria, chamando o povo para descer das arquibancadas dos desfiles c\u00edvicos e militares e participar, ativamente, na luta por seus direitos, nas ruas e pra\u00e7as, nos centros e nas periferias de todo o Brasil. Para ecoar seus gritos de den\u00fancia e de an\u00fancio de um projeto de pa\u00eds mais justo e igualit\u00e1rio, na defesa da dignidade da vida em primeiro lugar.<\/p>\n<p>Em 2021, na sua 27\u00aa edi\u00e7\u00e3o, o Grito dos Exclu\u00eddos e das Exclu\u00eddas tem como lema: \u201cNa luta por participa\u00e7\u00e3o popular, sa\u00fade, comida, moradia, trabalho e renda, j\u00e1!\u201d.<\/p>\n<p>&#8220;Estar nas ruas \u00e9 um ato democr\u00e1tico e, na Semana da P\u00e1tria, \u00e9 um tempo favor\u00e1vel para seguirmos firmes nessa defesa&#8221;, anuncia a coordena\u00e7\u00e3o do Grito.<\/p>\n<p>&#8220;O Grito dos Exclu\u00eddos e das Exclu\u00eddas \u00e9 um processo de constru\u00e7\u00e3o coletiva, \u00e9 muito mais que um ato. Por isso, nossa luta n\u00e3o se encerra no dia 7 de Setembro. Nossa luta \u00e9 uma maratona, n\u00e3o \u00e9 uma corrida de 100 metros. O Grito \u00e9 uma manifesta\u00e7\u00e3o popular carregada de simbolismo, espa\u00e7o de anima\u00e7\u00e3o e profecia, sempre aberto e plural de pessoas, grupos, entidades, igrejas e movimentos sociais comprometidos com as causas da popula\u00e7\u00e3o mais vulner\u00e1vel&#8221;, acrescenta o comunicado da coordena\u00e7\u00e3o.<\/p>\n<p>Em Manaus, o Grito est\u00e1 sendo organizado pelas Pastorais Sociais da Arquidiocese de Manaus e a Caritas Arquidiocesana de Manaus. Nesta quinta-feira 2 de setembro, o Grito foi apresentado em coletiva de imprensa, com a presen\u00e7a da m\u00eddia local.<\/p>\n<p>\u201cNos \u00faltimos anos, temos visto a import\u00e2ncia de termos dentro da nossa sociedade uma manifesta\u00e7\u00e3o para que as pessoas exclu\u00eddas tenham de novo vez\u201d, afirmou Dom Leonardo Steiner na apresenta\u00e7\u00e3o do Grito dos Exclu\u00eddos e Exclu\u00eddas. Segundo o arcebispo de Manaus ao falarmos de exclu\u00eddos, estamos pensando em exclus\u00e3o da educa\u00e7\u00e3o, do emprego, lembrando que o Brasil est\u00e1 hoje com 14 milh\u00f5es de desempregados, junto com aqueles que tem um emprego informal, algo muito presente em Manaus, onde \u00e9 grande o n\u00famero de pessoas vendendo \u00e1gua ou caf\u00e9 na rua.<\/p>\n<p>Dom Leonardo tamb\u00e9m se referiu \u00e0 exclus\u00e3o da democracia, exclus\u00e3o pol\u00edtica, o que demanda \u201cuma participa\u00e7\u00e3o maior da sociedade nas decis\u00f5es pol\u00edticas\u201d. Nesse ponto criticou as decis\u00f5es do Congresso Nacional, \u201cque n\u00e3o pensa no povo\u201d, demandando a necessidade de voltarmos a discutir pol\u00edtica. O arcebispo falou dos exclu\u00eddos economicamente, algo que vai al\u00e9m do desemprego, denunciando que \u201ccom a venda das estatais vamos percebendo cada vez mais o quanto n\u00f3s estamos sendo delapidados\u201d, afirmando que \u201cas estatais existem para as pol\u00edticas p\u00fablicas\u201d.<\/p>\n<p>O arcebispo colocou entre os exclu\u00eddos \u201cos nossos irm\u00e3os ind\u00edgenas\u201d, criticando como est\u00e1 se acabando com sua cultura, al\u00e9m de suas terras, e afirmando que \u201cest\u00e3o sendo exclu\u00eddos desde o in\u00edcio do que se chama Brasil\u201d. Junto com os ind\u00edgenas, dom Leonardo Steiner falou de outros grupos exclu\u00eddos, como os ribeirinhos, os quilombolas, as pessoas que n\u00e3o tem vez dentro da nossa sociedade, relatando que est\u00e1 crescendo o n\u00famero de pessoas que vivem na rua. Ele lembrou as palavras de Madre Teresa de Calcut\u00e1, que falava deles como \u201caqueles que o Estado e a sociedade n\u00e3o querem\u201d.<\/p>\n<p>Lembrando as palavras da <em>Laudato si\u00b4<\/em> e da Querida Amaz\u00f3nia, dom Leonardo definiu a devasta\u00e7\u00e3o da Amaz\u00f4nia como outra forma de exclus\u00e3o. De fato, \u201ca destrui\u00e7\u00e3o da natureza faz com que tenhamos cada vez mais exclu\u00eddos\u201d, segundo o arcebispo. Outras quest\u00f5es que mostram a exclus\u00e3o s\u00e3o a falta de saneamento b\u00e1sico, de acesso \u00e0 cultura, de falta de sa\u00fade, denunciando o desmonte do SUS, da falta de acesso \u00e0 educa\u00e7\u00e3o, apontando a tentativa do governo brasileiro de excluir do sistema educativo a pessoas com defici\u00eancias. Tamb\u00e9m lembrou a exclus\u00e3o que acontece em torno \u00e0 moradia, uma realidade muito presente em Manaus.<\/p>\n<p>Tudo isso mostra a necessidade de um Grito, de fazer ecoar a necessidade do cuidado com a vida na sua totalidade, segundo o arcebispo de Manaus. Lembrando os sonhos do Papa Francisco em Querida Amaz\u00f3nia, dom Leonardo Steiner v\u00ea isso como \u201cum grito para que a nossa humanidade acorde e possa viver uma vida mais digna, mais justa, mais fraterna, mais irm\u00e3\u201d.<\/p>\n<p>Dom Leonardo Steiner insistiu em que \u201c\u00e9 muito importante nos movimentarmos em busca de um Brasil melhor, em busca de um Brasil justo, em busca de um Brasil onde todos e todas possam se sentir \u00e0 vontade\u201d. O arcebispo insistiu em \u201ctermos uma sociedade mais equ\u00e2nime, mais equilibrada, mais fraterna, mais justa\u201d, denunciando a dif\u00edcil situa\u00e7\u00e3o que vive o pa\u00eds em rela\u00e7\u00e3o ao emprego, aos povos ind\u00edgenas, ao meio ambiente. O objetivo \u00e9 ajudar a sociedade a perceber que \u201cn\u00f3s, todos juntos, podemos oferecer uma outra situa\u00e7\u00e3o ao Brasil\u201d, enfatizando que \u201csem a participa\u00e7\u00e3o da sociedade, as coisas n\u00e3o mudar\u00e3o\u201d.<\/p>\n<p><strong>O QUE NOS MOTIVA A GRITAR EM 2021?<\/strong><\/p>\n<p>&#8211; As quase 580 mil mortes pela COVID-19, muitas das quais poderiam ter sido evitadas;<br \/>\n&#8211; A corrup\u00e7\u00e3o na negocia\u00e7\u00e3o de compra e distribui\u00e7\u00e3o das vacinas contra a COVID-19 (CPI);<br \/>\n&#8211; O desmonte da sa\u00fade p\u00fablica (SUS);<br \/>\n&#8211; A carestia e a fome que voltaram com tudo e assolam as camadas empobrecidas da popula\u00e7\u00e3o;<br \/>\n&#8211; O desemprego;<br \/>\n&#8211; O desvio do dinheiro p\u00fablico, atrav\u00e9s do or\u00e7amento federal, para o pagamento de juros da d\u00edvida p\u00fablica, ao inv\u00e9s de investir em pol\u00edticas sociais;<br \/>\n&#8211; A falta de moradia, que se agrava com os despejos criminosos;<br \/>\n= A n\u00e3o demarca\u00e7\u00e3o das terras ind\u00edgenas e o grito prof\u00e9tico dos povos ind\u00edgenas dizendo \u201cN\u00e3o ao Marco temporal\u201d;<br \/>\n&#8211; A den\u00fancia contra o tratamento dado aos povos em situa\u00e7\u00e3o de rua, sejam de qualquer origem, migrantes e refugiados ou deslocados internos, que lutam e resistem por dignidade e cidadania universal no Brasil;<br \/>\n&#8211; A cultura do \u00f3dio disseminada pelo governo federal e seus aliados que ataca e retira os direitos humanos de mulheres, LGBTQIA+, negros\/as, dos povos origin\u00e1rios \u2013 Ind\u00edgenas e Quilombolas, das pessoas portadoras de defici\u00eancia, do\/as trabalhadores\/as, dos setores exclu\u00eddos da sociedade.<\/p>\n<p>Haver\u00e1 atos e manifesta\u00e7\u00f5es conjuntas, do 27\u00ba Grito dos Exclu\u00eddos e das Exclu\u00eddas com a Campanha Fora Bolsonaro, em todo o Brasil, de forma presencial, onde for poss\u00edvel, e de forma virtual pelas redes sociais.<\/p>\n<p><strong>ORIENTA\u00c7\u00d5ES SANIT\u00c1RIAS E DE SEGURANCA DURANTE AS MANIFESTA\u00c7\u00d5ES:<\/strong><\/p>\n<p>\u2666 Manter o distanciamento social recomendado pela OMS e o uso de m\u00e1scaras e \u00e1lcool gel;<br \/>\n\u2666 Carregar sempre \u00e1gua suficiente para se hidratar durante os atos;<br \/>\n\u2666 N\u00e3o responder \u00e0s provoca\u00e7\u00f5es de grupos bolsonaristas;<br \/>\n\u2666 Estar sempre em grupos, sobretudo na chegada e na dispers\u00e3o dos atos;<br \/>\n\u2666 Evitar o confronto direto e indireto, manter o foco no tema e lema do Grito;<br \/>\n\u2666 Pensar e organizar a seguran\u00e7a durante o processo de constru\u00e7\u00e3o e realiza\u00e7\u00e3o das atividades (criar grupos de coletivos de advogados\/as com o objetivo de garantir prote\u00e7\u00e3o jur\u00eddica para os\/as militantes nas ruas);<br \/>\n\u2666 Em caso de abordagem policial, manter a passividade para evitar confronto direto, informando que o ato \u00e9 pac\u00edfico e democr\u00e1tico;<br \/>\n\u2666 Em casos de viol\u00eancia, se poss\u00edvel, aproxime-se de pessoas que possam filmar ou fotografar o ocorrido, para servir de prova testemunhal.<\/p>\n<hr \/>\n<p><strong>VEJA NO SITE DO EVENTO O MAPA DO GRITO<a href=\"https:\/\/www.gritodosexcluidos.com\/about-1\"> (https:\/\/www.gritodosexcluidos.com\/)<\/a><\/strong><\/p>\n","protected":false},"excerpt":{"rendered":"<p>&nbsp; &nbsp; Nesta ter\u00e7a-feira (7), no Dia da Independ\u00eancia, manifesta\u00e7\u00f5es acontecer\u00e3o em diversas cidades brasileiras, em mais um Grito dos Exclu\u00eddos e das Exclu\u00eddas. Nestes 27 anos de hist\u00f3ria, o Grito mudou a cara do 7 de Setembro e da Semana da P\u00e1tria, chamando o povo para descer das arquibancadas dos desfiles c\u00edvicos e militares [&hellip;]<\/p>\n","protected":false},"author":3,"featured_media":234171,"comment_status":"open","ping_status":"open","sticky":false,"template":"","format":"standard","meta":[],"categories":[1],"tags":[1747],"acf":[],"yoast_head":"<!-- This site is optimized with the Yoast SEO plugin v19.2 - https:\/\/yoast.com\/wordpress\/plugins\/seo\/ -->\n<title>Vida em primeiro lugar: Grito do Exclu\u00eddos chega \u00e0 27\u00aa edi\u00e7\u00e3o - Not\u00edcias - Franciscanos<\/title>\n<meta name=\"robots\" content=\"index, follow, max-snippet:-1, max-image-preview:large, max-video-preview:-1\" \/>\n<link rel=\"canonical\" href=\"https:\/\/franciscanos.org.br\/noticias\/dia-de-luta-grito-do-excluidos-chega-a-27a-edicao.html\" \/>\n<meta property=\"og:locale\" content=\"pt_BR\" \/>\n<meta property=\"og:type\" content=\"article\" \/>\n<meta property=\"og:title\" content=\"Vida em primeiro lugar: Grito do Exclu\u00eddos chega \u00e0 27\u00aa edi\u00e7\u00e3o - Not\u00edcias - Franciscanos\" \/>\n<meta property=\"og:description\" content=\"&nbsp; &nbsp; Nesta ter\u00e7a-feira (7), no Dia da Independ\u00eancia, manifesta\u00e7\u00f5es acontecer\u00e3o em diversas cidades brasileiras, em mais um Grito dos Exclu\u00eddos e das Exclu\u00eddas. Nestes 27 anos de hist\u00f3ria, o Grito mudou a cara do 7 de Setembro e da Semana da P\u00e1tria, chamando o povo para descer das arquibancadas dos desfiles c\u00edvicos e militares [&hellip;]\" \/>\n<meta property=\"og:url\" content=\"https:\/\/franciscanos.org.br\/noticias\/dia-de-luta-grito-do-excluidos-chega-a-27a-edicao.html\" \/>\n<meta property=\"og:site_name\" content=\"Not\u00edcias - Franciscanos\" \/>\n<meta property=\"article:published_time\" content=\"2021-09-03T10:19:42+00:00\" \/>\n<meta property=\"article:modified_time\" content=\"2021-09-03T10:23:47+00:00\" \/>\n<meta property=\"og:image\" content=\"https:\/\/franciscanos.org.br\/noticias\/wp-content\/uploads\/2021\/09\/gritodosexcluidos_0309d.jpg\" \/>\n\t<meta property=\"og:image:width\" content=\"800\" \/>\n\t<meta property=\"og:image:height\" content=\"550\" \/>\n\t<meta property=\"og:image:type\" content=\"image\/jpeg\" \/>\n<meta name=\"author\" content=\"moacir\" \/>\n<meta name=\"twitter:card\" content=\"summary_large_image\" \/>\n<meta name=\"twitter:label1\" content=\"Escrito por\" \/>\n\t<meta name=\"twitter:data1\" content=\"moacir\" \/>\n\t<meta name=\"twitter:label2\" content=\"Est. tempo de leitura\" \/>\n\t<meta name=\"twitter:data2\" content=\"7 minutos\" \/>\n<script type=\"application\/ld+json\" class=\"yoast-schema-graph\">{\"@context\":\"https:\/\/schema.org\",\"@graph\":[{\"@type\":\"WebSite\",\"@id\":\"https:\/\/franciscanos.org.br\/noticias\/#website\",\"url\":\"https:\/\/franciscanos.org.br\/noticias\/\",\"name\":\"Not\u00edcias - Franciscanos\",\"description\":\"Prov\u00edncia Franciscana da Imaculada Concei\u00e7\u00e3o do Brasil - Ordem dos Frades Menores - OFM\",\"potentialAction\":[{\"@type\":\"SearchAction\",\"target\":{\"@type\":\"EntryPoint\",\"urlTemplate\":\"https:\/\/franciscanos.org.br\/noticias\/?s={search_term_string}\"},\"query-input\":\"required name=search_term_string\"}],\"inLanguage\":\"pt-BR\"},{\"@type\":\"ImageObject\",\"inLanguage\":\"pt-BR\",\"@id\":\"https:\/\/franciscanos.org.br\/noticias\/dia-de-luta-grito-do-excluidos-chega-a-27a-edicao.html#primaryimage\",\"url\":\"https:\/\/franciscanos.org.br\/noticias\/wp-content\/uploads\/2021\/09\/gritodosexcluidos_0309d.jpg\",\"contentUrl\":\"https:\/\/franciscanos.org.br\/noticias\/wp-content\/uploads\/2021\/09\/gritodosexcluidos_0309d.jpg\",\"width\":800,\"height\":550},{\"@type\":\"WebPage\",\"@id\":\"https:\/\/franciscanos.org.br\/noticias\/dia-de-luta-grito-do-excluidos-chega-a-27a-edicao.html#webpage\",\"url\":\"https:\/\/franciscanos.org.br\/noticias\/dia-de-luta-grito-do-excluidos-chega-a-27a-edicao.html\",\"name\":\"Vida em primeiro lugar: Grito do Exclu\u00eddos chega \u00e0 27\u00aa edi\u00e7\u00e3o - Not\u00edcias - Franciscanos\",\"isPartOf\":{\"@id\":\"https:\/\/franciscanos.org.br\/noticias\/#website\"},\"primaryImageOfPage\":{\"@id\":\"https:\/\/franciscanos.org.br\/noticias\/dia-de-luta-grito-do-excluidos-chega-a-27a-edicao.html#primaryimage\"},\"datePublished\":\"2021-09-03T10:19:42+00:00\",\"dateModified\":\"2021-09-03T10:23:47+00:00\",\"author\":{\"@id\":\"https:\/\/franciscanos.org.br\/noticias\/#\/schema\/person\/b5c8cba458c330ccff548b056e95a5d4\"},\"breadcrumb\":{\"@id\":\"https:\/\/franciscanos.org.br\/noticias\/dia-de-luta-grito-do-excluidos-chega-a-27a-edicao.html#breadcrumb\"},\"inLanguage\":\"pt-BR\",\"potentialAction\":[{\"@type\":\"ReadAction\",\"target\":[\"https:\/\/franciscanos.org.br\/noticias\/dia-de-luta-grito-do-excluidos-chega-a-27a-edicao.html\"]}]},{\"@type\":\"BreadcrumbList\",\"@id\":\"https:\/\/franciscanos.org.br\/noticias\/dia-de-luta-grito-do-excluidos-chega-a-27a-edicao.html#breadcrumb\",\"itemListElement\":[{\"@type\":\"ListItem\",\"position\":1,\"name\":\"Home\",\"item\":\"https:\/\/franciscanos.org.br\/noticias\"},{\"@type\":\"ListItem\",\"position\":2,\"name\":\"Vida em primeiro lugar: Grito do Exclu\u00eddos chega \u00e0 27\u00aa edi\u00e7\u00e3o\"}]},{\"@type\":\"Person\",\"@id\":\"https:\/\/franciscanos.org.br\/noticias\/#\/schema\/person\/b5c8cba458c330ccff548b056e95a5d4\",\"name\":\"moacir\",\"image\":{\"@type\":\"ImageObject\",\"inLanguage\":\"pt-BR\",\"@id\":\"https:\/\/franciscanos.org.br\/noticias\/#\/schema\/person\/image\/\",\"url\":\"https:\/\/secure.gravatar.com\/avatar\/d08aa2ce4c8dd416d4479aa8536fcf64?s=96&d=mm&r=g\",\"contentUrl\":\"https:\/\/secure.gravatar.com\/avatar\/d08aa2ce4c8dd416d4479aa8536fcf64?s=96&d=mm&r=g\",\"caption\":\"moacir\"},\"url\":\"https:\/\/franciscanos.org.br\/noticias\/author\/moacir\"}]}<\/script>\n<!-- \/ Yoast SEO plugin. -->","yoast_head_json":{"title":"Vida em primeiro lugar: Grito do Exclu\u00eddos chega \u00e0 27\u00aa edi\u00e7\u00e3o - Not\u00edcias - Franciscanos","robots":{"index":"index","follow":"follow","max-snippet":"max-snippet:-1","max-image-preview":"max-image-preview:large","max-video-preview":"max-video-preview:-1"},"canonical":"https:\/\/franciscanos.org.br\/noticias\/dia-de-luta-grito-do-excluidos-chega-a-27a-edicao.html","og_locale":"pt_BR","og_type":"article","og_title":"Vida em primeiro lugar: Grito do Exclu\u00eddos chega \u00e0 27\u00aa edi\u00e7\u00e3o - Not\u00edcias - Franciscanos","og_description":"&nbsp; &nbsp; Nesta ter\u00e7a-feira (7), no Dia da Independ\u00eancia, manifesta\u00e7\u00f5es acontecer\u00e3o em diversas cidades brasileiras, em mais um Grito dos Exclu\u00eddos e das Exclu\u00eddas. Nestes 27 anos de hist\u00f3ria, o Grito mudou a cara do 7 de Setembro e da Semana da P\u00e1tria, chamando o povo para descer das arquibancadas dos desfiles c\u00edvicos e militares [&hellip;]","og_url":"https:\/\/franciscanos.org.br\/noticias\/dia-de-luta-grito-do-excluidos-chega-a-27a-edicao.html","og_site_name":"Not\u00edcias - Franciscanos","article_published_time":"2021-09-03T10:19:42+00:00","article_modified_time":"2021-09-03T10:23:47+00:00","og_image":[{"width":800,"height":550,"url":"https:\/\/franciscanos.org.br\/noticias\/wp-content\/uploads\/2021\/09\/gritodosexcluidos_0309d.jpg","type":"image\/jpeg"}],"author":"moacir","twitter_card":"summary_large_image","twitter_misc":{"Escrito por":"moacir","Est. tempo de leitura":"7 minutos"},"schema":{"@context":"https:\/\/schema.org","@graph":[{"@type":"WebSite","@id":"https:\/\/franciscanos.org.br\/noticias\/#website","url":"https:\/\/franciscanos.org.br\/noticias\/","name":"Not\u00edcias - Franciscanos","description":"Prov\u00edncia Franciscana da Imaculada Concei\u00e7\u00e3o do Brasil - Ordem dos Frades Menores - OFM","potentialAction":[{"@type":"SearchAction","target":{"@type":"EntryPoint","urlTemplate":"https:\/\/franciscanos.org.br\/noticias\/?s={search_term_string}"},"query-input":"required name=search_term_string"}],"inLanguage":"pt-BR"},{"@type":"ImageObject","inLanguage":"pt-BR","@id":"https:\/\/franciscanos.org.br\/noticias\/dia-de-luta-grito-do-excluidos-chega-a-27a-edicao.html#primaryimage","url":"https:\/\/franciscanos.org.br\/noticias\/wp-content\/uploads\/2021\/09\/gritodosexcluidos_0309d.jpg","contentUrl":"https:\/\/franciscanos.org.br\/noticias\/wp-content\/uploads\/2021\/09\/gritodosexcluidos_0309d.jpg","width":800,"height":550},{"@type":"WebPage","@id":"https:\/\/franciscanos.org.br\/noticias\/dia-de-luta-grito-do-excluidos-chega-a-27a-edicao.html#webpage","url":"https:\/\/franciscanos.org.br\/noticias\/dia-de-luta-grito-do-excluidos-chega-a-27a-edicao.html","name":"Vida em primeiro lugar: Grito do Exclu\u00eddos chega \u00e0 27\u00aa edi\u00e7\u00e3o - Not\u00edcias - Franciscanos","isPartOf":{"@id":"https:\/\/franciscanos.org.br\/noticias\/#website"},"primaryImageOfPage":{"@id":"https:\/\/franciscanos.org.br\/noticias\/dia-de-luta-grito-do-excluidos-chega-a-27a-edicao.html#primaryimage"},"datePublished":"2021-09-03T10:19:42+00:00","dateModified":"2021-09-03T10:23:47+00:00","author":{"@id":"https:\/\/franciscanos.org.br\/noticias\/#\/schema\/person\/b5c8cba458c330ccff548b056e95a5d4"},"breadcrumb":{"@id":"https:\/\/franciscanos.org.br\/noticias\/dia-de-luta-grito-do-excluidos-chega-a-27a-edicao.html#breadcrumb"},"inLanguage":"pt-BR","potentialAction":[{"@type":"ReadAction","target":["https:\/\/franciscanos.org.br\/noticias\/dia-de-luta-grito-do-excluidos-chega-a-27a-edicao.html"]}]},{"@type":"BreadcrumbList","@id":"https:\/\/franciscanos.org.br\/noticias\/dia-de-luta-grito-do-excluidos-chega-a-27a-edicao.html#breadcrumb","itemListElement":[{"@type":"ListItem","position":1,"name":"Home","item":"https:\/\/franciscanos.org.br\/noticias"},{"@type":"ListItem","position":2,"name":"Vida em primeiro lugar: Grito do Exclu\u00eddos chega \u00e0 27\u00aa edi\u00e7\u00e3o"}]},{"@type":"Person","@id":"https:\/\/franciscanos.org.br\/noticias\/#\/schema\/person\/b5c8cba458c330ccff548b056e95a5d4","name":"moacir","image":{"@type":"ImageObject","inLanguage":"pt-BR","@id":"https:\/\/franciscanos.org.br\/noticias\/#\/schema\/person\/image\/","url":"https:\/\/secure.gravatar.com\/avatar\/d08aa2ce4c8dd416d4479aa8536fcf64?s=96&d=mm&r=g","contentUrl":"https:\/\/secure.gravatar.com\/avatar\/d08aa2ce4c8dd416d4479aa8536fcf64?s=96&d=mm&r=g","caption":"moacir"},"url":"https:\/\/franciscanos.org.br\/noticias\/author\/moacir"}]}},"_links":{"self":[{"href":"https:\/\/franciscanos.org.br\/noticias\/wp-json\/wp\/v2\/posts\/234169"}],"collection":[{"href":"https:\/\/franciscanos.org.br\/noticias\/wp-json\/wp\/v2\/posts"}],"about":[{"href":"https:\/\/franciscanos.org.br\/noticias\/wp-json\/wp\/v2\/types\/post"}],"author":[{"embeddable":true,"href":"https:\/\/franciscanos.org.br\/noticias\/wp-json\/wp\/v2\/users\/3"}],"replies":[{"embeddable":true,"href":"https:\/\/franciscanos.org.br\/noticias\/wp-json\/wp\/v2\/comments?post=234169"}],"version-history":[{"count":3,"href":"https:\/\/franciscanos.org.br\/noticias\/wp-json\/wp\/v2\/posts\/234169\/revisions"}],"predecessor-version":[{"id":234175,"href":"https:\/\/franciscanos.org.br\/noticias\/wp-json\/wp\/v2\/posts\/234169\/revisions\/234175"}],"wp:featuredmedia":[{"embeddable":true,"href":"https:\/\/franciscanos.org.br\/noticias\/wp-json\/wp\/v2\/media\/234171"}],"wp:attachment":[{"href":"https:\/\/franciscanos.org.br\/noticias\/wp-json\/wp\/v2\/media?parent=234169"}],"wp:term":[{"taxonomy":"category","embeddable":true,"href":"https:\/\/franciscanos.org.br\/noticias\/wp-json\/wp\/v2\/categories?post=234169"},{"taxonomy":"post_tag","embeddable":true,"href":"https:\/\/franciscanos.org.br\/noticias\/wp-json\/wp\/v2\/tags?post=234169"}],"curies":[{"name":"wp","href":"https:\/\/api.w.org\/{rel}","templated":true}]}}