{"id":234165,"date":"2021-09-03T05:12:35","date_gmt":"2021-09-03T08:12:35","guid":{"rendered":"https:\/\/franciscanos.org.br\/noticias\/?p=234165"},"modified":"2021-09-03T05:12:35","modified_gmt":"2021-09-03T08:12:35","slug":"usf-esta-com-inscricoes-abertas-para-o-vestibular-2022","status":"publish","type":"post","link":"https:\/\/franciscanos.org.br\/noticias\/usf-esta-com-inscricoes-abertas-para-o-vestibular-2022.html","title":{"rendered":"USF est\u00e1 com inscri\u00e7\u00f5es abertas para o Vestibular 2022"},"content":{"rendered":"<div id=\"attachment_234167\" style=\"width: 1290px\" class=\"wp-caption alignnone\"><img aria-describedby=\"caption-attachment-234167\" loading=\"lazy\" class=\"wp-image-234167 size-full\" src=\"https:\/\/franciscanos.org.br\/noticias\/wp-content\/uploads\/2021\/09\/usf_030921.jpg\" alt=\"\" width=\"1280\" height=\"720\" srcset=\"https:\/\/franciscanos.org.br\/noticias\/wp-content\/uploads\/2021\/09\/usf_030921.jpg 1280w, https:\/\/franciscanos.org.br\/noticias\/wp-content\/uploads\/2021\/09\/usf_030921-450x253.jpg 450w, https:\/\/franciscanos.org.br\/noticias\/wp-content\/uploads\/2021\/09\/usf_030921-1024x576.jpg 1024w, https:\/\/franciscanos.org.br\/noticias\/wp-content\/uploads\/2021\/09\/usf_030921-768x432.jpg 768w, https:\/\/franciscanos.org.br\/noticias\/wp-content\/uploads\/2021\/09\/usf_030921-150x84.jpg 150w\" sizes=\"(max-width: 1280px) 100vw, 1280px\" \/><p id=\"caption-attachment-234167\" class=\"wp-caption-text\">\u00a0 \u00a0 \u00a0 \u00a0 \u00a0 \u00a0 \u00a0 \u00a0 \u00a0 \u00a0 \u00a0 \u00a0 \u00a0 \u00a0 \u00a0 \u00a0 \u00a0 \u00a0 \u00a0 \u00a0 \u00a0 \u00a0 \u00a0 \u00a0 \u00a0 \u00a0 \u00a0 \u00a0 \u00a0 \u00a0 \u00a0 \u00a0 \u00a0 \u00a0 \u00a0 \u00a0 \u00a0 \u00a0 \u00a0 \u00a0 \u00a0 \u00a0 \u00a0 \u00a0 \u00a0 \u00a0 \u00a0 <em>\u00a0 \u00a0 Imagem: Fachada do Campus de Campinas<\/em><\/p><\/div>\n<p>A Universidade S\u00e3o Francisco (USF) inicia as inscri\u00e7\u00f5es para o Vestibular 2022, com ingresso para o 1\u00ba semestre. As inscri\u00e7\u00f5es podem ser feitas para cursos presenciais e Medicina em <strong><a href=\"https:\/\/www.usf.edu.br\/vestibular\/\">usf.edu.br\/vestibular<\/a><\/strong>.<\/p>\n<p>Durante este per\u00edodo de pandemia e com o objetivo de garantir o acesso ao ensino e o distanciamento social, os candidatos ao ingressar via prova eletr\u00f4nica (taxa de R $ 20) ou aproveitamento dos resultados do Exame Nacional do Ensino M\u00e9dio (Enem), realizado nos anos de 2015, 2016, 2017, 2018,2019, 2020 e 2021.<\/p>\n<p>A modalidade de prova eletr\u00f4nica ser\u00e1 realizada em ambiente de aprendizagem online, seguro e por meio de link espec\u00edfico disponibilizado ap\u00f3s a inscri\u00e7\u00e3o. A prova eletr\u00f4nica consiste na elabora\u00e7\u00e3o de uma reda\u00e7\u00e3o.<\/p>\n<p>Neste Vestibular, a USF passa a ofertar o Curso de Engenharia Agron\u00f4mica, no C\u00e2mpus Itatiba. Acompanhando as tend\u00eancias do mercado de trabalho e a Tradi\u00e7\u00e3o da USF em ofertar cursos de Engenharia em seus diferentes C\u00e2mpus.<\/p>\n<p>S\u00e3o mais de 20 cursos ofertados no Polo Itatiba.<\/p>\n<p><strong>Cursos presenciais ofertados:<\/strong><\/p>\n<p><strong>C\u00e2mpus Itatiba<\/strong><\/p>\n<p>Administra\u00e7\u00e3o, An\u00e1lise e Desenvolvimento de Sistemas, Arquitetura e Urbanismo, Biomedicina, Ci\u00eancias Cont\u00e1beis, Direito, Engenharia Agron\u00f4mica, Engenharia Civil, Engenharia da Computa\u00e7\u00e3o, Engenharia de Produ\u00e7\u00e3o, Engenharia El\u00e9trica, Engenharia Mec\u00e2nica, Engenharia Qu\u00edmica, Medicina Veterin\u00e1ria, Pedagogia e Psicologia.<\/p>\n<p><strong>C\u00e2mpus Bragan\u00e7a Paulista<\/strong><\/p>\n<p>Administra\u00e7\u00e3o, Arquitetura e Urbanismo, Biomedicina, Ci\u00eancias Cont\u00e1beis, Direito, Enfermagem, Engenharia Civil, Engenharia de Computa\u00e7\u00e3o, Engenharia de Produ\u00e7\u00e3o, Engenharia El\u00e9trica, Engenharia Mec\u00e2nica, Engenharia Qu\u00edmica, Farm\u00e1cia, Fisioterapia, Gest\u00e3o da Qualidade, Log\u00edstica, Nutri\u00e7\u00e3o, Odontologia, Pedagogia, Processos Gerenciais e Psicologia.<\/p>\n<p><strong>C\u00e2mpus Campinas (Swift)<\/strong><\/p>\n<p>Administra\u00e7\u00e3o, An\u00e1lise e Desenvolvimento de Sistemas, Arquitetura e Urbanismo, Biomedicina, Engenharia Civil, Engenharia de Computa\u00e7\u00e3o, Engenharia de Produ\u00e7\u00e3o, Engenharia El\u00e9trica, Engenharia Mec\u00e2nica, Engenharia Qu\u00edmica, Farm\u00e1cia e Psicologia.<\/p>\n<p><strong>C\u00e2mpus Campinas (Cambu\u00ed)<\/strong><\/p>\n<p>Direito, Gastronomia e Nutri\u00e7\u00e3o.<\/p>\n<p><strong><a href=\"https:\/\/www.usf.edu.br\/\">https:\/\/www.usf.edu.br\/<\/a><\/strong><\/p>\n<hr \/>\n<p><em>Ana Paula Moreira de Souza<\/em><\/p>\n","protected":false},"excerpt":{"rendered":"<p>Universidade S\u00e3o Francisco<\/p>\n","protected":false},"author":3,"featured_media":234166,"comment_status":"open","ping_status":"open","sticky":false,"template":"","format":"standard","meta":[],"categories":[1],"tags":[354],"acf":[],"yoast_head":"<!-- This site is optimized with the Yoast SEO plugin v19.2 - https:\/\/yoast.com\/wordpress\/plugins\/seo\/ -->\n<title>USF est\u00e1 com inscri\u00e7\u00f5es abertas para o Vestibular 2022 - Not\u00edcias - Franciscanos<\/title>\n<meta name=\"robots\" content=\"index, follow, max-snippet:-1, max-image-preview:large, max-video-preview:-1\" \/>\n<link rel=\"canonical\" href=\"https:\/\/franciscanos.org.br\/noticias\/usf-esta-com-inscricoes-abertas-para-o-vestibular-2022.html\" \/>\n<meta property=\"og:locale\" content=\"pt_BR\" \/>\n<meta property=\"og:type\" content=\"article\" \/>\n<meta property=\"og:title\" content=\"USF est\u00e1 com inscri\u00e7\u00f5es abertas para o Vestibular 2022 - Not\u00edcias - Franciscanos\" \/>\n<meta property=\"og:description\" content=\"Universidade S\u00e3o Francisco\" \/>\n<meta property=\"og:url\" content=\"https:\/\/franciscanos.org.br\/noticias\/usf-esta-com-inscricoes-abertas-para-o-vestibular-2022.html\" \/>\n<meta property=\"og:site_name\" content=\"Not\u00edcias - Franciscanos\" \/>\n<meta property=\"article:published_time\" content=\"2021-09-03T08:12:35+00:00\" \/>\n<meta property=\"og:image\" content=\"https:\/\/franciscanos.org.br\/noticias\/wp-content\/uploads\/2021\/09\/usf_030921d.jpg\" \/>\n\t<meta property=\"og:image:width\" content=\"800\" \/>\n\t<meta property=\"og:image:height\" content=\"550\" \/>\n\t<meta property=\"og:image:type\" content=\"image\/jpeg\" \/>\n<meta name=\"author\" content=\"moacir\" \/>\n<meta name=\"twitter:card\" content=\"summary_large_image\" \/>\n<meta name=\"twitter:label1\" content=\"Escrito por\" \/>\n\t<meta name=\"twitter:data1\" content=\"moacir\" \/>\n\t<meta name=\"twitter:label2\" content=\"Est. tempo de leitura\" \/>\n\t<meta name=\"twitter:data2\" content=\"2 minutos\" \/>\n<script type=\"application\/ld+json\" class=\"yoast-schema-graph\">{\"@context\":\"https:\/\/schema.org\",\"@graph\":[{\"@type\":\"WebSite\",\"@id\":\"https:\/\/franciscanos.org.br\/noticias\/#website\",\"url\":\"https:\/\/franciscanos.org.br\/noticias\/\",\"name\":\"Not\u00edcias - Franciscanos\",\"description\":\"Prov\u00edncia Franciscana da Imaculada Concei\u00e7\u00e3o do Brasil - Ordem dos Frades Menores - OFM\",\"potentialAction\":[{\"@type\":\"SearchAction\",\"target\":{\"@type\":\"EntryPoint\",\"urlTemplate\":\"https:\/\/franciscanos.org.br\/noticias\/?s={search_term_string}\"},\"query-input\":\"required name=search_term_string\"}],\"inLanguage\":\"pt-BR\"},{\"@type\":\"ImageObject\",\"inLanguage\":\"pt-BR\",\"@id\":\"https:\/\/franciscanos.org.br\/noticias\/usf-esta-com-inscricoes-abertas-para-o-vestibular-2022.html#primaryimage\",\"url\":\"https:\/\/franciscanos.org.br\/noticias\/wp-content\/uploads\/2021\/09\/usf_030921d.jpg\",\"contentUrl\":\"https:\/\/franciscanos.org.br\/noticias\/wp-content\/uploads\/2021\/09\/usf_030921d.jpg\",\"width\":800,\"height\":550},{\"@type\":\"WebPage\",\"@id\":\"https:\/\/franciscanos.org.br\/noticias\/usf-esta-com-inscricoes-abertas-para-o-vestibular-2022.html#webpage\",\"url\":\"https:\/\/franciscanos.org.br\/noticias\/usf-esta-com-inscricoes-abertas-para-o-vestibular-2022.html\",\"name\":\"USF est\u00e1 com inscri\u00e7\u00f5es abertas para o Vestibular 2022 - Not\u00edcias - Franciscanos\",\"isPartOf\":{\"@id\":\"https:\/\/franciscanos.org.br\/noticias\/#website\"},\"primaryImageOfPage\":{\"@id\":\"https:\/\/franciscanos.org.br\/noticias\/usf-esta-com-inscricoes-abertas-para-o-vestibular-2022.html#primaryimage\"},\"datePublished\":\"2021-09-03T08:12:35+00:00\",\"dateModified\":\"2021-09-03T08:12:35+00:00\",\"author\":{\"@id\":\"https:\/\/franciscanos.org.br\/noticias\/#\/schema\/person\/b5c8cba458c330ccff548b056e95a5d4\"},\"breadcrumb\":{\"@id\":\"https:\/\/franciscanos.org.br\/noticias\/usf-esta-com-inscricoes-abertas-para-o-vestibular-2022.html#breadcrumb\"},\"inLanguage\":\"pt-BR\",\"potentialAction\":[{\"@type\":\"ReadAction\",\"target\":[\"https:\/\/franciscanos.org.br\/noticias\/usf-esta-com-inscricoes-abertas-para-o-vestibular-2022.html\"]}]},{\"@type\":\"BreadcrumbList\",\"@id\":\"https:\/\/franciscanos.org.br\/noticias\/usf-esta-com-inscricoes-abertas-para-o-vestibular-2022.html#breadcrumb\",\"itemListElement\":[{\"@type\":\"ListItem\",\"position\":1,\"name\":\"Home\",\"item\":\"https:\/\/franciscanos.org.br\/noticias\"},{\"@type\":\"ListItem\",\"position\":2,\"name\":\"USF est\u00e1 com inscri\u00e7\u00f5es abertas para o Vestibular 2022\"}]},{\"@type\":\"Person\",\"@id\":\"https:\/\/franciscanos.org.br\/noticias\/#\/schema\/person\/b5c8cba458c330ccff548b056e95a5d4\",\"name\":\"moacir\",\"image\":{\"@type\":\"ImageObject\",\"inLanguage\":\"pt-BR\",\"@id\":\"https:\/\/franciscanos.org.br\/noticias\/#\/schema\/person\/image\/\",\"url\":\"https:\/\/secure.gravatar.com\/avatar\/d08aa2ce4c8dd416d4479aa8536fcf64?s=96&d=mm&r=g\",\"contentUrl\":\"https:\/\/secure.gravatar.com\/avatar\/d08aa2ce4c8dd416d4479aa8536fcf64?s=96&d=mm&r=g\",\"caption\":\"moacir\"},\"url\":\"https:\/\/franciscanos.org.br\/noticias\/author\/moacir\"}]}<\/script>\n<!-- \/ Yoast SEO plugin. -->","yoast_head_json":{"title":"USF est\u00e1 com inscri\u00e7\u00f5es abertas para o Vestibular 2022 - Not\u00edcias - Franciscanos","robots":{"index":"index","follow":"follow","max-snippet":"max-snippet:-1","max-image-preview":"max-image-preview:large","max-video-preview":"max-video-preview:-1"},"canonical":"https:\/\/franciscanos.org.br\/noticias\/usf-esta-com-inscricoes-abertas-para-o-vestibular-2022.html","og_locale":"pt_BR","og_type":"article","og_title":"USF est\u00e1 com inscri\u00e7\u00f5es abertas para o Vestibular 2022 - Not\u00edcias - Franciscanos","og_description":"Universidade S\u00e3o Francisco","og_url":"https:\/\/franciscanos.org.br\/noticias\/usf-esta-com-inscricoes-abertas-para-o-vestibular-2022.html","og_site_name":"Not\u00edcias - Franciscanos","article_published_time":"2021-09-03T08:12:35+00:00","og_image":[{"width":800,"height":550,"url":"https:\/\/franciscanos.org.br\/noticias\/wp-content\/uploads\/2021\/09\/usf_030921d.jpg","type":"image\/jpeg"}],"author":"moacir","twitter_card":"summary_large_image","twitter_misc":{"Escrito por":"moacir","Est. tempo de leitura":"2 minutos"},"schema":{"@context":"https:\/\/schema.org","@graph":[{"@type":"WebSite","@id":"https:\/\/franciscanos.org.br\/noticias\/#website","url":"https:\/\/franciscanos.org.br\/noticias\/","name":"Not\u00edcias - Franciscanos","description":"Prov\u00edncia Franciscana da Imaculada Concei\u00e7\u00e3o do Brasil - Ordem dos Frades Menores - OFM","potentialAction":[{"@type":"SearchAction","target":{"@type":"EntryPoint","urlTemplate":"https:\/\/franciscanos.org.br\/noticias\/?s={search_term_string}"},"query-input":"required name=search_term_string"}],"inLanguage":"pt-BR"},{"@type":"ImageObject","inLanguage":"pt-BR","@id":"https:\/\/franciscanos.org.br\/noticias\/usf-esta-com-inscricoes-abertas-para-o-vestibular-2022.html#primaryimage","url":"https:\/\/franciscanos.org.br\/noticias\/wp-content\/uploads\/2021\/09\/usf_030921d.jpg","contentUrl":"https:\/\/franciscanos.org.br\/noticias\/wp-content\/uploads\/2021\/09\/usf_030921d.jpg","width":800,"height":550},{"@type":"WebPage","@id":"https:\/\/franciscanos.org.br\/noticias\/usf-esta-com-inscricoes-abertas-para-o-vestibular-2022.html#webpage","url":"https:\/\/franciscanos.org.br\/noticias\/usf-esta-com-inscricoes-abertas-para-o-vestibular-2022.html","name":"USF est\u00e1 com inscri\u00e7\u00f5es abertas para o Vestibular 2022 - Not\u00edcias - Franciscanos","isPartOf":{"@id":"https:\/\/franciscanos.org.br\/noticias\/#website"},"primaryImageOfPage":{"@id":"https:\/\/franciscanos.org.br\/noticias\/usf-esta-com-inscricoes-abertas-para-o-vestibular-2022.html#primaryimage"},"datePublished":"2021-09-03T08:12:35+00:00","dateModified":"2021-09-03T08:12:35+00:00","author":{"@id":"https:\/\/franciscanos.org.br\/noticias\/#\/schema\/person\/b5c8cba458c330ccff548b056e95a5d4"},"breadcrumb":{"@id":"https:\/\/franciscanos.org.br\/noticias\/usf-esta-com-inscricoes-abertas-para-o-vestibular-2022.html#breadcrumb"},"inLanguage":"pt-BR","potentialAction":[{"@type":"ReadAction","target":["https:\/\/franciscanos.org.br\/noticias\/usf-esta-com-inscricoes-abertas-para-o-vestibular-2022.html"]}]},{"@type":"BreadcrumbList","@id":"https:\/\/franciscanos.org.br\/noticias\/usf-esta-com-inscricoes-abertas-para-o-vestibular-2022.html#breadcrumb","itemListElement":[{"@type":"ListItem","position":1,"name":"Home","item":"https:\/\/franciscanos.org.br\/noticias"},{"@type":"ListItem","position":2,"name":"USF est\u00e1 com inscri\u00e7\u00f5es abertas para o Vestibular 2022"}]},{"@type":"Person","@id":"https:\/\/franciscanos.org.br\/noticias\/#\/schema\/person\/b5c8cba458c330ccff548b056e95a5d4","name":"moacir","image":{"@type":"ImageObject","inLanguage":"pt-BR","@id":"https:\/\/franciscanos.org.br\/noticias\/#\/schema\/person\/image\/","url":"https:\/\/secure.gravatar.com\/avatar\/d08aa2ce4c8dd416d4479aa8536fcf64?s=96&d=mm&r=g","contentUrl":"https:\/\/secure.gravatar.com\/avatar\/d08aa2ce4c8dd416d4479aa8536fcf64?s=96&d=mm&r=g","caption":"moacir"},"url":"https:\/\/franciscanos.org.br\/noticias\/author\/moacir"}]}},"_links":{"self":[{"href":"https:\/\/franciscanos.org.br\/noticias\/wp-json\/wp\/v2\/posts\/234165"}],"collection":[{"href":"https:\/\/franciscanos.org.br\/noticias\/wp-json\/wp\/v2\/posts"}],"about":[{"href":"https:\/\/franciscanos.org.br\/noticias\/wp-json\/wp\/v2\/types\/post"}],"author":[{"embeddable":true,"href":"https:\/\/franciscanos.org.br\/noticias\/wp-json\/wp\/v2\/users\/3"}],"replies":[{"embeddable":true,"href":"https:\/\/franciscanos.org.br\/noticias\/wp-json\/wp\/v2\/comments?post=234165"}],"version-history":[{"count":1,"href":"https:\/\/franciscanos.org.br\/noticias\/wp-json\/wp\/v2\/posts\/234165\/revisions"}],"predecessor-version":[{"id":234168,"href":"https:\/\/franciscanos.org.br\/noticias\/wp-json\/wp\/v2\/posts\/234165\/revisions\/234168"}],"wp:featuredmedia":[{"embeddable":true,"href":"https:\/\/franciscanos.org.br\/noticias\/wp-json\/wp\/v2\/media\/234166"}],"wp:attachment":[{"href":"https:\/\/franciscanos.org.br\/noticias\/wp-json\/wp\/v2\/media?parent=234165"}],"wp:term":[{"taxonomy":"category","embeddable":true,"href":"https:\/\/franciscanos.org.br\/noticias\/wp-json\/wp\/v2\/categories?post=234165"},{"taxonomy":"post_tag","embeddable":true,"href":"https:\/\/franciscanos.org.br\/noticias\/wp-json\/wp\/v2\/tags?post=234165"}],"curies":[{"name":"wp","href":"https:\/\/api.w.org\/{rel}","templated":true}]}}