{"id":234159,"date":"2021-09-02T08:31:40","date_gmt":"2021-09-02T11:31:40","guid":{"rendered":"https:\/\/franciscanos.org.br\/noticias\/?p=234159"},"modified":"2021-09-02T08:32:14","modified_gmt":"2021-09-02T11:32:14","slug":"papa-avancar-com-os-jovens-para-estilos-de-vida-que-respeitam-o-meio-ambiente","status":"publish","type":"post","link":"https:\/\/franciscanos.org.br\/noticias\/papa-avancar-com-os-jovens-para-estilos-de-vida-que-respeitam-o-meio-ambiente.html","title":{"rendered":"Papa: avan\u00e7ar com os jovens para estilos de vida que respeitam o meio ambiente"},"content":{"rendered":"<p><img loading=\"lazy\" class=\"alignnone wp-image-234160 size-full\" src=\"https:\/\/franciscanos.org.br\/noticias\/wp-content\/uploads\/2021\/09\/videopapa_0209.jpg\" alt=\"\" width=\"1280\" height=\"720\" srcset=\"https:\/\/franciscanos.org.br\/noticias\/wp-content\/uploads\/2021\/09\/videopapa_0209.jpg 1280w, https:\/\/franciscanos.org.br\/noticias\/wp-content\/uploads\/2021\/09\/videopapa_0209-450x253.jpg 450w, https:\/\/franciscanos.org.br\/noticias\/wp-content\/uploads\/2021\/09\/videopapa_0209-1024x576.jpg 1024w, https:\/\/franciscanos.org.br\/noticias\/wp-content\/uploads\/2021\/09\/videopapa_0209-768x432.jpg 768w, https:\/\/franciscanos.org.br\/noticias\/wp-content\/uploads\/2021\/09\/videopapa_0209-150x84.jpg 150w\" sizes=\"(max-width: 1280px) 100vw, 1280px\" \/><\/p>\n<p>Um estilo de vida s\u00f3brio e ecossustent\u00e1vel \u00e9 o que pede o Papa Francisco na videomensagem com a inten\u00e7\u00e3o de ora\u00e7\u00e3o para setembro, m\u00eas do Tempo da Cria\u00e7\u00e3o, divulgada pela Rede Mundial de Ora\u00e7\u00e3o do Papa.<\/p>\n<p>A edi\u00e7\u00e3o de setembro do V\u00eddeo do Papa faz parte da celebra\u00e7\u00e3o anual, global e ecum\u00eanica do Tempo da Cria\u00e7\u00e3o que tem in\u00edcio nesta quarta-feira, 1\u00ba de setembro, Dia Mundial de Ora\u00e7\u00e3o pelo Cuidado da Cria\u00e7\u00e3o, e prossegue at\u00e9 4 de outubro, festa de S\u00e3o Francisco de Assis, padroeiro da ecologia.<\/p>\n<p><iframe loading=\"lazy\" title=\"SETEMBRO: UM ESTILO DE VIDA ECOSSUSTENT\u00c1VEL\" width=\"500\" height=\"281\" src=\"https:\/\/www.youtube.com\/embed\/3CdYN5dqUXE?feature=oembed\" frameborder=\"0\" allow=\"accelerometer; autoplay; clipboard-write; encrypted-media; gyroscope; picture-in-picture\" allowfullscreen><\/iframe><\/p>\n<p>Na mensagem em v\u00eddeo, divulgada nesta quarta-feira (01\/09), o Papa Francisco volta a falar da crise ambiental que a humanidade atravessa, com destaque para os jovens, pois considera que eles est\u00e3o na vanguarda das quest\u00f5es ecol\u00f3gicas.<\/p>\n<p>Fico muito feliz em ver que os jovens t\u00eam a grandeza de empreender projetos de melhoria ambiental e social, j\u00e1 que as duas coisas caminham juntas. N\u00f3s, adultos, podemos aprender muito com os jovens, porque, em tudo o que diz respeito ao cuidado do planeta, os jovens est\u00e3o na vanguarda. Aproveitemos o seu exemplo, reflitamos, especialmente nestes momentos de crise, crise sanit\u00e1ria, crise social, crise ambiental, reflitamos sobre o nosso estilo de vida.<\/p>\n<p>\u201cN\u00e3o nos servir\u00e1 descrever os sintomas, se n\u00e3o reconhecermos as ra\u00edzes humanas da crise ecol\u00f3gica\u201d, recorda o Papa na Enc\u00edclica Laudato si\u2019. O Pont\u00edfice nos convida a questionar a forma como vivemos e utilizamos os bens materiais, &#8220;sobre a forma como nos alimentamos, consumimos, deslocamo-nos, ou o uso que fazemos da \u00e1gua, da energia e do pl\u00e1stico, e de tantos bens materiais que muitas vezes s\u00e3o prejudiciais \u00e0 Terra. Vamos escolher mudar! Vamos avan\u00e7ar com os jovens para estilos de vida mais simples e que respeitam o meio ambiente&#8221;, diz Francisco na videomensagem.<\/p>\n<p>E rezemos para que todos n\u00f3s tomemos as decis\u00f5es corajosas, as decis\u00f5es necess\u00e1rias para uma vida mais s\u00f3bria e ecossustent\u00e1vel, sendo inspirados pelos jovens que est\u00e3o comprometidos com esta mudan\u00e7a. E eles n\u00e3o s\u00e3o tolos, porque est\u00e3o comprometidos com seu futuro. \u00c9 por isso que eles querem mudar o que v\u00e3o herdar num tempo em que n\u00f3s j\u00e1 n\u00e3o estaremos l\u00e1.<\/p>\n<p><strong>A raiz humana da crise ecol\u00f3gica<\/strong><br \/>\nA necessidade de a\u00e7\u00f5es urgentes para combater a crise ambiental e social n\u00e3o \u00e9 nova. H\u00e1 cada vez mais alertas globais para tentar conscientizar a humanidade de que algo precisa mudar. Em junho passado, a ONU advertiu que &#8220;a Terra est\u00e1 alcan\u00e7ando rapidamente \u2018extremos irrevers\u00edveis\u2019 e que enfrentamos uma amea\u00e7a tripla: a perda de biodiversidade, a mudan\u00e7a clim\u00e1tica e o aumento da polui\u00e7\u00e3o&#8221;. Isso impacta a vida de todos: \u201cA degrada\u00e7\u00e3o do mundo natural j\u00e1 est\u00e1 prejudicando o bem-estar de 3,2 bilh\u00f5es de pessoas, ou seja, 40% da humanidade\u201d. O secret\u00e1rio-geral da ONU, Ant\u00f4nio Guterres, acrescentou que \u201ca humanidade h\u00e1 muito vem destruindo as florestas do planeta, poluindo seus rios e oceanos e arando desordenadamente a terra. Estamos devastando os ecossistemas que sustentam nossas sociedades\u201d.<\/p>\n<hr \/>\n<p><em>Fonte: Vatican News<\/em><\/p>\n","protected":false},"excerpt":{"rendered":"<p>Rede Mundial de Ora\u00e7\u00e3o do Papa.<\/p>\n","protected":false},"author":3,"featured_media":234161,"comment_status":"open","ping_status":"open","sticky":false,"template":"","format":"standard","meta":[],"categories":[1428],"tags":[542],"acf":[],"yoast_head":"<!-- This site is optimized with the Yoast SEO plugin v19.2 - https:\/\/yoast.com\/wordpress\/plugins\/seo\/ -->\n<title>Papa: avan\u00e7ar com os jovens para estilos de vida que respeitam o meio ambiente - Not\u00edcias - Franciscanos<\/title>\n<meta name=\"robots\" content=\"index, follow, max-snippet:-1, max-image-preview:large, max-video-preview:-1\" \/>\n<link rel=\"canonical\" href=\"https:\/\/franciscanos.org.br\/noticias\/papa-avancar-com-os-jovens-para-estilos-de-vida-que-respeitam-o-meio-ambiente.html\" \/>\n<meta property=\"og:locale\" content=\"pt_BR\" \/>\n<meta property=\"og:type\" content=\"article\" \/>\n<meta property=\"og:title\" content=\"Papa: avan\u00e7ar com os jovens para estilos de vida que respeitam o meio ambiente - Not\u00edcias - Franciscanos\" \/>\n<meta property=\"og:description\" content=\"Rede Mundial de Ora\u00e7\u00e3o do Papa.\" \/>\n<meta property=\"og:url\" content=\"https:\/\/franciscanos.org.br\/noticias\/papa-avancar-com-os-jovens-para-estilos-de-vida-que-respeitam-o-meio-ambiente.html\" \/>\n<meta property=\"og:site_name\" content=\"Not\u00edcias - Franciscanos\" \/>\n<meta property=\"article:published_time\" content=\"2021-09-02T11:31:40+00:00\" \/>\n<meta property=\"article:modified_time\" content=\"2021-09-02T11:32:14+00:00\" \/>\n<meta property=\"og:image\" content=\"https:\/\/franciscanos.org.br\/noticias\/wp-content\/uploads\/2021\/09\/videopapa_0209d.jpg\" \/>\n\t<meta property=\"og:image:width\" content=\"800\" \/>\n\t<meta property=\"og:image:height\" content=\"550\" \/>\n\t<meta property=\"og:image:type\" content=\"image\/jpeg\" \/>\n<meta name=\"author\" content=\"moacir\" \/>\n<meta name=\"twitter:card\" content=\"summary_large_image\" \/>\n<meta name=\"twitter:label1\" content=\"Escrito por\" \/>\n\t<meta name=\"twitter:data1\" content=\"moacir\" \/>\n\t<meta name=\"twitter:label2\" content=\"Est. tempo de leitura\" \/>\n\t<meta name=\"twitter:data2\" content=\"3 minutos\" \/>\n<script type=\"application\/ld+json\" class=\"yoast-schema-graph\">{\"@context\":\"https:\/\/schema.org\",\"@graph\":[{\"@type\":\"WebSite\",\"@id\":\"https:\/\/franciscanos.org.br\/noticias\/#website\",\"url\":\"https:\/\/franciscanos.org.br\/noticias\/\",\"name\":\"Not\u00edcias - Franciscanos\",\"description\":\"Prov\u00edncia Franciscana da Imaculada Concei\u00e7\u00e3o do Brasil - Ordem dos Frades Menores - OFM\",\"potentialAction\":[{\"@type\":\"SearchAction\",\"target\":{\"@type\":\"EntryPoint\",\"urlTemplate\":\"https:\/\/franciscanos.org.br\/noticias\/?s={search_term_string}\"},\"query-input\":\"required name=search_term_string\"}],\"inLanguage\":\"pt-BR\"},{\"@type\":\"ImageObject\",\"inLanguage\":\"pt-BR\",\"@id\":\"https:\/\/franciscanos.org.br\/noticias\/papa-avancar-com-os-jovens-para-estilos-de-vida-que-respeitam-o-meio-ambiente.html#primaryimage\",\"url\":\"https:\/\/franciscanos.org.br\/noticias\/wp-content\/uploads\/2021\/09\/videopapa_0209d.jpg\",\"contentUrl\":\"https:\/\/franciscanos.org.br\/noticias\/wp-content\/uploads\/2021\/09\/videopapa_0209d.jpg\",\"width\":800,\"height\":550},{\"@type\":\"WebPage\",\"@id\":\"https:\/\/franciscanos.org.br\/noticias\/papa-avancar-com-os-jovens-para-estilos-de-vida-que-respeitam-o-meio-ambiente.html#webpage\",\"url\":\"https:\/\/franciscanos.org.br\/noticias\/papa-avancar-com-os-jovens-para-estilos-de-vida-que-respeitam-o-meio-ambiente.html\",\"name\":\"Papa: avan\u00e7ar com os jovens para estilos de vida que respeitam o meio ambiente - Not\u00edcias - Franciscanos\",\"isPartOf\":{\"@id\":\"https:\/\/franciscanos.org.br\/noticias\/#website\"},\"primaryImageOfPage\":{\"@id\":\"https:\/\/franciscanos.org.br\/noticias\/papa-avancar-com-os-jovens-para-estilos-de-vida-que-respeitam-o-meio-ambiente.html#primaryimage\"},\"datePublished\":\"2021-09-02T11:31:40+00:00\",\"dateModified\":\"2021-09-02T11:32:14+00:00\",\"author\":{\"@id\":\"https:\/\/franciscanos.org.br\/noticias\/#\/schema\/person\/b5c8cba458c330ccff548b056e95a5d4\"},\"breadcrumb\":{\"@id\":\"https:\/\/franciscanos.org.br\/noticias\/papa-avancar-com-os-jovens-para-estilos-de-vida-que-respeitam-o-meio-ambiente.html#breadcrumb\"},\"inLanguage\":\"pt-BR\",\"potentialAction\":[{\"@type\":\"ReadAction\",\"target\":[\"https:\/\/franciscanos.org.br\/noticias\/papa-avancar-com-os-jovens-para-estilos-de-vida-que-respeitam-o-meio-ambiente.html\"]}]},{\"@type\":\"BreadcrumbList\",\"@id\":\"https:\/\/franciscanos.org.br\/noticias\/papa-avancar-com-os-jovens-para-estilos-de-vida-que-respeitam-o-meio-ambiente.html#breadcrumb\",\"itemListElement\":[{\"@type\":\"ListItem\",\"position\":1,\"name\":\"Home\",\"item\":\"https:\/\/franciscanos.org.br\/noticias\"},{\"@type\":\"ListItem\",\"position\":2,\"name\":\"Papa: avan\u00e7ar com os jovens para estilos de vida que respeitam o meio ambiente\"}]},{\"@type\":\"Person\",\"@id\":\"https:\/\/franciscanos.org.br\/noticias\/#\/schema\/person\/b5c8cba458c330ccff548b056e95a5d4\",\"name\":\"moacir\",\"image\":{\"@type\":\"ImageObject\",\"inLanguage\":\"pt-BR\",\"@id\":\"https:\/\/franciscanos.org.br\/noticias\/#\/schema\/person\/image\/\",\"url\":\"https:\/\/secure.gravatar.com\/avatar\/d08aa2ce4c8dd416d4479aa8536fcf64?s=96&d=mm&r=g\",\"contentUrl\":\"https:\/\/secure.gravatar.com\/avatar\/d08aa2ce4c8dd416d4479aa8536fcf64?s=96&d=mm&r=g\",\"caption\":\"moacir\"},\"url\":\"https:\/\/franciscanos.org.br\/noticias\/author\/moacir\"}]}<\/script>\n<!-- \/ Yoast SEO plugin. -->","yoast_head_json":{"title":"Papa: avan\u00e7ar com os jovens para estilos de vida que respeitam o meio ambiente - Not\u00edcias - Franciscanos","robots":{"index":"index","follow":"follow","max-snippet":"max-snippet:-1","max-image-preview":"max-image-preview:large","max-video-preview":"max-video-preview:-1"},"canonical":"https:\/\/franciscanos.org.br\/noticias\/papa-avancar-com-os-jovens-para-estilos-de-vida-que-respeitam-o-meio-ambiente.html","og_locale":"pt_BR","og_type":"article","og_title":"Papa: avan\u00e7ar com os jovens para estilos de vida que respeitam o meio ambiente - Not\u00edcias - Franciscanos","og_description":"Rede Mundial de Ora\u00e7\u00e3o do Papa.","og_url":"https:\/\/franciscanos.org.br\/noticias\/papa-avancar-com-os-jovens-para-estilos-de-vida-que-respeitam-o-meio-ambiente.html","og_site_name":"Not\u00edcias - Franciscanos","article_published_time":"2021-09-02T11:31:40+00:00","article_modified_time":"2021-09-02T11:32:14+00:00","og_image":[{"width":800,"height":550,"url":"https:\/\/franciscanos.org.br\/noticias\/wp-content\/uploads\/2021\/09\/videopapa_0209d.jpg","type":"image\/jpeg"}],"author":"moacir","twitter_card":"summary_large_image","twitter_misc":{"Escrito por":"moacir","Est. tempo de leitura":"3 minutos"},"schema":{"@context":"https:\/\/schema.org","@graph":[{"@type":"WebSite","@id":"https:\/\/franciscanos.org.br\/noticias\/#website","url":"https:\/\/franciscanos.org.br\/noticias\/","name":"Not\u00edcias - Franciscanos","description":"Prov\u00edncia Franciscana da Imaculada Concei\u00e7\u00e3o do Brasil - Ordem dos Frades Menores - OFM","potentialAction":[{"@type":"SearchAction","target":{"@type":"EntryPoint","urlTemplate":"https:\/\/franciscanos.org.br\/noticias\/?s={search_term_string}"},"query-input":"required name=search_term_string"}],"inLanguage":"pt-BR"},{"@type":"ImageObject","inLanguage":"pt-BR","@id":"https:\/\/franciscanos.org.br\/noticias\/papa-avancar-com-os-jovens-para-estilos-de-vida-que-respeitam-o-meio-ambiente.html#primaryimage","url":"https:\/\/franciscanos.org.br\/noticias\/wp-content\/uploads\/2021\/09\/videopapa_0209d.jpg","contentUrl":"https:\/\/franciscanos.org.br\/noticias\/wp-content\/uploads\/2021\/09\/videopapa_0209d.jpg","width":800,"height":550},{"@type":"WebPage","@id":"https:\/\/franciscanos.org.br\/noticias\/papa-avancar-com-os-jovens-para-estilos-de-vida-que-respeitam-o-meio-ambiente.html#webpage","url":"https:\/\/franciscanos.org.br\/noticias\/papa-avancar-com-os-jovens-para-estilos-de-vida-que-respeitam-o-meio-ambiente.html","name":"Papa: avan\u00e7ar com os jovens para estilos de vida que respeitam o meio ambiente - Not\u00edcias - Franciscanos","isPartOf":{"@id":"https:\/\/franciscanos.org.br\/noticias\/#website"},"primaryImageOfPage":{"@id":"https:\/\/franciscanos.org.br\/noticias\/papa-avancar-com-os-jovens-para-estilos-de-vida-que-respeitam-o-meio-ambiente.html#primaryimage"},"datePublished":"2021-09-02T11:31:40+00:00","dateModified":"2021-09-02T11:32:14+00:00","author":{"@id":"https:\/\/franciscanos.org.br\/noticias\/#\/schema\/person\/b5c8cba458c330ccff548b056e95a5d4"},"breadcrumb":{"@id":"https:\/\/franciscanos.org.br\/noticias\/papa-avancar-com-os-jovens-para-estilos-de-vida-que-respeitam-o-meio-ambiente.html#breadcrumb"},"inLanguage":"pt-BR","potentialAction":[{"@type":"ReadAction","target":["https:\/\/franciscanos.org.br\/noticias\/papa-avancar-com-os-jovens-para-estilos-de-vida-que-respeitam-o-meio-ambiente.html"]}]},{"@type":"BreadcrumbList","@id":"https:\/\/franciscanos.org.br\/noticias\/papa-avancar-com-os-jovens-para-estilos-de-vida-que-respeitam-o-meio-ambiente.html#breadcrumb","itemListElement":[{"@type":"ListItem","position":1,"name":"Home","item":"https:\/\/franciscanos.org.br\/noticias"},{"@type":"ListItem","position":2,"name":"Papa: avan\u00e7ar com os jovens para estilos de vida que respeitam o meio ambiente"}]},{"@type":"Person","@id":"https:\/\/franciscanos.org.br\/noticias\/#\/schema\/person\/b5c8cba458c330ccff548b056e95a5d4","name":"moacir","image":{"@type":"ImageObject","inLanguage":"pt-BR","@id":"https:\/\/franciscanos.org.br\/noticias\/#\/schema\/person\/image\/","url":"https:\/\/secure.gravatar.com\/avatar\/d08aa2ce4c8dd416d4479aa8536fcf64?s=96&d=mm&r=g","contentUrl":"https:\/\/secure.gravatar.com\/avatar\/d08aa2ce4c8dd416d4479aa8536fcf64?s=96&d=mm&r=g","caption":"moacir"},"url":"https:\/\/franciscanos.org.br\/noticias\/author\/moacir"}]}},"_links":{"self":[{"href":"https:\/\/franciscanos.org.br\/noticias\/wp-json\/wp\/v2\/posts\/234159"}],"collection":[{"href":"https:\/\/franciscanos.org.br\/noticias\/wp-json\/wp\/v2\/posts"}],"about":[{"href":"https:\/\/franciscanos.org.br\/noticias\/wp-json\/wp\/v2\/types\/post"}],"author":[{"embeddable":true,"href":"https:\/\/franciscanos.org.br\/noticias\/wp-json\/wp\/v2\/users\/3"}],"replies":[{"embeddable":true,"href":"https:\/\/franciscanos.org.br\/noticias\/wp-json\/wp\/v2\/comments?post=234159"}],"version-history":[{"count":2,"href":"https:\/\/franciscanos.org.br\/noticias\/wp-json\/wp\/v2\/posts\/234159\/revisions"}],"predecessor-version":[{"id":234163,"href":"https:\/\/franciscanos.org.br\/noticias\/wp-json\/wp\/v2\/posts\/234159\/revisions\/234163"}],"wp:featuredmedia":[{"embeddable":true,"href":"https:\/\/franciscanos.org.br\/noticias\/wp-json\/wp\/v2\/media\/234161"}],"wp:attachment":[{"href":"https:\/\/franciscanos.org.br\/noticias\/wp-json\/wp\/v2\/media?parent=234159"}],"wp:term":[{"taxonomy":"category","embeddable":true,"href":"https:\/\/franciscanos.org.br\/noticias\/wp-json\/wp\/v2\/categories?post=234159"},{"taxonomy":"post_tag","embeddable":true,"href":"https:\/\/franciscanos.org.br\/noticias\/wp-json\/wp\/v2\/tags?post=234159"}],"curies":[{"name":"wp","href":"https:\/\/api.w.org\/{rel}","templated":true}]}}