{"id":234123,"date":"2021-08-31T14:26:45","date_gmt":"2021-08-31T17:26:45","guid":{"rendered":"https:\/\/franciscanos.org.br\/noticias\/?p=234123"},"modified":"2021-08-31T14:48:00","modified_gmt":"2021-08-31T17:48:00","slug":"grande-acao-solidaria-no-santuario-espirito-santo-de-vila-velha","status":"publish","type":"post","link":"https:\/\/franciscanos.org.br\/noticias\/grande-acao-solidaria-no-santuario-espirito-santo-de-vila-velha.html","title":{"rendered":"Grande A\u00e7\u00e3o Solid\u00e1ria no Santu\u00e1rio Esp\u00edrito Santo de Vila Velha"},"content":{"rendered":"<p><img loading=\"lazy\" class=\"alignright wp-image-234132 size-full\" src=\"https:\/\/franciscanos.org.br\/noticias\/wp-content\/uploads\/2021\/08\/vila_310821_2.jpg\" alt=\"\" width=\"1280\" height=\"735\" srcset=\"https:\/\/franciscanos.org.br\/noticias\/wp-content\/uploads\/2021\/08\/vila_310821_2.jpg 1280w, https:\/\/franciscanos.org.br\/noticias\/wp-content\/uploads\/2021\/08\/vila_310821_2-450x258.jpg 450w, https:\/\/franciscanos.org.br\/noticias\/wp-content\/uploads\/2021\/08\/vila_310821_2-1024x588.jpg 1024w, https:\/\/franciscanos.org.br\/noticias\/wp-content\/uploads\/2021\/08\/vila_310821_2-768x441.jpg 768w, https:\/\/franciscanos.org.br\/noticias\/wp-content\/uploads\/2021\/08\/vila_310821_2-150x86.jpg 150w\" sizes=\"(max-width: 1280px) 100vw, 1280px\" \/><\/p>\n<p>Aconteceu ontem (dia 30), de 9h at\u00e9 \u00e0s 16h, no P\u00e1tio do Santu\u00e1rio Divino Esp\u00edrito Santo, em Vila Velha, uma a\u00e7\u00e3o social em uma parceria da Par\u00f3quia Nossa Senhora do Ros\u00e1rio (Prov\u00edncia Franciscana) com a Prefeitura Municipal de Vila Velha.<\/p>\n<p><img loading=\"lazy\" class=\"alignright wp-image-234133 size-full\" src=\"https:\/\/franciscanos.org.br\/noticias\/wp-content\/uploads\/2021\/08\/vila_310821_3.jpg\" alt=\"\" width=\"600\" height=\"800\" srcset=\"https:\/\/franciscanos.org.br\/noticias\/wp-content\/uploads\/2021\/08\/vila_310821_3.jpg 600w, https:\/\/franciscanos.org.br\/noticias\/wp-content\/uploads\/2021\/08\/vila_310821_3-338x450.jpg 338w, https:\/\/franciscanos.org.br\/noticias\/wp-content\/uploads\/2021\/08\/vila_310821_3-150x200.jpg 150w\" sizes=\"(max-width: 600px) 100vw, 600px\" \/>V\u00e1rios servi\u00e7os foram ofertados no Santu\u00e1rio: Inclus\u00e3o e atualiza\u00e7\u00e3o do Cadastro \u00danico; testes r\u00e1pidos de Covid-19, diabetes, s\u00edfilis e HIV; marca\u00e7\u00e3o de mamografia, aplica\u00e7\u00e3o da vacina contra a gripe e servi\u00e7os de Procon, Sine (ag\u00eancia de emprego de Vila Velha), Escelsa (servi\u00e7o de energia el\u00e9trica) e presen\u00e7a do Banestes, o banco do Estado, oferecendo cr\u00e9dito para pequenos empreendedores.<\/p>\n<p>Frei Djalmo Fuck \u00e9 o p\u00e1roco da Par\u00f3quia Nossa Senhora do Ros\u00e1rio e conta que a Prefeitura o procurou devido \u00e0 boa localiza\u00e7\u00e3o do Santu\u00e1rio que est\u00e1 em um lugar central da cidade, pedindo que cedesse o espa\u00e7o e a estrutura para uma a\u00e7\u00e3o social conjunta, oferecendo diversos servi\u00e7os em um \u00fanico local.<\/p>\n<p>\u201cO problema hoje \u00e9 que as pessoas t\u00eam que se deslocar para v\u00e1rios lugares quando t\u00eam que resolver alguma coisa. E a ideia \u00e9 concentrar esses servi\u00e7os todos em um \u00fanico local fazendo com que as pessoas n\u00e3o se desloquem tanto. Est\u00e3o sendo oferecidos servi\u00e7os de sa\u00fade como testes r\u00e1pidos, exames de mamografia est\u00e3o sendo marcados aqui, h\u00e1 a presen\u00e7a do Procon, do Sine e do Banestes para oferecer solu\u00e7\u00f5es para pessoas que t\u00eam alguma d\u00edvida ou precisam renegociar d\u00edvidas, al\u00e9m de linhas de cr\u00e9dito para pessoas mais simples\u201d, explica o frade.<\/p>\n<p>Pelo Santu\u00e1rio passaram mais de 5 mil pessoas ao longo do dia, inclusive com a presen\u00e7a do prefeito de Vila Velha, Arnaldinho Borgo, que deseja repetir o evento em outras ocasi\u00f5es e estreitar os la\u00e7os de amizade e parceria com a Prov\u00edncia Franciscana. Segundo o prefeito, \u201cfoi o evento social mais bem-sucedido da Prefeitura at\u00e9 o momento\u201d. Os frades do Santu\u00e1rio marcaram presen\u00e7a, acolhendo as pessoas, sempre com muita alegria e esp\u00edrito de servi\u00e7o. Todos os protocolos de seguran\u00e7a foram tomados e evento aconteceu todo ao ar livre.<\/p>\n<hr \/>\n<p><em>Pascom Santu\u00e1rio<\/em><\/p>\n","protected":false},"excerpt":{"rendered":"<p>Santu\u00e1rio do Divino Esp\u00edrito Santo<\/p>\n","protected":false},"author":3,"featured_media":234129,"comment_status":"open","ping_status":"open","sticky":false,"template":"","format":"standard","meta":[],"categories":[1],"tags":[1764,1180],"acf":[],"yoast_head":"<!-- This site is optimized with the Yoast SEO plugin v19.2 - https:\/\/yoast.com\/wordpress\/plugins\/seo\/ -->\n<title>Grande A\u00e7\u00e3o Solid\u00e1ria no Santu\u00e1rio Esp\u00edrito Santo de Vila Velha - Not\u00edcias - Franciscanos<\/title>\n<meta name=\"robots\" content=\"index, follow, max-snippet:-1, max-image-preview:large, max-video-preview:-1\" \/>\n<link rel=\"canonical\" href=\"https:\/\/franciscanos.org.br\/noticias\/grande-acao-solidaria-no-santuario-espirito-santo-de-vila-velha.html\" \/>\n<meta property=\"og:locale\" content=\"pt_BR\" \/>\n<meta property=\"og:type\" content=\"article\" \/>\n<meta property=\"og:title\" content=\"Grande A\u00e7\u00e3o Solid\u00e1ria no Santu\u00e1rio Esp\u00edrito Santo de Vila Velha - Not\u00edcias - Franciscanos\" \/>\n<meta property=\"og:description\" content=\"Santu\u00e1rio do Divino Esp\u00edrito Santo\" \/>\n<meta property=\"og:url\" content=\"https:\/\/franciscanos.org.br\/noticias\/grande-acao-solidaria-no-santuario-espirito-santo-de-vila-velha.html\" \/>\n<meta property=\"og:site_name\" content=\"Not\u00edcias - Franciscanos\" \/>\n<meta property=\"article:published_time\" content=\"2021-08-31T17:26:45+00:00\" \/>\n<meta property=\"article:modified_time\" content=\"2021-08-31T17:48:00+00:00\" \/>\n<meta property=\"og:image\" content=\"https:\/\/franciscanos.org.br\/noticias\/wp-content\/uploads\/2021\/08\/vila_310821.jpg\" \/>\n\t<meta property=\"og:image:width\" content=\"600\" \/>\n\t<meta property=\"og:image:height\" content=\"450\" \/>\n\t<meta property=\"og:image:type\" content=\"image\/jpeg\" \/>\n<meta name=\"author\" content=\"moacir\" \/>\n<meta name=\"twitter:card\" content=\"summary_large_image\" \/>\n<meta name=\"twitter:label1\" content=\"Escrito por\" \/>\n\t<meta name=\"twitter:data1\" content=\"moacir\" \/>\n\t<meta name=\"twitter:label2\" content=\"Est. tempo de leitura\" \/>\n\t<meta name=\"twitter:data2\" content=\"2 minutos\" \/>\n<script type=\"application\/ld+json\" class=\"yoast-schema-graph\">{\"@context\":\"https:\/\/schema.org\",\"@graph\":[{\"@type\":\"WebSite\",\"@id\":\"https:\/\/franciscanos.org.br\/noticias\/#website\",\"url\":\"https:\/\/franciscanos.org.br\/noticias\/\",\"name\":\"Not\u00edcias - Franciscanos\",\"description\":\"Prov\u00edncia Franciscana da Imaculada Concei\u00e7\u00e3o do Brasil - Ordem dos Frades Menores - OFM\",\"potentialAction\":[{\"@type\":\"SearchAction\",\"target\":{\"@type\":\"EntryPoint\",\"urlTemplate\":\"https:\/\/franciscanos.org.br\/noticias\/?s={search_term_string}\"},\"query-input\":\"required name=search_term_string\"}],\"inLanguage\":\"pt-BR\"},{\"@type\":\"ImageObject\",\"inLanguage\":\"pt-BR\",\"@id\":\"https:\/\/franciscanos.org.br\/noticias\/grande-acao-solidaria-no-santuario-espirito-santo-de-vila-velha.html#primaryimage\",\"url\":\"https:\/\/franciscanos.org.br\/noticias\/wp-content\/uploads\/2021\/08\/vila_310821.jpg\",\"contentUrl\":\"https:\/\/franciscanos.org.br\/noticias\/wp-content\/uploads\/2021\/08\/vila_310821.jpg\",\"width\":600,\"height\":450},{\"@type\":\"WebPage\",\"@id\":\"https:\/\/franciscanos.org.br\/noticias\/grande-acao-solidaria-no-santuario-espirito-santo-de-vila-velha.html#webpage\",\"url\":\"https:\/\/franciscanos.org.br\/noticias\/grande-acao-solidaria-no-santuario-espirito-santo-de-vila-velha.html\",\"name\":\"Grande A\u00e7\u00e3o Solid\u00e1ria no Santu\u00e1rio Esp\u00edrito Santo de Vila Velha - Not\u00edcias - Franciscanos\",\"isPartOf\":{\"@id\":\"https:\/\/franciscanos.org.br\/noticias\/#website\"},\"primaryImageOfPage\":{\"@id\":\"https:\/\/franciscanos.org.br\/noticias\/grande-acao-solidaria-no-santuario-espirito-santo-de-vila-velha.html#primaryimage\"},\"datePublished\":\"2021-08-31T17:26:45+00:00\",\"dateModified\":\"2021-08-31T17:48:00+00:00\",\"author\":{\"@id\":\"https:\/\/franciscanos.org.br\/noticias\/#\/schema\/person\/b5c8cba458c330ccff548b056e95a5d4\"},\"breadcrumb\":{\"@id\":\"https:\/\/franciscanos.org.br\/noticias\/grande-acao-solidaria-no-santuario-espirito-santo-de-vila-velha.html#breadcrumb\"},\"inLanguage\":\"pt-BR\",\"potentialAction\":[{\"@type\":\"ReadAction\",\"target\":[\"https:\/\/franciscanos.org.br\/noticias\/grande-acao-solidaria-no-santuario-espirito-santo-de-vila-velha.html\"]}]},{\"@type\":\"BreadcrumbList\",\"@id\":\"https:\/\/franciscanos.org.br\/noticias\/grande-acao-solidaria-no-santuario-espirito-santo-de-vila-velha.html#breadcrumb\",\"itemListElement\":[{\"@type\":\"ListItem\",\"position\":1,\"name\":\"Home\",\"item\":\"https:\/\/franciscanos.org.br\/noticias\"},{\"@type\":\"ListItem\",\"position\":2,\"name\":\"Grande A\u00e7\u00e3o Solid\u00e1ria no Santu\u00e1rio Esp\u00edrito Santo de Vila Velha\"}]},{\"@type\":\"Person\",\"@id\":\"https:\/\/franciscanos.org.br\/noticias\/#\/schema\/person\/b5c8cba458c330ccff548b056e95a5d4\",\"name\":\"moacir\",\"image\":{\"@type\":\"ImageObject\",\"inLanguage\":\"pt-BR\",\"@id\":\"https:\/\/franciscanos.org.br\/noticias\/#\/schema\/person\/image\/\",\"url\":\"https:\/\/secure.gravatar.com\/avatar\/d08aa2ce4c8dd416d4479aa8536fcf64?s=96&d=mm&r=g\",\"contentUrl\":\"https:\/\/secure.gravatar.com\/avatar\/d08aa2ce4c8dd416d4479aa8536fcf64?s=96&d=mm&r=g\",\"caption\":\"moacir\"},\"url\":\"https:\/\/franciscanos.org.br\/noticias\/author\/moacir\"}]}<\/script>\n<!-- \/ Yoast SEO plugin. -->","yoast_head_json":{"title":"Grande A\u00e7\u00e3o Solid\u00e1ria no Santu\u00e1rio Esp\u00edrito Santo de Vila Velha - Not\u00edcias - Franciscanos","robots":{"index":"index","follow":"follow","max-snippet":"max-snippet:-1","max-image-preview":"max-image-preview:large","max-video-preview":"max-video-preview:-1"},"canonical":"https:\/\/franciscanos.org.br\/noticias\/grande-acao-solidaria-no-santuario-espirito-santo-de-vila-velha.html","og_locale":"pt_BR","og_type":"article","og_title":"Grande A\u00e7\u00e3o Solid\u00e1ria no Santu\u00e1rio Esp\u00edrito Santo de Vila Velha - Not\u00edcias - Franciscanos","og_description":"Santu\u00e1rio do Divino Esp\u00edrito Santo","og_url":"https:\/\/franciscanos.org.br\/noticias\/grande-acao-solidaria-no-santuario-espirito-santo-de-vila-velha.html","og_site_name":"Not\u00edcias - Franciscanos","article_published_time":"2021-08-31T17:26:45+00:00","article_modified_time":"2021-08-31T17:48:00+00:00","og_image":[{"width":600,"height":450,"url":"https:\/\/franciscanos.org.br\/noticias\/wp-content\/uploads\/2021\/08\/vila_310821.jpg","type":"image\/jpeg"}],"author":"moacir","twitter_card":"summary_large_image","twitter_misc":{"Escrito por":"moacir","Est. tempo de leitura":"2 minutos"},"schema":{"@context":"https:\/\/schema.org","@graph":[{"@type":"WebSite","@id":"https:\/\/franciscanos.org.br\/noticias\/#website","url":"https:\/\/franciscanos.org.br\/noticias\/","name":"Not\u00edcias - Franciscanos","description":"Prov\u00edncia Franciscana da Imaculada Concei\u00e7\u00e3o do Brasil - Ordem dos Frades Menores - OFM","potentialAction":[{"@type":"SearchAction","target":{"@type":"EntryPoint","urlTemplate":"https:\/\/franciscanos.org.br\/noticias\/?s={search_term_string}"},"query-input":"required name=search_term_string"}],"inLanguage":"pt-BR"},{"@type":"ImageObject","inLanguage":"pt-BR","@id":"https:\/\/franciscanos.org.br\/noticias\/grande-acao-solidaria-no-santuario-espirito-santo-de-vila-velha.html#primaryimage","url":"https:\/\/franciscanos.org.br\/noticias\/wp-content\/uploads\/2021\/08\/vila_310821.jpg","contentUrl":"https:\/\/franciscanos.org.br\/noticias\/wp-content\/uploads\/2021\/08\/vila_310821.jpg","width":600,"height":450},{"@type":"WebPage","@id":"https:\/\/franciscanos.org.br\/noticias\/grande-acao-solidaria-no-santuario-espirito-santo-de-vila-velha.html#webpage","url":"https:\/\/franciscanos.org.br\/noticias\/grande-acao-solidaria-no-santuario-espirito-santo-de-vila-velha.html","name":"Grande A\u00e7\u00e3o Solid\u00e1ria no Santu\u00e1rio Esp\u00edrito Santo de Vila Velha - Not\u00edcias - Franciscanos","isPartOf":{"@id":"https:\/\/franciscanos.org.br\/noticias\/#website"},"primaryImageOfPage":{"@id":"https:\/\/franciscanos.org.br\/noticias\/grande-acao-solidaria-no-santuario-espirito-santo-de-vila-velha.html#primaryimage"},"datePublished":"2021-08-31T17:26:45+00:00","dateModified":"2021-08-31T17:48:00+00:00","author":{"@id":"https:\/\/franciscanos.org.br\/noticias\/#\/schema\/person\/b5c8cba458c330ccff548b056e95a5d4"},"breadcrumb":{"@id":"https:\/\/franciscanos.org.br\/noticias\/grande-acao-solidaria-no-santuario-espirito-santo-de-vila-velha.html#breadcrumb"},"inLanguage":"pt-BR","potentialAction":[{"@type":"ReadAction","target":["https:\/\/franciscanos.org.br\/noticias\/grande-acao-solidaria-no-santuario-espirito-santo-de-vila-velha.html"]}]},{"@type":"BreadcrumbList","@id":"https:\/\/franciscanos.org.br\/noticias\/grande-acao-solidaria-no-santuario-espirito-santo-de-vila-velha.html#breadcrumb","itemListElement":[{"@type":"ListItem","position":1,"name":"Home","item":"https:\/\/franciscanos.org.br\/noticias"},{"@type":"ListItem","position":2,"name":"Grande A\u00e7\u00e3o Solid\u00e1ria no Santu\u00e1rio Esp\u00edrito Santo de Vila Velha"}]},{"@type":"Person","@id":"https:\/\/franciscanos.org.br\/noticias\/#\/schema\/person\/b5c8cba458c330ccff548b056e95a5d4","name":"moacir","image":{"@type":"ImageObject","inLanguage":"pt-BR","@id":"https:\/\/franciscanos.org.br\/noticias\/#\/schema\/person\/image\/","url":"https:\/\/secure.gravatar.com\/avatar\/d08aa2ce4c8dd416d4479aa8536fcf64?s=96&d=mm&r=g","contentUrl":"https:\/\/secure.gravatar.com\/avatar\/d08aa2ce4c8dd416d4479aa8536fcf64?s=96&d=mm&r=g","caption":"moacir"},"url":"https:\/\/franciscanos.org.br\/noticias\/author\/moacir"}]}},"_links":{"self":[{"href":"https:\/\/franciscanos.org.br\/noticias\/wp-json\/wp\/v2\/posts\/234123"}],"collection":[{"href":"https:\/\/franciscanos.org.br\/noticias\/wp-json\/wp\/v2\/posts"}],"about":[{"href":"https:\/\/franciscanos.org.br\/noticias\/wp-json\/wp\/v2\/types\/post"}],"author":[{"embeddable":true,"href":"https:\/\/franciscanos.org.br\/noticias\/wp-json\/wp\/v2\/users\/3"}],"replies":[{"embeddable":true,"href":"https:\/\/franciscanos.org.br\/noticias\/wp-json\/wp\/v2\/comments?post=234123"}],"version-history":[{"count":2,"href":"https:\/\/franciscanos.org.br\/noticias\/wp-json\/wp\/v2\/posts\/234123\/revisions"}],"predecessor-version":[{"id":234134,"href":"https:\/\/franciscanos.org.br\/noticias\/wp-json\/wp\/v2\/posts\/234123\/revisions\/234134"}],"wp:featuredmedia":[{"embeddable":true,"href":"https:\/\/franciscanos.org.br\/noticias\/wp-json\/wp\/v2\/media\/234129"}],"wp:attachment":[{"href":"https:\/\/franciscanos.org.br\/noticias\/wp-json\/wp\/v2\/media?parent=234123"}],"wp:term":[{"taxonomy":"category","embeddable":true,"href":"https:\/\/franciscanos.org.br\/noticias\/wp-json\/wp\/v2\/categories?post=234123"},{"taxonomy":"post_tag","embeddable":true,"href":"https:\/\/franciscanos.org.br\/noticias\/wp-json\/wp\/v2\/tags?post=234123"}],"curies":[{"name":"wp","href":"https:\/\/api.w.org\/{rel}","templated":true}]}}