{"id":234118,"date":"2021-08-31T10:59:04","date_gmt":"2021-08-31T13:59:04","guid":{"rendered":"https:\/\/franciscanos.org.br\/noticias\/?p=234118"},"modified":"2021-08-31T10:59:04","modified_gmt":"2021-08-31T13:59:04","slug":"argentina-frei-mamerto-esquiu-sera-beatificado-em-4-de-setembro","status":"publish","type":"post","link":"https:\/\/franciscanos.org.br\/noticias\/argentina-frei-mamerto-esquiu-sera-beatificado-em-4-de-setembro.html","title":{"rendered":"Argentina: Frei Mamerto Esqui\u00fa ser\u00e1 beatificado em 4 de setembro"},"content":{"rendered":"<div id=\"attachment_234119\" style=\"width: 1010px\" class=\"wp-caption alignnone\"><img aria-describedby=\"caption-attachment-234119\" loading=\"lazy\" class=\"wp-image-234119 size-full\" src=\"https:\/\/franciscanos.org.br\/noticias\/wp-content\/uploads\/2021\/08\/frei_mamerto_310821.jpg\" alt=\"\" width=\"1000\" height=\"563\" srcset=\"https:\/\/franciscanos.org.br\/noticias\/wp-content\/uploads\/2021\/08\/frei_mamerto_310821.jpg 1000w, https:\/\/franciscanos.org.br\/noticias\/wp-content\/uploads\/2021\/08\/frei_mamerto_310821-450x253.jpg 450w, https:\/\/franciscanos.org.br\/noticias\/wp-content\/uploads\/2021\/08\/frei_mamerto_310821-768x432.jpg 768w, https:\/\/franciscanos.org.br\/noticias\/wp-content\/uploads\/2021\/08\/frei_mamerto_310821-150x84.jpg 150w\" sizes=\"(max-width: 1000px) 100vw, 1000px\" \/><p id=\"caption-attachment-234119\" class=\"wp-caption-text\">\u00a0 \u00a0 \u00a0 \u00a0 \u00a0 \u00a0 \u00a0 \u00a0 \u00a0 \u00a0 \u00a0 \u00a0 \u00a0 \u00a0 \u00a0 \u00a0 \u00a0 <em>\u00a0 \u00a0Imagem: Acervo da Prov\u00edncia fa Assun\u00e7\u00e3o da Bem-aventurada Virgem do Rio da Prata<\/em><\/p><\/div>\n<p>Um homem que &#8220;sabia como responder aos desafios de seu tempo&#8221;. Com estas palavras o ministro da Prov\u00edncia franciscana da Assun\u00e7\u00e3o da Bem-aventurada Virgem do Rio da Prata, na Argentina, Frei Emilio Andrada, define a principal caracter\u00edstica de seu confrade, Frei Mamerto Esqui\u00fa (1826- 1883), que ser\u00e1 beatificado no pr\u00f3ximo s\u00e1bado, 4 de setembro. A cerim\u00f4nia ter\u00e1 lugar na esplanada da Igreja de \u201cSan Jos\u00e9 de Piedra Blanca\u201d, em Catamarca.<\/p>\n<p>\u201cA fraternidade e minoridade s\u00e3o tra\u00e7os distintivos da espiritualidade franciscana &#8211; explica o ministro provincial -. Frei Mamerto Esqui\u00fa se distinguiu em ambos os aspectos: no primeiro, porque foi um protagonista ativo da restaura\u00e7\u00e3o da vida comunit\u00e1ria dos franciscanos de seu tempo; na minoridade, porque quando a fama o fez correr o risco de ficar &#8216;confort\u00e1vel&#8217; na sociedade de seu tempo, fugiu e preferiu uma vida de ora\u00e7\u00e3o, estudo e miss\u00e3o em Tarija, na Bol\u00edvia, por cinco anos\u201d.<\/p>\n<p>Ao mesmo tempo, acrescenta Frei Emilio, Frei Mamerto sabia enfrentar os desafios de sua \u00e9poca e n\u00e3o tinha o temor de &#8220;dizer aos dirigentes do pa\u00eds o que era mais apropriado fazer&#8221;, em um per\u00edodo hist\u00f3rico em que a Argentina havia conquistado recentemente sua independ\u00eancia.<\/p>\n<p>\u201cFoi obediente \u00e0 Ordem e filho fiel da Igreja\u201d, continua o ministro provincial, fala de alguns pormenores da beatifica\u00e7\u00e3o: \u201cNa nossa igreja de &#8216;San Francisco de Catamarca&#8217;, onde ser\u00e1 aben\u00e7oado um altar em honra a Frei &#8216;Esqui\u00fa, tamb\u00e9m ser\u00e1 colocada uma rel\u00edquia formada por uma part\u00edcula de seu cora\u00e7\u00e3o.&#8221;<\/p>\n<p>Trata-se de um fragmento particularmente precioso, porque a rel\u00edquia inteira do cora\u00e7\u00e3o foi roubada e nunca mais encontrada. Aquilo que resta, portanto, \u00e9 somente esta pequena part\u00edcula. Por fim, Frei Andrada reitera desde j\u00e1 o compromisso da Ordem Franciscana de trabalhar pela canoniza\u00e7\u00e3o do falecido confrade, que foi &#8220;um de n\u00f3s e nos mostrou um caminho v\u00e1lido para alcan\u00e7ar a santidade&#8221;.<\/p>\n<p>Nascido em 11 de maio de 1826 em San Jos\u00e9 de Piedra Blanca, Mamerto de la Ascensi\u00f3n Esqui\u00fa recebeu a f\u00e9 e a devo\u00e7\u00e3o a S\u00e3o Francisco de Assis desde os 5 anos, gra\u00e7as aos ensinamentos maternos. Ingressou na Ordem dos Frades Menores e em 31 de maio de 1836 iniciou os estudos e o noviciado no convento franciscano de Catamarca. Em 1842 emitiu a profiss\u00e3o solene na Ordem, sendo ordenado sacerdote em 18 de outubro de 1848.<\/p>\n<p>Ap\u00f3s uma breve experi\u00eancia no mundo da escola, trabalhou no \u00e2mbito da conc\u00f3rdia social e da unidade do povo argentino nos dif\u00edceis anos da guerra que, em pleno ano de 1800, levou \u00e0 forma\u00e7\u00e3o do pa\u00eds moderno. \u00c9 famoso seu serm\u00e3o proferido durante a celebra\u00e7\u00e3o do &#8220;Juramento da Constitui\u00e7\u00e3o&#8221; em 9 de julho de 1853, centrado na ora\u00e7\u00e3o pela uni\u00e3o de todo o povo argentino, que o presidente Justo Jos\u00e9 de Urquizalod\u00f2 mandou imprimir e distribuir em todo o pa\u00eds.<\/p>\n<p>Em seu minist\u00e9rio, o religioso se destacou por sua doutrina e autoridade, propondo a santidade como cora\u00e7\u00e3o da vida sacerdotal e do compromisso crist\u00e3o. Fundamento de sua extraordin\u00e1ria atividade pastoral \u00e9 a intensa vida de ora\u00e7\u00e3o e uni\u00e3o com Cristo.<\/p>\n<p>Nomeado bispo de C\u00f3rdoba em 1880, faleceu em 10 de janeiro de 1883, provado pelo desgaste e fadiga. Foi declarado Vener\u00e1vel em 2006, enquanto em 19 de junho de 2020 o Papa Francisco autorizou a Congrega\u00e7\u00e3o para as Causas dos Santos a promulgar o decreto sobre um milagre atribu\u00eddo \u00e0 sua intercess\u00e3o, dando assim o nulla osta para sua futura beatifica\u00e7\u00e3o. O milagre ocorreu na Diocese de Tucum\u00e1n, Argentina, em 2016, em uma menina com grave osteomielite do f\u00eamur.<\/p>\n<p>E ser\u00e1 o arcebispo em\u00e9rito de Tucum\u00e1n, cardeal Luis H\u00e9ctor Villalba, a presidir a cerim\u00f4nia de beatifica\u00e7\u00e3o no pr\u00f3ximo s\u00e1bado. Para o dia seguinte, est\u00e3o previstas duas Missas de A\u00e7\u00e3o de Gra\u00e7as: a primeira na Bas\u00edlica de Catamarca, presidida pelo bispo local, Dom Luis Urbanc, enquanto a segunda ser\u00e1 na Catedral de C\u00f3rdoba.<\/p>\n<p>A recordar que no dia 10 de janeiro a Diocese de Catamarca inaugurou um ano especial dedicado a frei Mamerto. A data foi escolhida para comemorar o 138\u00ba anivers\u00e1rio da morte do religioso.<\/p>\n<hr \/>\n<p><em>Fonte: Vatican News (texto de Isabella Piro )<\/em><\/p>\n","protected":false},"excerpt":{"rendered":"<p>Confer\u00eancia dos Frades Menores do Brasil e Cone Sul<\/p>\n","protected":false},"author":3,"featured_media":234120,"comment_status":"open","ping_status":"open","sticky":false,"template":"","format":"standard","meta":[],"categories":[1],"tags":[397],"acf":[],"yoast_head":"<!-- This site is optimized with the Yoast SEO plugin v19.2 - https:\/\/yoast.com\/wordpress\/plugins\/seo\/ -->\n<title>Argentina: Frei Mamerto Esqui\u00fa ser\u00e1 beatificado em 4 de setembro - Not\u00edcias - Franciscanos<\/title>\n<meta name=\"robots\" content=\"index, follow, max-snippet:-1, max-image-preview:large, max-video-preview:-1\" \/>\n<link rel=\"canonical\" href=\"https:\/\/franciscanos.org.br\/noticias\/argentina-frei-mamerto-esquiu-sera-beatificado-em-4-de-setembro.html\" \/>\n<meta property=\"og:locale\" content=\"pt_BR\" \/>\n<meta property=\"og:type\" content=\"article\" \/>\n<meta property=\"og:title\" content=\"Argentina: Frei Mamerto Esqui\u00fa ser\u00e1 beatificado em 4 de setembro - Not\u00edcias - Franciscanos\" \/>\n<meta property=\"og:description\" content=\"Confer\u00eancia dos Frades Menores do Brasil e Cone Sul\" \/>\n<meta property=\"og:url\" content=\"https:\/\/franciscanos.org.br\/noticias\/argentina-frei-mamerto-esquiu-sera-beatificado-em-4-de-setembro.html\" \/>\n<meta property=\"og:site_name\" content=\"Not\u00edcias - Franciscanos\" \/>\n<meta property=\"article:published_time\" content=\"2021-08-31T13:59:04+00:00\" \/>\n<meta property=\"og:image\" content=\"https:\/\/franciscanos.org.br\/noticias\/wp-content\/uploads\/2021\/08\/frei_mamerto_310821d.jpg\" \/>\n\t<meta property=\"og:image:width\" content=\"800\" \/>\n\t<meta property=\"og:image:height\" content=\"500\" \/>\n\t<meta property=\"og:image:type\" content=\"image\/jpeg\" \/>\n<meta name=\"author\" content=\"moacir\" \/>\n<meta name=\"twitter:card\" content=\"summary_large_image\" \/>\n<meta name=\"twitter:label1\" content=\"Escrito por\" \/>\n\t<meta name=\"twitter:data1\" content=\"moacir\" \/>\n\t<meta name=\"twitter:label2\" content=\"Est. tempo de leitura\" \/>\n\t<meta name=\"twitter:data2\" content=\"4 minutos\" \/>\n<script type=\"application\/ld+json\" class=\"yoast-schema-graph\">{\"@context\":\"https:\/\/schema.org\",\"@graph\":[{\"@type\":\"WebSite\",\"@id\":\"https:\/\/franciscanos.org.br\/noticias\/#website\",\"url\":\"https:\/\/franciscanos.org.br\/noticias\/\",\"name\":\"Not\u00edcias - Franciscanos\",\"description\":\"Prov\u00edncia Franciscana da Imaculada Concei\u00e7\u00e3o do Brasil - Ordem dos Frades Menores - OFM\",\"potentialAction\":[{\"@type\":\"SearchAction\",\"target\":{\"@type\":\"EntryPoint\",\"urlTemplate\":\"https:\/\/franciscanos.org.br\/noticias\/?s={search_term_string}\"},\"query-input\":\"required name=search_term_string\"}],\"inLanguage\":\"pt-BR\"},{\"@type\":\"ImageObject\",\"inLanguage\":\"pt-BR\",\"@id\":\"https:\/\/franciscanos.org.br\/noticias\/argentina-frei-mamerto-esquiu-sera-beatificado-em-4-de-setembro.html#primaryimage\",\"url\":\"https:\/\/franciscanos.org.br\/noticias\/wp-content\/uploads\/2021\/08\/frei_mamerto_310821d.jpg\",\"contentUrl\":\"https:\/\/franciscanos.org.br\/noticias\/wp-content\/uploads\/2021\/08\/frei_mamerto_310821d.jpg\",\"width\":800,\"height\":500},{\"@type\":\"WebPage\",\"@id\":\"https:\/\/franciscanos.org.br\/noticias\/argentina-frei-mamerto-esquiu-sera-beatificado-em-4-de-setembro.html#webpage\",\"url\":\"https:\/\/franciscanos.org.br\/noticias\/argentina-frei-mamerto-esquiu-sera-beatificado-em-4-de-setembro.html\",\"name\":\"Argentina: Frei Mamerto Esqui\u00fa ser\u00e1 beatificado em 4 de setembro - Not\u00edcias - Franciscanos\",\"isPartOf\":{\"@id\":\"https:\/\/franciscanos.org.br\/noticias\/#website\"},\"primaryImageOfPage\":{\"@id\":\"https:\/\/franciscanos.org.br\/noticias\/argentina-frei-mamerto-esquiu-sera-beatificado-em-4-de-setembro.html#primaryimage\"},\"datePublished\":\"2021-08-31T13:59:04+00:00\",\"dateModified\":\"2021-08-31T13:59:04+00:00\",\"author\":{\"@id\":\"https:\/\/franciscanos.org.br\/noticias\/#\/schema\/person\/b5c8cba458c330ccff548b056e95a5d4\"},\"breadcrumb\":{\"@id\":\"https:\/\/franciscanos.org.br\/noticias\/argentina-frei-mamerto-esquiu-sera-beatificado-em-4-de-setembro.html#breadcrumb\"},\"inLanguage\":\"pt-BR\",\"potentialAction\":[{\"@type\":\"ReadAction\",\"target\":[\"https:\/\/franciscanos.org.br\/noticias\/argentina-frei-mamerto-esquiu-sera-beatificado-em-4-de-setembro.html\"]}]},{\"@type\":\"BreadcrumbList\",\"@id\":\"https:\/\/franciscanos.org.br\/noticias\/argentina-frei-mamerto-esquiu-sera-beatificado-em-4-de-setembro.html#breadcrumb\",\"itemListElement\":[{\"@type\":\"ListItem\",\"position\":1,\"name\":\"Home\",\"item\":\"https:\/\/franciscanos.org.br\/noticias\"},{\"@type\":\"ListItem\",\"position\":2,\"name\":\"Argentina: Frei Mamerto Esqui\u00fa ser\u00e1 beatificado em 4 de setembro\"}]},{\"@type\":\"Person\",\"@id\":\"https:\/\/franciscanos.org.br\/noticias\/#\/schema\/person\/b5c8cba458c330ccff548b056e95a5d4\",\"name\":\"moacir\",\"image\":{\"@type\":\"ImageObject\",\"inLanguage\":\"pt-BR\",\"@id\":\"https:\/\/franciscanos.org.br\/noticias\/#\/schema\/person\/image\/\",\"url\":\"https:\/\/secure.gravatar.com\/avatar\/d08aa2ce4c8dd416d4479aa8536fcf64?s=96&d=mm&r=g\",\"contentUrl\":\"https:\/\/secure.gravatar.com\/avatar\/d08aa2ce4c8dd416d4479aa8536fcf64?s=96&d=mm&r=g\",\"caption\":\"moacir\"},\"url\":\"https:\/\/franciscanos.org.br\/noticias\/author\/moacir\"}]}<\/script>\n<!-- \/ Yoast SEO plugin. -->","yoast_head_json":{"title":"Argentina: Frei Mamerto Esqui\u00fa ser\u00e1 beatificado em 4 de setembro - Not\u00edcias - Franciscanos","robots":{"index":"index","follow":"follow","max-snippet":"max-snippet:-1","max-image-preview":"max-image-preview:large","max-video-preview":"max-video-preview:-1"},"canonical":"https:\/\/franciscanos.org.br\/noticias\/argentina-frei-mamerto-esquiu-sera-beatificado-em-4-de-setembro.html","og_locale":"pt_BR","og_type":"article","og_title":"Argentina: Frei Mamerto Esqui\u00fa ser\u00e1 beatificado em 4 de setembro - Not\u00edcias - Franciscanos","og_description":"Confer\u00eancia dos Frades Menores do Brasil e Cone Sul","og_url":"https:\/\/franciscanos.org.br\/noticias\/argentina-frei-mamerto-esquiu-sera-beatificado-em-4-de-setembro.html","og_site_name":"Not\u00edcias - Franciscanos","article_published_time":"2021-08-31T13:59:04+00:00","og_image":[{"width":800,"height":500,"url":"https:\/\/franciscanos.org.br\/noticias\/wp-content\/uploads\/2021\/08\/frei_mamerto_310821d.jpg","type":"image\/jpeg"}],"author":"moacir","twitter_card":"summary_large_image","twitter_misc":{"Escrito por":"moacir","Est. tempo de leitura":"4 minutos"},"schema":{"@context":"https:\/\/schema.org","@graph":[{"@type":"WebSite","@id":"https:\/\/franciscanos.org.br\/noticias\/#website","url":"https:\/\/franciscanos.org.br\/noticias\/","name":"Not\u00edcias - Franciscanos","description":"Prov\u00edncia Franciscana da Imaculada Concei\u00e7\u00e3o do Brasil - Ordem dos Frades Menores - OFM","potentialAction":[{"@type":"SearchAction","target":{"@type":"EntryPoint","urlTemplate":"https:\/\/franciscanos.org.br\/noticias\/?s={search_term_string}"},"query-input":"required name=search_term_string"}],"inLanguage":"pt-BR"},{"@type":"ImageObject","inLanguage":"pt-BR","@id":"https:\/\/franciscanos.org.br\/noticias\/argentina-frei-mamerto-esquiu-sera-beatificado-em-4-de-setembro.html#primaryimage","url":"https:\/\/franciscanos.org.br\/noticias\/wp-content\/uploads\/2021\/08\/frei_mamerto_310821d.jpg","contentUrl":"https:\/\/franciscanos.org.br\/noticias\/wp-content\/uploads\/2021\/08\/frei_mamerto_310821d.jpg","width":800,"height":500},{"@type":"WebPage","@id":"https:\/\/franciscanos.org.br\/noticias\/argentina-frei-mamerto-esquiu-sera-beatificado-em-4-de-setembro.html#webpage","url":"https:\/\/franciscanos.org.br\/noticias\/argentina-frei-mamerto-esquiu-sera-beatificado-em-4-de-setembro.html","name":"Argentina: Frei Mamerto Esqui\u00fa ser\u00e1 beatificado em 4 de setembro - Not\u00edcias - Franciscanos","isPartOf":{"@id":"https:\/\/franciscanos.org.br\/noticias\/#website"},"primaryImageOfPage":{"@id":"https:\/\/franciscanos.org.br\/noticias\/argentina-frei-mamerto-esquiu-sera-beatificado-em-4-de-setembro.html#primaryimage"},"datePublished":"2021-08-31T13:59:04+00:00","dateModified":"2021-08-31T13:59:04+00:00","author":{"@id":"https:\/\/franciscanos.org.br\/noticias\/#\/schema\/person\/b5c8cba458c330ccff548b056e95a5d4"},"breadcrumb":{"@id":"https:\/\/franciscanos.org.br\/noticias\/argentina-frei-mamerto-esquiu-sera-beatificado-em-4-de-setembro.html#breadcrumb"},"inLanguage":"pt-BR","potentialAction":[{"@type":"ReadAction","target":["https:\/\/franciscanos.org.br\/noticias\/argentina-frei-mamerto-esquiu-sera-beatificado-em-4-de-setembro.html"]}]},{"@type":"BreadcrumbList","@id":"https:\/\/franciscanos.org.br\/noticias\/argentina-frei-mamerto-esquiu-sera-beatificado-em-4-de-setembro.html#breadcrumb","itemListElement":[{"@type":"ListItem","position":1,"name":"Home","item":"https:\/\/franciscanos.org.br\/noticias"},{"@type":"ListItem","position":2,"name":"Argentina: Frei Mamerto Esqui\u00fa ser\u00e1 beatificado em 4 de setembro"}]},{"@type":"Person","@id":"https:\/\/franciscanos.org.br\/noticias\/#\/schema\/person\/b5c8cba458c330ccff548b056e95a5d4","name":"moacir","image":{"@type":"ImageObject","inLanguage":"pt-BR","@id":"https:\/\/franciscanos.org.br\/noticias\/#\/schema\/person\/image\/","url":"https:\/\/secure.gravatar.com\/avatar\/d08aa2ce4c8dd416d4479aa8536fcf64?s=96&d=mm&r=g","contentUrl":"https:\/\/secure.gravatar.com\/avatar\/d08aa2ce4c8dd416d4479aa8536fcf64?s=96&d=mm&r=g","caption":"moacir"},"url":"https:\/\/franciscanos.org.br\/noticias\/author\/moacir"}]}},"_links":{"self":[{"href":"https:\/\/franciscanos.org.br\/noticias\/wp-json\/wp\/v2\/posts\/234118"}],"collection":[{"href":"https:\/\/franciscanos.org.br\/noticias\/wp-json\/wp\/v2\/posts"}],"about":[{"href":"https:\/\/franciscanos.org.br\/noticias\/wp-json\/wp\/v2\/types\/post"}],"author":[{"embeddable":true,"href":"https:\/\/franciscanos.org.br\/noticias\/wp-json\/wp\/v2\/users\/3"}],"replies":[{"embeddable":true,"href":"https:\/\/franciscanos.org.br\/noticias\/wp-json\/wp\/v2\/comments?post=234118"}],"version-history":[{"count":1,"href":"https:\/\/franciscanos.org.br\/noticias\/wp-json\/wp\/v2\/posts\/234118\/revisions"}],"predecessor-version":[{"id":234121,"href":"https:\/\/franciscanos.org.br\/noticias\/wp-json\/wp\/v2\/posts\/234118\/revisions\/234121"}],"wp:featuredmedia":[{"embeddable":true,"href":"https:\/\/franciscanos.org.br\/noticias\/wp-json\/wp\/v2\/media\/234120"}],"wp:attachment":[{"href":"https:\/\/franciscanos.org.br\/noticias\/wp-json\/wp\/v2\/media?parent=234118"}],"wp:term":[{"taxonomy":"category","embeddable":true,"href":"https:\/\/franciscanos.org.br\/noticias\/wp-json\/wp\/v2\/categories?post=234118"},{"taxonomy":"post_tag","embeddable":true,"href":"https:\/\/franciscanos.org.br\/noticias\/wp-json\/wp\/v2\/tags?post=234118"}],"curies":[{"name":"wp","href":"https:\/\/api.w.org\/{rel}","templated":true}]}}