{"id":234111,"date":"2021-08-30T16:36:42","date_gmt":"2021-08-30T19:36:42","guid":{"rendered":"https:\/\/franciscanos.org.br\/noticias\/?p=234111"},"modified":"2021-08-30T16:36:48","modified_gmt":"2021-08-30T19:36:48","slug":"usf-encerra-mes-vocacional-com-celebracao-eucaristica","status":"publish","type":"post","link":"https:\/\/franciscanos.org.br\/noticias\/usf-encerra-mes-vocacional-com-celebracao-eucaristica.html","title":{"rendered":"USF encerra M\u00eas Vocacional com Celebra\u00e7\u00e3o Eucar\u00edstica"},"content":{"rendered":"<p><img loading=\"lazy\" class=\"alignnone size-full wp-image-234112\" src=\"https:\/\/franciscanos.org.br\/noticias\/wp-content\/uploads\/2021\/08\/usf_missa_300821.jpg\" alt=\"\" width=\"1012\" height=\"491\" srcset=\"https:\/\/franciscanos.org.br\/noticias\/wp-content\/uploads\/2021\/08\/usf_missa_300821.jpg 1012w, https:\/\/franciscanos.org.br\/noticias\/wp-content\/uploads\/2021\/08\/usf_missa_300821-450x218.jpg 450w, https:\/\/franciscanos.org.br\/noticias\/wp-content\/uploads\/2021\/08\/usf_missa_300821-768x373.jpg 768w, https:\/\/franciscanos.org.br\/noticias\/wp-content\/uploads\/2021\/08\/usf_missa_300821-150x73.jpg 150w\" sizes=\"(max-width: 1012px) 100vw, 1012px\" \/><\/p>\n<p>Agosto \u00e9 tradicionalmente o m\u00eas dedicado \u00e0s voca\u00e7\u00f5es, no qual suplicamos com a Igreja, santas voca\u00e7\u00f5es para sua messe. A Pastoral Universit\u00e1ria da USF, encerrou o m\u00eas das voca\u00e7\u00f5es celebrando na sexta-feira dia 27, a Santa Missa nesta inten\u00e7\u00e3o.<\/p>\n<p>Presidiu a celebra\u00e7\u00e3o Frei Alvaci Mendes da Luz, que ressaltou a import\u00e2ncia de cada um escutar e colocar em pr\u00e1tica a sua voca\u00e7\u00e3o, seguindo com perseveran\u00e7a na ora\u00e7\u00e3o, na f\u00e9, na cren\u00e7a da escolha feita. Destacou que no dia de Santa M\u00f4nica podemos seguir seu grande exemplo de \u201cM\u00e3e da perseveran\u00e7a na Ora\u00e7\u00e3o, que nos ajuda tamb\u00e9m a ser perseverantes em nossas escolhas\u201d. Como animador vocacional local do SAV (Servi\u00e7o de Anima\u00e7\u00e3o Vocacional) Frei Alvaci recordou todas as voca\u00e7\u00f5es Franciscanas, em especial os seminaristas e vocacionados \u00e0 vida Franciscana.<\/p>\n<p>\u201cVoca\u00e7\u00e3o \u00e9 escutar uma inspira\u00e7\u00e3o para a pr\u00f3pria vida, com uma proposta inspirada pelo Conc\u00edlio Vaticano II, em que cada um no estado de vida que escolheu tem os melhores meios para se chegar a perfei\u00e7\u00e3o, e o estado de vida, \u00e9 estar tomado por uma grande inspira\u00e7\u00e3o por uma grande convoca\u00e7\u00e3o\u201d rememorou encerrando a celebra\u00e7\u00e3o, Frei Vitorio Mazzuco.<\/p>\n<p><img loading=\"lazy\" class=\"alignnone size-full wp-image-234113\" src=\"https:\/\/franciscanos.org.br\/noticias\/wp-content\/uploads\/2021\/08\/usf_missa_300821_2.jpg\" alt=\"\" width=\"947\" height=\"492\" srcset=\"https:\/\/franciscanos.org.br\/noticias\/wp-content\/uploads\/2021\/08\/usf_missa_300821_2.jpg 947w, https:\/\/franciscanos.org.br\/noticias\/wp-content\/uploads\/2021\/08\/usf_missa_300821_2-450x234.jpg 450w, https:\/\/franciscanos.org.br\/noticias\/wp-content\/uploads\/2021\/08\/usf_missa_300821_2-768x399.jpg 768w, https:\/\/franciscanos.org.br\/noticias\/wp-content\/uploads\/2021\/08\/usf_missa_300821_2-150x78.jpg 150w\" sizes=\"(max-width: 947px) 100vw, 947px\" \/><\/p>\n<p>Como s\u00faplica de toda comunidade acad\u00eamica nas inten\u00e7\u00f5es da voca\u00e7\u00e3o foi rezada a ora\u00e7\u00e3o de S\u00e3o Paulo VI, pelas voca\u00e7\u00f5es: \u201cJesus, Mestre Divino, que chamastes os Ap\u00f3stolos a vos seguirem, continuai a passar pelos nossos caminhos, pelas nossas fam\u00edlias, pelas nossas escolas e continuai a repetir o convite a muitos de nossos jovens. Dai coragem \u00e0s pessoas convidadas. Dai for\u00e7a para que vos sejam fi\u00e9is como ap\u00f3stolos leigos, como sacerdotes, como religiosos e religiosas, para o bem do povo de Deus e de toda humanidade. Am\u00e9m.<\/p>\n<hr \/>\n<p><em>Rosa Maria Santos, pela Pastoral Universit\u00e1ria<\/em><\/p>\n","protected":false},"excerpt":{"rendered":"<p>Universidade S\u00e3o Francisco<\/p>\n","protected":false},"author":3,"featured_media":234114,"comment_status":"open","ping_status":"open","sticky":false,"template":"","format":"standard","meta":[],"categories":[1],"tags":[354],"acf":[],"yoast_head":"<!-- This site is optimized with the Yoast SEO plugin v19.2 - https:\/\/yoast.com\/wordpress\/plugins\/seo\/ -->\n<title>USF encerra M\u00eas Vocacional com Celebra\u00e7\u00e3o Eucar\u00edstica - Not\u00edcias - Franciscanos<\/title>\n<meta name=\"robots\" content=\"index, follow, max-snippet:-1, max-image-preview:large, max-video-preview:-1\" \/>\n<link rel=\"canonical\" href=\"https:\/\/franciscanos.org.br\/noticias\/usf-encerra-mes-vocacional-com-celebracao-eucaristica.html\" \/>\n<meta property=\"og:locale\" content=\"pt_BR\" \/>\n<meta property=\"og:type\" content=\"article\" \/>\n<meta property=\"og:title\" content=\"USF encerra M\u00eas Vocacional com Celebra\u00e7\u00e3o Eucar\u00edstica - Not\u00edcias - Franciscanos\" \/>\n<meta property=\"og:description\" content=\"Universidade S\u00e3o Francisco\" \/>\n<meta property=\"og:url\" content=\"https:\/\/franciscanos.org.br\/noticias\/usf-encerra-mes-vocacional-com-celebracao-eucaristica.html\" \/>\n<meta property=\"og:site_name\" content=\"Not\u00edcias - Franciscanos\" \/>\n<meta property=\"article:published_time\" content=\"2021-08-30T19:36:42+00:00\" \/>\n<meta property=\"article:modified_time\" content=\"2021-08-30T19:36:48+00:00\" \/>\n<meta property=\"og:image\" content=\"https:\/\/franciscanos.org.br\/noticias\/wp-content\/uploads\/2021\/08\/missa_usf_3008d.jpg\" \/>\n\t<meta property=\"og:image:width\" content=\"800\" \/>\n\t<meta property=\"og:image:height\" content=\"550\" \/>\n\t<meta property=\"og:image:type\" content=\"image\/jpeg\" \/>\n<meta name=\"author\" content=\"moacir\" \/>\n<meta name=\"twitter:card\" content=\"summary_large_image\" \/>\n<meta name=\"twitter:label1\" content=\"Escrito por\" \/>\n\t<meta name=\"twitter:data1\" content=\"moacir\" \/>\n\t<meta name=\"twitter:label2\" content=\"Est. tempo de leitura\" \/>\n\t<meta name=\"twitter:data2\" content=\"2 minutos\" \/>\n<script type=\"application\/ld+json\" class=\"yoast-schema-graph\">{\"@context\":\"https:\/\/schema.org\",\"@graph\":[{\"@type\":\"WebSite\",\"@id\":\"https:\/\/franciscanos.org.br\/noticias\/#website\",\"url\":\"https:\/\/franciscanos.org.br\/noticias\/\",\"name\":\"Not\u00edcias - Franciscanos\",\"description\":\"Prov\u00edncia Franciscana da Imaculada Concei\u00e7\u00e3o do Brasil - Ordem dos Frades Menores - OFM\",\"potentialAction\":[{\"@type\":\"SearchAction\",\"target\":{\"@type\":\"EntryPoint\",\"urlTemplate\":\"https:\/\/franciscanos.org.br\/noticias\/?s={search_term_string}\"},\"query-input\":\"required name=search_term_string\"}],\"inLanguage\":\"pt-BR\"},{\"@type\":\"ImageObject\",\"inLanguage\":\"pt-BR\",\"@id\":\"https:\/\/franciscanos.org.br\/noticias\/usf-encerra-mes-vocacional-com-celebracao-eucaristica.html#primaryimage\",\"url\":\"https:\/\/franciscanos.org.br\/noticias\/wp-content\/uploads\/2021\/08\/missa_usf_3008d.jpg\",\"contentUrl\":\"https:\/\/franciscanos.org.br\/noticias\/wp-content\/uploads\/2021\/08\/missa_usf_3008d.jpg\",\"width\":800,\"height\":550},{\"@type\":\"WebPage\",\"@id\":\"https:\/\/franciscanos.org.br\/noticias\/usf-encerra-mes-vocacional-com-celebracao-eucaristica.html#webpage\",\"url\":\"https:\/\/franciscanos.org.br\/noticias\/usf-encerra-mes-vocacional-com-celebracao-eucaristica.html\",\"name\":\"USF encerra M\u00eas Vocacional com Celebra\u00e7\u00e3o Eucar\u00edstica - Not\u00edcias - Franciscanos\",\"isPartOf\":{\"@id\":\"https:\/\/franciscanos.org.br\/noticias\/#website\"},\"primaryImageOfPage\":{\"@id\":\"https:\/\/franciscanos.org.br\/noticias\/usf-encerra-mes-vocacional-com-celebracao-eucaristica.html#primaryimage\"},\"datePublished\":\"2021-08-30T19:36:42+00:00\",\"dateModified\":\"2021-08-30T19:36:48+00:00\",\"author\":{\"@id\":\"https:\/\/franciscanos.org.br\/noticias\/#\/schema\/person\/b5c8cba458c330ccff548b056e95a5d4\"},\"breadcrumb\":{\"@id\":\"https:\/\/franciscanos.org.br\/noticias\/usf-encerra-mes-vocacional-com-celebracao-eucaristica.html#breadcrumb\"},\"inLanguage\":\"pt-BR\",\"potentialAction\":[{\"@type\":\"ReadAction\",\"target\":[\"https:\/\/franciscanos.org.br\/noticias\/usf-encerra-mes-vocacional-com-celebracao-eucaristica.html\"]}]},{\"@type\":\"BreadcrumbList\",\"@id\":\"https:\/\/franciscanos.org.br\/noticias\/usf-encerra-mes-vocacional-com-celebracao-eucaristica.html#breadcrumb\",\"itemListElement\":[{\"@type\":\"ListItem\",\"position\":1,\"name\":\"Home\",\"item\":\"https:\/\/franciscanos.org.br\/noticias\"},{\"@type\":\"ListItem\",\"position\":2,\"name\":\"USF encerra M\u00eas Vocacional com Celebra\u00e7\u00e3o Eucar\u00edstica\"}]},{\"@type\":\"Person\",\"@id\":\"https:\/\/franciscanos.org.br\/noticias\/#\/schema\/person\/b5c8cba458c330ccff548b056e95a5d4\",\"name\":\"moacir\",\"image\":{\"@type\":\"ImageObject\",\"inLanguage\":\"pt-BR\",\"@id\":\"https:\/\/franciscanos.org.br\/noticias\/#\/schema\/person\/image\/\",\"url\":\"https:\/\/secure.gravatar.com\/avatar\/d08aa2ce4c8dd416d4479aa8536fcf64?s=96&d=mm&r=g\",\"contentUrl\":\"https:\/\/secure.gravatar.com\/avatar\/d08aa2ce4c8dd416d4479aa8536fcf64?s=96&d=mm&r=g\",\"caption\":\"moacir\"},\"url\":\"https:\/\/franciscanos.org.br\/noticias\/author\/moacir\"}]}<\/script>\n<!-- \/ Yoast SEO plugin. -->","yoast_head_json":{"title":"USF encerra M\u00eas Vocacional com Celebra\u00e7\u00e3o Eucar\u00edstica - Not\u00edcias - Franciscanos","robots":{"index":"index","follow":"follow","max-snippet":"max-snippet:-1","max-image-preview":"max-image-preview:large","max-video-preview":"max-video-preview:-1"},"canonical":"https:\/\/franciscanos.org.br\/noticias\/usf-encerra-mes-vocacional-com-celebracao-eucaristica.html","og_locale":"pt_BR","og_type":"article","og_title":"USF encerra M\u00eas Vocacional com Celebra\u00e7\u00e3o Eucar\u00edstica - Not\u00edcias - Franciscanos","og_description":"Universidade S\u00e3o Francisco","og_url":"https:\/\/franciscanos.org.br\/noticias\/usf-encerra-mes-vocacional-com-celebracao-eucaristica.html","og_site_name":"Not\u00edcias - Franciscanos","article_published_time":"2021-08-30T19:36:42+00:00","article_modified_time":"2021-08-30T19:36:48+00:00","og_image":[{"width":800,"height":550,"url":"https:\/\/franciscanos.org.br\/noticias\/wp-content\/uploads\/2021\/08\/missa_usf_3008d.jpg","type":"image\/jpeg"}],"author":"moacir","twitter_card":"summary_large_image","twitter_misc":{"Escrito por":"moacir","Est. tempo de leitura":"2 minutos"},"schema":{"@context":"https:\/\/schema.org","@graph":[{"@type":"WebSite","@id":"https:\/\/franciscanos.org.br\/noticias\/#website","url":"https:\/\/franciscanos.org.br\/noticias\/","name":"Not\u00edcias - Franciscanos","description":"Prov\u00edncia Franciscana da Imaculada Concei\u00e7\u00e3o do Brasil - Ordem dos Frades Menores - OFM","potentialAction":[{"@type":"SearchAction","target":{"@type":"EntryPoint","urlTemplate":"https:\/\/franciscanos.org.br\/noticias\/?s={search_term_string}"},"query-input":"required name=search_term_string"}],"inLanguage":"pt-BR"},{"@type":"ImageObject","inLanguage":"pt-BR","@id":"https:\/\/franciscanos.org.br\/noticias\/usf-encerra-mes-vocacional-com-celebracao-eucaristica.html#primaryimage","url":"https:\/\/franciscanos.org.br\/noticias\/wp-content\/uploads\/2021\/08\/missa_usf_3008d.jpg","contentUrl":"https:\/\/franciscanos.org.br\/noticias\/wp-content\/uploads\/2021\/08\/missa_usf_3008d.jpg","width":800,"height":550},{"@type":"WebPage","@id":"https:\/\/franciscanos.org.br\/noticias\/usf-encerra-mes-vocacional-com-celebracao-eucaristica.html#webpage","url":"https:\/\/franciscanos.org.br\/noticias\/usf-encerra-mes-vocacional-com-celebracao-eucaristica.html","name":"USF encerra M\u00eas Vocacional com Celebra\u00e7\u00e3o Eucar\u00edstica - Not\u00edcias - Franciscanos","isPartOf":{"@id":"https:\/\/franciscanos.org.br\/noticias\/#website"},"primaryImageOfPage":{"@id":"https:\/\/franciscanos.org.br\/noticias\/usf-encerra-mes-vocacional-com-celebracao-eucaristica.html#primaryimage"},"datePublished":"2021-08-30T19:36:42+00:00","dateModified":"2021-08-30T19:36:48+00:00","author":{"@id":"https:\/\/franciscanos.org.br\/noticias\/#\/schema\/person\/b5c8cba458c330ccff548b056e95a5d4"},"breadcrumb":{"@id":"https:\/\/franciscanos.org.br\/noticias\/usf-encerra-mes-vocacional-com-celebracao-eucaristica.html#breadcrumb"},"inLanguage":"pt-BR","potentialAction":[{"@type":"ReadAction","target":["https:\/\/franciscanos.org.br\/noticias\/usf-encerra-mes-vocacional-com-celebracao-eucaristica.html"]}]},{"@type":"BreadcrumbList","@id":"https:\/\/franciscanos.org.br\/noticias\/usf-encerra-mes-vocacional-com-celebracao-eucaristica.html#breadcrumb","itemListElement":[{"@type":"ListItem","position":1,"name":"Home","item":"https:\/\/franciscanos.org.br\/noticias"},{"@type":"ListItem","position":2,"name":"USF encerra M\u00eas Vocacional com Celebra\u00e7\u00e3o Eucar\u00edstica"}]},{"@type":"Person","@id":"https:\/\/franciscanos.org.br\/noticias\/#\/schema\/person\/b5c8cba458c330ccff548b056e95a5d4","name":"moacir","image":{"@type":"ImageObject","inLanguage":"pt-BR","@id":"https:\/\/franciscanos.org.br\/noticias\/#\/schema\/person\/image\/","url":"https:\/\/secure.gravatar.com\/avatar\/d08aa2ce4c8dd416d4479aa8536fcf64?s=96&d=mm&r=g","contentUrl":"https:\/\/secure.gravatar.com\/avatar\/d08aa2ce4c8dd416d4479aa8536fcf64?s=96&d=mm&r=g","caption":"moacir"},"url":"https:\/\/franciscanos.org.br\/noticias\/author\/moacir"}]}},"_links":{"self":[{"href":"https:\/\/franciscanos.org.br\/noticias\/wp-json\/wp\/v2\/posts\/234111"}],"collection":[{"href":"https:\/\/franciscanos.org.br\/noticias\/wp-json\/wp\/v2\/posts"}],"about":[{"href":"https:\/\/franciscanos.org.br\/noticias\/wp-json\/wp\/v2\/types\/post"}],"author":[{"embeddable":true,"href":"https:\/\/franciscanos.org.br\/noticias\/wp-json\/wp\/v2\/users\/3"}],"replies":[{"embeddable":true,"href":"https:\/\/franciscanos.org.br\/noticias\/wp-json\/wp\/v2\/comments?post=234111"}],"version-history":[{"count":1,"href":"https:\/\/franciscanos.org.br\/noticias\/wp-json\/wp\/v2\/posts\/234111\/revisions"}],"predecessor-version":[{"id":234115,"href":"https:\/\/franciscanos.org.br\/noticias\/wp-json\/wp\/v2\/posts\/234111\/revisions\/234115"}],"wp:featuredmedia":[{"embeddable":true,"href":"https:\/\/franciscanos.org.br\/noticias\/wp-json\/wp\/v2\/media\/234114"}],"wp:attachment":[{"href":"https:\/\/franciscanos.org.br\/noticias\/wp-json\/wp\/v2\/media?parent=234111"}],"wp:term":[{"taxonomy":"category","embeddable":true,"href":"https:\/\/franciscanos.org.br\/noticias\/wp-json\/wp\/v2\/categories?post=234111"},{"taxonomy":"post_tag","embeddable":true,"href":"https:\/\/franciscanos.org.br\/noticias\/wp-json\/wp\/v2\/tags?post=234111"}],"curies":[{"name":"wp","href":"https:\/\/api.w.org\/{rel}","templated":true}]}}