{"id":233924,"date":"2021-08-29T08:36:40","date_gmt":"2021-08-29T11:36:40","guid":{"rendered":"https:\/\/franciscanos.org.br\/noticias\/?p=233924"},"modified":"2021-08-29T08:36:40","modified_gmt":"2021-08-29T11:36:40","slug":"papa-culpar-tudo-e-todos-e-perder-tempo-purificar-e-derrotar-o-mal-dentro-de-nos","status":"publish","type":"post","link":"https:\/\/franciscanos.org.br\/noticias\/papa-culpar-tudo-e-todos-e-perder-tempo-purificar-e-derrotar-o-mal-dentro-de-nos.html","title":{"rendered":"Papa: culpar tudo e todos \u00e9 perder tempo. Purificar \u00e9 derrotar o mal dentro de n\u00f3s."},"content":{"rendered":"<div id=\"attachment_233925\" style=\"width: 1290px\" class=\"wp-caption alignnone\"><img aria-describedby=\"caption-attachment-233925\" loading=\"lazy\" class=\"wp-image-233925 size-full\" src=\"https:\/\/franciscanos.org.br\/noticias\/wp-content\/uploads\/2021\/08\/angelus_290821.jpg\" alt=\"\" width=\"1280\" height=\"720\" srcset=\"https:\/\/franciscanos.org.br\/noticias\/wp-content\/uploads\/2021\/08\/angelus_290821.jpg 1280w, https:\/\/franciscanos.org.br\/noticias\/wp-content\/uploads\/2021\/08\/angelus_290821-450x253.jpg 450w, https:\/\/franciscanos.org.br\/noticias\/wp-content\/uploads\/2021\/08\/angelus_290821-1024x576.jpg 1024w, https:\/\/franciscanos.org.br\/noticias\/wp-content\/uploads\/2021\/08\/angelus_290821-768x432.jpg 768w, https:\/\/franciscanos.org.br\/noticias\/wp-content\/uploads\/2021\/08\/angelus_290821-150x84.jpg 150w\" sizes=\"(max-width: 1280px) 100vw, 1280px\" \/><p id=\"caption-attachment-233925\" class=\"wp-caption-text\">\u00a0 \u00a0 \u00a0 \u00a0 \u00a0 \u00a0 \u00a0 \u00a0 \u00a0 \u00a0 \u00a0 \u00a0 \u00a0 \u00a0 \u00a0 \u00a0 \u00a0 \u00a0 \u00a0 \u00a0 \u00a0 \u00a0 \u00a0 \u00a0 \u00a0 \u00a0 \u00a0 \u00a0 \u00a0 \u00a0 \u00a0 \u00a0 \u00a0 \u00a0 \u00a0 \u00a0 \u00a0<em> \u00a0Imagem: captura de tela da transmiss\u00e3o do Vatican News<\/em><\/p><\/div>\n<p>&#8220;H\u00e1 um modo infal\u00edvel para vencer o mal: come\u00e7ar a derrot\u00e1-lo dentro de n\u00f3s.&#8221; Assim o Papa Francisco comenta o Evangelho deste domingo, 22\u00ba do Tempo Comum.\u00a0A Liturgia mostra alguns escribas e fariseus escandalizados com a atitude dos disc\u00edpulos de Jesus de n\u00e3o lavar as m\u00e3os antes de tocar os alimentos.<\/p>\n<p>\u201cPor que Jesus e os seus disc\u00edpulos ignoram essas tradi\u00e7\u00f5es?\u201d, questiona o Papa, explicando que para o Mestre \u00e9 importante restabelecer a f\u00e9 ao seu centro. \u00c9 um risco observar formalidades externas colocando em segundo lugar o cora\u00e7\u00e3o da f\u00e9. &#8220;Tamb\u00e9m n\u00f3s muitas vezes &#8216;maquiamos&#8217; a alma.&#8221; Para Francisco, trata-se do risco de uma religiosidade da apar\u00eancia: aparecer bem por fora, esquecendo de purificar o cora\u00e7\u00e3o.<\/p>\n<p>\u201cH\u00e1 sempre a tenta\u00e7\u00e3o de \u2018sistematizar Deus\u2019 com alguma devo\u00e7\u00e3o exterior, mas Jesus n\u00e3o se contenta com este culto. N\u00e3o quer exterioridade, quer uma f\u00e9 que chegue ao cora\u00e7\u00e3o.<\/p>\n<p><strong>Palavras revolucion\u00e1rias<\/strong><br \/>\nA este espanto dos escribas e fariseus, Jesus responde: &#8220;O que torna impuro o homem n\u00e3o \u00e9 o que entra nele vindo de fora. Mas \u00e9 de dentro do cora\u00e7\u00e3o humano que saem as m\u00e1s inten\u00e7\u00f5es&#8221;. O Papa define essas palavras como \u201crevolucion\u00e1rias\u201d, porque Jesus inverte a perspectiva: n\u00e3o faz mal o que vem de fora, mas o que nasce de dentro.<\/p>\n<p>Isto diz respeito tamb\u00e9m a n\u00f3s, observa o Pont\u00edfice. Com frequ\u00eancia, pensamos que o mal provenha sobretudo de fora: dos comportamentos dos outros, de quem pensa mal de n\u00f3s, da sociedade.\u00a0\u201c\u00c9 sempre culpa dos \u2018outros\u2019: das pessoas, de quem governa, do azar. Parece que os problemas chegam sempre de fora. E passamos o tempo a distribuir as culpas; mas passar o tempo a culpar os outros \u00e9 perder tempo.\u201d<\/p>\n<p><strong>Culpar os outros \u00e9 perda de tempo<\/strong><br \/>\nNervosismo, ressentimento, tristeza e acidez afastam Deus do cora\u00e7\u00e3o: \u201cN\u00e3o se pode ser realmente religioso na lamenta\u00e7\u00e3o\u201d, recorda ainda Francisco.\u00a0\u201cPe\u00e7amos hoje ao Senhor que nos liberte de culpar os outros. Pe\u00e7amos na ora\u00e7\u00e3o a gra\u00e7a de n\u00e3o desperdi\u00e7ar o tempo poluindo o mundo com reclama\u00e7\u00f5es, porque isto n\u00e3o \u00e9 crist\u00e3o.\u201d<\/p>\n<p>O convite de Jesus \u00e9 a olhar a vida e o mundo a partir do nosso cora\u00e7\u00e3o, pedindo que Ele o purifique para tornar o mundo mais limpo. \u201cSe olharmos dentro de n\u00f3s, encontraremos quase tudo aquilo que detestamos fora\u201d, afirma o Papa.<\/p>\n<p>Portanto, indica Francisco, h\u00e1 um modo infal\u00edvel para vencer o mal: come\u00e7ar a derrot\u00e1-lo dentro de n\u00f3s. Os primeiros Pais da Igreja e tamb\u00e9m muitos monges, acrescentou o o Pont\u00edfice, afirmam que o primeiro passo no caminho da santidade \u00e9 acusar a si mesmo. &#8220;Quantos de n\u00f3s, num momento do dia ou da semana s\u00e3o capazes de acusar a si pr\u00f3prios? &#8216;Sim, mas esta pessoa me fez isto, fez aquilo, o outro fez uma barbaridade&#8230; Mas eu fa\u00e7o o mesmo. \u00c9 uma sabedoria: aprender a acusar a si mesmo. Tentem fazer isto, lhes far\u00e1 bem. A mim faz bem, quando consigo.&#8221;<\/p>\n<p>\u201cQue a Virgem Maria, que transformou a hist\u00f3ria atrav\u00e9s da pureza do seu cora\u00e7\u00e3o, nos ajude a purificar o nosso, superando antes de tudo o v\u00edcio de culpar os outros e de reclamar de tudo.\u201d<\/p>\n<h3>\u201cN\u00e3o podemos ficar indiferentes!\u201d<\/h3>\n<p>O Papa Francisco foi contundente ao falar do Afeganist\u00e3o, neste domingo, ao final da ora\u00e7\u00e3o do Angelus. O Pont\u00edfice afirmou que acompanha com grande preocupa\u00e7\u00e3o a situa\u00e7\u00e3o no pa\u00eds e \u00e9 part\u00edcipe do sofrimento das pessoas que perderam familiares e amigos nos ataques suicidas da quinta-feira passada, e tamb\u00e9m das pessoas que buscam ajuda e prote\u00e7\u00e3o.<\/p>\n<p>Francisco confia \u00e0 miseric\u00f3rdia de Deus os mortos e agradece a quem trabalha para ajudar a \u201cpopula\u00e7\u00e3o t\u00e3o provada\u201d, em especial as mulheres e as crian\u00e7as.<\/p>\n<p>O apelo do Papa \u00e9 para que se continue a assistir os necessitados e a rezar para que o di\u00e1logo e a solidariedade levem a estabelecer uma conviv\u00eancia pac\u00edfica e fraterna, oferecendo esperan\u00e7a para o futuro do pa\u00eds.<\/p>\n<p>\u201cEm momentos hist\u00f3ricos como este, n\u00e3o podemos permanecer indiferentes: a hist\u00f3ria da Igreja nos ensina isto. Como crist\u00e3os, esta situa\u00e7\u00e3o nos compromete. Por isso, dirijo um apelo a todos para intensificar a ora\u00e7\u00e3o e a praticar o jejum: ora\u00e7\u00e3o e jejum, ora\u00e7\u00e3o e penit\u00eancia. Este \u00e9 o momento para faz\u00ea-lo. Estou falando seriamente: intensificar a ora\u00e7\u00e3o e praticar o jejum, pedindo ao Senhor miseric\u00f3rdia e perd\u00e3o.&#8221;<\/p>\n<p><strong>O risco de ataques<\/strong><br \/>\nA amea\u00e7a de ataques no Afeganist\u00e3o permanece elevada, enquanto os Estados Unidos continuam a correr contra o tempo para retirar todo o seu pessoal do pa\u00eds at\u00e9 31 de agosto. A amea\u00e7a \u00e9 cr\u00edvel, segundo Washington, o que n\u00e3o exclui atos terroristas mesmo em solo estadunidense.<\/p>\n<p>Os milicianos, que agrediram os civis que faziam fila nos caixas eletr\u00f4nicos para sacar dinheiro, dizem estar prontos para assumir o controlo total do aeroporto em breve, logo que os militares e civis dos EUA partirem. Entretanto, isolaram todo o aeroporto, impedindo o acesso aos afeg\u00e3os que ainda esperam ser evacuados do pa\u00eds, dos quais 100.000 ficaram retidos. It\u00e1lia e Reino Unido j\u00e1 enceraram a ponte \u00e1rea. Na pr\u00f3xima semana, os talib\u00e3s afirmam que ser\u00e1 anunciado o pr\u00f3ximo governo, enquanto j\u00e1 foram cortaram quase todas as redes de Internet e telecomunica\u00e7\u00f5es na prov\u00edncia nordeste de Panshir, uma das duas \u00e1reas, juntamente com a de Baghlan, n\u00e3o controlada por eles, mas pelos homens da resist\u00eancia.<\/p>\n<p><strong>A situa\u00e7\u00e3o da inf\u00e2ncia<\/strong><br \/>\nO Fundo das Na\u00e7\u00f5es Unidas para a Inf\u00e2ncia (Unicef) adverte que h\u00e1 300.000 crian\u00e7as necessitadas de ajuda. Muitos foram obrigados a abandonar as suas casas ap\u00f3s a chegada dos talib\u00e3s e um milh\u00e3o de crian\u00e7as com menos de cinco anos sofrem de desnutri\u00e7\u00e3o grave. Al\u00e9m disso, mais de 4 milh\u00f5es de crian\u00e7as, incluindo mais de 2 milh\u00f5es de meninas, est\u00e3o fora da escola.<\/p>\n<p>Sua contribui\u00e7\u00e3o para uma grande miss\u00e3o: ajude-nos a levar a palavra do Papa a todos os lares.<\/p>\n<hr \/>\n<p><em>Fonte: Vatican News (texto de Bianca Fraccalvieri )<\/em><\/p>\n","protected":false},"excerpt":{"rendered":"<p>Angelus<\/p>\n","protected":false},"author":3,"featured_media":233926,"comment_status":"open","ping_status":"open","sticky":false,"template":"","format":"standard","meta":[],"categories":[1428],"tags":[403],"acf":[],"yoast_head":"<!-- This site is optimized with the Yoast SEO plugin v19.2 - https:\/\/yoast.com\/wordpress\/plugins\/seo\/ -->\n<title>Papa: culpar tudo e todos \u00e9 perder tempo. Purificar \u00e9 derrotar o mal dentro de n\u00f3s. - Not\u00edcias - Franciscanos<\/title>\n<meta name=\"robots\" content=\"index, follow, max-snippet:-1, max-image-preview:large, max-video-preview:-1\" \/>\n<link rel=\"canonical\" href=\"https:\/\/franciscanos.org.br\/noticias\/papa-culpar-tudo-e-todos-e-perder-tempo-purificar-e-derrotar-o-mal-dentro-de-nos.html\" \/>\n<meta property=\"og:locale\" content=\"pt_BR\" \/>\n<meta property=\"og:type\" content=\"article\" \/>\n<meta property=\"og:title\" content=\"Papa: culpar tudo e todos \u00e9 perder tempo. Purificar \u00e9 derrotar o mal dentro de n\u00f3s. - Not\u00edcias - Franciscanos\" \/>\n<meta property=\"og:description\" content=\"Angelus\" \/>\n<meta property=\"og:url\" content=\"https:\/\/franciscanos.org.br\/noticias\/papa-culpar-tudo-e-todos-e-perder-tempo-purificar-e-derrotar-o-mal-dentro-de-nos.html\" \/>\n<meta property=\"og:site_name\" content=\"Not\u00edcias - Franciscanos\" \/>\n<meta property=\"article:published_time\" content=\"2021-08-29T11:36:40+00:00\" \/>\n<meta property=\"og:image\" content=\"https:\/\/franciscanos.org.br\/noticias\/wp-content\/uploads\/2021\/08\/angelus_290821d.jpg\" \/>\n\t<meta property=\"og:image:width\" content=\"800\" \/>\n\t<meta property=\"og:image:height\" content=\"550\" \/>\n\t<meta property=\"og:image:type\" content=\"image\/jpeg\" \/>\n<meta name=\"author\" content=\"moacir\" \/>\n<meta name=\"twitter:card\" content=\"summary_large_image\" \/>\n<meta name=\"twitter:label1\" content=\"Escrito por\" \/>\n\t<meta name=\"twitter:data1\" content=\"moacir\" \/>\n\t<meta name=\"twitter:label2\" content=\"Est. tempo de leitura\" \/>\n\t<meta name=\"twitter:data2\" content=\"5 minutos\" \/>\n<script type=\"application\/ld+json\" class=\"yoast-schema-graph\">{\"@context\":\"https:\/\/schema.org\",\"@graph\":[{\"@type\":\"WebSite\",\"@id\":\"https:\/\/franciscanos.org.br\/noticias\/#website\",\"url\":\"https:\/\/franciscanos.org.br\/noticias\/\",\"name\":\"Not\u00edcias - Franciscanos\",\"description\":\"Prov\u00edncia Franciscana da Imaculada Concei\u00e7\u00e3o do Brasil - Ordem dos Frades Menores - OFM\",\"potentialAction\":[{\"@type\":\"SearchAction\",\"target\":{\"@type\":\"EntryPoint\",\"urlTemplate\":\"https:\/\/franciscanos.org.br\/noticias\/?s={search_term_string}\"},\"query-input\":\"required name=search_term_string\"}],\"inLanguage\":\"pt-BR\"},{\"@type\":\"ImageObject\",\"inLanguage\":\"pt-BR\",\"@id\":\"https:\/\/franciscanos.org.br\/noticias\/papa-culpar-tudo-e-todos-e-perder-tempo-purificar-e-derrotar-o-mal-dentro-de-nos.html#primaryimage\",\"url\":\"https:\/\/franciscanos.org.br\/noticias\/wp-content\/uploads\/2021\/08\/angelus_290821d.jpg\",\"contentUrl\":\"https:\/\/franciscanos.org.br\/noticias\/wp-content\/uploads\/2021\/08\/angelus_290821d.jpg\",\"width\":800,\"height\":550},{\"@type\":\"WebPage\",\"@id\":\"https:\/\/franciscanos.org.br\/noticias\/papa-culpar-tudo-e-todos-e-perder-tempo-purificar-e-derrotar-o-mal-dentro-de-nos.html#webpage\",\"url\":\"https:\/\/franciscanos.org.br\/noticias\/papa-culpar-tudo-e-todos-e-perder-tempo-purificar-e-derrotar-o-mal-dentro-de-nos.html\",\"name\":\"Papa: culpar tudo e todos \u00e9 perder tempo. Purificar \u00e9 derrotar o mal dentro de n\u00f3s. - Not\u00edcias - Franciscanos\",\"isPartOf\":{\"@id\":\"https:\/\/franciscanos.org.br\/noticias\/#website\"},\"primaryImageOfPage\":{\"@id\":\"https:\/\/franciscanos.org.br\/noticias\/papa-culpar-tudo-e-todos-e-perder-tempo-purificar-e-derrotar-o-mal-dentro-de-nos.html#primaryimage\"},\"datePublished\":\"2021-08-29T11:36:40+00:00\",\"dateModified\":\"2021-08-29T11:36:40+00:00\",\"author\":{\"@id\":\"https:\/\/franciscanos.org.br\/noticias\/#\/schema\/person\/b5c8cba458c330ccff548b056e95a5d4\"},\"breadcrumb\":{\"@id\":\"https:\/\/franciscanos.org.br\/noticias\/papa-culpar-tudo-e-todos-e-perder-tempo-purificar-e-derrotar-o-mal-dentro-de-nos.html#breadcrumb\"},\"inLanguage\":\"pt-BR\",\"potentialAction\":[{\"@type\":\"ReadAction\",\"target\":[\"https:\/\/franciscanos.org.br\/noticias\/papa-culpar-tudo-e-todos-e-perder-tempo-purificar-e-derrotar-o-mal-dentro-de-nos.html\"]}]},{\"@type\":\"BreadcrumbList\",\"@id\":\"https:\/\/franciscanos.org.br\/noticias\/papa-culpar-tudo-e-todos-e-perder-tempo-purificar-e-derrotar-o-mal-dentro-de-nos.html#breadcrumb\",\"itemListElement\":[{\"@type\":\"ListItem\",\"position\":1,\"name\":\"Home\",\"item\":\"https:\/\/franciscanos.org.br\/noticias\"},{\"@type\":\"ListItem\",\"position\":2,\"name\":\"Papa: culpar tudo e todos \u00e9 perder tempo. Purificar \u00e9 derrotar o mal dentro de n\u00f3s.\"}]},{\"@type\":\"Person\",\"@id\":\"https:\/\/franciscanos.org.br\/noticias\/#\/schema\/person\/b5c8cba458c330ccff548b056e95a5d4\",\"name\":\"moacir\",\"image\":{\"@type\":\"ImageObject\",\"inLanguage\":\"pt-BR\",\"@id\":\"https:\/\/franciscanos.org.br\/noticias\/#\/schema\/person\/image\/\",\"url\":\"https:\/\/secure.gravatar.com\/avatar\/d08aa2ce4c8dd416d4479aa8536fcf64?s=96&d=mm&r=g\",\"contentUrl\":\"https:\/\/secure.gravatar.com\/avatar\/d08aa2ce4c8dd416d4479aa8536fcf64?s=96&d=mm&r=g\",\"caption\":\"moacir\"},\"url\":\"https:\/\/franciscanos.org.br\/noticias\/author\/moacir\"}]}<\/script>\n<!-- \/ Yoast SEO plugin. -->","yoast_head_json":{"title":"Papa: culpar tudo e todos \u00e9 perder tempo. Purificar \u00e9 derrotar o mal dentro de n\u00f3s. - Not\u00edcias - Franciscanos","robots":{"index":"index","follow":"follow","max-snippet":"max-snippet:-1","max-image-preview":"max-image-preview:large","max-video-preview":"max-video-preview:-1"},"canonical":"https:\/\/franciscanos.org.br\/noticias\/papa-culpar-tudo-e-todos-e-perder-tempo-purificar-e-derrotar-o-mal-dentro-de-nos.html","og_locale":"pt_BR","og_type":"article","og_title":"Papa: culpar tudo e todos \u00e9 perder tempo. Purificar \u00e9 derrotar o mal dentro de n\u00f3s. - Not\u00edcias - Franciscanos","og_description":"Angelus","og_url":"https:\/\/franciscanos.org.br\/noticias\/papa-culpar-tudo-e-todos-e-perder-tempo-purificar-e-derrotar-o-mal-dentro-de-nos.html","og_site_name":"Not\u00edcias - Franciscanos","article_published_time":"2021-08-29T11:36:40+00:00","og_image":[{"width":800,"height":550,"url":"https:\/\/franciscanos.org.br\/noticias\/wp-content\/uploads\/2021\/08\/angelus_290821d.jpg","type":"image\/jpeg"}],"author":"moacir","twitter_card":"summary_large_image","twitter_misc":{"Escrito por":"moacir","Est. tempo de leitura":"5 minutos"},"schema":{"@context":"https:\/\/schema.org","@graph":[{"@type":"WebSite","@id":"https:\/\/franciscanos.org.br\/noticias\/#website","url":"https:\/\/franciscanos.org.br\/noticias\/","name":"Not\u00edcias - Franciscanos","description":"Prov\u00edncia Franciscana da Imaculada Concei\u00e7\u00e3o do Brasil - Ordem dos Frades Menores - OFM","potentialAction":[{"@type":"SearchAction","target":{"@type":"EntryPoint","urlTemplate":"https:\/\/franciscanos.org.br\/noticias\/?s={search_term_string}"},"query-input":"required name=search_term_string"}],"inLanguage":"pt-BR"},{"@type":"ImageObject","inLanguage":"pt-BR","@id":"https:\/\/franciscanos.org.br\/noticias\/papa-culpar-tudo-e-todos-e-perder-tempo-purificar-e-derrotar-o-mal-dentro-de-nos.html#primaryimage","url":"https:\/\/franciscanos.org.br\/noticias\/wp-content\/uploads\/2021\/08\/angelus_290821d.jpg","contentUrl":"https:\/\/franciscanos.org.br\/noticias\/wp-content\/uploads\/2021\/08\/angelus_290821d.jpg","width":800,"height":550},{"@type":"WebPage","@id":"https:\/\/franciscanos.org.br\/noticias\/papa-culpar-tudo-e-todos-e-perder-tempo-purificar-e-derrotar-o-mal-dentro-de-nos.html#webpage","url":"https:\/\/franciscanos.org.br\/noticias\/papa-culpar-tudo-e-todos-e-perder-tempo-purificar-e-derrotar-o-mal-dentro-de-nos.html","name":"Papa: culpar tudo e todos \u00e9 perder tempo. Purificar \u00e9 derrotar o mal dentro de n\u00f3s. - Not\u00edcias - Franciscanos","isPartOf":{"@id":"https:\/\/franciscanos.org.br\/noticias\/#website"},"primaryImageOfPage":{"@id":"https:\/\/franciscanos.org.br\/noticias\/papa-culpar-tudo-e-todos-e-perder-tempo-purificar-e-derrotar-o-mal-dentro-de-nos.html#primaryimage"},"datePublished":"2021-08-29T11:36:40+00:00","dateModified":"2021-08-29T11:36:40+00:00","author":{"@id":"https:\/\/franciscanos.org.br\/noticias\/#\/schema\/person\/b5c8cba458c330ccff548b056e95a5d4"},"breadcrumb":{"@id":"https:\/\/franciscanos.org.br\/noticias\/papa-culpar-tudo-e-todos-e-perder-tempo-purificar-e-derrotar-o-mal-dentro-de-nos.html#breadcrumb"},"inLanguage":"pt-BR","potentialAction":[{"@type":"ReadAction","target":["https:\/\/franciscanos.org.br\/noticias\/papa-culpar-tudo-e-todos-e-perder-tempo-purificar-e-derrotar-o-mal-dentro-de-nos.html"]}]},{"@type":"BreadcrumbList","@id":"https:\/\/franciscanos.org.br\/noticias\/papa-culpar-tudo-e-todos-e-perder-tempo-purificar-e-derrotar-o-mal-dentro-de-nos.html#breadcrumb","itemListElement":[{"@type":"ListItem","position":1,"name":"Home","item":"https:\/\/franciscanos.org.br\/noticias"},{"@type":"ListItem","position":2,"name":"Papa: culpar tudo e todos \u00e9 perder tempo. Purificar \u00e9 derrotar o mal dentro de n\u00f3s."}]},{"@type":"Person","@id":"https:\/\/franciscanos.org.br\/noticias\/#\/schema\/person\/b5c8cba458c330ccff548b056e95a5d4","name":"moacir","image":{"@type":"ImageObject","inLanguage":"pt-BR","@id":"https:\/\/franciscanos.org.br\/noticias\/#\/schema\/person\/image\/","url":"https:\/\/secure.gravatar.com\/avatar\/d08aa2ce4c8dd416d4479aa8536fcf64?s=96&d=mm&r=g","contentUrl":"https:\/\/secure.gravatar.com\/avatar\/d08aa2ce4c8dd416d4479aa8536fcf64?s=96&d=mm&r=g","caption":"moacir"},"url":"https:\/\/franciscanos.org.br\/noticias\/author\/moacir"}]}},"_links":{"self":[{"href":"https:\/\/franciscanos.org.br\/noticias\/wp-json\/wp\/v2\/posts\/233924"}],"collection":[{"href":"https:\/\/franciscanos.org.br\/noticias\/wp-json\/wp\/v2\/posts"}],"about":[{"href":"https:\/\/franciscanos.org.br\/noticias\/wp-json\/wp\/v2\/types\/post"}],"author":[{"embeddable":true,"href":"https:\/\/franciscanos.org.br\/noticias\/wp-json\/wp\/v2\/users\/3"}],"replies":[{"embeddable":true,"href":"https:\/\/franciscanos.org.br\/noticias\/wp-json\/wp\/v2\/comments?post=233924"}],"version-history":[{"count":1,"href":"https:\/\/franciscanos.org.br\/noticias\/wp-json\/wp\/v2\/posts\/233924\/revisions"}],"predecessor-version":[{"id":233927,"href":"https:\/\/franciscanos.org.br\/noticias\/wp-json\/wp\/v2\/posts\/233924\/revisions\/233927"}],"wp:featuredmedia":[{"embeddable":true,"href":"https:\/\/franciscanos.org.br\/noticias\/wp-json\/wp\/v2\/media\/233926"}],"wp:attachment":[{"href":"https:\/\/franciscanos.org.br\/noticias\/wp-json\/wp\/v2\/media?parent=233924"}],"wp:term":[{"taxonomy":"category","embeddable":true,"href":"https:\/\/franciscanos.org.br\/noticias\/wp-json\/wp\/v2\/categories?post=233924"},{"taxonomy":"post_tag","embeddable":true,"href":"https:\/\/franciscanos.org.br\/noticias\/wp-json\/wp\/v2\/tags?post=233924"}],"curies":[{"name":"wp","href":"https:\/\/api.w.org\/{rel}","templated":true}]}}