{"id":233872,"date":"2021-08-26T08:55:50","date_gmt":"2021-08-26T11:55:50","guid":{"rendered":"https:\/\/franciscanos.org.br\/noticias\/?p=233872"},"modified":"2021-08-26T08:55:50","modified_gmt":"2021-08-26T11:55:50","slug":"pe-thiago-e-welder-marchini-falam-sobre-catequese-e-internet","status":"publish","type":"post","link":"https:\/\/franciscanos.org.br\/noticias\/pe-thiago-e-welder-marchini-falam-sobre-catequese-e-internet.html","title":{"rendered":"Pe. Thiago e Welder Marchini falam sobre catequese e internet"},"content":{"rendered":"<p><strong><img loading=\"lazy\" class=\"alignnone size-full wp-image-233873\" src=\"https:\/\/franciscanos.org.br\/noticias\/wp-content\/uploads\/2021\/08\/catequese_2608.jpg\" alt=\"\" width=\"1280\" height=\"720\" srcset=\"https:\/\/franciscanos.org.br\/noticias\/wp-content\/uploads\/2021\/08\/catequese_2608.jpg 1280w, https:\/\/franciscanos.org.br\/noticias\/wp-content\/uploads\/2021\/08\/catequese_2608-450x253.jpg 450w, https:\/\/franciscanos.org.br\/noticias\/wp-content\/uploads\/2021\/08\/catequese_2608-1024x576.jpg 1024w, https:\/\/franciscanos.org.br\/noticias\/wp-content\/uploads\/2021\/08\/catequese_2608-768x432.jpg 768w, https:\/\/franciscanos.org.br\/noticias\/wp-content\/uploads\/2021\/08\/catequese_2608-150x84.jpg 150w\" sizes=\"(max-width: 1280px) 100vw, 1280px\" \/><\/strong><\/p>\n<p>Os autores do livro &#8220;Catequese e Internet &#8211; os processos catequ\u00e9ticos e as novas tecnologias&#8221;, Pe. Thiago Faccini Paro (@faccini20) e Welder Lancieri Marchini (@welder.marchini), foram os convidados do terceiro dia (25\/8) da 2\u00aa Super Semana de Catequese, um evento da Editora Vozes que \u00e9 on-line e gratuito, pelo canal YouTube da Editora Vozes, todos os dias as 19 horas, at\u00e9 29 de agosto.<\/p>\n<p>Nat\u00e1lia Fran\u00e7a apresentou Pe. Thiago, que \u00e9 mestre em Teologia e especialista em Liturgia, Ci\u00eancia e Cultura pela PUC-SP, e Welder, doutor em Ci\u00eancia da Religi\u00e3o (PUC-SP) e editor teol\u00f3gico na Editora Vozes.<\/p>\n<p>Segundo Welder, que tamb\u00e9m \u00e9 coordenador do curso de Teologia da Universidade S\u00e3o Francisco, este livro j\u00e1 era um projeto antigo. &#8220;O primeiro esbo\u00e7o surgiu em 2012. Mas acabou n\u00e3o virando livro. Acabou que os tempos mudaram e n\u00e3o aproveitei naquela \u00e9poca o texto que tinha escrito&#8221;, contou.<\/p>\n<p>Segundo ele, no decorrer desse tempo continuou trabalhando com catequese e sempre trocou muitas ideias com Pe. Thiago em rela\u00e7\u00e3o \u00e0 catequese. &#8220;Quando veio a pandemia, n\u00f3s come\u00e7amos a perceber o quanto falar de internet era importante n\u00e3o apenas para a catequese, mas para todas as pastorais da Igreja, porque muitas comunidades se deram conta que n\u00e3o se apropriar dos processos cibern\u00e9ticos, das suas ferramentas, poderia gerar um impacto negativo na viv\u00eancia pastoral&#8221;, disse.<\/p>\n<p>&#8220;Na catequese essa demanda, essa inten\u00e7\u00e3o de entender a internet, como ela modifica ou contribui para os processos catequ\u00e9ticos, tornou-se mais evidente&#8221;, constatou. Foi, ent\u00e3o, que ele convidou Pe. Thiago para retomar esse projeto, que agora foi concretizado neste livro.<\/p>\n<p>&#8220;N\u00f3s estamos nesse livro falando sobretudo como catequistas e te\u00f3logos. E tentamos pegar toda aquela reflex\u00e3o sobre os meios de comunica\u00e7\u00e3o, sobre a internet, e traduzir para a linguagem catequ\u00e9tica. A nossa motiva\u00e7\u00e3o \u00e9 essa: oferecer um instrumento, sobretudo para os catequistas, que contribua para que esse catequista, l\u00e1 junto com sua turma de catequese, na sua comunidade, na sua par\u00f3quia, consiga pensar instrumentos para trabalhar a catequese dialogando com toda a realidade da internet, que cada vez mais faz parte da nossa vida. Ningu\u00e9m se imagina mais sem internet. Ent\u00e3o, foi um pouco esse caminho que nos motivou at\u00e9 o resultado final&#8221;, detalhou.<\/p>\n<p>Pe. Thiago agradeceu ao convite de Welder para fazer parte deste livro. Segundo ele, havia trabalhado juntos quando escreveu com o Pe. Rodrigo &#8220;Conhecer o Ano Lit\u00fargico&#8221; (Welder foi editor). &#8220;E foi um convite que veio numa hora mais que essencial, sobretudo quando algumas pessoas propunham uma catequese EAD, ou seja, uma catequese a dist\u00e2ncia, mas que encontrava certa resist\u00eancia. O fato de ter essa resist\u00eancia \u00e9 porque a catequese n\u00e3o \u00e9 s\u00f3 transmitir um conte\u00fado, mas a catequese \u00e9 tamb\u00e9m inserir, por isso falamos em inicia\u00e7\u00e3o na vida crist\u00e3. E isso ent\u00e3o pressup\u00f5e conviv\u00eancia, pressup\u00f5e di\u00e1logo, estar junto. A catequese, de modo ordin\u00e1rio, \u00e9 presencial porque ela pressup\u00f5e esse v\u00ednculo afetivo, esse estar junto. Por\u00e9m, a internet pode nos ajudar, e muito, nesse processo de evangeliza\u00e7\u00e3o&#8221;, avalia Pe. Thiago, pedagogo e autor da cole\u00e7\u00e3o de manuais de catequese \u201cO Caminho\u201d, assim como dos livros \u201cAs celebra\u00e7\u00f5es do RICA: conhecer para bem celebrar\u201d, \u201cConhecer a f\u00e9 que professamos\u201d e \u201cLivro de inscri\u00e7\u00e3o dos Eleitos\u201d.<\/p>\n<p>Para ele, o livro faz uma reflex\u00e3o sobre as gera\u00e7\u00f5es de hoje e como elas t\u00eam mudado rapidamente. &#8220;Eu tenho um sobrinho que est\u00e1 com sete meses. A hora que come\u00e7a a chorar, minha irm\u00e3 coloca o celular na m\u00e3o dele e a rea\u00e7\u00e3o \u00e9 imediata, tocando com o dedinho na tela do celular&#8221;, revelou.<\/p>\n<p>&#8220;N\u00f3s, como catequistas, precisamos pensar: Quem s\u00e3o os nossos catequizandos? Precisamos conhecer nossos catequizandos e dizer que n\u00e3o \u00e9 porque n\u00e3o sou dessa gera\u00e7\u00e3o que n\u00e3o quero saber desse mundo virtual, desse mundo digital. Para uma catequese bem feita, atrativa, n\u00f3s precisamos e devemos utilizar os meios digitais. A catequese tem o seu ordin\u00e1rio, que pressup\u00f5e essa conviv\u00eancia, mas tamb\u00e9m ela pode se tornar uma aliada para ajudar no pr\u00f3prio encontro de catequese, pode ajudar em encontros com a fam\u00edlia&#8221;, sugere o sacerdote, propondo a experi\u00eancia de uma catequese h\u00edbrida: &#8220;Uma vez por m\u00eas poderia se fazer essa catequese on-line com a presen\u00e7a dos pais e at\u00e9 mesmo uma complementa\u00e7\u00e3o dessa catequese. A gente faz a reflex\u00e3o presencial que depois pode continuar nas m\u00eddias. Enfim, catequese e internet combinam, o que devemos ter \u00e9 um planejamento, uma metodologia para utiliz\u00e1-la&#8221;, apresentou Pe. Thiago.<\/p>\n<p>Welder fala dessa viv\u00eancia religiosa com o digital, que ainda \u00e9 novo nas comunidades religiosas. &#8220;N\u00f3s temos dois conceitos que andam lado a lado e, \u00e0s vezes, a gente acaba confundindo. Mas s\u00e3o realidades distintas: o digital e o virtual. Quando se fala de digital, estamos falando da capacidade que temos, atrav\u00e9s dos equipamentos eletr\u00f4nicos, de trabalhar com o digital. Ou seja, digitalizar alguma coisa ou transformar em d\u00edgitos. Para quem tem um pouquinho mais de idade, conheceu e fez fotos com a m\u00e1quina anal\u00f3gica, que precisava de um filme, rebobinar e revelar. N\u00f3s t\u00ednhamos uma fotografia anal\u00f3gica, f\u00edsica. Quando veio a m\u00e1quina digital, come\u00e7amos a trabalhar com a mesma fotografia, s\u00f3 que sem materialidade. Essa m\u00e1quina digital transformou aquela fotografia em d\u00edgitos. O computador transforma todos os arquivos que temos numa sequ\u00eancia de d\u00edgitos que vai ficar guardado na mem\u00f3ria. Quando a gente fala de universo digital, \u00e9 o universo que trabalha para al\u00e9m da materialidade. \u00c9 muito diferente de falar de algo virtual. O virtual traz o entendimento do que est\u00e1 conectado e funciona em rede. Eu posso ser digital no sentido da palavra, mas n\u00e3o estar conectado, quando o meu celular est\u00e1 sem internet. A gente tira as fotografias, arquiva, tem o digital, sem necessariamente compartilhar isso&#8221;, explicou Welder<\/p>\n<p>Para ele, vivemos num mundo virtualizado. &#8220;N\u00f3s estamos conectados o tempo todo. E isso n\u00e3o significa que n\u00f3s estejamos mexendo no celular. Significa que, sem estar conectado, n\u00e3o conseguimos nos organizar da mesma forma. Um exemplo, se a gente est\u00e1 com o celular no bolso e ele vibra, muita gente fica inquieta, porque quer saber se \u00e9 uma notifica\u00e7\u00e3o de rede social, se chegou um email ou foi uma mensagem de whatsap. Ent\u00e3o, essa viv\u00eancia virtual chegou na nossa vida e parece que a gente n\u00e3o consegue mais viver sem. E isso tamb\u00e9m chega na nossa viv\u00eancia religiosa, como o exemplo dessa dessa live da Super Semana, que \u00e9 uma maneira de alimentar a nossa f\u00e9, a nossa a\u00e7\u00e3o pastoral. E isso tamb\u00e9m chegou na comunidade. Acredito que na pandemia &#8211; deixando claro que eu n\u00e3o gosto dessa ideia de que a pandemia trouxe coisas boas. Muita gente perdeu familiares, pessoas amadas e queridas, muita gente vive ainda as consequ\u00eancias f\u00edsicas de um v\u00edrus letal e muita gente perdeu o emprego -, a gente conseguiu perceber que ter\u00edamos outros modos de trabalhar pastoralmente e um deles ficou muito forte e fez correr atr\u00e1s do preju\u00edzo que t\u00ednhamos em rela\u00e7\u00e3o \u00e0 evangeliza\u00e7\u00e3o pelos meios virtuais. Sei que l\u00e1 no come\u00e7o, muitas comunidades tiveram dificuldades de transmitir as primeiras missas pelo Facebook. Da\u00ed \u00e9 importante o que o Pe. Thiago falava: nada substitui a viv\u00eancia comunit\u00e1ria, a viv\u00eancia junto da comunidade eclesial, mas essa comunidade percebeu que era preciso transmitir as celebra\u00e7\u00f5es porque as pessoas n\u00e3o poderiam ir no templo para celebrar. Hoje a gente vive a\u00ed timidamente uma abertura, mas ainda tem muita gente que est\u00e1 acompanhando pelos meios digitais. Acredito que isso veio para ficar e percebemos que a internet \u00e9 uma aliada nesse processo de evangeliza\u00e7\u00e3o&#8221;, aposta Welder.<\/p>\n<p>Segundo Welder, o catolicismo, de uma forma geral, demorou para se abrir \u00e0s tecnologias. &#8220;A gente vivia muito aquela ideia do embate. Tudo que \u00e9 tecnol\u00f3gico \u00e9 coisa ruim e deve ser combatida. Eu gosto muito do um pensador italiano Humberto Ecco. Para ele, em tecnologia n\u00e3o podemos ser nem apocal\u00edpticos nem integrados. O que ele diz com isso? O apocal\u00edptico diz que nada presta, que a internet \u00e9 algo demon\u00edaco, que os meios de comunica\u00e7\u00e3o s\u00e3o demon\u00edacos e temos que combat\u00ea-los. Essa postura \u00e9 muito ruim, porque os meios de comunica\u00e7\u00e3o e a internet j\u00e1 se mostraram uma realidade permanente. Ent\u00e3o n\u00e3o d\u00e1 para lutar contra. Mas tamb\u00e9m n\u00e3o significa que a gente deva ser um integrado, ou seja, um ing\u00eanuo, a ponto de achar agora que tudo \u00e9 &#8216;bonitinho&#8217; e deva migrar para o virtual e, com isso, as rela\u00e7\u00f5es f\u00edsicas podem n\u00e3o ser mais valorizadas&#8221;, ensina.<\/p>\n<p>&#8220;O importante \u00e9 entender que esse meio virtal, esse meio digital, pode nos ajudar a alimentar nossa espiritualidade, a nossa f\u00e9. E mais ainda: ele pode ajudar a chegar nas pessoas que n\u00e3o estariam l\u00e1 na nossa comunidade. Sim, podemos aproveitar desses mecanismos na catequese&#8221;, afirma Welder.<\/p>\n<p>Quanto conciliar catequese on-line e as celebra\u00e7\u00f5es que fazem parte da catequese com inspira\u00e7\u00e3o catecumental, Pe. Thiago reconhece que \u00e9 um tema importante e &#8220;uma d\u00favida&#8221; que todos n\u00f3s temos. &#8220;Acho importante dizer que a catequese, sim, n\u00f3s podemos conciliar, por\u00e9m as celebra\u00e7\u00f5es lit\u00fargicas, n\u00e3o. Porque as celebra\u00e7\u00f5es s\u00e3o um meio que nos fazem experimentar o divino, o transcendente. Ent\u00e3o, as celebra\u00e7\u00f5es se comunicam por ritos e s\u00edmbolos. Esses ritos e s\u00edmbolos s\u00e3o aquilo que vejo e que me remetem a uma realidade que n\u00e3o vejo. E esses ritos devem passar pelos sentidos. Quais s\u00e3o os nossos sentidos? Tato, paladar, olfato, vis\u00e3o. Ent\u00e3o, para a liturgia \u00e9 inconceb\u00edvel. Por qu\u00ea? Porque o s\u00edmbolo \u00e9 aquilo que une, que agrega, que nos une enquanto comunidade eclesial. Por exemplo, a liturgia eucar\u00edstica ou as celebra\u00e7\u00f5es virtuais n\u00e3o substituem a presencial. \u00c9 claro que num tempo de pandemia, tivemos uma exce\u00e7\u00e3o porque n\u00e3o pod\u00edamos nos reunir. \u00c9 claro que Deus faz a gra\u00e7a. Sem d\u00favida, n\u00f3s comungamos ali da Palavra, mas n\u00e3o pudemos comungar do Corpo e Sangue do Senhor como geralmente se coloca ao redor do altar. Ent\u00e3o, muitas destas celebra\u00e7\u00f5es tivemos que retardar um pouco para fazer depois. Por\u00e9m, tem muitas celebra\u00e7\u00f5es que podemos, sim, fazer. Por exemplo, a celebra\u00e7\u00e3o da Palavra, que n\u00e3o \u00e9 uma celebra\u00e7\u00e3o dos sacramentos &#8211; como Eucaristia, Batismo, Crisma -, num tempo que n\u00e3o se possa reunir presencialmente, possa acontecer&#8221;, explicou.<\/p>\n<p>Escutar o catequista e o catequizando \u00e9 um ponto ressaltado pelos autores neste livro. &#8220;Durante todo o livro, enquanto a gente desenvolvia a reflex\u00e3o, eu e o Welder fic\u00e1vamos dizendo: &#8216;bom, como nossos catequistas podem fazer isso na pr\u00e1tica? Ent\u00e3o, durante o livro oferecemos pistas de como aquele conte\u00fado pode ajudar a nossa catequese tradicional a ter um outro olhar. Por exemplo, ainda retomando essa reflex\u00e3o sobre as celebra\u00e7\u00f5es. A Comiss\u00e3o de Liturgia da CNBB prop\u00f4s in\u00fameros roteiros para celebrar a Palavra em fam\u00edlia. Ora \u00e9 um novo jeito de pensar a nossa rela\u00e7\u00e3o enquanto catequese e liturgia. Por que n\u00e3o resgatar a Igreja dom\u00e9stica. A fam\u00edlia como lugar de celebra\u00e7\u00e3o? Por que n\u00e3o enviar para os pais roteiros celebrativos para que eles possam fazer com as crian\u00e7as? \u00c9 um novo jeito de celebrar. Aqui, sim, \u00e9 uma celebra\u00e7\u00e3o que tem presen\u00e7a, que passa pelos sentidos&#8221;, avaliou Pe. Thiago.<\/p>\n<p>Respondendo a uma indaga\u00e7\u00e3o no chat sobre a dificuldade de lidar com o digital, Pe. Thiago sugeriu que os catequistas procurem envolver os catequizandos, que j\u00e1 lidam melhor com as plataformas. &#8220;E esse novo jeito de fazer catequese n\u00e3o \u00e9 dizer assim: &#8216;eu sou p\u00e9ssimo nisso&#8217;. N\u00e3o sei, e pronto! N\u00e3o, vamos tentar! Vamos ver outras formas de ir al\u00e9m daquilo que \u00e9 tradicional. A gente tem que estar disposto a aprender e aproveitar a oportunidade de envolver nossos catequizandos como protagonistas. Esse novo \u00e9 um est\u00edmulo para a gente pensar &#8216;fora da caixinha&#8217; como diz o ditado&#8221;, orientou o sacerdote.<\/p>\n<p>Pe. Thiago fez o seguinte questionamento: Qual a nossa responsabilidade crist\u00e3 nos meios digitais? &#8220;Acho que isso \u00e9 important\u00edssimo. A gente pode aproveitar a nossa catequese e inserir nossos catequizandos nessa responsabilidade. N\u00f3s falamos muito do ser crist\u00e3o em tempo integral: na sociedade, amar o pr\u00f3ximo, viver os mandamentos, n\u00e3o roubar etc. S\u00f3 que muitas vezes achamos que a internet \u00e9 um mundo sem lei. Basta a gente ver pelas quest\u00f5es pol\u00edticas e tantas outras coisas, como as <em>fake news<\/em> que s\u00e3o compartilhadas e tantas vidas que s\u00e3o destru\u00eddas. Quantas pessoas vivem sob press\u00e3o porque s\u00e3o atacadas? Vejam a\u00ed os<em> haters<\/em>. Ent\u00e3o, qual \u00e9 o nosso papel enquanto crist\u00e3os nesse mundo digital. Precisamos pensar numa catequese h\u00edbrida que prev\u00ea esse encontro presencial, mas tamb\u00e9m com atividades digitais. O que n\u00e3o pode \u00e9 uma catequese cem por cento on-line, ou uma catequese EAD como alguns prop\u00f5em. A gente j\u00e1 aprendeu muito e que pode levar adiante&#8221;, incentivou.<\/p>\n<p><strong>OS CONVIDADOS<\/strong><\/p>\n<p>Pe. Thiago Faccini Paro \u00e9 mestre em Teologia e especialista em Liturgia, Ci\u00eancia e Cultura pela PUC-SP. Especialista em Espa\u00e7o Lit\u00fargico e Arte Sacra pela PUC-RS. Pedagogo, \u00e9 autor da cole\u00e7\u00e3o de manuais de catequese \u201cO Caminho\u201d, assim como dos livros \u201cAs celebra\u00e7\u00f5es do RICA: conhecer para bem celebrar\u201d, \u201cConhecer a f\u00e9 que professamos\u201d e \u201cLivro de inscri\u00e7\u00e3o dos Eleitos\u201d. Colabora com a Igreja do Brasil como assessor do Setor de Espa\u00e7o Lit\u00fargico, da Comiss\u00e3o Episcopal Pastoral para Liturgia da CNBB, e atua como secret\u00e1rio executivo da Associa\u00e7\u00e3o dos Liturgistas do Brasil \u2013 ASLI. Assessora, ainda, cursos de forma\u00e7\u00e3o lit\u00fargica e de Inicia\u00e7\u00e3o Crist\u00e3 em diversas comunidades eclesiais.<\/p>\n<p>Welder Lancieri Marchini \u00e9 doutor em Ci\u00eancia da Religi\u00e3o (PUC-SP) onde pesquisou o Vaticano II, Mestre em Ci\u00eancia da Religi\u00e3o (PUC-SP) onde pesquisou a viv\u00eancia paroquial na metr\u00f3pole. Atualmente \u00e9 doutorando em Teologia (PUC-Rio) onde pesquisa m\u00e9todo teol\u00f3gico e tem a fun\u00e7\u00e3o de editor teol\u00f3gico na Editora Vozes. \u00c9 autor de obras na \u00e1rea de catequese e pastoral. Pela Editora Vozes publicou o livro \u201cPerseverando com Jesus\u201d (catequista e catequizando) e \u201cEscolhendo Jesus: jovens crist\u00e3os para uma nova sociedade\u201d. \u00c9 coordenador da Cole\u00e7\u00e3o Inicia\u00e7\u00e3o \u00e0 Teologia e professor e coordenador do curso de Teologia da Universidade S\u00e3o Francisco.<\/p>\n<p>&nbsp;<\/p>\n","protected":false},"excerpt":{"rendered":"<p>2\u00aa Super Semana de Catequese da Editora Vozes<\/p>\n","protected":false},"author":3,"featured_media":233874,"comment_status":"open","ping_status":"open","sticky":false,"template":"","format":"standard","meta":[],"categories":[1],"tags":[1890],"acf":[],"yoast_head":"<!-- This site is optimized with the Yoast SEO plugin v19.2 - https:\/\/yoast.com\/wordpress\/plugins\/seo\/ -->\n<title>Pe. Thiago e Welder Marchini falam sobre catequese e internet - Not\u00edcias - Franciscanos<\/title>\n<meta name=\"robots\" content=\"index, follow, max-snippet:-1, max-image-preview:large, max-video-preview:-1\" \/>\n<link rel=\"canonical\" href=\"https:\/\/franciscanos.org.br\/noticias\/pe-thiago-e-welder-marchini-falam-sobre-catequese-e-internet.html\" \/>\n<meta property=\"og:locale\" content=\"pt_BR\" \/>\n<meta property=\"og:type\" content=\"article\" \/>\n<meta property=\"og:title\" content=\"Pe. Thiago e Welder Marchini falam sobre catequese e internet - Not\u00edcias - Franciscanos\" \/>\n<meta property=\"og:description\" content=\"2\u00aa Super Semana de Catequese da Editora Vozes\" \/>\n<meta property=\"og:url\" content=\"https:\/\/franciscanos.org.br\/noticias\/pe-thiago-e-welder-marchini-falam-sobre-catequese-e-internet.html\" \/>\n<meta property=\"og:site_name\" content=\"Not\u00edcias - Franciscanos\" \/>\n<meta property=\"article:published_time\" content=\"2021-08-26T11:55:50+00:00\" \/>\n<meta property=\"og:image\" content=\"https:\/\/franciscanos.org.br\/noticias\/wp-content\/uploads\/2021\/08\/catequese_2608d.jpg\" \/>\n\t<meta property=\"og:image:width\" content=\"800\" \/>\n\t<meta property=\"og:image:height\" content=\"550\" \/>\n\t<meta property=\"og:image:type\" content=\"image\/jpeg\" \/>\n<meta name=\"author\" content=\"moacir\" \/>\n<meta name=\"twitter:card\" content=\"summary_large_image\" \/>\n<meta name=\"twitter:label1\" content=\"Escrito por\" \/>\n\t<meta name=\"twitter:data1\" content=\"moacir\" \/>\n\t<meta name=\"twitter:label2\" content=\"Est. tempo de leitura\" \/>\n\t<meta name=\"twitter:data2\" content=\"12 minutos\" \/>\n<script type=\"application\/ld+json\" class=\"yoast-schema-graph\">{\"@context\":\"https:\/\/schema.org\",\"@graph\":[{\"@type\":\"WebSite\",\"@id\":\"https:\/\/franciscanos.org.br\/noticias\/#website\",\"url\":\"https:\/\/franciscanos.org.br\/noticias\/\",\"name\":\"Not\u00edcias - Franciscanos\",\"description\":\"Prov\u00edncia Franciscana da Imaculada Concei\u00e7\u00e3o do Brasil - Ordem dos Frades Menores - OFM\",\"potentialAction\":[{\"@type\":\"SearchAction\",\"target\":{\"@type\":\"EntryPoint\",\"urlTemplate\":\"https:\/\/franciscanos.org.br\/noticias\/?s={search_term_string}\"},\"query-input\":\"required name=search_term_string\"}],\"inLanguage\":\"pt-BR\"},{\"@type\":\"ImageObject\",\"inLanguage\":\"pt-BR\",\"@id\":\"https:\/\/franciscanos.org.br\/noticias\/pe-thiago-e-welder-marchini-falam-sobre-catequese-e-internet.html#primaryimage\",\"url\":\"https:\/\/franciscanos.org.br\/noticias\/wp-content\/uploads\/2021\/08\/catequese_2608d.jpg\",\"contentUrl\":\"https:\/\/franciscanos.org.br\/noticias\/wp-content\/uploads\/2021\/08\/catequese_2608d.jpg\",\"width\":800,\"height\":550},{\"@type\":\"WebPage\",\"@id\":\"https:\/\/franciscanos.org.br\/noticias\/pe-thiago-e-welder-marchini-falam-sobre-catequese-e-internet.html#webpage\",\"url\":\"https:\/\/franciscanos.org.br\/noticias\/pe-thiago-e-welder-marchini-falam-sobre-catequese-e-internet.html\",\"name\":\"Pe. Thiago e Welder Marchini falam sobre catequese e internet - Not\u00edcias - Franciscanos\",\"isPartOf\":{\"@id\":\"https:\/\/franciscanos.org.br\/noticias\/#website\"},\"primaryImageOfPage\":{\"@id\":\"https:\/\/franciscanos.org.br\/noticias\/pe-thiago-e-welder-marchini-falam-sobre-catequese-e-internet.html#primaryimage\"},\"datePublished\":\"2021-08-26T11:55:50+00:00\",\"dateModified\":\"2021-08-26T11:55:50+00:00\",\"author\":{\"@id\":\"https:\/\/franciscanos.org.br\/noticias\/#\/schema\/person\/b5c8cba458c330ccff548b056e95a5d4\"},\"breadcrumb\":{\"@id\":\"https:\/\/franciscanos.org.br\/noticias\/pe-thiago-e-welder-marchini-falam-sobre-catequese-e-internet.html#breadcrumb\"},\"inLanguage\":\"pt-BR\",\"potentialAction\":[{\"@type\":\"ReadAction\",\"target\":[\"https:\/\/franciscanos.org.br\/noticias\/pe-thiago-e-welder-marchini-falam-sobre-catequese-e-internet.html\"]}]},{\"@type\":\"BreadcrumbList\",\"@id\":\"https:\/\/franciscanos.org.br\/noticias\/pe-thiago-e-welder-marchini-falam-sobre-catequese-e-internet.html#breadcrumb\",\"itemListElement\":[{\"@type\":\"ListItem\",\"position\":1,\"name\":\"Home\",\"item\":\"https:\/\/franciscanos.org.br\/noticias\"},{\"@type\":\"ListItem\",\"position\":2,\"name\":\"Pe. Thiago e Welder Marchini falam sobre catequese e internet\"}]},{\"@type\":\"Person\",\"@id\":\"https:\/\/franciscanos.org.br\/noticias\/#\/schema\/person\/b5c8cba458c330ccff548b056e95a5d4\",\"name\":\"moacir\",\"image\":{\"@type\":\"ImageObject\",\"inLanguage\":\"pt-BR\",\"@id\":\"https:\/\/franciscanos.org.br\/noticias\/#\/schema\/person\/image\/\",\"url\":\"https:\/\/secure.gravatar.com\/avatar\/d08aa2ce4c8dd416d4479aa8536fcf64?s=96&d=mm&r=g\",\"contentUrl\":\"https:\/\/secure.gravatar.com\/avatar\/d08aa2ce4c8dd416d4479aa8536fcf64?s=96&d=mm&r=g\",\"caption\":\"moacir\"},\"url\":\"https:\/\/franciscanos.org.br\/noticias\/author\/moacir\"}]}<\/script>\n<!-- \/ Yoast SEO plugin. -->","yoast_head_json":{"title":"Pe. Thiago e Welder Marchini falam sobre catequese e internet - Not\u00edcias - Franciscanos","robots":{"index":"index","follow":"follow","max-snippet":"max-snippet:-1","max-image-preview":"max-image-preview:large","max-video-preview":"max-video-preview:-1"},"canonical":"https:\/\/franciscanos.org.br\/noticias\/pe-thiago-e-welder-marchini-falam-sobre-catequese-e-internet.html","og_locale":"pt_BR","og_type":"article","og_title":"Pe. Thiago e Welder Marchini falam sobre catequese e internet - Not\u00edcias - Franciscanos","og_description":"2\u00aa Super Semana de Catequese da Editora Vozes","og_url":"https:\/\/franciscanos.org.br\/noticias\/pe-thiago-e-welder-marchini-falam-sobre-catequese-e-internet.html","og_site_name":"Not\u00edcias - Franciscanos","article_published_time":"2021-08-26T11:55:50+00:00","og_image":[{"width":800,"height":550,"url":"https:\/\/franciscanos.org.br\/noticias\/wp-content\/uploads\/2021\/08\/catequese_2608d.jpg","type":"image\/jpeg"}],"author":"moacir","twitter_card":"summary_large_image","twitter_misc":{"Escrito por":"moacir","Est. tempo de leitura":"12 minutos"},"schema":{"@context":"https:\/\/schema.org","@graph":[{"@type":"WebSite","@id":"https:\/\/franciscanos.org.br\/noticias\/#website","url":"https:\/\/franciscanos.org.br\/noticias\/","name":"Not\u00edcias - Franciscanos","description":"Prov\u00edncia Franciscana da Imaculada Concei\u00e7\u00e3o do Brasil - Ordem dos Frades Menores - OFM","potentialAction":[{"@type":"SearchAction","target":{"@type":"EntryPoint","urlTemplate":"https:\/\/franciscanos.org.br\/noticias\/?s={search_term_string}"},"query-input":"required name=search_term_string"}],"inLanguage":"pt-BR"},{"@type":"ImageObject","inLanguage":"pt-BR","@id":"https:\/\/franciscanos.org.br\/noticias\/pe-thiago-e-welder-marchini-falam-sobre-catequese-e-internet.html#primaryimage","url":"https:\/\/franciscanos.org.br\/noticias\/wp-content\/uploads\/2021\/08\/catequese_2608d.jpg","contentUrl":"https:\/\/franciscanos.org.br\/noticias\/wp-content\/uploads\/2021\/08\/catequese_2608d.jpg","width":800,"height":550},{"@type":"WebPage","@id":"https:\/\/franciscanos.org.br\/noticias\/pe-thiago-e-welder-marchini-falam-sobre-catequese-e-internet.html#webpage","url":"https:\/\/franciscanos.org.br\/noticias\/pe-thiago-e-welder-marchini-falam-sobre-catequese-e-internet.html","name":"Pe. Thiago e Welder Marchini falam sobre catequese e internet - Not\u00edcias - Franciscanos","isPartOf":{"@id":"https:\/\/franciscanos.org.br\/noticias\/#website"},"primaryImageOfPage":{"@id":"https:\/\/franciscanos.org.br\/noticias\/pe-thiago-e-welder-marchini-falam-sobre-catequese-e-internet.html#primaryimage"},"datePublished":"2021-08-26T11:55:50+00:00","dateModified":"2021-08-26T11:55:50+00:00","author":{"@id":"https:\/\/franciscanos.org.br\/noticias\/#\/schema\/person\/b5c8cba458c330ccff548b056e95a5d4"},"breadcrumb":{"@id":"https:\/\/franciscanos.org.br\/noticias\/pe-thiago-e-welder-marchini-falam-sobre-catequese-e-internet.html#breadcrumb"},"inLanguage":"pt-BR","potentialAction":[{"@type":"ReadAction","target":["https:\/\/franciscanos.org.br\/noticias\/pe-thiago-e-welder-marchini-falam-sobre-catequese-e-internet.html"]}]},{"@type":"BreadcrumbList","@id":"https:\/\/franciscanos.org.br\/noticias\/pe-thiago-e-welder-marchini-falam-sobre-catequese-e-internet.html#breadcrumb","itemListElement":[{"@type":"ListItem","position":1,"name":"Home","item":"https:\/\/franciscanos.org.br\/noticias"},{"@type":"ListItem","position":2,"name":"Pe. Thiago e Welder Marchini falam sobre catequese e internet"}]},{"@type":"Person","@id":"https:\/\/franciscanos.org.br\/noticias\/#\/schema\/person\/b5c8cba458c330ccff548b056e95a5d4","name":"moacir","image":{"@type":"ImageObject","inLanguage":"pt-BR","@id":"https:\/\/franciscanos.org.br\/noticias\/#\/schema\/person\/image\/","url":"https:\/\/secure.gravatar.com\/avatar\/d08aa2ce4c8dd416d4479aa8536fcf64?s=96&d=mm&r=g","contentUrl":"https:\/\/secure.gravatar.com\/avatar\/d08aa2ce4c8dd416d4479aa8536fcf64?s=96&d=mm&r=g","caption":"moacir"},"url":"https:\/\/franciscanos.org.br\/noticias\/author\/moacir"}]}},"_links":{"self":[{"href":"https:\/\/franciscanos.org.br\/noticias\/wp-json\/wp\/v2\/posts\/233872"}],"collection":[{"href":"https:\/\/franciscanos.org.br\/noticias\/wp-json\/wp\/v2\/posts"}],"about":[{"href":"https:\/\/franciscanos.org.br\/noticias\/wp-json\/wp\/v2\/types\/post"}],"author":[{"embeddable":true,"href":"https:\/\/franciscanos.org.br\/noticias\/wp-json\/wp\/v2\/users\/3"}],"replies":[{"embeddable":true,"href":"https:\/\/franciscanos.org.br\/noticias\/wp-json\/wp\/v2\/comments?post=233872"}],"version-history":[{"count":1,"href":"https:\/\/franciscanos.org.br\/noticias\/wp-json\/wp\/v2\/posts\/233872\/revisions"}],"predecessor-version":[{"id":233875,"href":"https:\/\/franciscanos.org.br\/noticias\/wp-json\/wp\/v2\/posts\/233872\/revisions\/233875"}],"wp:featuredmedia":[{"embeddable":true,"href":"https:\/\/franciscanos.org.br\/noticias\/wp-json\/wp\/v2\/media\/233874"}],"wp:attachment":[{"href":"https:\/\/franciscanos.org.br\/noticias\/wp-json\/wp\/v2\/media?parent=233872"}],"wp:term":[{"taxonomy":"category","embeddable":true,"href":"https:\/\/franciscanos.org.br\/noticias\/wp-json\/wp\/v2\/categories?post=233872"},{"taxonomy":"post_tag","embeddable":true,"href":"https:\/\/franciscanos.org.br\/noticias\/wp-json\/wp\/v2\/tags?post=233872"}],"curies":[{"name":"wp","href":"https:\/\/api.w.org\/{rel}","templated":true}]}}