{"id":233867,"date":"2021-08-25T14:02:50","date_gmt":"2021-08-25T17:02:50","guid":{"rendered":"https:\/\/franciscanos.org.br\/noticias\/?p=233867"},"modified":"2021-08-25T14:02:50","modified_gmt":"2021-08-25T17:02:50","slug":"mobilizacao-indigena-presidencia-da-cnbb-expressa-apoio-e-pede-respeito-aos-povos-indigenas","status":"publish","type":"post","link":"https:\/\/franciscanos.org.br\/noticias\/mobilizacao-indigena-presidencia-da-cnbb-expressa-apoio-e-pede-respeito-aos-povos-indigenas.html","title":{"rendered":"Mobiliza\u00e7\u00e3o ind\u00edgena: presid\u00eancia da CNBB expressa apoio e pede respeito aos povos ind\u00edgenas"},"content":{"rendered":"<p>&nbsp;<\/p>\n<div id=\"attachment_233870\" style=\"width: 1290px\" class=\"wp-caption alignnone\"><img aria-describedby=\"caption-attachment-233870\" loading=\"lazy\" class=\"wp-image-233870 size-full\" src=\"https:\/\/franciscanos.org.br\/noticias\/wp-content\/uploads\/2021\/08\/cimi_2508.jpg\" alt=\"\" width=\"1280\" height=\"720\" srcset=\"https:\/\/franciscanos.org.br\/noticias\/wp-content\/uploads\/2021\/08\/cimi_2508.jpg 1280w, https:\/\/franciscanos.org.br\/noticias\/wp-content\/uploads\/2021\/08\/cimi_2508-450x253.jpg 450w, https:\/\/franciscanos.org.br\/noticias\/wp-content\/uploads\/2021\/08\/cimi_2508-1024x576.jpg 1024w, https:\/\/franciscanos.org.br\/noticias\/wp-content\/uploads\/2021\/08\/cimi_2508-768x432.jpg 768w, https:\/\/franciscanos.org.br\/noticias\/wp-content\/uploads\/2021\/08\/cimi_2508-150x84.jpg 150w\" sizes=\"(max-width: 1280px) 100vw, 1280px\" \/><p id=\"caption-attachment-233870\" class=\"wp-caption-text\">\u00a0 \u00a0 \u00a0 \u00a0 \u00a0 \u00a0 \u00a0 \u00a0 \u00a0 \u00a0 \u00a0 \u00a0 \u00a0 \u00a0 \u00a0 \u00a0 \u00a0 \u00a0 \u00a0 \u00a0 \u00a0 \u00a0 \u00a0 \u00a0 \u00a0 \u00a0 \u00a0 \u00a0 \u00a0 \u00a0 \u00a0 \u00a0 \u00a0 \u00a0 \u00a0 \u00a0 \u00a0 \u00a0 \u00a0 \u00a0 \u00a0 \u00a0 \u00a0 \u00a0 \u00a0 \u00a0 \u00a0 \u00a0 \u00a0 \u00a0 \u00a0 \u00a0 \u00a0 \u00a0 \u00a0 \u00a0 \u00a0 \u00a0 \u00a0 \u00a0 \u00a0 \u00a0 \u00a0 \u00a0 \u00a0 \u00a0 \u00a0 \u00a0 \u00a0 \u00a0 \u00a0 \u00a0 \u00a0 \u00a0 \u00a0 \u00a0 <em>\u00a0 \u00a0 \u00a0 \u00a0Foto: Ver\u00f4nica Holanda &#8211; CIMI<\/em><\/p><\/div>\n<p>O arcebispo metropolitano de Belo Horizonte e presidente da Confer\u00eancia Nacional dos Bispos do Brasil (CNBB), Dom Walmor Oliveira de Azevedo, defendeu a inconstitucionalidade do marco temporal e expressou sua \u201cexpectativa\u201d e \u201cesperan\u00e7a\u201d de que o Supremo Tribunal Federal (STF) vote contra a tese e respeite a Constitui\u00e7\u00e3o.<\/p>\n<p>Ele falou durante a visita da CNBB, da Rede Eclesial Pan-Amaz\u00f4nica \u2013 REPAM-Brasil e da Confer\u00eancia dos Religiosos do Brasil (CRB) em solidariedade e apoio aos milhares de ind\u00edgenas que est\u00e3o mobilizados no acampamento \u201cLuta pela Vida\u201d, em Bras\u00edlia.<\/p>\n<p>Participaram da visita o presidente da CNBB, Dom Walmor Oliveira de Azevedo, o secret\u00e1rio-geral da CNBB, Dom Joel Portella, o presidente do Conselho Indigenista Mission\u00e1rio (Cimi), secret\u00e1rio da REPAM-Brasil e arcebispo de Porto Velho (RO), Dom Roque Paloschi, e a presidente da CRB Nacional, Ir. Maria In\u00eas Vieira Ribeiro, e a diretora executiva da REPAM-Brasil, Ir. Maria Irene Lopes.<\/p>\n<p>Dom Walmor destacou o compromisso da CNBB com a causa ind\u00edgena e pediu respeito aos povos ind\u00edgenas. \u201cQueremos dizer do nosso apoio, da nossa alegria e que daqui a nossa voz chegue \u00e0s portas do STF esperando que os nossos ju\u00edzes, na sua lucidez e no seu compromisso de fazer valer a Constitui\u00e7\u00e3o Federal, votem a favor de tudo aquilo que ajuda os povos ind\u00edgenas\u201d, ressaltou o presidente.<\/p>\n<p>Para Dom Joel Portella, o apoio e solidariedade \u00e0 mobiliza\u00e7\u00e3o ind\u00edgena \u201cexpressa os 70 anos de solidariedade\u201d aos povos ind\u00edgenas, suas lutas e direitos. \u201cO que hoje se faz aqui precisa transbordar para um Brasil diferente. Se voc\u00eas est\u00e3o lutando pelo respeito aos povos origin\u00e1rios e para que o marco temporal n\u00e3o seja a grande refer\u00eancia vencedora, estamos todos n\u00f3s trabalhando por um Brasil diferente, que respeita a democracia, a Constitui\u00e7\u00e3o, o suor, o sangue e a vida de muitos que se foram\u201d, afirmou.<\/p>\n<p><strong>Testemunho de resist\u00eancia e confian\u00e7a<\/strong><\/p>\n<p>Dom Roque Paloschi agradeceu o testemunho de resist\u00eancia e de confian\u00e7a dos povos ind\u00edgenas na prote\u00e7\u00e3o dos territ\u00f3rios e ressaltou que a luta dos povos ind\u00edgenas \u00e9 de todos n\u00f3s. \u201cA causa ind\u00edgena \u00e9 de todos n\u00f3s e n\u00f3s queremos continuar caminhando tamb\u00e9m como Igreja e Cimi, onde os senhores e senhoras, comunidades e etnias s\u00e3o os sujeitos e protagonistas da hist\u00f3ria. N\u00f3s queremos caminhar como aliados, na certeza de que somos chamados \u00e0 essa grande experi\u00eancia do pluralismo da diversidade\u201d, disse.<\/p>\n<p>Ir. Maria In\u00eas Vieira afirmou que a comunh\u00e3o da Vida Consagrada com os povos ind\u00edgenas vem de longa data e que sempre tiveram \u201creligiosos e religiosas defendendo a causa ind\u00edgena\u201d. A presidente ressaltou ainda que est\u00e1 ao lado dos povos ind\u00edgenas e de seus territ\u00f3rios.<\/p>\n<p>Elza Xerente, lideran\u00e7a do povo Xerente no Tocantins, falou da import\u00e2ncia do apoio da CNBB e chamou aten\u00e7\u00e3o para destrui\u00e7\u00e3o do territ\u00f3rio ind\u00edgena.<\/p>\n<p>Lideran\u00e7a ind\u00edgena Elza Xerente presenteia comitiva da CNBB. Foto: Carol Lira\/REPAM-Brasil<\/p>\n<p>\u201cNossos antepassados n\u00e3o ensinaram a vender os nossos direitos n\u00e3o. O dinheiro \u00e9 passageiro, hoje n\u00f3s perdemos e amanh\u00e3 n\u00e3o tem nada, mas o territ\u00f3rio ser\u00e1 nosso para o resto da vida. Eu posso morrer, mas os meus netos e os meus filhos v\u00e3o viver. Essa \u00e9 a esperan\u00e7a que n\u00f3s temos!\u201d<\/p>\n<p>Na ocasi\u00e3o, Elza Xerente presenteou os bispos e a presidente da CRB com um colar t\u00edpico da cultura Xerente, em sinal de b\u00ean\u00e7\u00e3o e prote\u00e7\u00e3o.<\/p>\n<p>A mobiliza\u00e7\u00e3o, que reivindica direitos e promove atos contra a agenda anti-ind\u00edgena que est\u00e1 em curso no Congresso Nacional e no Governo Federal, segue at\u00e9 o dia 28 de agosto com atividades, plen\u00e1rias, marchas e manifesta\u00e7\u00f5es culturais e pol\u00edticas. Durante o per\u00edodo, ind\u00edgenas de todas as regi\u00f5es do pa\u00eds ficar\u00e3o acampados na Pra\u00e7a da Cidadania.<\/p>\n<p style=\"text-align: center;\">Confira a programa\u00e7\u00e3o completa do acampamento<strong><a href=\"https:\/\/apiboficial.org\/files\/2021\/08\/Divulgac%CC%A7a%CC%83o-Programac%CC%A7a%CC%83o-Mobilizac%CC%A7a%CC%83o-Indi%CC%81gena-Luta-pela-Vida.xlsx-Programac%CC%A7a%CC%83o-2.pdf\"> Luta pela Vida aqui<\/a><\/strong><\/p>\n<p><strong>Marco temporal<\/strong><br \/>\nA pauta central da mobiliza\u00e7\u00e3o est\u00e1 relacionada ao julgamento marcado para amanh\u00e3 (25) no Supremo Tribunal Federal (STF), que definir\u00e1 o futuro das demarca\u00e7\u00f5es de terras ind\u00edgenas. A Corte vai analisar a a\u00e7\u00e3o de reintegra\u00e7\u00e3o de posse movida pelo governo de Santa Catarina contra o povo Xokleng, referente \u00e0 Terra Ind\u00edgena (TI) Ibirama-Lakl\u00e3n\u00f5, onde tamb\u00e9m vivem os povos Guarani e Kaingang.<\/p>\n<p>Com status de \u201crepercuss\u00e3o geral\u201d, a decis\u00e3o tomada neste julgamento servir\u00e1 de diretriz para a gest\u00e3o federal e todas as inst\u00e2ncias da Justi\u00e7a, tamb\u00e9m como refer\u00eancia a todos os processos, procedimentos administrativos e projetos legislativos no que diz respeito aos procedimentos demarcat\u00f3rios.<\/p>\n<p>Entenda por que o caso de repercuss\u00e3o geral no STF pode definir o futuro das Terras Ind\u00edgenas<\/p>\n<p>A CNBB atua como amicus curiae \u2013 \u201camiga da Corte\u201d \u2013 no processo e j\u00e1 se manifestou contrariamente \u00e0 tese do chamado marco temporal. Em junho, a REPAM-Brasil e a CNBB tamb\u00e9m visitaram o acampamento Levante Pela Terra, levando uma mensagem de apoio e solidariedade \u00e0 mobiliza\u00e7\u00e3o que durou o m\u00eas inteiro e reuniu cerca de 1500 ind\u00edgenas de mais de 50 povos em Bras\u00edlia. O acampamento Luta pela Vida d\u00e1 continuidade \u00e0 intensa mobiliza\u00e7\u00e3o ind\u00edgena iniciada em junho.<\/p>\n<hr \/>\n<p><em>Comunica\u00e7\u00e3o REPAM-Brasil com informa\u00e7\u00f5es do Cimi* <\/em><br \/>\n<em>Foto: Ver\u00f4nica Holanda &#8211; CIMI<\/em><\/p>\n","protected":false},"excerpt":{"rendered":"<p>CNBB<\/p>\n","protected":false},"author":3,"featured_media":233868,"comment_status":"open","ping_status":"open","sticky":false,"template":"","format":"standard","meta":[],"categories":[1],"tags":[1623],"acf":[],"yoast_head":"<!-- This site is optimized with the Yoast SEO plugin v19.2 - https:\/\/yoast.com\/wordpress\/plugins\/seo\/ -->\n<title>Mobiliza\u00e7\u00e3o ind\u00edgena: presid\u00eancia da CNBB expressa apoio e pede respeito aos povos ind\u00edgenas - Not\u00edcias - Franciscanos<\/title>\n<meta name=\"robots\" content=\"index, follow, max-snippet:-1, max-image-preview:large, max-video-preview:-1\" \/>\n<link rel=\"canonical\" href=\"https:\/\/franciscanos.org.br\/noticias\/mobilizacao-indigena-presidencia-da-cnbb-expressa-apoio-e-pede-respeito-aos-povos-indigenas.html\" \/>\n<meta property=\"og:locale\" content=\"pt_BR\" \/>\n<meta property=\"og:type\" content=\"article\" \/>\n<meta property=\"og:title\" content=\"Mobiliza\u00e7\u00e3o ind\u00edgena: presid\u00eancia da CNBB expressa apoio e pede respeito aos povos ind\u00edgenas - Not\u00edcias - Franciscanos\" \/>\n<meta property=\"og:description\" content=\"CNBB\" \/>\n<meta property=\"og:url\" content=\"https:\/\/franciscanos.org.br\/noticias\/mobilizacao-indigena-presidencia-da-cnbb-expressa-apoio-e-pede-respeito-aos-povos-indigenas.html\" \/>\n<meta property=\"og:site_name\" content=\"Not\u00edcias - Franciscanos\" \/>\n<meta property=\"article:published_time\" content=\"2021-08-25T17:02:50+00:00\" \/>\n<meta property=\"og:image\" content=\"https:\/\/franciscanos.org.br\/noticias\/wp-content\/uploads\/2021\/08\/cimi_25.jpg\" \/>\n\t<meta property=\"og:image:width\" content=\"800\" \/>\n\t<meta property=\"og:image:height\" content=\"500\" \/>\n\t<meta property=\"og:image:type\" content=\"image\/jpeg\" \/>\n<meta name=\"author\" content=\"moacir\" \/>\n<meta name=\"twitter:card\" content=\"summary_large_image\" \/>\n<meta name=\"twitter:label1\" content=\"Escrito por\" \/>\n\t<meta name=\"twitter:data1\" content=\"moacir\" \/>\n\t<meta name=\"twitter:label2\" content=\"Est. tempo de leitura\" \/>\n\t<meta name=\"twitter:data2\" content=\"5 minutos\" \/>\n<script type=\"application\/ld+json\" class=\"yoast-schema-graph\">{\"@context\":\"https:\/\/schema.org\",\"@graph\":[{\"@type\":\"WebSite\",\"@id\":\"https:\/\/franciscanos.org.br\/noticias\/#website\",\"url\":\"https:\/\/franciscanos.org.br\/noticias\/\",\"name\":\"Not\u00edcias - Franciscanos\",\"description\":\"Prov\u00edncia Franciscana da Imaculada Concei\u00e7\u00e3o do Brasil - Ordem dos Frades Menores - OFM\",\"potentialAction\":[{\"@type\":\"SearchAction\",\"target\":{\"@type\":\"EntryPoint\",\"urlTemplate\":\"https:\/\/franciscanos.org.br\/noticias\/?s={search_term_string}\"},\"query-input\":\"required name=search_term_string\"}],\"inLanguage\":\"pt-BR\"},{\"@type\":\"ImageObject\",\"inLanguage\":\"pt-BR\",\"@id\":\"https:\/\/franciscanos.org.br\/noticias\/mobilizacao-indigena-presidencia-da-cnbb-expressa-apoio-e-pede-respeito-aos-povos-indigenas.html#primaryimage\",\"url\":\"https:\/\/franciscanos.org.br\/noticias\/wp-content\/uploads\/2021\/08\/cimi_25.jpg\",\"contentUrl\":\"https:\/\/franciscanos.org.br\/noticias\/wp-content\/uploads\/2021\/08\/cimi_25.jpg\",\"width\":800,\"height\":500},{\"@type\":\"WebPage\",\"@id\":\"https:\/\/franciscanos.org.br\/noticias\/mobilizacao-indigena-presidencia-da-cnbb-expressa-apoio-e-pede-respeito-aos-povos-indigenas.html#webpage\",\"url\":\"https:\/\/franciscanos.org.br\/noticias\/mobilizacao-indigena-presidencia-da-cnbb-expressa-apoio-e-pede-respeito-aos-povos-indigenas.html\",\"name\":\"Mobiliza\u00e7\u00e3o ind\u00edgena: presid\u00eancia da CNBB expressa apoio e pede respeito aos povos ind\u00edgenas - Not\u00edcias - Franciscanos\",\"isPartOf\":{\"@id\":\"https:\/\/franciscanos.org.br\/noticias\/#website\"},\"primaryImageOfPage\":{\"@id\":\"https:\/\/franciscanos.org.br\/noticias\/mobilizacao-indigena-presidencia-da-cnbb-expressa-apoio-e-pede-respeito-aos-povos-indigenas.html#primaryimage\"},\"datePublished\":\"2021-08-25T17:02:50+00:00\",\"dateModified\":\"2021-08-25T17:02:50+00:00\",\"author\":{\"@id\":\"https:\/\/franciscanos.org.br\/noticias\/#\/schema\/person\/b5c8cba458c330ccff548b056e95a5d4\"},\"breadcrumb\":{\"@id\":\"https:\/\/franciscanos.org.br\/noticias\/mobilizacao-indigena-presidencia-da-cnbb-expressa-apoio-e-pede-respeito-aos-povos-indigenas.html#breadcrumb\"},\"inLanguage\":\"pt-BR\",\"potentialAction\":[{\"@type\":\"ReadAction\",\"target\":[\"https:\/\/franciscanos.org.br\/noticias\/mobilizacao-indigena-presidencia-da-cnbb-expressa-apoio-e-pede-respeito-aos-povos-indigenas.html\"]}]},{\"@type\":\"BreadcrumbList\",\"@id\":\"https:\/\/franciscanos.org.br\/noticias\/mobilizacao-indigena-presidencia-da-cnbb-expressa-apoio-e-pede-respeito-aos-povos-indigenas.html#breadcrumb\",\"itemListElement\":[{\"@type\":\"ListItem\",\"position\":1,\"name\":\"Home\",\"item\":\"https:\/\/franciscanos.org.br\/noticias\"},{\"@type\":\"ListItem\",\"position\":2,\"name\":\"Mobiliza\u00e7\u00e3o ind\u00edgena: presid\u00eancia da CNBB expressa apoio e pede respeito aos povos ind\u00edgenas\"}]},{\"@type\":\"Person\",\"@id\":\"https:\/\/franciscanos.org.br\/noticias\/#\/schema\/person\/b5c8cba458c330ccff548b056e95a5d4\",\"name\":\"moacir\",\"image\":{\"@type\":\"ImageObject\",\"inLanguage\":\"pt-BR\",\"@id\":\"https:\/\/franciscanos.org.br\/noticias\/#\/schema\/person\/image\/\",\"url\":\"https:\/\/secure.gravatar.com\/avatar\/d08aa2ce4c8dd416d4479aa8536fcf64?s=96&d=mm&r=g\",\"contentUrl\":\"https:\/\/secure.gravatar.com\/avatar\/d08aa2ce4c8dd416d4479aa8536fcf64?s=96&d=mm&r=g\",\"caption\":\"moacir\"},\"url\":\"https:\/\/franciscanos.org.br\/noticias\/author\/moacir\"}]}<\/script>\n<!-- \/ Yoast SEO plugin. -->","yoast_head_json":{"title":"Mobiliza\u00e7\u00e3o ind\u00edgena: presid\u00eancia da CNBB expressa apoio e pede respeito aos povos ind\u00edgenas - Not\u00edcias - Franciscanos","robots":{"index":"index","follow":"follow","max-snippet":"max-snippet:-1","max-image-preview":"max-image-preview:large","max-video-preview":"max-video-preview:-1"},"canonical":"https:\/\/franciscanos.org.br\/noticias\/mobilizacao-indigena-presidencia-da-cnbb-expressa-apoio-e-pede-respeito-aos-povos-indigenas.html","og_locale":"pt_BR","og_type":"article","og_title":"Mobiliza\u00e7\u00e3o ind\u00edgena: presid\u00eancia da CNBB expressa apoio e pede respeito aos povos ind\u00edgenas - Not\u00edcias - Franciscanos","og_description":"CNBB","og_url":"https:\/\/franciscanos.org.br\/noticias\/mobilizacao-indigena-presidencia-da-cnbb-expressa-apoio-e-pede-respeito-aos-povos-indigenas.html","og_site_name":"Not\u00edcias - Franciscanos","article_published_time":"2021-08-25T17:02:50+00:00","og_image":[{"width":800,"height":500,"url":"https:\/\/franciscanos.org.br\/noticias\/wp-content\/uploads\/2021\/08\/cimi_25.jpg","type":"image\/jpeg"}],"author":"moacir","twitter_card":"summary_large_image","twitter_misc":{"Escrito por":"moacir","Est. tempo de leitura":"5 minutos"},"schema":{"@context":"https:\/\/schema.org","@graph":[{"@type":"WebSite","@id":"https:\/\/franciscanos.org.br\/noticias\/#website","url":"https:\/\/franciscanos.org.br\/noticias\/","name":"Not\u00edcias - Franciscanos","description":"Prov\u00edncia Franciscana da Imaculada Concei\u00e7\u00e3o do Brasil - Ordem dos Frades Menores - OFM","potentialAction":[{"@type":"SearchAction","target":{"@type":"EntryPoint","urlTemplate":"https:\/\/franciscanos.org.br\/noticias\/?s={search_term_string}"},"query-input":"required name=search_term_string"}],"inLanguage":"pt-BR"},{"@type":"ImageObject","inLanguage":"pt-BR","@id":"https:\/\/franciscanos.org.br\/noticias\/mobilizacao-indigena-presidencia-da-cnbb-expressa-apoio-e-pede-respeito-aos-povos-indigenas.html#primaryimage","url":"https:\/\/franciscanos.org.br\/noticias\/wp-content\/uploads\/2021\/08\/cimi_25.jpg","contentUrl":"https:\/\/franciscanos.org.br\/noticias\/wp-content\/uploads\/2021\/08\/cimi_25.jpg","width":800,"height":500},{"@type":"WebPage","@id":"https:\/\/franciscanos.org.br\/noticias\/mobilizacao-indigena-presidencia-da-cnbb-expressa-apoio-e-pede-respeito-aos-povos-indigenas.html#webpage","url":"https:\/\/franciscanos.org.br\/noticias\/mobilizacao-indigena-presidencia-da-cnbb-expressa-apoio-e-pede-respeito-aos-povos-indigenas.html","name":"Mobiliza\u00e7\u00e3o ind\u00edgena: presid\u00eancia da CNBB expressa apoio e pede respeito aos povos ind\u00edgenas - Not\u00edcias - Franciscanos","isPartOf":{"@id":"https:\/\/franciscanos.org.br\/noticias\/#website"},"primaryImageOfPage":{"@id":"https:\/\/franciscanos.org.br\/noticias\/mobilizacao-indigena-presidencia-da-cnbb-expressa-apoio-e-pede-respeito-aos-povos-indigenas.html#primaryimage"},"datePublished":"2021-08-25T17:02:50+00:00","dateModified":"2021-08-25T17:02:50+00:00","author":{"@id":"https:\/\/franciscanos.org.br\/noticias\/#\/schema\/person\/b5c8cba458c330ccff548b056e95a5d4"},"breadcrumb":{"@id":"https:\/\/franciscanos.org.br\/noticias\/mobilizacao-indigena-presidencia-da-cnbb-expressa-apoio-e-pede-respeito-aos-povos-indigenas.html#breadcrumb"},"inLanguage":"pt-BR","potentialAction":[{"@type":"ReadAction","target":["https:\/\/franciscanos.org.br\/noticias\/mobilizacao-indigena-presidencia-da-cnbb-expressa-apoio-e-pede-respeito-aos-povos-indigenas.html"]}]},{"@type":"BreadcrumbList","@id":"https:\/\/franciscanos.org.br\/noticias\/mobilizacao-indigena-presidencia-da-cnbb-expressa-apoio-e-pede-respeito-aos-povos-indigenas.html#breadcrumb","itemListElement":[{"@type":"ListItem","position":1,"name":"Home","item":"https:\/\/franciscanos.org.br\/noticias"},{"@type":"ListItem","position":2,"name":"Mobiliza\u00e7\u00e3o ind\u00edgena: presid\u00eancia da CNBB expressa apoio e pede respeito aos povos ind\u00edgenas"}]},{"@type":"Person","@id":"https:\/\/franciscanos.org.br\/noticias\/#\/schema\/person\/b5c8cba458c330ccff548b056e95a5d4","name":"moacir","image":{"@type":"ImageObject","inLanguage":"pt-BR","@id":"https:\/\/franciscanos.org.br\/noticias\/#\/schema\/person\/image\/","url":"https:\/\/secure.gravatar.com\/avatar\/d08aa2ce4c8dd416d4479aa8536fcf64?s=96&d=mm&r=g","contentUrl":"https:\/\/secure.gravatar.com\/avatar\/d08aa2ce4c8dd416d4479aa8536fcf64?s=96&d=mm&r=g","caption":"moacir"},"url":"https:\/\/franciscanos.org.br\/noticias\/author\/moacir"}]}},"_links":{"self":[{"href":"https:\/\/franciscanos.org.br\/noticias\/wp-json\/wp\/v2\/posts\/233867"}],"collection":[{"href":"https:\/\/franciscanos.org.br\/noticias\/wp-json\/wp\/v2\/posts"}],"about":[{"href":"https:\/\/franciscanos.org.br\/noticias\/wp-json\/wp\/v2\/types\/post"}],"author":[{"embeddable":true,"href":"https:\/\/franciscanos.org.br\/noticias\/wp-json\/wp\/v2\/users\/3"}],"replies":[{"embeddable":true,"href":"https:\/\/franciscanos.org.br\/noticias\/wp-json\/wp\/v2\/comments?post=233867"}],"version-history":[{"count":1,"href":"https:\/\/franciscanos.org.br\/noticias\/wp-json\/wp\/v2\/posts\/233867\/revisions"}],"predecessor-version":[{"id":233871,"href":"https:\/\/franciscanos.org.br\/noticias\/wp-json\/wp\/v2\/posts\/233867\/revisions\/233871"}],"wp:featuredmedia":[{"embeddable":true,"href":"https:\/\/franciscanos.org.br\/noticias\/wp-json\/wp\/v2\/media\/233868"}],"wp:attachment":[{"href":"https:\/\/franciscanos.org.br\/noticias\/wp-json\/wp\/v2\/media?parent=233867"}],"wp:term":[{"taxonomy":"category","embeddable":true,"href":"https:\/\/franciscanos.org.br\/noticias\/wp-json\/wp\/v2\/categories?post=233867"},{"taxonomy":"post_tag","embeddable":true,"href":"https:\/\/franciscanos.org.br\/noticias\/wp-json\/wp\/v2\/tags?post=233867"}],"curies":[{"name":"wp","href":"https:\/\/api.w.org\/{rel}","templated":true}]}}