{"id":233857,"date":"2021-08-25T13:15:23","date_gmt":"2021-08-25T16:15:23","guid":{"rendered":"https:\/\/franciscanos.org.br\/noticias\/?p=233857"},"modified":"2021-08-25T13:15:23","modified_gmt":"2021-08-25T16:15:23","slug":"convento-da-penha-frades-rezam-terco-pelas-vocacoes","status":"publish","type":"post","link":"https:\/\/franciscanos.org.br\/noticias\/convento-da-penha-frades-rezam-terco-pelas-vocacoes.html","title":{"rendered":"Convento da Penha: Frades rezam Ter\u00e7o pelas voca\u00e7\u00f5es"},"content":{"rendered":"<p><img loading=\"lazy\" class=\"alignnone size-full wp-image-233858\" src=\"https:\/\/franciscanos.org.br\/noticias\/wp-content\/uploads\/2021\/08\/penha_2508.jpg\" alt=\"\" width=\"1024\" height=\"683\" srcset=\"https:\/\/franciscanos.org.br\/noticias\/wp-content\/uploads\/2021\/08\/penha_2508.jpg 1024w, https:\/\/franciscanos.org.br\/noticias\/wp-content\/uploads\/2021\/08\/penha_2508-450x300.jpg 450w, https:\/\/franciscanos.org.br\/noticias\/wp-content\/uploads\/2021\/08\/penha_2508-768x512.jpg 768w, https:\/\/franciscanos.org.br\/noticias\/wp-content\/uploads\/2021\/08\/penha_2508-150x100.jpg 150w\" sizes=\"(max-width: 1024px) 100vw, 1024px\" \/><\/p>\n<p><strong>Vila Velha (ES)<\/strong> &#8211; O M\u00eas Vocacional \u00e9 um tempo em que a Igreja no Brasil convoca toda a sociedade para a ora\u00e7\u00e3o nas inten\u00e7\u00f5es das voca\u00e7\u00f5es. \u00c9 tempo de ouvir o chamado de Deus \u00e0 experi\u00eancia da vida crist\u00e3 de uma maneira atenta. Isto \u00e9, Deus continua nos chamando seja para a vida religiosa ou para a vida laical. A Igreja nos prop\u00f5e cultivar o exerc\u00edcio da prece por todos os que se sentem escolhidos pelo Senhor.<\/p>\n<p>A ora\u00e7\u00e3o, a devo\u00e7\u00e3o pessoal e familiar nas noites de ter\u00e7a-feira t\u00eam sido cada vez mais expressivas, motivadoras e inspiradoras. Toda ter\u00e7a tem Ter\u00e7o em Fam\u00edlia, repetimos isso diversas vezes pelas redes sociais do Convento da Penha. E nessa repeti\u00e7\u00e3o, assim como as Ave Marias, repetimos nosso gesto de gratid\u00e3o. A gratid\u00e3o move tantos homens e mulheres, tantos filhos e filhas de Nossa Senhora da Penha, para o louvor e a ora\u00e7\u00e3o em fam\u00edlia.<\/p>\n<p>Na noite de ontem (24), dois motivos especiais explicaram o encontro da fam\u00edlia dos frades franciscanos do Convento da Penha com as fam\u00edlias dos fi\u00e9is em casa: a celebra\u00e7\u00e3o do anivers\u00e1rio de dois freis, o Pedro Engel (que completou 85 anos) e o Valdir Nunes Ribeiro (comemorando seus 61 anos); e a medita\u00e7\u00e3o do Ter\u00e7o Vocacional aos p\u00e9s da Virgem da Penha.<\/p>\n<p>O Ter\u00e7o Vocacional \u00e9 uma proposta da Prov\u00edncia Franciscana da Imaculada Concei\u00e7\u00e3o. Nele s\u00e3o meditados os \u201cmist\u00e9rios vocacionais\u201d no Ros\u00e1rio. Desde a primeira ter\u00e7a-feira de agosto, os freis rezam e meditam &#8220;a busca\u201d, &#8220;o chamado\u201d, \u201co seguimento\u201d, \u201ca miss\u00e3o e \u201ca fidelidade\u201d. Desta forma, n\u00e3o s\u00f3 as voca\u00e7\u00f5es religiosas ou eclesi\u00e1sticas s\u00e3o contempladas com a prece, mas todos os que s\u00e3o chamados por Deus a serem sinal Dele onde estiverem.<\/p>\n<p><img loading=\"lazy\" class=\"alignnone size-full wp-image-233860\" src=\"https:\/\/franciscanos.org.br\/noticias\/wp-content\/uploads\/2021\/08\/penha_2508_3.jpg\" alt=\"\" width=\"1280\" height=\"620\" srcset=\"https:\/\/franciscanos.org.br\/noticias\/wp-content\/uploads\/2021\/08\/penha_2508_3.jpg 1280w, https:\/\/franciscanos.org.br\/noticias\/wp-content\/uploads\/2021\/08\/penha_2508_3-450x218.jpg 450w, https:\/\/franciscanos.org.br\/noticias\/wp-content\/uploads\/2021\/08\/penha_2508_3-1024x496.jpg 1024w, https:\/\/franciscanos.org.br\/noticias\/wp-content\/uploads\/2021\/08\/penha_2508_3-768x372.jpg 768w, https:\/\/franciscanos.org.br\/noticias\/wp-content\/uploads\/2021\/08\/penha_2508_3-150x73.jpg 150w\" sizes=\"(max-width: 1280px) 100vw, 1280px\" \/><\/p>\n<p>No in\u00edcio da ora\u00e7\u00e3o, que foi acompanhada por centenas de pessoas pelas m\u00eddias digitais do Santu\u00e1rio de Nossa Senhora da Penha, os freis cantaram \u201cA Decis\u00e3o \u00e9 Tua\u201d (Voca\u00e7\u00e3o), can\u00e7\u00e3o do Pe. Zezinho. Em seguida, Frei Pedro de Oliveira apresentou as motiva\u00e7\u00f5es do encontro, afirmando que os confrades, Valdir e Pedro Engel, \u201couviram a voz do vento, chamando sem cessar, ouviram a voz daquele que chamou Francisco, Clara, tantos companheiros\u2026 Assim, somos tamb\u00e9m chamados a agradecer a Deus pelo dom da vida do frei Valdir e Pedro Engel\u201d, comentou.<\/p>\n<p>Nos intervalos de cada mist\u00e9rios, alguns fi\u00e9is que apresentavam as ora\u00e7\u00f5es e inten\u00e7\u00f5es tinham seus coment\u00e1rios recolhidos pela equipe de comunica\u00e7\u00e3o, assim, era estabelecida uma forma \u00e1gil de intera\u00e7\u00e3o e participa\u00e7\u00e3o. Havia romeiros e devotos de Nossa Senhora rezando de pa\u00edses como nos Estados Unidos, Portugal e Chile.<\/p>\n<p>Nas inten\u00e7\u00f5es, muitos lembraram a triste situa\u00e7\u00e3o do Afeganist\u00e3o, as dificuldades sociais e desafios pol\u00edticos enfrentados no Brasil, a viol\u00eancia que lamentavelmente assola muitas cidades do Esp\u00edrito Santo. Rezaram ainda pela voca\u00e7\u00e3o dos frades do Convento e pelos jovens que est\u00e3o come\u00e7ando a vivenciar o per\u00edodo de descoberta da voca\u00e7\u00e3o.<\/p>\n<p>Ao final da medita\u00e7\u00e3o dos mist\u00e9rios, todos de p\u00e9 cantaram a \u201cSalve Rainha\u201d, concederam a b\u00ean\u00e7\u00e3o final e festejaram, com direito aos parab\u00e9ns, a vida dos dois confrades. Rezaram tamb\u00e9m a Ora\u00e7\u00e3o pelas Voca\u00e7\u00f5es, de S\u00e3o Paulo VI: \u201cJesus, Mestre divino, que chamastes os Ap\u00f3stolos a vos seguirem, continuai a passar pelos nossos caminhos, pelas nossas fam\u00edlias, pelas nossas escolas, e continuai a repetir o convite a muitos de nossos jovens. Dai coragem \u00e0s pessoas convidadas. Dai for\u00e7a para que vos sejam fi\u00e9is como ap\u00f3stolos leigos, como sacerdotes, como religiosos e religiosas para o bem do Povo de Deus e de toda a humanidade. Am\u00e9m\u201d.<\/p>\n<hr \/>\n<p><em>Cristian Oliveira, assessor de imprensa<\/em><\/p>\n","protected":false},"excerpt":{"rendered":"<p>M\u00eas Vocacional<\/p>\n","protected":false},"author":3,"featured_media":233859,"comment_status":"open","ping_status":"open","sticky":false,"template":"","format":"standard","meta":[],"categories":[1],"tags":[248],"acf":[],"yoast_head":"<!-- This site is optimized with the Yoast SEO plugin v19.2 - https:\/\/yoast.com\/wordpress\/plugins\/seo\/ -->\n<title>Convento da Penha: Frades rezam Ter\u00e7o pelas voca\u00e7\u00f5es - Not\u00edcias - Franciscanos<\/title>\n<meta name=\"robots\" content=\"index, follow, max-snippet:-1, max-image-preview:large, max-video-preview:-1\" \/>\n<link rel=\"canonical\" href=\"https:\/\/franciscanos.org.br\/noticias\/convento-da-penha-frades-rezam-terco-pelas-vocacoes.html\" \/>\n<meta property=\"og:locale\" content=\"pt_BR\" \/>\n<meta property=\"og:type\" content=\"article\" \/>\n<meta property=\"og:title\" content=\"Convento da Penha: Frades rezam Ter\u00e7o pelas voca\u00e7\u00f5es - Not\u00edcias - Franciscanos\" \/>\n<meta property=\"og:description\" content=\"M\u00eas Vocacional\" \/>\n<meta property=\"og:url\" content=\"https:\/\/franciscanos.org.br\/noticias\/convento-da-penha-frades-rezam-terco-pelas-vocacoes.html\" \/>\n<meta property=\"og:site_name\" content=\"Not\u00edcias - Franciscanos\" \/>\n<meta property=\"article:published_time\" content=\"2021-08-25T16:15:23+00:00\" \/>\n<meta property=\"og:image\" content=\"https:\/\/franciscanos.org.br\/noticias\/wp-content\/uploads\/2021\/08\/penha_2508d.jpg\" \/>\n\t<meta property=\"og:image:width\" content=\"800\" \/>\n\t<meta property=\"og:image:height\" content=\"550\" \/>\n\t<meta property=\"og:image:type\" content=\"image\/jpeg\" \/>\n<meta name=\"author\" content=\"moacir\" \/>\n<meta name=\"twitter:card\" content=\"summary_large_image\" \/>\n<meta name=\"twitter:label1\" content=\"Escrito por\" \/>\n\t<meta name=\"twitter:data1\" content=\"moacir\" \/>\n\t<meta name=\"twitter:label2\" content=\"Est. tempo de leitura\" \/>\n\t<meta name=\"twitter:data2\" content=\"3 minutos\" \/>\n<script type=\"application\/ld+json\" class=\"yoast-schema-graph\">{\"@context\":\"https:\/\/schema.org\",\"@graph\":[{\"@type\":\"WebSite\",\"@id\":\"https:\/\/franciscanos.org.br\/noticias\/#website\",\"url\":\"https:\/\/franciscanos.org.br\/noticias\/\",\"name\":\"Not\u00edcias - Franciscanos\",\"description\":\"Prov\u00edncia Franciscana da Imaculada Concei\u00e7\u00e3o do Brasil - Ordem dos Frades Menores - OFM\",\"potentialAction\":[{\"@type\":\"SearchAction\",\"target\":{\"@type\":\"EntryPoint\",\"urlTemplate\":\"https:\/\/franciscanos.org.br\/noticias\/?s={search_term_string}\"},\"query-input\":\"required name=search_term_string\"}],\"inLanguage\":\"pt-BR\"},{\"@type\":\"ImageObject\",\"inLanguage\":\"pt-BR\",\"@id\":\"https:\/\/franciscanos.org.br\/noticias\/convento-da-penha-frades-rezam-terco-pelas-vocacoes.html#primaryimage\",\"url\":\"https:\/\/franciscanos.org.br\/noticias\/wp-content\/uploads\/2021\/08\/penha_2508d.jpg\",\"contentUrl\":\"https:\/\/franciscanos.org.br\/noticias\/wp-content\/uploads\/2021\/08\/penha_2508d.jpg\",\"width\":800,\"height\":550},{\"@type\":\"WebPage\",\"@id\":\"https:\/\/franciscanos.org.br\/noticias\/convento-da-penha-frades-rezam-terco-pelas-vocacoes.html#webpage\",\"url\":\"https:\/\/franciscanos.org.br\/noticias\/convento-da-penha-frades-rezam-terco-pelas-vocacoes.html\",\"name\":\"Convento da Penha: Frades rezam Ter\u00e7o pelas voca\u00e7\u00f5es - Not\u00edcias - Franciscanos\",\"isPartOf\":{\"@id\":\"https:\/\/franciscanos.org.br\/noticias\/#website\"},\"primaryImageOfPage\":{\"@id\":\"https:\/\/franciscanos.org.br\/noticias\/convento-da-penha-frades-rezam-terco-pelas-vocacoes.html#primaryimage\"},\"datePublished\":\"2021-08-25T16:15:23+00:00\",\"dateModified\":\"2021-08-25T16:15:23+00:00\",\"author\":{\"@id\":\"https:\/\/franciscanos.org.br\/noticias\/#\/schema\/person\/b5c8cba458c330ccff548b056e95a5d4\"},\"breadcrumb\":{\"@id\":\"https:\/\/franciscanos.org.br\/noticias\/convento-da-penha-frades-rezam-terco-pelas-vocacoes.html#breadcrumb\"},\"inLanguage\":\"pt-BR\",\"potentialAction\":[{\"@type\":\"ReadAction\",\"target\":[\"https:\/\/franciscanos.org.br\/noticias\/convento-da-penha-frades-rezam-terco-pelas-vocacoes.html\"]}]},{\"@type\":\"BreadcrumbList\",\"@id\":\"https:\/\/franciscanos.org.br\/noticias\/convento-da-penha-frades-rezam-terco-pelas-vocacoes.html#breadcrumb\",\"itemListElement\":[{\"@type\":\"ListItem\",\"position\":1,\"name\":\"Home\",\"item\":\"https:\/\/franciscanos.org.br\/noticias\"},{\"@type\":\"ListItem\",\"position\":2,\"name\":\"Convento da Penha: Frades rezam Ter\u00e7o pelas voca\u00e7\u00f5es\"}]},{\"@type\":\"Person\",\"@id\":\"https:\/\/franciscanos.org.br\/noticias\/#\/schema\/person\/b5c8cba458c330ccff548b056e95a5d4\",\"name\":\"moacir\",\"image\":{\"@type\":\"ImageObject\",\"inLanguage\":\"pt-BR\",\"@id\":\"https:\/\/franciscanos.org.br\/noticias\/#\/schema\/person\/image\/\",\"url\":\"https:\/\/secure.gravatar.com\/avatar\/d08aa2ce4c8dd416d4479aa8536fcf64?s=96&d=mm&r=g\",\"contentUrl\":\"https:\/\/secure.gravatar.com\/avatar\/d08aa2ce4c8dd416d4479aa8536fcf64?s=96&d=mm&r=g\",\"caption\":\"moacir\"},\"url\":\"https:\/\/franciscanos.org.br\/noticias\/author\/moacir\"}]}<\/script>\n<!-- \/ Yoast SEO plugin. -->","yoast_head_json":{"title":"Convento da Penha: Frades rezam Ter\u00e7o pelas voca\u00e7\u00f5es - Not\u00edcias - Franciscanos","robots":{"index":"index","follow":"follow","max-snippet":"max-snippet:-1","max-image-preview":"max-image-preview:large","max-video-preview":"max-video-preview:-1"},"canonical":"https:\/\/franciscanos.org.br\/noticias\/convento-da-penha-frades-rezam-terco-pelas-vocacoes.html","og_locale":"pt_BR","og_type":"article","og_title":"Convento da Penha: Frades rezam Ter\u00e7o pelas voca\u00e7\u00f5es - Not\u00edcias - Franciscanos","og_description":"M\u00eas Vocacional","og_url":"https:\/\/franciscanos.org.br\/noticias\/convento-da-penha-frades-rezam-terco-pelas-vocacoes.html","og_site_name":"Not\u00edcias - Franciscanos","article_published_time":"2021-08-25T16:15:23+00:00","og_image":[{"width":800,"height":550,"url":"https:\/\/franciscanos.org.br\/noticias\/wp-content\/uploads\/2021\/08\/penha_2508d.jpg","type":"image\/jpeg"}],"author":"moacir","twitter_card":"summary_large_image","twitter_misc":{"Escrito por":"moacir","Est. tempo de leitura":"3 minutos"},"schema":{"@context":"https:\/\/schema.org","@graph":[{"@type":"WebSite","@id":"https:\/\/franciscanos.org.br\/noticias\/#website","url":"https:\/\/franciscanos.org.br\/noticias\/","name":"Not\u00edcias - Franciscanos","description":"Prov\u00edncia Franciscana da Imaculada Concei\u00e7\u00e3o do Brasil - Ordem dos Frades Menores - OFM","potentialAction":[{"@type":"SearchAction","target":{"@type":"EntryPoint","urlTemplate":"https:\/\/franciscanos.org.br\/noticias\/?s={search_term_string}"},"query-input":"required name=search_term_string"}],"inLanguage":"pt-BR"},{"@type":"ImageObject","inLanguage":"pt-BR","@id":"https:\/\/franciscanos.org.br\/noticias\/convento-da-penha-frades-rezam-terco-pelas-vocacoes.html#primaryimage","url":"https:\/\/franciscanos.org.br\/noticias\/wp-content\/uploads\/2021\/08\/penha_2508d.jpg","contentUrl":"https:\/\/franciscanos.org.br\/noticias\/wp-content\/uploads\/2021\/08\/penha_2508d.jpg","width":800,"height":550},{"@type":"WebPage","@id":"https:\/\/franciscanos.org.br\/noticias\/convento-da-penha-frades-rezam-terco-pelas-vocacoes.html#webpage","url":"https:\/\/franciscanos.org.br\/noticias\/convento-da-penha-frades-rezam-terco-pelas-vocacoes.html","name":"Convento da Penha: Frades rezam Ter\u00e7o pelas voca\u00e7\u00f5es - Not\u00edcias - Franciscanos","isPartOf":{"@id":"https:\/\/franciscanos.org.br\/noticias\/#website"},"primaryImageOfPage":{"@id":"https:\/\/franciscanos.org.br\/noticias\/convento-da-penha-frades-rezam-terco-pelas-vocacoes.html#primaryimage"},"datePublished":"2021-08-25T16:15:23+00:00","dateModified":"2021-08-25T16:15:23+00:00","author":{"@id":"https:\/\/franciscanos.org.br\/noticias\/#\/schema\/person\/b5c8cba458c330ccff548b056e95a5d4"},"breadcrumb":{"@id":"https:\/\/franciscanos.org.br\/noticias\/convento-da-penha-frades-rezam-terco-pelas-vocacoes.html#breadcrumb"},"inLanguage":"pt-BR","potentialAction":[{"@type":"ReadAction","target":["https:\/\/franciscanos.org.br\/noticias\/convento-da-penha-frades-rezam-terco-pelas-vocacoes.html"]}]},{"@type":"BreadcrumbList","@id":"https:\/\/franciscanos.org.br\/noticias\/convento-da-penha-frades-rezam-terco-pelas-vocacoes.html#breadcrumb","itemListElement":[{"@type":"ListItem","position":1,"name":"Home","item":"https:\/\/franciscanos.org.br\/noticias"},{"@type":"ListItem","position":2,"name":"Convento da Penha: Frades rezam Ter\u00e7o pelas voca\u00e7\u00f5es"}]},{"@type":"Person","@id":"https:\/\/franciscanos.org.br\/noticias\/#\/schema\/person\/b5c8cba458c330ccff548b056e95a5d4","name":"moacir","image":{"@type":"ImageObject","inLanguage":"pt-BR","@id":"https:\/\/franciscanos.org.br\/noticias\/#\/schema\/person\/image\/","url":"https:\/\/secure.gravatar.com\/avatar\/d08aa2ce4c8dd416d4479aa8536fcf64?s=96&d=mm&r=g","contentUrl":"https:\/\/secure.gravatar.com\/avatar\/d08aa2ce4c8dd416d4479aa8536fcf64?s=96&d=mm&r=g","caption":"moacir"},"url":"https:\/\/franciscanos.org.br\/noticias\/author\/moacir"}]}},"_links":{"self":[{"href":"https:\/\/franciscanos.org.br\/noticias\/wp-json\/wp\/v2\/posts\/233857"}],"collection":[{"href":"https:\/\/franciscanos.org.br\/noticias\/wp-json\/wp\/v2\/posts"}],"about":[{"href":"https:\/\/franciscanos.org.br\/noticias\/wp-json\/wp\/v2\/types\/post"}],"author":[{"embeddable":true,"href":"https:\/\/franciscanos.org.br\/noticias\/wp-json\/wp\/v2\/users\/3"}],"replies":[{"embeddable":true,"href":"https:\/\/franciscanos.org.br\/noticias\/wp-json\/wp\/v2\/comments?post=233857"}],"version-history":[{"count":1,"href":"https:\/\/franciscanos.org.br\/noticias\/wp-json\/wp\/v2\/posts\/233857\/revisions"}],"predecessor-version":[{"id":233861,"href":"https:\/\/franciscanos.org.br\/noticias\/wp-json\/wp\/v2\/posts\/233857\/revisions\/233861"}],"wp:featuredmedia":[{"embeddable":true,"href":"https:\/\/franciscanos.org.br\/noticias\/wp-json\/wp\/v2\/media\/233859"}],"wp:attachment":[{"href":"https:\/\/franciscanos.org.br\/noticias\/wp-json\/wp\/v2\/media?parent=233857"}],"wp:term":[{"taxonomy":"category","embeddable":true,"href":"https:\/\/franciscanos.org.br\/noticias\/wp-json\/wp\/v2\/categories?post=233857"},{"taxonomy":"post_tag","embeddable":true,"href":"https:\/\/franciscanos.org.br\/noticias\/wp-json\/wp\/v2\/tags?post=233857"}],"curies":[{"name":"wp","href":"https:\/\/api.w.org\/{rel}","templated":true}]}}