{"id":233813,"date":"2021-08-23T08:13:51","date_gmt":"2021-08-23T11:13:51","guid":{"rendered":"https:\/\/franciscanos.org.br\/noticias\/?p=233813"},"modified":"2021-08-23T08:14:24","modified_gmt":"2021-08-23T11:14:24","slug":"papa-a-liturgia-em-risco-de-ser-marginalizada-retorno-ao-centro-da-fe","status":"publish","type":"post","link":"https:\/\/franciscanos.org.br\/noticias\/papa-a-liturgia-em-risco-de-ser-marginalizada-retorno-ao-centro-da-fe.html","title":{"rendered":"Papa: a liturgia em risco de ser marginalizada, retorno ao centro da f\u00e9"},"content":{"rendered":"<div id=\"attachment_233814\" style=\"width: 1290px\" class=\"wp-caption alignnone\"><img aria-describedby=\"caption-attachment-233814\" loading=\"lazy\" class=\"wp-image-233814 size-full\" src=\"https:\/\/franciscanos.org.br\/noticias\/wp-content\/uploads\/2021\/08\/papa_23.jpg\" alt=\"\" width=\"1280\" height=\"720\" srcset=\"https:\/\/franciscanos.org.br\/noticias\/wp-content\/uploads\/2021\/08\/papa_23.jpg 1280w, https:\/\/franciscanos.org.br\/noticias\/wp-content\/uploads\/2021\/08\/papa_23-450x253.jpg 450w, https:\/\/franciscanos.org.br\/noticias\/wp-content\/uploads\/2021\/08\/papa_23-1024x576.jpg 1024w, https:\/\/franciscanos.org.br\/noticias\/wp-content\/uploads\/2021\/08\/papa_23-768x432.jpg 768w, https:\/\/franciscanos.org.br\/noticias\/wp-content\/uploads\/2021\/08\/papa_23-150x84.jpg 150w\" sizes=\"(max-width: 1280px) 100vw, 1280px\" \/><p id=\"caption-attachment-233814\" class=\"wp-caption-text\">\u00a0 \u00a0 \u00a0 \u00a0 \u00a0 \u00a0 \u00a0 \u00a0 \u00a0 \u00a0 \u00a0 \u00a0 \u00a0 \u00a0 \u00a0 \u00a0 \u00a0 \u00a0 \u00a0 \u00a0 \u00a0 \u00a0 \u00a0 \u00a0 \u00a0 \u00a0 \u00a0 \u00a0 \u00a0 \u00a0 \u00a0 \u00a0 \u00a0 \u00a0 \u00a0 \u00a0 \u00a0 \u00a0 \u00a0 \u00a0 \u00a0 \u00a0 \u00a0 \u00a0 \u00a0 \u00a0 \u00a0 \u00a0 \u00a0 \u00a0 \u00a0 \u00a0 \u00a0 \u00a0 \u00a0 \u00a0 \u00a0 \u00a0 \u00a0 \u00a0 \u00a0 \u00a0 \u00a0 \u00a0 \u00a0 <em>\u00a0 \u00a0 \u00a0 \u00a0 Imagem: Vatican Media<\/em><\/p><\/div>\n<p>O Papa Francisco enviou uma mensagem ao presidente do Centro de A\u00e7\u00e3o Lit\u00fargica, dom Claudio Maniago, por ocasi\u00e3o da 71\u00aa Semana Lit\u00fargica Nacional que tem in\u00edcio nesta segunda-feira (23\/08), em Cremona, na It\u00e1lia, e prossegue at\u00e9 o pr\u00f3ximo dia 26.<\/p>\n<p>O Pont\u00edfice recorda no texto a &#8220;triste experi\u00eancia do &#8216;jejum&#8217; lit\u00fargico&#8221; durante o per\u00edodo de confinamento do ano passado por causa da pandemia da Covid-19 e os v\u00e1rios problemas que emergiram, e deseja novas &#8220;linhas de pastoral lit\u00fargica&#8221; para as par\u00f3quias, a fim de enfrentar a &#8220;marginalidade&#8221; na qual parecem &#8220;cair inexoravelmente&#8221; o domingo, a assembleia eucar\u00edstica, os minist\u00e9rios e o rito. A esperan\u00e7a \u00e9 de que recuperem &#8220;a centralidade na f\u00e9 e na espiritualidade dos fi\u00e9is&#8221;, escreve o Pont\u00edfice na mensagem a dom Maniago, assinada pelo secret\u00e1rio de Estado, cardeal Pietro Parolin.<\/p>\n<p><strong>Celebra\u00e7\u00f5es colocadas \u00e0 prova pela Covid<\/strong><br \/>\nNo texto, lido no in\u00edcio dos trabalhos, o Papa diz estar grato a Deus pelo fato de que a Semana finalmente possa se realizar depois &#8220;do triste momento do ano passado&#8221;, quando foi adiada, por causa da pandemia. Um adiamento \u00fatil para encontrar novas ideias para o tema escolhido, &#8220;Onde est\u00e3o dois ou tr\u00eas reunidos em meu nome. Comunidades, liturgias e territ\u00f3rio&#8221;, e tamb\u00e9m para &#8220;aprofundar aspectos e situa\u00e7\u00f5es da celebra\u00e7\u00e3o, colocados \u00e0 prova pela difus\u00e3o da Covid-19 e pelas limita\u00e7\u00f5es necess\u00e1rias para cont\u00ea-la&#8221;.<\/p>\n<p>Segundo o Papa, a suspens\u00e3o dos servi\u00e7os religiosos no ano passado, embora tenha sido uma &#8220;triste experi\u00eancia&#8221;, &#8220;evidenciou a bondade do caminho percorrido desde o Conc\u00edlio Vaticano II&#8221;, na estrada tra\u00e7ada pela <em>Sacrosanctum Concilium.<\/em> De fato, o tempo de priva\u00e7\u00e3o &#8220;mostrou a import\u00e2ncia da liturgia divina para a vida dos crist\u00e3os&#8221;.<\/p>\n<p><strong>A criatividade pastoral de sacerdotes e leigos<\/strong><br \/>\n&#8220;O encontro semanal em &#8216;nome do Senhor&#8217;, que desde as origens foi vivido pelos crist\u00e3os como uma realidade indispens\u00e1vel e indissoluvelmente ligada \u00e0 sua identidade, foi severamente afetado durante a fase mais aguda da propaga\u00e7\u00e3o da pandemia&#8221;, assinala Francisco. &#8220;Mas o amor pelo Senhor e a criatividade pastoral impeliram pastores e fi\u00e9is leigos a explorarem outras formas de nutrir a comunh\u00e3o de f\u00e9 e amor com o Senhor e com irm\u00e3os, na esperan\u00e7a de poder voltar \u00e0 plenitude da celebra\u00e7\u00e3o eucar\u00edstica em tranquilidade e seguran\u00e7a&#8221;. &#8220;Foi uma espera dura e dolorosa&#8221;, ressalta o Papa, &#8220;iluminada pelo mist\u00e9rio da Cruz do Senhor e fecunda com muitas obras de cuidado, amor fraterno e servi\u00e7o \u00e0s pessoas que mais sofreram com as consequ\u00eancias da emerg\u00eancia sanit\u00e1ria&#8221;.<\/p>\n<p><strong>A liturgia &#8220;suspensa&#8221; e seus problemas<\/strong><br \/>\nA liturgia &#8220;suspensa&#8221; durante o confinamento e as dificuldades da retomada sucessiva confirmam o que j\u00e1 se via nas assembleias dominicais na It\u00e1lia: uma &#8220;indica\u00e7\u00e3o alarmante da fase avan\u00e7ada da mudan\u00e7a de \u00e9poca&#8221;. \u00c9 que &#8220;na vida real das pessoas mudou a percep\u00e7\u00e3o do tempo e, consequentemente, do domingo, do espa\u00e7o, com repercuss\u00f5es no modo de ser e sentir-se comunidade, povo, fam\u00edlia e da rela\u00e7\u00e3o com um territ\u00f3rio&#8221;.<\/p>\n<p>&#8220;A assembleia dominical&#8221;, observa o Papa, &#8220;encontra-se assim desequilibrada em termos de presen\u00e7a geracional, falta de homogeneidade cultural, como tamb\u00e9m pela dificuldade de encontrar uma integra\u00e7\u00e3o harmoniosa na vida paroquial, para ser o verdadeiro cume de todas as suas atividades e a fonte de dinamismo mission\u00e1rio para levar o Evangelho da miseric\u00f3rdia \u00e0s periferias geogr\u00e1ficas e existenciais&#8221;.<\/p>\n<p><strong>Novas linhas de pastoral lit\u00fargica<\/strong><br \/>\nO Papa espera que a Semana Lit\u00fargica Nacional, com suas propostas de reflex\u00e3o e momentos de celebra\u00e7\u00e3o, presencial e on-line, \u201cpossa identificar e sugerir algumas linhas de pastoral lit\u00fargica\u201d para propor \u00e0s par\u00f3quias. Francisco aben\u00e7oa os di\u00e1conos, sacerdotes, consagrados e leigos que participam da Semana Lit\u00fargica Nacional e diz que se consola com o fato de que este evento se realize &#8220;num territ\u00f3rio que sofreu muito por causa da pandemia&#8221;, mas que, ao mesmo tempo, &#8220;viu florescer o bem para aliviar um imenso sofrimento&#8221;.<\/p>\n<hr \/>\n<p><em>Fonte: Vatican News (texto de Salvatore Cernuzio\/Mariangela Jaguraba)<\/em><\/p>\n","protected":false},"excerpt":{"rendered":"<p>Liturgia<\/p>\n","protected":false},"author":3,"featured_media":233815,"comment_status":"open","ping_status":"open","sticky":false,"template":"","format":"standard","meta":[],"categories":[1428],"tags":[55],"acf":[],"yoast_head":"<!-- This site is optimized with the Yoast SEO plugin v19.2 - https:\/\/yoast.com\/wordpress\/plugins\/seo\/ -->\n<title>Papa: a liturgia em risco de ser marginalizada, retorno ao centro da f\u00e9 - Not\u00edcias - Franciscanos<\/title>\n<meta name=\"robots\" content=\"index, follow, max-snippet:-1, max-image-preview:large, max-video-preview:-1\" \/>\n<link rel=\"canonical\" href=\"https:\/\/franciscanos.org.br\/noticias\/papa-a-liturgia-em-risco-de-ser-marginalizada-retorno-ao-centro-da-fe.html\" \/>\n<meta property=\"og:locale\" content=\"pt_BR\" \/>\n<meta property=\"og:type\" content=\"article\" \/>\n<meta property=\"og:title\" content=\"Papa: a liturgia em risco de ser marginalizada, retorno ao centro da f\u00e9 - Not\u00edcias - Franciscanos\" \/>\n<meta property=\"og:description\" content=\"Liturgia\" \/>\n<meta property=\"og:url\" content=\"https:\/\/franciscanos.org.br\/noticias\/papa-a-liturgia-em-risco-de-ser-marginalizada-retorno-ao-centro-da-fe.html\" \/>\n<meta property=\"og:site_name\" content=\"Not\u00edcias - Franciscanos\" \/>\n<meta property=\"article:published_time\" content=\"2021-08-23T11:13:51+00:00\" \/>\n<meta property=\"article:modified_time\" content=\"2021-08-23T11:14:24+00:00\" \/>\n<meta property=\"og:image\" content=\"https:\/\/franciscanos.org.br\/noticias\/wp-content\/uploads\/2021\/08\/papa_23d.jpg\" \/>\n\t<meta property=\"og:image:width\" content=\"800\" \/>\n\t<meta property=\"og:image:height\" content=\"550\" \/>\n\t<meta property=\"og:image:type\" content=\"image\/jpeg\" \/>\n<meta name=\"author\" content=\"moacir\" \/>\n<meta name=\"twitter:card\" content=\"summary_large_image\" \/>\n<meta name=\"twitter:label1\" content=\"Escrito por\" \/>\n\t<meta name=\"twitter:data1\" content=\"moacir\" \/>\n\t<meta name=\"twitter:label2\" content=\"Est. tempo de leitura\" \/>\n\t<meta name=\"twitter:data2\" content=\"4 minutos\" \/>\n<script type=\"application\/ld+json\" class=\"yoast-schema-graph\">{\"@context\":\"https:\/\/schema.org\",\"@graph\":[{\"@type\":\"WebSite\",\"@id\":\"https:\/\/franciscanos.org.br\/noticias\/#website\",\"url\":\"https:\/\/franciscanos.org.br\/noticias\/\",\"name\":\"Not\u00edcias - Franciscanos\",\"description\":\"Prov\u00edncia Franciscana da Imaculada Concei\u00e7\u00e3o do Brasil - Ordem dos Frades Menores - OFM\",\"potentialAction\":[{\"@type\":\"SearchAction\",\"target\":{\"@type\":\"EntryPoint\",\"urlTemplate\":\"https:\/\/franciscanos.org.br\/noticias\/?s={search_term_string}\"},\"query-input\":\"required name=search_term_string\"}],\"inLanguage\":\"pt-BR\"},{\"@type\":\"ImageObject\",\"inLanguage\":\"pt-BR\",\"@id\":\"https:\/\/franciscanos.org.br\/noticias\/papa-a-liturgia-em-risco-de-ser-marginalizada-retorno-ao-centro-da-fe.html#primaryimage\",\"url\":\"https:\/\/franciscanos.org.br\/noticias\/wp-content\/uploads\/2021\/08\/papa_23d.jpg\",\"contentUrl\":\"https:\/\/franciscanos.org.br\/noticias\/wp-content\/uploads\/2021\/08\/papa_23d.jpg\",\"width\":800,\"height\":550},{\"@type\":\"WebPage\",\"@id\":\"https:\/\/franciscanos.org.br\/noticias\/papa-a-liturgia-em-risco-de-ser-marginalizada-retorno-ao-centro-da-fe.html#webpage\",\"url\":\"https:\/\/franciscanos.org.br\/noticias\/papa-a-liturgia-em-risco-de-ser-marginalizada-retorno-ao-centro-da-fe.html\",\"name\":\"Papa: a liturgia em risco de ser marginalizada, retorno ao centro da f\u00e9 - Not\u00edcias - Franciscanos\",\"isPartOf\":{\"@id\":\"https:\/\/franciscanos.org.br\/noticias\/#website\"},\"primaryImageOfPage\":{\"@id\":\"https:\/\/franciscanos.org.br\/noticias\/papa-a-liturgia-em-risco-de-ser-marginalizada-retorno-ao-centro-da-fe.html#primaryimage\"},\"datePublished\":\"2021-08-23T11:13:51+00:00\",\"dateModified\":\"2021-08-23T11:14:24+00:00\",\"author\":{\"@id\":\"https:\/\/franciscanos.org.br\/noticias\/#\/schema\/person\/b5c8cba458c330ccff548b056e95a5d4\"},\"breadcrumb\":{\"@id\":\"https:\/\/franciscanos.org.br\/noticias\/papa-a-liturgia-em-risco-de-ser-marginalizada-retorno-ao-centro-da-fe.html#breadcrumb\"},\"inLanguage\":\"pt-BR\",\"potentialAction\":[{\"@type\":\"ReadAction\",\"target\":[\"https:\/\/franciscanos.org.br\/noticias\/papa-a-liturgia-em-risco-de-ser-marginalizada-retorno-ao-centro-da-fe.html\"]}]},{\"@type\":\"BreadcrumbList\",\"@id\":\"https:\/\/franciscanos.org.br\/noticias\/papa-a-liturgia-em-risco-de-ser-marginalizada-retorno-ao-centro-da-fe.html#breadcrumb\",\"itemListElement\":[{\"@type\":\"ListItem\",\"position\":1,\"name\":\"Home\",\"item\":\"https:\/\/franciscanos.org.br\/noticias\"},{\"@type\":\"ListItem\",\"position\":2,\"name\":\"Papa: a liturgia em risco de ser marginalizada, retorno ao centro da f\u00e9\"}]},{\"@type\":\"Person\",\"@id\":\"https:\/\/franciscanos.org.br\/noticias\/#\/schema\/person\/b5c8cba458c330ccff548b056e95a5d4\",\"name\":\"moacir\",\"image\":{\"@type\":\"ImageObject\",\"inLanguage\":\"pt-BR\",\"@id\":\"https:\/\/franciscanos.org.br\/noticias\/#\/schema\/person\/image\/\",\"url\":\"https:\/\/secure.gravatar.com\/avatar\/d08aa2ce4c8dd416d4479aa8536fcf64?s=96&d=mm&r=g\",\"contentUrl\":\"https:\/\/secure.gravatar.com\/avatar\/d08aa2ce4c8dd416d4479aa8536fcf64?s=96&d=mm&r=g\",\"caption\":\"moacir\"},\"url\":\"https:\/\/franciscanos.org.br\/noticias\/author\/moacir\"}]}<\/script>\n<!-- \/ Yoast SEO plugin. -->","yoast_head_json":{"title":"Papa: a liturgia em risco de ser marginalizada, retorno ao centro da f\u00e9 - Not\u00edcias - Franciscanos","robots":{"index":"index","follow":"follow","max-snippet":"max-snippet:-1","max-image-preview":"max-image-preview:large","max-video-preview":"max-video-preview:-1"},"canonical":"https:\/\/franciscanos.org.br\/noticias\/papa-a-liturgia-em-risco-de-ser-marginalizada-retorno-ao-centro-da-fe.html","og_locale":"pt_BR","og_type":"article","og_title":"Papa: a liturgia em risco de ser marginalizada, retorno ao centro da f\u00e9 - Not\u00edcias - Franciscanos","og_description":"Liturgia","og_url":"https:\/\/franciscanos.org.br\/noticias\/papa-a-liturgia-em-risco-de-ser-marginalizada-retorno-ao-centro-da-fe.html","og_site_name":"Not\u00edcias - Franciscanos","article_published_time":"2021-08-23T11:13:51+00:00","article_modified_time":"2021-08-23T11:14:24+00:00","og_image":[{"width":800,"height":550,"url":"https:\/\/franciscanos.org.br\/noticias\/wp-content\/uploads\/2021\/08\/papa_23d.jpg","type":"image\/jpeg"}],"author":"moacir","twitter_card":"summary_large_image","twitter_misc":{"Escrito por":"moacir","Est. tempo de leitura":"4 minutos"},"schema":{"@context":"https:\/\/schema.org","@graph":[{"@type":"WebSite","@id":"https:\/\/franciscanos.org.br\/noticias\/#website","url":"https:\/\/franciscanos.org.br\/noticias\/","name":"Not\u00edcias - Franciscanos","description":"Prov\u00edncia Franciscana da Imaculada Concei\u00e7\u00e3o do Brasil - Ordem dos Frades Menores - OFM","potentialAction":[{"@type":"SearchAction","target":{"@type":"EntryPoint","urlTemplate":"https:\/\/franciscanos.org.br\/noticias\/?s={search_term_string}"},"query-input":"required name=search_term_string"}],"inLanguage":"pt-BR"},{"@type":"ImageObject","inLanguage":"pt-BR","@id":"https:\/\/franciscanos.org.br\/noticias\/papa-a-liturgia-em-risco-de-ser-marginalizada-retorno-ao-centro-da-fe.html#primaryimage","url":"https:\/\/franciscanos.org.br\/noticias\/wp-content\/uploads\/2021\/08\/papa_23d.jpg","contentUrl":"https:\/\/franciscanos.org.br\/noticias\/wp-content\/uploads\/2021\/08\/papa_23d.jpg","width":800,"height":550},{"@type":"WebPage","@id":"https:\/\/franciscanos.org.br\/noticias\/papa-a-liturgia-em-risco-de-ser-marginalizada-retorno-ao-centro-da-fe.html#webpage","url":"https:\/\/franciscanos.org.br\/noticias\/papa-a-liturgia-em-risco-de-ser-marginalizada-retorno-ao-centro-da-fe.html","name":"Papa: a liturgia em risco de ser marginalizada, retorno ao centro da f\u00e9 - Not\u00edcias - Franciscanos","isPartOf":{"@id":"https:\/\/franciscanos.org.br\/noticias\/#website"},"primaryImageOfPage":{"@id":"https:\/\/franciscanos.org.br\/noticias\/papa-a-liturgia-em-risco-de-ser-marginalizada-retorno-ao-centro-da-fe.html#primaryimage"},"datePublished":"2021-08-23T11:13:51+00:00","dateModified":"2021-08-23T11:14:24+00:00","author":{"@id":"https:\/\/franciscanos.org.br\/noticias\/#\/schema\/person\/b5c8cba458c330ccff548b056e95a5d4"},"breadcrumb":{"@id":"https:\/\/franciscanos.org.br\/noticias\/papa-a-liturgia-em-risco-de-ser-marginalizada-retorno-ao-centro-da-fe.html#breadcrumb"},"inLanguage":"pt-BR","potentialAction":[{"@type":"ReadAction","target":["https:\/\/franciscanos.org.br\/noticias\/papa-a-liturgia-em-risco-de-ser-marginalizada-retorno-ao-centro-da-fe.html"]}]},{"@type":"BreadcrumbList","@id":"https:\/\/franciscanos.org.br\/noticias\/papa-a-liturgia-em-risco-de-ser-marginalizada-retorno-ao-centro-da-fe.html#breadcrumb","itemListElement":[{"@type":"ListItem","position":1,"name":"Home","item":"https:\/\/franciscanos.org.br\/noticias"},{"@type":"ListItem","position":2,"name":"Papa: a liturgia em risco de ser marginalizada, retorno ao centro da f\u00e9"}]},{"@type":"Person","@id":"https:\/\/franciscanos.org.br\/noticias\/#\/schema\/person\/b5c8cba458c330ccff548b056e95a5d4","name":"moacir","image":{"@type":"ImageObject","inLanguage":"pt-BR","@id":"https:\/\/franciscanos.org.br\/noticias\/#\/schema\/person\/image\/","url":"https:\/\/secure.gravatar.com\/avatar\/d08aa2ce4c8dd416d4479aa8536fcf64?s=96&d=mm&r=g","contentUrl":"https:\/\/secure.gravatar.com\/avatar\/d08aa2ce4c8dd416d4479aa8536fcf64?s=96&d=mm&r=g","caption":"moacir"},"url":"https:\/\/franciscanos.org.br\/noticias\/author\/moacir"}]}},"_links":{"self":[{"href":"https:\/\/franciscanos.org.br\/noticias\/wp-json\/wp\/v2\/posts\/233813"}],"collection":[{"href":"https:\/\/franciscanos.org.br\/noticias\/wp-json\/wp\/v2\/posts"}],"about":[{"href":"https:\/\/franciscanos.org.br\/noticias\/wp-json\/wp\/v2\/types\/post"}],"author":[{"embeddable":true,"href":"https:\/\/franciscanos.org.br\/noticias\/wp-json\/wp\/v2\/users\/3"}],"replies":[{"embeddable":true,"href":"https:\/\/franciscanos.org.br\/noticias\/wp-json\/wp\/v2\/comments?post=233813"}],"version-history":[{"count":2,"href":"https:\/\/franciscanos.org.br\/noticias\/wp-json\/wp\/v2\/posts\/233813\/revisions"}],"predecessor-version":[{"id":233817,"href":"https:\/\/franciscanos.org.br\/noticias\/wp-json\/wp\/v2\/posts\/233813\/revisions\/233817"}],"wp:featuredmedia":[{"embeddable":true,"href":"https:\/\/franciscanos.org.br\/noticias\/wp-json\/wp\/v2\/media\/233815"}],"wp:attachment":[{"href":"https:\/\/franciscanos.org.br\/noticias\/wp-json\/wp\/v2\/media?parent=233813"}],"wp:term":[{"taxonomy":"category","embeddable":true,"href":"https:\/\/franciscanos.org.br\/noticias\/wp-json\/wp\/v2\/categories?post=233813"},{"taxonomy":"post_tag","embeddable":true,"href":"https:\/\/franciscanos.org.br\/noticias\/wp-json\/wp\/v2\/tags?post=233813"}],"curies":[{"name":"wp","href":"https:\/\/api.w.org\/{rel}","templated":true}]}}