{"id":233795,"date":"2021-08-22T14:34:18","date_gmt":"2021-08-22T17:34:18","guid":{"rendered":"https:\/\/franciscanos.org.br\/noticias\/?p=233795"},"modified":"2021-08-22T15:06:00","modified_gmt":"2021-08-22T18:06:00","slug":"no-aniversario-de-cem-anos-frei-cassio-promete-continuar-trabalhando","status":"publish","type":"post","link":"https:\/\/franciscanos.org.br\/noticias\/no-aniversario-de-cem-anos-frei-cassio-promete-continuar-trabalhando.html","title":{"rendered":"No anivers\u00e1rio de cem anos, Frei C\u00e1ssio promete continuar trabalhando"},"content":{"rendered":"<p><img loading=\"lazy\" class=\"alignnone wp-image-233796 size-full\" src=\"https:\/\/franciscanos.org.br\/noticias\/wp-content\/uploads\/2021\/08\/cassio_2208.jpg\" alt=\"\" width=\"1200\" height=\"833\" srcset=\"https:\/\/franciscanos.org.br\/noticias\/wp-content\/uploads\/2021\/08\/cassio_2208.jpg 1200w, https:\/\/franciscanos.org.br\/noticias\/wp-content\/uploads\/2021\/08\/cassio_2208-450x312.jpg 450w, https:\/\/franciscanos.org.br\/noticias\/wp-content\/uploads\/2021\/08\/cassio_2208-1024x711.jpg 1024w, https:\/\/franciscanos.org.br\/noticias\/wp-content\/uploads\/2021\/08\/cassio_2208-768x533.jpg 768w, https:\/\/franciscanos.org.br\/noticias\/wp-content\/uploads\/2021\/08\/cassio_2208-150x104.jpg 150w\" sizes=\"(max-width: 1200px) 100vw, 1200px\" \/><\/p>\n<p><strong>Curitiba (PR)<\/strong> &#8211; Frei C\u00e1ssio Vieira de Lima completou neste domingo, 22 de agosto, um s\u00e9culo de vida. Esse privil\u00e9gio, na Prov\u00edncia Franciscana da Imaculada Concei\u00e7\u00e3o, com seus cerca de 400 frades, \u00e9 exclusivo dele. Este momento hist\u00f3rico foi celebrado, \u00e0s 11 horas, durante a Missa Solene na Par\u00f3quia Bom Jesus dos Perd\u00f5es, em Curitiba. Frei C\u00e1ssio concelebrou ao lado do presidente da celebra\u00e7\u00e3o, o Ministro Provincial Frei Fid\u00eancio Vanboemmel, e tamb\u00e9m dos confrades da Fraternidade e regi\u00e3o.<\/p>\n<p>No coment\u00e1rio inicial, Frei Evaldo Ludwig lembrou que muitos foram os pedidos de caravanas para homenagear o aniversariante: &#8220;Mas de uma forma respeitosa, todos se sentiram respons\u00e1veis em assistir de suas casas. N\u00f3s tamb\u00e9m somos respons\u00e1veis pelo cuidado com tudo aquilo que estamos fazendo e o Frei C\u00e1ssio mostra-se respons\u00e1vel pelo dom da vida dele e das pessoas que ele conhece e que fizeram parte dessa sua longa caminhada&#8221;, explicou. A celebra\u00e7\u00e3o foi presencial, obedecendo as normas sanit\u00e1rias, e as pessoas tamb\u00e9m puderam acompanhar pelas m\u00eddias da Par\u00f3quia.<\/p>\n<p><img loading=\"lazy\" class=\"alignnone wp-image-233797 size-full\" src=\"https:\/\/franciscanos.org.br\/noticias\/wp-content\/uploads\/2021\/08\/cassio_2208_1.jpg\" alt=\"\" width=\"1280\" height=\"803\" srcset=\"https:\/\/franciscanos.org.br\/noticias\/wp-content\/uploads\/2021\/08\/cassio_2208_1.jpg 1280w, https:\/\/franciscanos.org.br\/noticias\/wp-content\/uploads\/2021\/08\/cassio_2208_1-450x282.jpg 450w, https:\/\/franciscanos.org.br\/noticias\/wp-content\/uploads\/2021\/08\/cassio_2208_1-1024x642.jpg 1024w, https:\/\/franciscanos.org.br\/noticias\/wp-content\/uploads\/2021\/08\/cassio_2208_1-768x482.jpg 768w, https:\/\/franciscanos.org.br\/noticias\/wp-content\/uploads\/2021\/08\/cassio_2208_1-150x94.jpg 150w\" sizes=\"(max-width: 1280px) 100vw, 1280px\" \/><\/p>\n<p>Na sua sauda\u00e7\u00e3o inicial a todos os confrades e paroquianos, Frei Fid\u00eancio disse que a Prov\u00edncia Franciscana da Imaculada Concei\u00e7\u00e3o do Brasil, a quem ele representa nesta celebra\u00e7\u00e3o, une-se a esta Fraternidade Franciscana e aos paroquianos, para, juntos, louvar e agradecer a Deus pelos 100 anos de Frei C\u00e1ssio. &#8220;Que gra\u00e7a, que d\u00e1diva! Obrigado, Frei C\u00e1ssio. Obrigado a Deus pelo dom da vida!&#8221;<\/p>\n<p>O aniversariante foi convidado a fazer a reflex\u00e3o e disse que seu &#8216;estado de sa\u00fade n\u00e3o \u00e9 de pregador&#8217;. &#8220;Ali\u00e1s eu nunca fui pregador. Eu fui um falador. Mas agora me pegaram &#8216;na arapuca&#8217; e terei de falar alguma coisa&#8221;, brincou.<\/p>\n<p>&#8220;Olhando para voc\u00eas, vejo os bancos cheios, espero que seus cora\u00e7\u00f5es tamb\u00e9m estejam agora cheios de Deus&#8221;, saudou, com a mesma descontra\u00e7\u00e3o: &#8220;O que \u00e9 que os srs. vieram procurar aqui? Um padre bonito? N\u00e3o. Nunca fui bonito e nunca me incomodei com isso, pois beleza n\u00e3o interessa ao padre. O que interessa \u00e9 sabedoria e os conceitos divinos que ele deve distribuir para aqueles que o procuram, para aqueles com quem fala&#8221;, ensinou.<\/p>\n<p><img loading=\"lazy\" class=\"alignnone wp-image-233798 size-full\" src=\"https:\/\/franciscanos.org.br\/noticias\/wp-content\/uploads\/2021\/08\/cassio_2208_7.jpg\" alt=\"\" width=\"1280\" height=\"853\" srcset=\"https:\/\/franciscanos.org.br\/noticias\/wp-content\/uploads\/2021\/08\/cassio_2208_7.jpg 1280w, https:\/\/franciscanos.org.br\/noticias\/wp-content\/uploads\/2021\/08\/cassio_2208_7-450x300.jpg 450w, https:\/\/franciscanos.org.br\/noticias\/wp-content\/uploads\/2021\/08\/cassio_2208_7-1024x682.jpg 1024w, https:\/\/franciscanos.org.br\/noticias\/wp-content\/uploads\/2021\/08\/cassio_2208_7-768x512.jpg 768w, https:\/\/franciscanos.org.br\/noticias\/wp-content\/uploads\/2021\/08\/cassio_2208_7-150x100.jpg 150w\" sizes=\"(max-width: 1280px) 100vw, 1280px\" \/><\/p>\n<p>Frei C\u00e1ssio nasceu em 22 de agosto de 1921, em Japur\u00e1 (SP). Proveniente de uma fam\u00edlia simples e muito pobre \u00e9 o mais velho de cinco irm\u00e3os. Seu pai se chamava Ol\u00edmpio de Paula Vieira e sua m\u00e3e Rita de Paula Vieira. Ingressou na Ordem dos Frades Menores no dia 20 de dezembro de 1941 e fez a profiss\u00e3o solene no dia 21 de dezembro de 1945. Foi ordenado sacerdote no dia 16 de julho de 1949.<\/p>\n<p>Segundo ele, o pai era devoto do Profeta Jeremias e deu esse nome a ele. &#8220;Ele morreu cedo. Fazia dois anos que estava no semin\u00e1rio quando ele faleceu. Minha m\u00e3e morreu um pouco antes, durante um parto. Ningu\u00e9m esperava isso, mas na \u00e9poca o conhecimento de parturientes era muito baixo. Quase n\u00e3o existia. Em todo caso, ela teve cinco filhos, quatro dos quais tentaram a vida religiosa e eu sou um desses que conseguiu&#8221;, celebrou.<\/p>\n<p>Sua voca\u00e7\u00e3o, revelou Frei C\u00e1ssio, se fortaleceu pelo testemunho e pela persist\u00eancia de sua av\u00f3. &#8220;Eu sempre tive muita vontade de ser padre. Conheci padres que me deram exemplos grandiosos. Mas minha fam\u00edlia era muito pobre, quase n\u00e3o t\u00ednhamos o que comer e n\u00e3o poderia ir ao semin\u00e1rio. Minha av\u00f3 de 70 anos soube que o Ministro Provincial estaria em S\u00e3o Jos\u00e9 do Rio Preto, e ela foi procur\u00e1-lo fazendo uma caminhada a pe. Ela n\u00e3o tinha cultura, era muito simples, mas conversou duas horas com ele, que ficou impressionado com sua f\u00e9 e sua religiosidade enraizada&#8221;, contou. Por causa dessa conversa, ele foi aceito no Semin\u00e1rio de Rio Negro, onde ficou 6 anos. &#8220;Sempre gostei de estudos e s\u00f3 de l\u00ednguas aprendi 11&#8221;, recordou.<\/p>\n\n\t\t<style type=\"text\/css\">\n\t\t\t#gallery-1 {\n\t\t\t\tmargin: auto;\n\t\t\t}\n\t\t\t#gallery-1 .gallery-item {\n\t\t\t\tfloat: left;\n\t\t\t\tmargin-top: 10px;\n\t\t\t\ttext-align: center;\n\t\t\t\twidth: 33%;\n\t\t\t}\n\t\t\t#gallery-1 img {\n\t\t\t\tborder: 2px solid #cfcfcf;\n\t\t\t}\n\t\t\t#gallery-1 .gallery-caption {\n\t\t\t\tmargin-left: 0;\n\t\t\t}\n\t\t\t\/* see gallery_shortcode() in wp-includes\/media.php *\/\n\t\t<\/style>\n\t\t<div id='gallery-1' class='gallery galleryid-233795 gallery-columns-3 gallery-size-thumbnail'><dl class='gallery-item'>\n\t\t\t<dt class='gallery-icon landscape'>\n\t\t\t\t<a href='https:\/\/franciscanos.org.br\/noticias\/wp-content\/uploads\/2021\/08\/cassio_2208_3.jpg'><img width=\"300\" height=\"300\" src=\"https:\/\/franciscanos.org.br\/noticias\/wp-content\/uploads\/2021\/08\/cassio_2208_3-300x300.jpg\" class=\"attachment-thumbnail size-thumbnail\" alt=\"\" loading=\"lazy\" srcset=\"https:\/\/franciscanos.org.br\/noticias\/wp-content\/uploads\/2021\/08\/cassio_2208_3-300x300.jpg 300w, https:\/\/franciscanos.org.br\/noticias\/wp-content\/uploads\/2021\/08\/cassio_2208_3-100x100.jpg 100w\" sizes=\"(max-width: 300px) 100vw, 300px\" \/><\/a>\n\t\t\t<\/dt><\/dl><dl class='gallery-item'>\n\t\t\t<dt class='gallery-icon landscape'>\n\t\t\t\t<a href='https:\/\/franciscanos.org.br\/noticias\/wp-content\/uploads\/2021\/08\/cassio_2208_4.jpg'><img width=\"300\" height=\"300\" src=\"https:\/\/franciscanos.org.br\/noticias\/wp-content\/uploads\/2021\/08\/cassio_2208_4-300x300.jpg\" class=\"attachment-thumbnail size-thumbnail\" alt=\"\" loading=\"lazy\" srcset=\"https:\/\/franciscanos.org.br\/noticias\/wp-content\/uploads\/2021\/08\/cassio_2208_4-300x300.jpg 300w, https:\/\/franciscanos.org.br\/noticias\/wp-content\/uploads\/2021\/08\/cassio_2208_4-100x100.jpg 100w\" sizes=\"(max-width: 300px) 100vw, 300px\" \/><\/a>\n\t\t\t<\/dt><\/dl><dl class='gallery-item'>\n\t\t\t<dt class='gallery-icon landscape'>\n\t\t\t\t<a href='https:\/\/franciscanos.org.br\/noticias\/wp-content\/uploads\/2021\/08\/cassio_2208_5.jpg'><img width=\"300\" height=\"300\" src=\"https:\/\/franciscanos.org.br\/noticias\/wp-content\/uploads\/2021\/08\/cassio_2208_5-300x300.jpg\" class=\"attachment-thumbnail size-thumbnail\" alt=\"\" loading=\"lazy\" srcset=\"https:\/\/franciscanos.org.br\/noticias\/wp-content\/uploads\/2021\/08\/cassio_2208_5-300x300.jpg 300w, https:\/\/franciscanos.org.br\/noticias\/wp-content\/uploads\/2021\/08\/cassio_2208_5-100x100.jpg 100w\" sizes=\"(max-width: 300px) 100vw, 300px\" \/><\/a>\n\t\t\t<\/dt><\/dl><br style=\"clear: both\" \/>\n\t\t<\/div>\n\n<p>Ele tamb\u00e9m contou que antes de morar em Curitiba como sacerdote, ali foi estudante de Filosofia. Depois de se ordenar presb\u00edtero, disse: &#8220;Chegou a hora de trabalhar tamb\u00e9m para pagar os meus estudos e alimenta\u00e7\u00e3o que tive no semin\u00e1rio. E assim eu fiz. Trabalhei em muitas coisas diferentes: s\u00f3 aqui em quatro hospitais, sendo um deles de leprosos; fui professor no col\u00e9gio militares e lecionei em cerca de 20 estabelecimentos de ensino&#8221;, revelou. O dinheiro que ganhava colocou em poupan\u00e7as. H\u00e1 alguns anos retirou o dinheiro e entregou ao Ministro Provincial, causando-lhe espanto: &#8220;Onde \u00e9 que voc\u00ea arranjou todo esse dinheiro?&#8221; Respondi: &#8220;Ah, padre, faz uns 40 anos que comecei a juntar e agora eu quero pagar o que comi e gastei no semin\u00e1rio onde nunca paguei. Eu soube que ele disse: &#8216;At\u00e9 hoje eu nunca vi algu\u00e9m que mandou para os semin\u00e1rios essa quantia'&#8221;, disse. Frei C\u00e1ssio pediu que ajudem aqueles vocacionados que querem ingressar no semin\u00e1rio e n\u00e3o t\u00eam condi\u00e7\u00f5es.<\/p>\n<p><img loading=\"lazy\" class=\"alignnone wp-image-233803 size-full\" src=\"https:\/\/franciscanos.org.br\/noticias\/wp-content\/uploads\/2021\/08\/cassio_2208_6.jpg\" alt=\"\" width=\"1280\" height=\"853\" srcset=\"https:\/\/franciscanos.org.br\/noticias\/wp-content\/uploads\/2021\/08\/cassio_2208_6.jpg 1280w, https:\/\/franciscanos.org.br\/noticias\/wp-content\/uploads\/2021\/08\/cassio_2208_6-450x300.jpg 450w, https:\/\/franciscanos.org.br\/noticias\/wp-content\/uploads\/2021\/08\/cassio_2208_6-1024x682.jpg 1024w, https:\/\/franciscanos.org.br\/noticias\/wp-content\/uploads\/2021\/08\/cassio_2208_6-768x512.jpg 768w, https:\/\/franciscanos.org.br\/noticias\/wp-content\/uploads\/2021\/08\/cassio_2208_6-150x100.jpg 150w\" sizes=\"(max-width: 1280px) 100vw, 1280px\" \/><\/p>\n<p>Segundo Frei C\u00e1ssio, n\u00e3o d\u00e1 mais para trabalhar como antes, com &#8220;aquele fogo&#8221;, mas n\u00e3o vai ficar parado. &#8220;D\u00e1 para fazer aquilo que posso e que Deus espera da gente&#8221;, disse. Para ele, nessa Par\u00f3quia onde est\u00e1 h\u00e1 10 anos, atendeu muitas centenas de confiss\u00f5es. &#8220;Eu pretendo, ent\u00e3o, atender confiss\u00f5es novamente para pagar aquilo que Deus deu at\u00e9 hoje: sa\u00fade, intelig\u00eancia e conhecimento. Agora, com a presen\u00e7a da pandemia, as confiss\u00f5es deca\u00edram. Mas v\u00e3o voltar&#8221;, acredita.<\/p>\n<p>O p\u00e1roco Frei Alexandre Magno recomendou que, devido \u00e0 pandemia, evitassem cumprimentar Frei C\u00e1ssio e pediu que as pessoas deixassem num livro o nome e contato para ele agradecer depois. E tamb\u00e9m prometeu para o aniversariante que ele vai ter uma festa com abra\u00e7os e muita gente quando fizer 101 anos.<\/p>\n<p><img loading=\"lazy\" class=\"alignnone wp-image-233799 size-full\" src=\"https:\/\/franciscanos.org.br\/noticias\/wp-content\/uploads\/2021\/08\/cassio_2208_8.jpg\" alt=\"\" width=\"1280\" height=\"837\" srcset=\"https:\/\/franciscanos.org.br\/noticias\/wp-content\/uploads\/2021\/08\/cassio_2208_8.jpg 1280w, https:\/\/franciscanos.org.br\/noticias\/wp-content\/uploads\/2021\/08\/cassio_2208_8-450x294.jpg 450w, https:\/\/franciscanos.org.br\/noticias\/wp-content\/uploads\/2021\/08\/cassio_2208_8-1024x670.jpg 1024w, https:\/\/franciscanos.org.br\/noticias\/wp-content\/uploads\/2021\/08\/cassio_2208_8-768x502.jpg 768w, https:\/\/franciscanos.org.br\/noticias\/wp-content\/uploads\/2021\/08\/cassio_2208_8-150x98.jpg 150w\" sizes=\"(max-width: 1280px) 100vw, 1280px\" \/><\/p>\n<p>Uma homenagem ao aniversariante veio da Comunidade Santa Madalena Sofia (<em>foto acima)<\/em>, em Curitiba, onde foi p\u00e1roco durante 30 anos e ajudou a construir uma igreja grande e muito bonita.<\/p>\n<p>Frei Fid\u00eancio deu novamente os parab\u00e9ns a Frei C\u00e1ssio e confessou: &#8220;Queria dizer meu muito obrigado a esta Fraternidade Bom Jesus dos Perd\u00f5es porque eu percebi uma coisa muito bonita: irm\u00e3os cuidando de irm\u00e3os. Obrigado, Frei Alexandre! Obrigado confrades por esse zelo t\u00e3o fraterno, apesar dos nossos pecados, por esse cuidado sobretudo por esses irm\u00e3os que mais necessitam da nossa ajuda. Rezem por nossos irm\u00e3os, rezem pelas voca\u00e7\u00f5es, rezem por nossa Prov\u00edncia, para que possamos ser sempre fi\u00e9is \u00e0 miss\u00e3o que Deus nos confiou. Frei C\u00e1ssio, a voc\u00ea o grande abra\u00e7o de todos os irm\u00e3os da Prov\u00edncia&#8221;, desejou.<\/p>\n<p>Desta vez, o bolo de anivers\u00e1rio, aben\u00e7oado por Frei C\u00e1ssio, foi entregue em peda\u00e7os embalados a todos os presentes.<\/p>\n<hr \/>\n<p><em>Fotos de <strong>Joaquim Eduardo Madruga<\/strong>, pela Pascom da Par\u00f3quia Bom Jesus dos Perd\u00f5es, e Moacir Beggo.<\/em><\/p>\n<p><img loading=\"lazy\" class=\"alignnone wp-image-233804 size-full\" src=\"https:\/\/franciscanos.org.br\/noticias\/wp-content\/uploads\/2021\/08\/cassio_2208_9.jpg\" alt=\"\" width=\"1280\" height=\"853\" srcset=\"https:\/\/franciscanos.org.br\/noticias\/wp-content\/uploads\/2021\/08\/cassio_2208_9.jpg 1280w, https:\/\/franciscanos.org.br\/noticias\/wp-content\/uploads\/2021\/08\/cassio_2208_9-450x300.jpg 450w, https:\/\/franciscanos.org.br\/noticias\/wp-content\/uploads\/2021\/08\/cassio_2208_9-1024x682.jpg 1024w, https:\/\/franciscanos.org.br\/noticias\/wp-content\/uploads\/2021\/08\/cassio_2208_9-768x512.jpg 768w, https:\/\/franciscanos.org.br\/noticias\/wp-content\/uploads\/2021\/08\/cassio_2208_9-150x100.jpg 150w\" sizes=\"(max-width: 1280px) 100vw, 1280px\" \/><\/p>\n","protected":false},"excerpt":{"rendered":"<p>Anivers\u00e1rio de Cem Anos de Frei C\u00e1ssio <\/p>\n","protected":false},"author":3,"featured_media":233805,"comment_status":"open","ping_status":"open","sticky":false,"template":"","format":"standard","meta":[],"categories":[1],"tags":[1895,1888],"acf":[],"yoast_head":"<!-- This site is optimized with the Yoast SEO plugin v19.2 - https:\/\/yoast.com\/wordpress\/plugins\/seo\/ -->\n<title>No anivers\u00e1rio de cem anos, Frei C\u00e1ssio promete continuar trabalhando - Not\u00edcias - Franciscanos<\/title>\n<meta name=\"robots\" content=\"index, follow, max-snippet:-1, max-image-preview:large, max-video-preview:-1\" \/>\n<link rel=\"canonical\" href=\"https:\/\/franciscanos.org.br\/noticias\/no-aniversario-de-cem-anos-frei-cassio-promete-continuar-trabalhando.html\" \/>\n<meta property=\"og:locale\" content=\"pt_BR\" \/>\n<meta property=\"og:type\" content=\"article\" \/>\n<meta property=\"og:title\" content=\"No anivers\u00e1rio de cem anos, Frei C\u00e1ssio promete continuar trabalhando - Not\u00edcias - Franciscanos\" \/>\n<meta property=\"og:description\" content=\"Anivers\u00e1rio de Cem Anos de Frei C\u00e1ssio\" \/>\n<meta property=\"og:url\" content=\"https:\/\/franciscanos.org.br\/noticias\/no-aniversario-de-cem-anos-frei-cassio-promete-continuar-trabalhando.html\" \/>\n<meta property=\"og:site_name\" content=\"Not\u00edcias - Franciscanos\" \/>\n<meta property=\"article:published_time\" content=\"2021-08-22T17:34:18+00:00\" \/>\n<meta property=\"article:modified_time\" content=\"2021-08-22T18:06:00+00:00\" \/>\n<meta property=\"og:image\" content=\"https:\/\/franciscanos.org.br\/noticias\/wp-content\/uploads\/2021\/08\/cassio_2208d.jpg\" \/>\n\t<meta property=\"og:image:width\" content=\"800\" \/>\n\t<meta property=\"og:image:height\" content=\"555\" \/>\n\t<meta property=\"og:image:type\" content=\"image\/jpeg\" \/>\n<meta name=\"author\" content=\"moacir\" \/>\n<meta name=\"twitter:card\" content=\"summary_large_image\" \/>\n<meta name=\"twitter:label1\" content=\"Escrito por\" \/>\n\t<meta name=\"twitter:data1\" content=\"moacir\" \/>\n\t<meta name=\"twitter:label2\" content=\"Est. tempo de leitura\" \/>\n\t<meta name=\"twitter:data2\" content=\"6 minutos\" \/>\n<script type=\"application\/ld+json\" class=\"yoast-schema-graph\">{\"@context\":\"https:\/\/schema.org\",\"@graph\":[{\"@type\":\"WebSite\",\"@id\":\"https:\/\/franciscanos.org.br\/noticias\/#website\",\"url\":\"https:\/\/franciscanos.org.br\/noticias\/\",\"name\":\"Not\u00edcias - Franciscanos\",\"description\":\"Prov\u00edncia Franciscana da Imaculada Concei\u00e7\u00e3o do Brasil - Ordem dos Frades Menores - OFM\",\"potentialAction\":[{\"@type\":\"SearchAction\",\"target\":{\"@type\":\"EntryPoint\",\"urlTemplate\":\"https:\/\/franciscanos.org.br\/noticias\/?s={search_term_string}\"},\"query-input\":\"required name=search_term_string\"}],\"inLanguage\":\"pt-BR\"},{\"@type\":\"ImageObject\",\"inLanguage\":\"pt-BR\",\"@id\":\"https:\/\/franciscanos.org.br\/noticias\/no-aniversario-de-cem-anos-frei-cassio-promete-continuar-trabalhando.html#primaryimage\",\"url\":\"https:\/\/franciscanos.org.br\/noticias\/wp-content\/uploads\/2021\/08\/cassio_2208d.jpg\",\"contentUrl\":\"https:\/\/franciscanos.org.br\/noticias\/wp-content\/uploads\/2021\/08\/cassio_2208d.jpg\",\"width\":800,\"height\":555},{\"@type\":\"WebPage\",\"@id\":\"https:\/\/franciscanos.org.br\/noticias\/no-aniversario-de-cem-anos-frei-cassio-promete-continuar-trabalhando.html#webpage\",\"url\":\"https:\/\/franciscanos.org.br\/noticias\/no-aniversario-de-cem-anos-frei-cassio-promete-continuar-trabalhando.html\",\"name\":\"No anivers\u00e1rio de cem anos, Frei C\u00e1ssio promete continuar trabalhando - Not\u00edcias - Franciscanos\",\"isPartOf\":{\"@id\":\"https:\/\/franciscanos.org.br\/noticias\/#website\"},\"primaryImageOfPage\":{\"@id\":\"https:\/\/franciscanos.org.br\/noticias\/no-aniversario-de-cem-anos-frei-cassio-promete-continuar-trabalhando.html#primaryimage\"},\"datePublished\":\"2021-08-22T17:34:18+00:00\",\"dateModified\":\"2021-08-22T18:06:00+00:00\",\"author\":{\"@id\":\"https:\/\/franciscanos.org.br\/noticias\/#\/schema\/person\/b5c8cba458c330ccff548b056e95a5d4\"},\"breadcrumb\":{\"@id\":\"https:\/\/franciscanos.org.br\/noticias\/no-aniversario-de-cem-anos-frei-cassio-promete-continuar-trabalhando.html#breadcrumb\"},\"inLanguage\":\"pt-BR\",\"potentialAction\":[{\"@type\":\"ReadAction\",\"target\":[\"https:\/\/franciscanos.org.br\/noticias\/no-aniversario-de-cem-anos-frei-cassio-promete-continuar-trabalhando.html\"]}]},{\"@type\":\"BreadcrumbList\",\"@id\":\"https:\/\/franciscanos.org.br\/noticias\/no-aniversario-de-cem-anos-frei-cassio-promete-continuar-trabalhando.html#breadcrumb\",\"itemListElement\":[{\"@type\":\"ListItem\",\"position\":1,\"name\":\"Home\",\"item\":\"https:\/\/franciscanos.org.br\/noticias\"},{\"@type\":\"ListItem\",\"position\":2,\"name\":\"No anivers\u00e1rio de cem anos, Frei C\u00e1ssio promete continuar trabalhando\"}]},{\"@type\":\"Person\",\"@id\":\"https:\/\/franciscanos.org.br\/noticias\/#\/schema\/person\/b5c8cba458c330ccff548b056e95a5d4\",\"name\":\"moacir\",\"image\":{\"@type\":\"ImageObject\",\"inLanguage\":\"pt-BR\",\"@id\":\"https:\/\/franciscanos.org.br\/noticias\/#\/schema\/person\/image\/\",\"url\":\"https:\/\/secure.gravatar.com\/avatar\/d08aa2ce4c8dd416d4479aa8536fcf64?s=96&d=mm&r=g\",\"contentUrl\":\"https:\/\/secure.gravatar.com\/avatar\/d08aa2ce4c8dd416d4479aa8536fcf64?s=96&d=mm&r=g\",\"caption\":\"moacir\"},\"url\":\"https:\/\/franciscanos.org.br\/noticias\/author\/moacir\"}]}<\/script>\n<!-- \/ Yoast SEO plugin. -->","yoast_head_json":{"title":"No anivers\u00e1rio de cem anos, Frei C\u00e1ssio promete continuar trabalhando - Not\u00edcias - Franciscanos","robots":{"index":"index","follow":"follow","max-snippet":"max-snippet:-1","max-image-preview":"max-image-preview:large","max-video-preview":"max-video-preview:-1"},"canonical":"https:\/\/franciscanos.org.br\/noticias\/no-aniversario-de-cem-anos-frei-cassio-promete-continuar-trabalhando.html","og_locale":"pt_BR","og_type":"article","og_title":"No anivers\u00e1rio de cem anos, Frei C\u00e1ssio promete continuar trabalhando - Not\u00edcias - Franciscanos","og_description":"Anivers\u00e1rio de Cem Anos de Frei C\u00e1ssio","og_url":"https:\/\/franciscanos.org.br\/noticias\/no-aniversario-de-cem-anos-frei-cassio-promete-continuar-trabalhando.html","og_site_name":"Not\u00edcias - Franciscanos","article_published_time":"2021-08-22T17:34:18+00:00","article_modified_time":"2021-08-22T18:06:00+00:00","og_image":[{"width":800,"height":555,"url":"https:\/\/franciscanos.org.br\/noticias\/wp-content\/uploads\/2021\/08\/cassio_2208d.jpg","type":"image\/jpeg"}],"author":"moacir","twitter_card":"summary_large_image","twitter_misc":{"Escrito por":"moacir","Est. tempo de leitura":"6 minutos"},"schema":{"@context":"https:\/\/schema.org","@graph":[{"@type":"WebSite","@id":"https:\/\/franciscanos.org.br\/noticias\/#website","url":"https:\/\/franciscanos.org.br\/noticias\/","name":"Not\u00edcias - Franciscanos","description":"Prov\u00edncia Franciscana da Imaculada Concei\u00e7\u00e3o do Brasil - Ordem dos Frades Menores - OFM","potentialAction":[{"@type":"SearchAction","target":{"@type":"EntryPoint","urlTemplate":"https:\/\/franciscanos.org.br\/noticias\/?s={search_term_string}"},"query-input":"required name=search_term_string"}],"inLanguage":"pt-BR"},{"@type":"ImageObject","inLanguage":"pt-BR","@id":"https:\/\/franciscanos.org.br\/noticias\/no-aniversario-de-cem-anos-frei-cassio-promete-continuar-trabalhando.html#primaryimage","url":"https:\/\/franciscanos.org.br\/noticias\/wp-content\/uploads\/2021\/08\/cassio_2208d.jpg","contentUrl":"https:\/\/franciscanos.org.br\/noticias\/wp-content\/uploads\/2021\/08\/cassio_2208d.jpg","width":800,"height":555},{"@type":"WebPage","@id":"https:\/\/franciscanos.org.br\/noticias\/no-aniversario-de-cem-anos-frei-cassio-promete-continuar-trabalhando.html#webpage","url":"https:\/\/franciscanos.org.br\/noticias\/no-aniversario-de-cem-anos-frei-cassio-promete-continuar-trabalhando.html","name":"No anivers\u00e1rio de cem anos, Frei C\u00e1ssio promete continuar trabalhando - Not\u00edcias - Franciscanos","isPartOf":{"@id":"https:\/\/franciscanos.org.br\/noticias\/#website"},"primaryImageOfPage":{"@id":"https:\/\/franciscanos.org.br\/noticias\/no-aniversario-de-cem-anos-frei-cassio-promete-continuar-trabalhando.html#primaryimage"},"datePublished":"2021-08-22T17:34:18+00:00","dateModified":"2021-08-22T18:06:00+00:00","author":{"@id":"https:\/\/franciscanos.org.br\/noticias\/#\/schema\/person\/b5c8cba458c330ccff548b056e95a5d4"},"breadcrumb":{"@id":"https:\/\/franciscanos.org.br\/noticias\/no-aniversario-de-cem-anos-frei-cassio-promete-continuar-trabalhando.html#breadcrumb"},"inLanguage":"pt-BR","potentialAction":[{"@type":"ReadAction","target":["https:\/\/franciscanos.org.br\/noticias\/no-aniversario-de-cem-anos-frei-cassio-promete-continuar-trabalhando.html"]}]},{"@type":"BreadcrumbList","@id":"https:\/\/franciscanos.org.br\/noticias\/no-aniversario-de-cem-anos-frei-cassio-promete-continuar-trabalhando.html#breadcrumb","itemListElement":[{"@type":"ListItem","position":1,"name":"Home","item":"https:\/\/franciscanos.org.br\/noticias"},{"@type":"ListItem","position":2,"name":"No anivers\u00e1rio de cem anos, Frei C\u00e1ssio promete continuar trabalhando"}]},{"@type":"Person","@id":"https:\/\/franciscanos.org.br\/noticias\/#\/schema\/person\/b5c8cba458c330ccff548b056e95a5d4","name":"moacir","image":{"@type":"ImageObject","inLanguage":"pt-BR","@id":"https:\/\/franciscanos.org.br\/noticias\/#\/schema\/person\/image\/","url":"https:\/\/secure.gravatar.com\/avatar\/d08aa2ce4c8dd416d4479aa8536fcf64?s=96&d=mm&r=g","contentUrl":"https:\/\/secure.gravatar.com\/avatar\/d08aa2ce4c8dd416d4479aa8536fcf64?s=96&d=mm&r=g","caption":"moacir"},"url":"https:\/\/franciscanos.org.br\/noticias\/author\/moacir"}]}},"_links":{"self":[{"href":"https:\/\/franciscanos.org.br\/noticias\/wp-json\/wp\/v2\/posts\/233795"}],"collection":[{"href":"https:\/\/franciscanos.org.br\/noticias\/wp-json\/wp\/v2\/posts"}],"about":[{"href":"https:\/\/franciscanos.org.br\/noticias\/wp-json\/wp\/v2\/types\/post"}],"author":[{"embeddable":true,"href":"https:\/\/franciscanos.org.br\/noticias\/wp-json\/wp\/v2\/users\/3"}],"replies":[{"embeddable":true,"href":"https:\/\/franciscanos.org.br\/noticias\/wp-json\/wp\/v2\/comments?post=233795"}],"version-history":[{"count":7,"href":"https:\/\/franciscanos.org.br\/noticias\/wp-json\/wp\/v2\/posts\/233795\/revisions"}],"predecessor-version":[{"id":233812,"href":"https:\/\/franciscanos.org.br\/noticias\/wp-json\/wp\/v2\/posts\/233795\/revisions\/233812"}],"wp:featuredmedia":[{"embeddable":true,"href":"https:\/\/franciscanos.org.br\/noticias\/wp-json\/wp\/v2\/media\/233805"}],"wp:attachment":[{"href":"https:\/\/franciscanos.org.br\/noticias\/wp-json\/wp\/v2\/media?parent=233795"}],"wp:term":[{"taxonomy":"category","embeddable":true,"href":"https:\/\/franciscanos.org.br\/noticias\/wp-json\/wp\/v2\/categories?post=233795"},{"taxonomy":"post_tag","embeddable":true,"href":"https:\/\/franciscanos.org.br\/noticias\/wp-json\/wp\/v2\/tags?post=233795"}],"curies":[{"name":"wp","href":"https:\/\/api.w.org\/{rel}","templated":true}]}}