{"id":233784,"date":"2021-08-22T08:17:14","date_gmt":"2021-08-22T11:17:14","guid":{"rendered":"https:\/\/franciscanos.org.br\/noticias\/?p=233784"},"modified":"2021-08-22T08:17:14","modified_gmt":"2021-08-22T11:17:14","slug":"papa-deixemos-que-cristo-nos-coloque-em-crise","status":"publish","type":"post","link":"https:\/\/franciscanos.org.br\/noticias\/papa-deixemos-que-cristo-nos-coloque-em-crise.html","title":{"rendered":"Papa: deixemos que Cristo nos coloque em crise"},"content":{"rendered":"<div id=\"attachment_233785\" style=\"width: 1210px\" class=\"wp-caption alignnone\"><img aria-describedby=\"caption-attachment-233785\" loading=\"lazy\" class=\"wp-image-233785 size-full\" src=\"https:\/\/franciscanos.org.br\/noticias\/wp-content\/uploads\/2021\/08\/angelus_220821.jpg\" alt=\"\" width=\"1200\" height=\"720\" srcset=\"https:\/\/franciscanos.org.br\/noticias\/wp-content\/uploads\/2021\/08\/angelus_220821.jpg 1200w, https:\/\/franciscanos.org.br\/noticias\/wp-content\/uploads\/2021\/08\/angelus_220821-450x270.jpg 450w, https:\/\/franciscanos.org.br\/noticias\/wp-content\/uploads\/2021\/08\/angelus_220821-1024x614.jpg 1024w, https:\/\/franciscanos.org.br\/noticias\/wp-content\/uploads\/2021\/08\/angelus_220821-768x461.jpg 768w, https:\/\/franciscanos.org.br\/noticias\/wp-content\/uploads\/2021\/08\/angelus_220821-150x90.jpg 150w\" sizes=\"(max-width: 1200px) 100vw, 1200px\" \/><p id=\"caption-attachment-233785\" class=\"wp-caption-text\">Imagem: Vatican Media<\/p><\/div>\n<p>\u201cN\u00e3o devemos buscar Deus em sonhos e imagens de grandeza e poder, mas devemos reconhec\u00ea-lo na humanidade de Jesus e, consequentemente, na dos irm\u00e3os e irm\u00e3s que encontramos no caminho da vida.\u201d<\/p>\n<p>Foi o que disse o Papa na alocu\u00e7\u00e3o que precedeu o Angelus, ao meio-dia deste XXI Domingo do Tempo Comum, este 22 de agosto, rezando a ora\u00e7\u00e3o mariana com os fi\u00e9is e peregrinos presentes na pra\u00e7a s\u00e3o Pedro.<\/p>\n<p><strong>Jesus, o verdadeiro p\u00e3o descido do c\u00e9u, o p\u00e3o da vida<\/strong><br \/>\nExplicando a Liturgia do dia, Francisco destacou que o Evangelho (Jo, 60-69) nos mostra a rea\u00e7\u00e3o da multid\u00e3o e dos disc\u00edpulos ao discurso de Jesus ap\u00f3s o milagre dos p\u00e3es. Jesus convidou a interpretar esse sinal e a acreditar n\u2019Ele, que \u00e9 o verdadeiro p\u00e3o descido do c\u00e9u, o p\u00e3o da vida; e revelou que o p\u00e3o que Ele dar\u00e1 \u00e9 sua a carne e o seu sangue.<\/p>\n<p>Estas palavras, disse o Santo Padre, soam duras e incompreens\u00edveis aos ouvidos do povo, tanto que, a partir daquele momento, muitos de seus disc\u00edpulos voltam atr\u00e1s, ou seja, deixam de seguir o Mestre. Ent\u00e3o Jesus pergunta aos Doze: &#8220;N\u00e3o quereis tamb\u00e9m v\u00f3s partir?&#8221;, e Pedro, em nome de todo o grupo, confirma a decis\u00e3o de ficar com Ele: &#8220;Senhor, a quem iremos? Tens palavras de vida eterna e n\u00f3s cremos e reconhecemos que tu \u00e9s o Santo de Deus&#8221;.<\/p>\n<p>O Pont\u00edfice deteve-se brevemente na atitude daqueles que se retiram e voltam para tr\u00e1s, decidindo n\u00e3o seguir mais Jesus. De onde nasce essa descren\u00e7a? Qual \u00e9 o motivo desta recusa? \u2013 pergunto Francisco.<\/p>\n<p><strong>O esc\u00e2ndalo da encarna\u00e7\u00e3o de Deus<\/strong><br \/>\n\u201cAs palavras de Jesus causam grande esc\u00e2ndalo: Ele est\u00e1 dizendo que Deus escolheu manifestar-se e trazer a salva\u00e7\u00e3o na fraqueza da carne humana. A encarna\u00e7\u00e3o de Deus \u00e9 o que suscita esc\u00e2ndalo e que representa para estas pessoas &#8211; mas muitas vezes tamb\u00e9m para n\u00f3s &#8211; um obst\u00e1culo. De fato, Jesus afirma que o verdadeiro p\u00e3o da salva\u00e7\u00e3o, que transmite a vida eterna, \u00e9 sua pr\u00f3pria carne; que para entrar em comunh\u00e3o com Deus, antes de observar as leis ou cumprir os preceitos religiosos, \u00e9 preciso viver uma rela\u00e7\u00e3o real e concreta com Ele.\u201d<\/p>\n<p>O Santo Padre prosseguiu ressaltando que Deus se fez carne e sangue: abaixou-se ao ponto se tornar homem como n\u00f3s, humilhou-se a ponto de assumir nosso sofrimento e nosso pecado, e nos pede para procur\u00e1-lo, portanto, n\u00e3o fora da vida e da hist\u00f3ria, mas no relacionamento com Cristo e com os irm\u00e3os e irm\u00e3s.<\/p>\n<p><strong>&#8220;Loucura&#8221; do Evangelho<\/strong><br \/>\nAinda hoje, a revela\u00e7\u00e3o de Deus na humanidade de Jesus pode causar esc\u00e2ndalo e n\u00e3o \u00e9 f\u00e1cil de aceitar. \u00c9 o que S\u00e3o Paulo chama de &#8220;loucura&#8221; do Evangelho diante daqueles que buscam os milagres ou a sabedoria do mundo (cf. 1 Cor 1, 18-25).<\/p>\n<p>E este &#8220;esc\u00e2ndalo&#8221; \u00e9 bem representado pelo sacramento da Eucaristia: que sentido pode haver, aos olhos do mundo, ajoelhar-se diante de um peda\u00e7o de p\u00e3o? Por qual motivo se alimentar assiduamente deste p\u00e3o?<\/p>\n<p>\u201cDiante do gesto prodigioso de Jesus que alimenta milhares de pessoas com cinco p\u00e3es e dois peixes, todos o aclamam e querem lev\u00e1-lo em triunfo. Mas quando Ele mesmo explica que esse gesto \u00e9 sinal de seu sacrif\u00edcio, ou seja, do dom de sua vida, de sua carne e de seu sangue, e que aqueles que querem segui-lo devem assimil\u00e1-lo, sua humanidade dada por Deus e pelos outros, ent\u00e3o n\u00e3o, esse Jesus n\u00e3o agrada mais\u201d, observou o Papa.<\/p>\n<p><strong>Deixemo-nos colocar em crise<\/strong><br \/>\nN\u00e3o nos surpreendamos se Jesus Cristo nos coloca em crise, frisou Francisco. &#8220;Ali\u00e1s, nos preocupemos se n\u00e3o nos coloca em crise, porque talvez tenhamos dilu\u00eddo sua mensagem! E pe\u00e7amos a gra\u00e7a de nos deixar provocar e converter por suas &#8216;palavras de vida eterna'&#8221;.<\/p>\n<p>Ap\u00f3s a ora\u00e7\u00e3o mariana, o Pont\u00edfice saudou os fi\u00e9is presentes na pra\u00e7a provenientes de v\u00e1rios pa\u00edses e de diferentes regi\u00f5es da It\u00e1lia. Havia tamb\u00e9m numerosos grupos de jovens aos quais o Papa dirigiu seu encorajamento para trilhar no caminho do Evangelho.<\/p>\n<hr \/>\n<p><em>Fonte: Vatican News (texto de Raimundo de Lima)<\/em><\/p>\n","protected":false},"excerpt":{"rendered":"<p>Angelus<\/p>\n","protected":false},"author":3,"featured_media":233786,"comment_status":"open","ping_status":"open","sticky":false,"template":"","format":"standard","meta":[],"categories":[1428],"tags":[403],"acf":[],"yoast_head":"<!-- This site is optimized with the Yoast SEO plugin v19.2 - https:\/\/yoast.com\/wordpress\/plugins\/seo\/ -->\n<title>Papa: deixemos que Cristo nos coloque em crise - Not\u00edcias - Franciscanos<\/title>\n<meta name=\"robots\" content=\"index, follow, max-snippet:-1, max-image-preview:large, max-video-preview:-1\" \/>\n<link rel=\"canonical\" href=\"https:\/\/franciscanos.org.br\/noticias\/papa-deixemos-que-cristo-nos-coloque-em-crise.html\" \/>\n<meta property=\"og:locale\" content=\"pt_BR\" \/>\n<meta property=\"og:type\" content=\"article\" \/>\n<meta property=\"og:title\" content=\"Papa: deixemos que Cristo nos coloque em crise - Not\u00edcias - Franciscanos\" \/>\n<meta property=\"og:description\" content=\"Angelus\" \/>\n<meta property=\"og:url\" content=\"https:\/\/franciscanos.org.br\/noticias\/papa-deixemos-que-cristo-nos-coloque-em-crise.html\" \/>\n<meta property=\"og:site_name\" content=\"Not\u00edcias - Franciscanos\" \/>\n<meta property=\"article:published_time\" content=\"2021-08-22T11:17:14+00:00\" \/>\n<meta property=\"og:image\" content=\"https:\/\/franciscanos.org.br\/noticias\/wp-content\/uploads\/2021\/08\/angelus_220821d.jpg\" \/>\n\t<meta property=\"og:image:width\" content=\"800\" \/>\n\t<meta property=\"og:image:height\" content=\"550\" \/>\n\t<meta property=\"og:image:type\" content=\"image\/jpeg\" \/>\n<meta name=\"author\" content=\"moacir\" \/>\n<meta name=\"twitter:card\" content=\"summary_large_image\" \/>\n<meta name=\"twitter:label1\" content=\"Escrito por\" \/>\n\t<meta name=\"twitter:data1\" content=\"moacir\" \/>\n\t<meta name=\"twitter:label2\" content=\"Est. tempo de leitura\" \/>\n\t<meta name=\"twitter:data2\" content=\"4 minutos\" \/>\n<script type=\"application\/ld+json\" class=\"yoast-schema-graph\">{\"@context\":\"https:\/\/schema.org\",\"@graph\":[{\"@type\":\"WebSite\",\"@id\":\"https:\/\/franciscanos.org.br\/noticias\/#website\",\"url\":\"https:\/\/franciscanos.org.br\/noticias\/\",\"name\":\"Not\u00edcias - Franciscanos\",\"description\":\"Prov\u00edncia Franciscana da Imaculada Concei\u00e7\u00e3o do Brasil - Ordem dos Frades Menores - OFM\",\"potentialAction\":[{\"@type\":\"SearchAction\",\"target\":{\"@type\":\"EntryPoint\",\"urlTemplate\":\"https:\/\/franciscanos.org.br\/noticias\/?s={search_term_string}\"},\"query-input\":\"required name=search_term_string\"}],\"inLanguage\":\"pt-BR\"},{\"@type\":\"ImageObject\",\"inLanguage\":\"pt-BR\",\"@id\":\"https:\/\/franciscanos.org.br\/noticias\/papa-deixemos-que-cristo-nos-coloque-em-crise.html#primaryimage\",\"url\":\"https:\/\/franciscanos.org.br\/noticias\/wp-content\/uploads\/2021\/08\/angelus_220821d.jpg\",\"contentUrl\":\"https:\/\/franciscanos.org.br\/noticias\/wp-content\/uploads\/2021\/08\/angelus_220821d.jpg\",\"width\":800,\"height\":550},{\"@type\":\"WebPage\",\"@id\":\"https:\/\/franciscanos.org.br\/noticias\/papa-deixemos-que-cristo-nos-coloque-em-crise.html#webpage\",\"url\":\"https:\/\/franciscanos.org.br\/noticias\/papa-deixemos-que-cristo-nos-coloque-em-crise.html\",\"name\":\"Papa: deixemos que Cristo nos coloque em crise - Not\u00edcias - Franciscanos\",\"isPartOf\":{\"@id\":\"https:\/\/franciscanos.org.br\/noticias\/#website\"},\"primaryImageOfPage\":{\"@id\":\"https:\/\/franciscanos.org.br\/noticias\/papa-deixemos-que-cristo-nos-coloque-em-crise.html#primaryimage\"},\"datePublished\":\"2021-08-22T11:17:14+00:00\",\"dateModified\":\"2021-08-22T11:17:14+00:00\",\"author\":{\"@id\":\"https:\/\/franciscanos.org.br\/noticias\/#\/schema\/person\/b5c8cba458c330ccff548b056e95a5d4\"},\"breadcrumb\":{\"@id\":\"https:\/\/franciscanos.org.br\/noticias\/papa-deixemos-que-cristo-nos-coloque-em-crise.html#breadcrumb\"},\"inLanguage\":\"pt-BR\",\"potentialAction\":[{\"@type\":\"ReadAction\",\"target\":[\"https:\/\/franciscanos.org.br\/noticias\/papa-deixemos-que-cristo-nos-coloque-em-crise.html\"]}]},{\"@type\":\"BreadcrumbList\",\"@id\":\"https:\/\/franciscanos.org.br\/noticias\/papa-deixemos-que-cristo-nos-coloque-em-crise.html#breadcrumb\",\"itemListElement\":[{\"@type\":\"ListItem\",\"position\":1,\"name\":\"Home\",\"item\":\"https:\/\/franciscanos.org.br\/noticias\"},{\"@type\":\"ListItem\",\"position\":2,\"name\":\"Papa: deixemos que Cristo nos coloque em crise\"}]},{\"@type\":\"Person\",\"@id\":\"https:\/\/franciscanos.org.br\/noticias\/#\/schema\/person\/b5c8cba458c330ccff548b056e95a5d4\",\"name\":\"moacir\",\"image\":{\"@type\":\"ImageObject\",\"inLanguage\":\"pt-BR\",\"@id\":\"https:\/\/franciscanos.org.br\/noticias\/#\/schema\/person\/image\/\",\"url\":\"https:\/\/secure.gravatar.com\/avatar\/d08aa2ce4c8dd416d4479aa8536fcf64?s=96&d=mm&r=g\",\"contentUrl\":\"https:\/\/secure.gravatar.com\/avatar\/d08aa2ce4c8dd416d4479aa8536fcf64?s=96&d=mm&r=g\",\"caption\":\"moacir\"},\"url\":\"https:\/\/franciscanos.org.br\/noticias\/author\/moacir\"}]}<\/script>\n<!-- \/ Yoast SEO plugin. -->","yoast_head_json":{"title":"Papa: deixemos que Cristo nos coloque em crise - Not\u00edcias - Franciscanos","robots":{"index":"index","follow":"follow","max-snippet":"max-snippet:-1","max-image-preview":"max-image-preview:large","max-video-preview":"max-video-preview:-1"},"canonical":"https:\/\/franciscanos.org.br\/noticias\/papa-deixemos-que-cristo-nos-coloque-em-crise.html","og_locale":"pt_BR","og_type":"article","og_title":"Papa: deixemos que Cristo nos coloque em crise - Not\u00edcias - Franciscanos","og_description":"Angelus","og_url":"https:\/\/franciscanos.org.br\/noticias\/papa-deixemos-que-cristo-nos-coloque-em-crise.html","og_site_name":"Not\u00edcias - Franciscanos","article_published_time":"2021-08-22T11:17:14+00:00","og_image":[{"width":800,"height":550,"url":"https:\/\/franciscanos.org.br\/noticias\/wp-content\/uploads\/2021\/08\/angelus_220821d.jpg","type":"image\/jpeg"}],"author":"moacir","twitter_card":"summary_large_image","twitter_misc":{"Escrito por":"moacir","Est. tempo de leitura":"4 minutos"},"schema":{"@context":"https:\/\/schema.org","@graph":[{"@type":"WebSite","@id":"https:\/\/franciscanos.org.br\/noticias\/#website","url":"https:\/\/franciscanos.org.br\/noticias\/","name":"Not\u00edcias - Franciscanos","description":"Prov\u00edncia Franciscana da Imaculada Concei\u00e7\u00e3o do Brasil - Ordem dos Frades Menores - OFM","potentialAction":[{"@type":"SearchAction","target":{"@type":"EntryPoint","urlTemplate":"https:\/\/franciscanos.org.br\/noticias\/?s={search_term_string}"},"query-input":"required name=search_term_string"}],"inLanguage":"pt-BR"},{"@type":"ImageObject","inLanguage":"pt-BR","@id":"https:\/\/franciscanos.org.br\/noticias\/papa-deixemos-que-cristo-nos-coloque-em-crise.html#primaryimage","url":"https:\/\/franciscanos.org.br\/noticias\/wp-content\/uploads\/2021\/08\/angelus_220821d.jpg","contentUrl":"https:\/\/franciscanos.org.br\/noticias\/wp-content\/uploads\/2021\/08\/angelus_220821d.jpg","width":800,"height":550},{"@type":"WebPage","@id":"https:\/\/franciscanos.org.br\/noticias\/papa-deixemos-que-cristo-nos-coloque-em-crise.html#webpage","url":"https:\/\/franciscanos.org.br\/noticias\/papa-deixemos-que-cristo-nos-coloque-em-crise.html","name":"Papa: deixemos que Cristo nos coloque em crise - Not\u00edcias - Franciscanos","isPartOf":{"@id":"https:\/\/franciscanos.org.br\/noticias\/#website"},"primaryImageOfPage":{"@id":"https:\/\/franciscanos.org.br\/noticias\/papa-deixemos-que-cristo-nos-coloque-em-crise.html#primaryimage"},"datePublished":"2021-08-22T11:17:14+00:00","dateModified":"2021-08-22T11:17:14+00:00","author":{"@id":"https:\/\/franciscanos.org.br\/noticias\/#\/schema\/person\/b5c8cba458c330ccff548b056e95a5d4"},"breadcrumb":{"@id":"https:\/\/franciscanos.org.br\/noticias\/papa-deixemos-que-cristo-nos-coloque-em-crise.html#breadcrumb"},"inLanguage":"pt-BR","potentialAction":[{"@type":"ReadAction","target":["https:\/\/franciscanos.org.br\/noticias\/papa-deixemos-que-cristo-nos-coloque-em-crise.html"]}]},{"@type":"BreadcrumbList","@id":"https:\/\/franciscanos.org.br\/noticias\/papa-deixemos-que-cristo-nos-coloque-em-crise.html#breadcrumb","itemListElement":[{"@type":"ListItem","position":1,"name":"Home","item":"https:\/\/franciscanos.org.br\/noticias"},{"@type":"ListItem","position":2,"name":"Papa: deixemos que Cristo nos coloque em crise"}]},{"@type":"Person","@id":"https:\/\/franciscanos.org.br\/noticias\/#\/schema\/person\/b5c8cba458c330ccff548b056e95a5d4","name":"moacir","image":{"@type":"ImageObject","inLanguage":"pt-BR","@id":"https:\/\/franciscanos.org.br\/noticias\/#\/schema\/person\/image\/","url":"https:\/\/secure.gravatar.com\/avatar\/d08aa2ce4c8dd416d4479aa8536fcf64?s=96&d=mm&r=g","contentUrl":"https:\/\/secure.gravatar.com\/avatar\/d08aa2ce4c8dd416d4479aa8536fcf64?s=96&d=mm&r=g","caption":"moacir"},"url":"https:\/\/franciscanos.org.br\/noticias\/author\/moacir"}]}},"_links":{"self":[{"href":"https:\/\/franciscanos.org.br\/noticias\/wp-json\/wp\/v2\/posts\/233784"}],"collection":[{"href":"https:\/\/franciscanos.org.br\/noticias\/wp-json\/wp\/v2\/posts"}],"about":[{"href":"https:\/\/franciscanos.org.br\/noticias\/wp-json\/wp\/v2\/types\/post"}],"author":[{"embeddable":true,"href":"https:\/\/franciscanos.org.br\/noticias\/wp-json\/wp\/v2\/users\/3"}],"replies":[{"embeddable":true,"href":"https:\/\/franciscanos.org.br\/noticias\/wp-json\/wp\/v2\/comments?post=233784"}],"version-history":[{"count":1,"href":"https:\/\/franciscanos.org.br\/noticias\/wp-json\/wp\/v2\/posts\/233784\/revisions"}],"predecessor-version":[{"id":233787,"href":"https:\/\/franciscanos.org.br\/noticias\/wp-json\/wp\/v2\/posts\/233784\/revisions\/233787"}],"wp:featuredmedia":[{"embeddable":true,"href":"https:\/\/franciscanos.org.br\/noticias\/wp-json\/wp\/v2\/media\/233786"}],"wp:attachment":[{"href":"https:\/\/franciscanos.org.br\/noticias\/wp-json\/wp\/v2\/media?parent=233784"}],"wp:term":[{"taxonomy":"category","embeddable":true,"href":"https:\/\/franciscanos.org.br\/noticias\/wp-json\/wp\/v2\/categories?post=233784"},{"taxonomy":"post_tag","embeddable":true,"href":"https:\/\/franciscanos.org.br\/noticias\/wp-json\/wp\/v2\/tags?post=233784"}],"curies":[{"name":"wp","href":"https:\/\/api.w.org\/{rel}","templated":true}]}}