{"id":233766,"date":"2021-08-18T10:03:11","date_gmt":"2021-08-18T13:03:11","guid":{"rendered":"https:\/\/franciscanos.org.br\/noticias\/?p=233766"},"modified":"2021-08-18T10:03:11","modified_gmt":"2021-08-18T13:03:11","slug":"papa-vacinar-se-e-um-ato-de-amor","status":"publish","type":"post","link":"https:\/\/franciscanos.org.br\/noticias\/papa-vacinar-se-e-um-ato-de-amor.html","title":{"rendered":"Papa: vacinar-se \u00e9 um ato de amor"},"content":{"rendered":"<div id=\"attachment_233767\" style=\"width: 1010px\" class=\"wp-caption alignnone\"><img aria-describedby=\"caption-attachment-233767\" loading=\"lazy\" class=\"wp-image-233767 size-full\" src=\"https:\/\/franciscanos.org.br\/noticias\/wp-content\/uploads\/2021\/08\/papa_18.jpg\" alt=\"\" width=\"1000\" height=\"563\" srcset=\"https:\/\/franciscanos.org.br\/noticias\/wp-content\/uploads\/2021\/08\/papa_18.jpg 1000w, https:\/\/franciscanos.org.br\/noticias\/wp-content\/uploads\/2021\/08\/papa_18-450x253.jpg 450w, https:\/\/franciscanos.org.br\/noticias\/wp-content\/uploads\/2021\/08\/papa_18-768x432.jpg 768w, https:\/\/franciscanos.org.br\/noticias\/wp-content\/uploads\/2021\/08\/papa_18-150x84.jpg 150w\" sizes=\"(max-width: 1000px) 100vw, 1000px\" \/><p id=\"caption-attachment-233767\" class=\"wp-caption-text\">\u00a0 \u00a0 \u00a0 \u00a0 \u00a0 \u00a0 \u00a0 \u00a0 \u00a0 \u00a0 \u00a0 \u00a0 \u00a0 \u00a0 \u00a0 \u00a0 \u00a0 \u00a0 \u00a0 \u00a0 \u00a0 \u00a0 \u00a0 \u00a0 \u00a0 \u00a0 \u00a0 \u00a0 \u00a0 \u00a0 \u00a0 \u00a0 \u00a0 \u00a0 \u00a0 \u00a0 \u00a0 \u00a0 \u00a0 \u00a0 \u00a0 \u00a0 \u00a0 \u00a0 \u00a0 \u00a0 \u00a0 \u00a0 \u00a0 \u00a0 \u00a0 \u00a0 <em>\u00a0 \u00a0 Imagem: Vatican Media<\/em><\/p><\/div>\n<p>\u201cCom esp\u00edrito fraterno, uno-me a esta mensagem de esperan\u00e7a por um futuro mais luminoso. Gra\u00e7as a Deus e ao trabalho de muitos, hoje temos vacinas para nos proteger da Covid-19. Elas d\u00e3o a esperan\u00e7a de acabar com a pandemia, mas somente se elas estiverem dispon\u00edveis para todos e se colaborarmos uns com os outros.\u201d \u00c9 o que afirma o Santo Padre numa mensagem em v\u00eddeo aos povos latino-americanos, lan\u00e7ando um apelo \u00e0 consci\u00eancia de cada um fazendo votos de uma atitude respons\u00e1vel para enfrentar juntos a pandemia.<\/p>\n<p><strong>O amor \u00e9 tamb\u00e9m social e pol\u00edtico<\/strong><br \/>\n\u201cVacinar-se, com vacinas autorizadas pelas autoridades competentes, \u00e9 um ato de amor. E ajudar a fazer de modo que a maioria das pessoas se vacinem \u00e9 um ato de amor. Amor por si mesmo, amor pelos familiares e amigos, amor por todos os povos. O amor tamb\u00e9m \u00e9 social e pol\u00edtico, h\u00e1 amor social e amor pol\u00edtico, \u00e9 universal, sempre transbordante de pequenos gestos de caridade pessoal capazes de transformar e melhorar as sociedades\u201d, prossegue o Papa.<\/p>\n<p><strong>Vacinar-se, um modo simples de promover o bem-comum<\/strong><br \/>\nFrancisco conclui afirmando que vacinar-se \u00e9 uma forma simples mas profunda de promover o bem comum e de cuidar uns dos outros, especialmente dos mais vulner\u00e1veis. \u201cPe\u00e7o a Deus que cada um possa contribuir com seu pequeno gr\u00e3o de areia, seu pequeno gesto de amor. Por menor que seja, o amor \u00e9 sempre grande. Contribua com estes pequenos gestos para um futuro melhor.\u201d<\/p>\n<p><strong>Apelo conjunto dos prelados latino-americanos<\/strong><br \/>\nO apelo do Papa \u00e9 refor\u00e7ado por v\u00e1rios cardeais do continente, que foram un\u00e2nimes em nos lembrar da necessidade de vacinar-se contra o coronav\u00edrus. Jos\u00e9 Horacio G\u00f3mez, do M\u00e9xico, presidente dos bispos dos EUA, espera que com a ajuda da f\u00e9 as pessoas possam enfrentar os riscos da pandemia e que todos n\u00f3s possamos nos vacinar. Carlos Aguiar Retes, arcebispo de Cidade do M\u00e9xico, pediu a vacina\u00e7\u00e3o do norte ao sul do continente porque &#8211; afirma &#8211; estamos todos interligados e a esperan\u00e7a deve ser sem exclus\u00e3o. O cardeal Hummes se faz porta-voz das mesmas palavras do Papa: vacinar-se \u00e9 um ato de amor por todos e aponta que os esfor\u00e7os heroicos dos profissionais da sa\u00fade produziram vacinas seguras e eficazes para toda a fam\u00edlia humana. O cardeal salvadorenho Rosa Ch\u00e1vez falou de uma &#8220;responsabilidade moral para toda a comunidade&#8221;: &#8220;Nossa escolha de vacinar afeta os outros&#8221;. O cardeal hondurenho \u00d3scar Andr\u00e9s Rodr\u00edguez Maradiaga tamb\u00e9m expressou seu apoio \u00e0 campanha de conscientiza\u00e7\u00e3o: &#8220;Ainda temos mais a aprender sobre o v\u00edrus, mas uma coisa \u00e9 verdade: as vacinas autorizadas funcionam e salvam vidas, s\u00e3o uma chave para a cura pessoal e universal&#8221;. Do Peru, dom Miguel Cabrejos Vidarte, presidente do Conselho Episcopal Latino-americano (CELAM), apelou \u00e0 unidade e voltou ao aspecto de proteger nossa sa\u00fade integral, convidando as pessoas a se vacinarem porque &#8220;a vacina\u00e7\u00e3o \u00e9 segura e eficaz&#8221;.<\/p>\n<hr \/>\n<p><em>Fonte: Vatican News (Raimundo de Lima)<\/em><\/p>\n","protected":false},"excerpt":{"rendered":"<p>Mensagem do Papa Francisco<\/p>\n","protected":false},"author":3,"featured_media":233768,"comment_status":"open","ping_status":"open","sticky":false,"template":"","format":"standard","meta":[],"categories":[1428],"tags":[55],"acf":[],"yoast_head":"<!-- This site is optimized with the Yoast SEO plugin v19.2 - https:\/\/yoast.com\/wordpress\/plugins\/seo\/ -->\n<title>Papa: vacinar-se \u00e9 um ato de amor - Not\u00edcias - Franciscanos<\/title>\n<meta name=\"robots\" content=\"index, follow, max-snippet:-1, max-image-preview:large, max-video-preview:-1\" \/>\n<link rel=\"canonical\" href=\"https:\/\/franciscanos.org.br\/noticias\/papa-vacinar-se-e-um-ato-de-amor.html\" \/>\n<meta property=\"og:locale\" content=\"pt_BR\" \/>\n<meta property=\"og:type\" content=\"article\" \/>\n<meta property=\"og:title\" content=\"Papa: vacinar-se \u00e9 um ato de amor - Not\u00edcias - Franciscanos\" \/>\n<meta property=\"og:description\" content=\"Mensagem do Papa Francisco\" \/>\n<meta property=\"og:url\" content=\"https:\/\/franciscanos.org.br\/noticias\/papa-vacinar-se-e-um-ato-de-amor.html\" \/>\n<meta property=\"og:site_name\" content=\"Not\u00edcias - Franciscanos\" \/>\n<meta property=\"article:published_time\" content=\"2021-08-18T13:03:11+00:00\" \/>\n<meta property=\"og:image\" content=\"https:\/\/franciscanos.org.br\/noticias\/wp-content\/uploads\/2021\/08\/papa_18d.jpg\" \/>\n\t<meta property=\"og:image:width\" content=\"800\" \/>\n\t<meta property=\"og:image:height\" content=\"551\" \/>\n\t<meta property=\"og:image:type\" content=\"image\/jpeg\" \/>\n<meta name=\"author\" content=\"moacir\" \/>\n<meta name=\"twitter:card\" content=\"summary_large_image\" \/>\n<meta name=\"twitter:label1\" content=\"Escrito por\" \/>\n\t<meta name=\"twitter:data1\" content=\"moacir\" \/>\n\t<meta name=\"twitter:label2\" content=\"Est. tempo de leitura\" \/>\n\t<meta name=\"twitter:data2\" content=\"3 minutos\" \/>\n<script type=\"application\/ld+json\" class=\"yoast-schema-graph\">{\"@context\":\"https:\/\/schema.org\",\"@graph\":[{\"@type\":\"WebSite\",\"@id\":\"https:\/\/franciscanos.org.br\/noticias\/#website\",\"url\":\"https:\/\/franciscanos.org.br\/noticias\/\",\"name\":\"Not\u00edcias - Franciscanos\",\"description\":\"Prov\u00edncia Franciscana da Imaculada Concei\u00e7\u00e3o do Brasil - Ordem dos Frades Menores - OFM\",\"potentialAction\":[{\"@type\":\"SearchAction\",\"target\":{\"@type\":\"EntryPoint\",\"urlTemplate\":\"https:\/\/franciscanos.org.br\/noticias\/?s={search_term_string}\"},\"query-input\":\"required name=search_term_string\"}],\"inLanguage\":\"pt-BR\"},{\"@type\":\"ImageObject\",\"inLanguage\":\"pt-BR\",\"@id\":\"https:\/\/franciscanos.org.br\/noticias\/papa-vacinar-se-e-um-ato-de-amor.html#primaryimage\",\"url\":\"https:\/\/franciscanos.org.br\/noticias\/wp-content\/uploads\/2021\/08\/papa_18d.jpg\",\"contentUrl\":\"https:\/\/franciscanos.org.br\/noticias\/wp-content\/uploads\/2021\/08\/papa_18d.jpg\",\"width\":800,\"height\":551},{\"@type\":\"WebPage\",\"@id\":\"https:\/\/franciscanos.org.br\/noticias\/papa-vacinar-se-e-um-ato-de-amor.html#webpage\",\"url\":\"https:\/\/franciscanos.org.br\/noticias\/papa-vacinar-se-e-um-ato-de-amor.html\",\"name\":\"Papa: vacinar-se \u00e9 um ato de amor - Not\u00edcias - Franciscanos\",\"isPartOf\":{\"@id\":\"https:\/\/franciscanos.org.br\/noticias\/#website\"},\"primaryImageOfPage\":{\"@id\":\"https:\/\/franciscanos.org.br\/noticias\/papa-vacinar-se-e-um-ato-de-amor.html#primaryimage\"},\"datePublished\":\"2021-08-18T13:03:11+00:00\",\"dateModified\":\"2021-08-18T13:03:11+00:00\",\"author\":{\"@id\":\"https:\/\/franciscanos.org.br\/noticias\/#\/schema\/person\/b5c8cba458c330ccff548b056e95a5d4\"},\"breadcrumb\":{\"@id\":\"https:\/\/franciscanos.org.br\/noticias\/papa-vacinar-se-e-um-ato-de-amor.html#breadcrumb\"},\"inLanguage\":\"pt-BR\",\"potentialAction\":[{\"@type\":\"ReadAction\",\"target\":[\"https:\/\/franciscanos.org.br\/noticias\/papa-vacinar-se-e-um-ato-de-amor.html\"]}]},{\"@type\":\"BreadcrumbList\",\"@id\":\"https:\/\/franciscanos.org.br\/noticias\/papa-vacinar-se-e-um-ato-de-amor.html#breadcrumb\",\"itemListElement\":[{\"@type\":\"ListItem\",\"position\":1,\"name\":\"Home\",\"item\":\"https:\/\/franciscanos.org.br\/noticias\"},{\"@type\":\"ListItem\",\"position\":2,\"name\":\"Papa: vacinar-se \u00e9 um ato de amor\"}]},{\"@type\":\"Person\",\"@id\":\"https:\/\/franciscanos.org.br\/noticias\/#\/schema\/person\/b5c8cba458c330ccff548b056e95a5d4\",\"name\":\"moacir\",\"image\":{\"@type\":\"ImageObject\",\"inLanguage\":\"pt-BR\",\"@id\":\"https:\/\/franciscanos.org.br\/noticias\/#\/schema\/person\/image\/\",\"url\":\"https:\/\/secure.gravatar.com\/avatar\/d08aa2ce4c8dd416d4479aa8536fcf64?s=96&d=mm&r=g\",\"contentUrl\":\"https:\/\/secure.gravatar.com\/avatar\/d08aa2ce4c8dd416d4479aa8536fcf64?s=96&d=mm&r=g\",\"caption\":\"moacir\"},\"url\":\"https:\/\/franciscanos.org.br\/noticias\/author\/moacir\"}]}<\/script>\n<!-- \/ Yoast SEO plugin. -->","yoast_head_json":{"title":"Papa: vacinar-se \u00e9 um ato de amor - Not\u00edcias - Franciscanos","robots":{"index":"index","follow":"follow","max-snippet":"max-snippet:-1","max-image-preview":"max-image-preview:large","max-video-preview":"max-video-preview:-1"},"canonical":"https:\/\/franciscanos.org.br\/noticias\/papa-vacinar-se-e-um-ato-de-amor.html","og_locale":"pt_BR","og_type":"article","og_title":"Papa: vacinar-se \u00e9 um ato de amor - Not\u00edcias - Franciscanos","og_description":"Mensagem do Papa Francisco","og_url":"https:\/\/franciscanos.org.br\/noticias\/papa-vacinar-se-e-um-ato-de-amor.html","og_site_name":"Not\u00edcias - Franciscanos","article_published_time":"2021-08-18T13:03:11+00:00","og_image":[{"width":800,"height":551,"url":"https:\/\/franciscanos.org.br\/noticias\/wp-content\/uploads\/2021\/08\/papa_18d.jpg","type":"image\/jpeg"}],"author":"moacir","twitter_card":"summary_large_image","twitter_misc":{"Escrito por":"moacir","Est. tempo de leitura":"3 minutos"},"schema":{"@context":"https:\/\/schema.org","@graph":[{"@type":"WebSite","@id":"https:\/\/franciscanos.org.br\/noticias\/#website","url":"https:\/\/franciscanos.org.br\/noticias\/","name":"Not\u00edcias - Franciscanos","description":"Prov\u00edncia Franciscana da Imaculada Concei\u00e7\u00e3o do Brasil - Ordem dos Frades Menores - OFM","potentialAction":[{"@type":"SearchAction","target":{"@type":"EntryPoint","urlTemplate":"https:\/\/franciscanos.org.br\/noticias\/?s={search_term_string}"},"query-input":"required name=search_term_string"}],"inLanguage":"pt-BR"},{"@type":"ImageObject","inLanguage":"pt-BR","@id":"https:\/\/franciscanos.org.br\/noticias\/papa-vacinar-se-e-um-ato-de-amor.html#primaryimage","url":"https:\/\/franciscanos.org.br\/noticias\/wp-content\/uploads\/2021\/08\/papa_18d.jpg","contentUrl":"https:\/\/franciscanos.org.br\/noticias\/wp-content\/uploads\/2021\/08\/papa_18d.jpg","width":800,"height":551},{"@type":"WebPage","@id":"https:\/\/franciscanos.org.br\/noticias\/papa-vacinar-se-e-um-ato-de-amor.html#webpage","url":"https:\/\/franciscanos.org.br\/noticias\/papa-vacinar-se-e-um-ato-de-amor.html","name":"Papa: vacinar-se \u00e9 um ato de amor - Not\u00edcias - Franciscanos","isPartOf":{"@id":"https:\/\/franciscanos.org.br\/noticias\/#website"},"primaryImageOfPage":{"@id":"https:\/\/franciscanos.org.br\/noticias\/papa-vacinar-se-e-um-ato-de-amor.html#primaryimage"},"datePublished":"2021-08-18T13:03:11+00:00","dateModified":"2021-08-18T13:03:11+00:00","author":{"@id":"https:\/\/franciscanos.org.br\/noticias\/#\/schema\/person\/b5c8cba458c330ccff548b056e95a5d4"},"breadcrumb":{"@id":"https:\/\/franciscanos.org.br\/noticias\/papa-vacinar-se-e-um-ato-de-amor.html#breadcrumb"},"inLanguage":"pt-BR","potentialAction":[{"@type":"ReadAction","target":["https:\/\/franciscanos.org.br\/noticias\/papa-vacinar-se-e-um-ato-de-amor.html"]}]},{"@type":"BreadcrumbList","@id":"https:\/\/franciscanos.org.br\/noticias\/papa-vacinar-se-e-um-ato-de-amor.html#breadcrumb","itemListElement":[{"@type":"ListItem","position":1,"name":"Home","item":"https:\/\/franciscanos.org.br\/noticias"},{"@type":"ListItem","position":2,"name":"Papa: vacinar-se \u00e9 um ato de amor"}]},{"@type":"Person","@id":"https:\/\/franciscanos.org.br\/noticias\/#\/schema\/person\/b5c8cba458c330ccff548b056e95a5d4","name":"moacir","image":{"@type":"ImageObject","inLanguage":"pt-BR","@id":"https:\/\/franciscanos.org.br\/noticias\/#\/schema\/person\/image\/","url":"https:\/\/secure.gravatar.com\/avatar\/d08aa2ce4c8dd416d4479aa8536fcf64?s=96&d=mm&r=g","contentUrl":"https:\/\/secure.gravatar.com\/avatar\/d08aa2ce4c8dd416d4479aa8536fcf64?s=96&d=mm&r=g","caption":"moacir"},"url":"https:\/\/franciscanos.org.br\/noticias\/author\/moacir"}]}},"_links":{"self":[{"href":"https:\/\/franciscanos.org.br\/noticias\/wp-json\/wp\/v2\/posts\/233766"}],"collection":[{"href":"https:\/\/franciscanos.org.br\/noticias\/wp-json\/wp\/v2\/posts"}],"about":[{"href":"https:\/\/franciscanos.org.br\/noticias\/wp-json\/wp\/v2\/types\/post"}],"author":[{"embeddable":true,"href":"https:\/\/franciscanos.org.br\/noticias\/wp-json\/wp\/v2\/users\/3"}],"replies":[{"embeddable":true,"href":"https:\/\/franciscanos.org.br\/noticias\/wp-json\/wp\/v2\/comments?post=233766"}],"version-history":[{"count":1,"href":"https:\/\/franciscanos.org.br\/noticias\/wp-json\/wp\/v2\/posts\/233766\/revisions"}],"predecessor-version":[{"id":233769,"href":"https:\/\/franciscanos.org.br\/noticias\/wp-json\/wp\/v2\/posts\/233766\/revisions\/233769"}],"wp:featuredmedia":[{"embeddable":true,"href":"https:\/\/franciscanos.org.br\/noticias\/wp-json\/wp\/v2\/media\/233768"}],"wp:attachment":[{"href":"https:\/\/franciscanos.org.br\/noticias\/wp-json\/wp\/v2\/media?parent=233766"}],"wp:term":[{"taxonomy":"category","embeddable":true,"href":"https:\/\/franciscanos.org.br\/noticias\/wp-json\/wp\/v2\/categories?post=233766"},{"taxonomy":"post_tag","embeddable":true,"href":"https:\/\/franciscanos.org.br\/noticias\/wp-json\/wp\/v2\/tags?post=233766"}],"curies":[{"name":"wp","href":"https:\/\/api.w.org\/{rel}","templated":true}]}}