{"id":233744,"date":"2021-08-16T06:23:19","date_gmt":"2021-08-16T09:23:19","guid":{"rendered":"https:\/\/franciscanos.org.br\/noticias\/?p=233744"},"modified":"2021-08-17T10:45:15","modified_gmt":"2021-08-17T13:45:15","slug":"coral-dos-canarinhos-celebra-79-anos-e-ganha-de-presente-a-volta-aos-ensaios-presenciais","status":"publish","type":"post","link":"https:\/\/franciscanos.org.br\/noticias\/coral-dos-canarinhos-celebra-79-anos-e-ganha-de-presente-a-volta-aos-ensaios-presenciais.html","title":{"rendered":"Coral dos Canarinhos celebra 79 anos e ganha de presente a volta aos ensaios presenciais"},"content":{"rendered":"<p><img loading=\"lazy\" class=\"alignnone wp-image-233745 size-full\" src=\"https:\/\/franciscanos.org.br\/noticias\/wp-content\/uploads\/2021\/08\/petropolis_160821.jpg\" alt=\"\" width=\"1280\" height=\"853\" srcset=\"https:\/\/franciscanos.org.br\/noticias\/wp-content\/uploads\/2021\/08\/petropolis_160821.jpg 1280w, https:\/\/franciscanos.org.br\/noticias\/wp-content\/uploads\/2021\/08\/petropolis_160821-450x300.jpg 450w, https:\/\/franciscanos.org.br\/noticias\/wp-content\/uploads\/2021\/08\/petropolis_160821-1024x682.jpg 1024w, https:\/\/franciscanos.org.br\/noticias\/wp-content\/uploads\/2021\/08\/petropolis_160821-768x512.jpg 768w, https:\/\/franciscanos.org.br\/noticias\/wp-content\/uploads\/2021\/08\/petropolis_160821-150x100.jpg 150w\" sizes=\"(max-width: 1280px) 100vw, 1280px\" \/><\/p>\n<p><strong>Petr\u00f3polis (RJ) \u2013 <\/strong>Na Solenidade da Assun\u00e7\u00e3o de Nossa Senhora e celebra\u00e7\u00e3o de anivers\u00e1rio de 79 anos do Coral dos Canarinhos em Petr\u00f3polis (RJ), o presidente do Instituto dos Meninos Cantores (IMCP), Frei Marcos Antonio de Andrade, emocionado, surpreendeu a todos ao anunciar que, ap\u00f3s um longo per\u00edodo de \u2018portas fechadas\u2019, o coro de meninos mais antigo do pa\u00eds retornar\u00e1 suas atividades, com todos os cuidados sanit\u00e1rios, nesta segunda-feira, 16 de agosto. \u201cQueremos pedir a Deus para iluminar todos os profissionais que trabalham com os nossos meninos. O coro n\u00e3o \u00e9 apenas de nossa Par\u00f3quia, Igreja, Prov\u00edncia e da nossa cidade, mas sim, do Brasil e do mundo inteiro\u201d, declarou.<\/p>\n<p>A celebra\u00e7\u00e3o foi realizada \u00e0s 10 horas, na Igreja do Sagrado Cora\u00e7\u00e3o de Jesus, onde o Coral faz a maioria de suas apresenta\u00e7\u00f5es. Atualmente, o Coral dos Frades do Tempo da Teologia animam as missas com a entoa\u00e7\u00e3o de c\u00e2nticos, ant\u00edfonas e m\u00fasicas lit\u00fargicas. A reg\u00eancia ficou a cargo experiente maestro Marco Aur\u00e9lio Liscth, que at\u00e9 ent\u00e3o dividia sua rotina entre os ensaios do Coral dos Canarinhos, de modo remoto, e dos frades te\u00f3logos, presencialmente. Os estudantes de Teologia tamb\u00e9m serviram na celebra\u00e7\u00e3o como ac\u00f3litos e na transmiss\u00e3o da celebra\u00e7\u00e3o pelas redes sociais da Par\u00f3quia do Sagrado, do IMCP e da R\u00e1dio Imperial da cidade.<\/p>\n<p><img loading=\"lazy\" class=\"alignnone wp-image-233747 size-full\" src=\"https:\/\/franciscanos.org.br\/noticias\/wp-content\/uploads\/2021\/08\/petropolis_160821_3.jpg\" alt=\"\" width=\"1280\" height=\"853\" srcset=\"https:\/\/franciscanos.org.br\/noticias\/wp-content\/uploads\/2021\/08\/petropolis_160821_3.jpg 1280w, https:\/\/franciscanos.org.br\/noticias\/wp-content\/uploads\/2021\/08\/petropolis_160821_3-450x300.jpg 450w, https:\/\/franciscanos.org.br\/noticias\/wp-content\/uploads\/2021\/08\/petropolis_160821_3-1024x682.jpg 1024w, https:\/\/franciscanos.org.br\/noticias\/wp-content\/uploads\/2021\/08\/petropolis_160821_3-768x512.jpg 768w, https:\/\/franciscanos.org.br\/noticias\/wp-content\/uploads\/2021\/08\/petropolis_160821_3-150x100.jpg 150w\" sizes=\"(max-width: 1280px) 100vw, 1280px\" \/><\/p>\n<p>Sobre a festa lit\u00fargica do dia, Frei Marcos falou da import\u00e2ncia da figura de Maria na f\u00e9 crist\u00e3. Fez mem\u00f3ria da 1\u00aa leitura do Livro do Apocalipse que fala da figura de \u201cMulher pronta para dar \u00e0 luz\u201d e lembrou que os santos padres chamam Maria de uma nova Eva, a nova m\u00e3e da humanidade. \u201cOutros chamam esta mulher de a pr\u00f3pria Igreja. N\u00f3s ouvimos o coro cantando a Ant\u00edfona de Entrada que diz que Maria tem a lua debaixo dos p\u00e9s, ou seja, \u00e9 uma mulher vestida de sol com uma coroa de doze estrelas. Por outro lado, fala das dores do parto, fala do drag\u00e3o que espera a crian\u00e7a nascer para mat\u00e1-lo\u201d, recordou, acrescentando: \u201c\u00c9 a dial\u00e9tica da vida! Morte e a vida, pecado e perd\u00e3o, nossas quedas, mas tamb\u00e9m o nosso levantar\u201d.<\/p>\n<p>Para o presidente da celebra\u00e7\u00e3o, esta festa faz lembrar do Natal, da encarna\u00e7\u00e3o de Deus que se d\u00e1 na Igreja, que se d\u00e1 em n\u00f3s. \u201cMas como faremos isso? Seguindo os passos de Maria, seguindo os passos de Jesus, seu filho\u201d, ensinou.<\/p>\n<p>Segundo Frei Marcos, o relato do Evangelho apresenta o exemplo servi\u00e7al de Maria que vai visitar sua prima Isabel, servindo, cuidando e ajudando. \u201c\u00c9 o Magnificat, a grande sauda\u00e7\u00e3o do nosso Deus\u201d, afirmou. \u201cMaria nos mostra e nos revela este jeito do seu Filho, do Deus Encarnado e \u00e9 fazendo este caminho de viv\u00eancia de gera\u00e7\u00e3o da vida que n\u00f3s podemos ent\u00e3o olhar para o nosso destino, que \u00e9 o motivo desta festa, e ver o c\u00e9u, a gl\u00f3ria do c\u00e9u\u201d, acrescentou.<\/p>\n<p><img loading=\"lazy\" class=\"alignnone wp-image-233748 size-full\" src=\"https:\/\/franciscanos.org.br\/noticias\/wp-content\/uploads\/2021\/08\/petropolis_160821_1.jpg\" alt=\"\" width=\"1280\" height=\"853\" srcset=\"https:\/\/franciscanos.org.br\/noticias\/wp-content\/uploads\/2021\/08\/petropolis_160821_1.jpg 1280w, https:\/\/franciscanos.org.br\/noticias\/wp-content\/uploads\/2021\/08\/petropolis_160821_1-450x300.jpg 450w, https:\/\/franciscanos.org.br\/noticias\/wp-content\/uploads\/2021\/08\/petropolis_160821_1-1024x682.jpg 1024w, https:\/\/franciscanos.org.br\/noticias\/wp-content\/uploads\/2021\/08\/petropolis_160821_1-768x512.jpg 768w, https:\/\/franciscanos.org.br\/noticias\/wp-content\/uploads\/2021\/08\/petropolis_160821_1-150x100.jpg 150w\" sizes=\"(max-width: 1280px) 100vw, 1280px\" \/><\/p>\n<p>O celebrante recordou ainda do teto da Igreja do Sagrado que retrata a pintura da Assun\u00e7\u00e3o de Maria. Segundo ele, o afresco quer recordar o destino que em cada Eucaristia n\u00f3s viemos buscar: a for\u00e7a do alimento para poder continuar o nosso caminho de viv\u00eancia do Evangelho, para um dia chegarmos com Maria a gl\u00f3ria do c\u00e9u. \u201cN\u00f3s caminhamos, como homens e mulheres, para a ressurrei\u00e7\u00e3o, para a gl\u00f3ria do c\u00e9u e este \u00e9 o nosso destino. Por isso, a Solenidade da Assun\u00e7\u00e3o de Nossa Senhora \u00e9 a Solenidade do destino de todos n\u00f3s para chegarmos juntos a Deus\u201d.<\/p>\n<p>Para o presidente do IMCP, celebrar o anivers\u00e1rio do Coral dos Canarinhos no dia da Assun\u00e7\u00e3o de Maria faz lembrar a miss\u00e3o do coro, de que tamb\u00e9m na liturgia o coral ajuda a experimentar um pouquinho do c\u00e9u, da gl\u00f3ria. \u201cTodos n\u00f3s sabemos disso, a m\u00fasica tem esta for\u00e7a. A m\u00fasica na voz das crian\u00e7as \u00e9 muito mais forte. E Maria, nesta festa, com certeza, cuida e sempre cuidou dos nossos meninos, do nosso coro, para cumprir esta miss\u00e3o e este servi\u00e7o de nos conduzir com ela at\u00e9 o Senhor\u201d, observou. \u201cQue Maria nos ajude a continuarmos o nosso caminho de servi\u00e7o de viv\u00eancia do Evangelho para, com ela, chegarmos um dia \u00e0 gl\u00f3ria da ressurei\u00e7\u00e3o. Que no in\u00edcio das atividades e no retorno do nosso coro dos meninos, ela possa estar conduzindo, aben\u00e7oando e protegendo todas as nossas crian\u00e7as\u201d, concluiu.<\/p>\n<p><strong>ESPECIAL DOS 79 ANOS DOS CANARINHOS<\/strong><br \/>\n<iframe loading=\"lazy\" title=\"YouTube video player\" src=\"https:\/\/www.youtube.com\/embed\/vgAwYWBfpzQ\" width=\"100%\" height=\"500\" frameborder=\"0\" allowfullscreen=\"allowfullscreen\"><\/iframe><\/p>\n<p>J\u00e1 \u00e0s 18 horas, foi ao ar pelo canal do YouTube do IMCP, o Especial de 79 anos do Coral dos Canarinhos. Com um repert\u00f3rio produzido pelo coro nestes \u00faltimos tempos, o v\u00eddeo fez uma homenagem, desde o in\u00edcio do m\u00eas agosto, \u00e0 representa\u00e7\u00f5es das quase oito gera\u00e7\u00f5es. Com participa\u00e7\u00f5es de frades, pais, canarinhos, ex-canarinhos, colaboradores e volunt\u00e1rios, o especial mostrou que o Coral dos Canarinhos \u00e9 feito de pessoas sens\u00edveis que acreditam na arte, na m\u00fasica e na forma\u00e7\u00e3o humana.<\/p>\n<p>Frei Cesar K\u00fclkamp, Definidor Geral da Ordem dos Frades Menores, tamb\u00e9m j\u00e1 foi presidente do IMCP, e escreveu: \u201cParab\u00e9ns ao Coral dos Canarinhos e a todo o Instituto dos Meninos Cantores de Petr\u00f3polis! Vida longa a esta querida institui\u00e7\u00e3o que tanto bem leva atrav\u00e9s da m\u00fasica, do trabalho social e da evangeliza\u00e7\u00e3o franciscana. Sinto muito orgulho por fazer parte desta hist\u00f3ria\u201d.<\/p>\n<p><img loading=\"lazy\" class=\"alignnone wp-image-233749 size-full\" src=\"https:\/\/franciscanos.org.br\/noticias\/wp-content\/uploads\/2021\/08\/petropolis_160821_2.jpg\" alt=\"\" width=\"1280\" height=\"853\" srcset=\"https:\/\/franciscanos.org.br\/noticias\/wp-content\/uploads\/2021\/08\/petropolis_160821_2.jpg 1280w, https:\/\/franciscanos.org.br\/noticias\/wp-content\/uploads\/2021\/08\/petropolis_160821_2-450x300.jpg 450w, https:\/\/franciscanos.org.br\/noticias\/wp-content\/uploads\/2021\/08\/petropolis_160821_2-1024x682.jpg 1024w, https:\/\/franciscanos.org.br\/noticias\/wp-content\/uploads\/2021\/08\/petropolis_160821_2-768x512.jpg 768w, https:\/\/franciscanos.org.br\/noticias\/wp-content\/uploads\/2021\/08\/petropolis_160821_2-150x100.jpg 150w\" sizes=\"(max-width: 1280px) 100vw, 1280px\" \/><\/p>\n<p>\u201cLinda homenagem, lindas palavras do Frei Marcos e do maestro Lischt! Que repert\u00f3rio foi esse? Em minutos me peguei chorando tamb\u00e9m, junto com os homenageados. Tudo responsabilidade dessas doces vozes angelicais que possuem a chave de acesso \u00e0 nossa sensibilidade! Parab\u00e9ns! Que nas comemora\u00e7\u00f5es dos 80 anos possamos nos abra\u00e7ar\u201d, saudou Ana Maria Assun\u00e7\u00e3o Carneiro.<\/p>\n<p>Silvia Corr\u00eaa parabenizou o coro dos Canarinhos de Petr\u00f3polis pelos 79 anos. \u201cQue todos que fazem e fizeram parte dessa hist\u00f3ria sejam aben\u00e7oados. Tenham certeza que esse coro faz toda a diferen\u00e7a na vida n\u00e3o s\u00f3 dos meninos, mas de todos que est\u00e3o a\u00ed fazendo acontecer\u201d.<\/p>\n<hr \/>\n<p><em>Frei Augusto Luiz Gabriel e Frei Felipe Medeiros Carretta<\/em><\/p>\n","protected":false},"excerpt":{"rendered":"<p>Instituto dos Meninos Cantores (IMCP)<\/p>\n","protected":false},"author":3,"featured_media":233746,"comment_status":"open","ping_status":"open","sticky":false,"template":"","format":"standard","meta":[],"categories":[1],"tags":[1378],"acf":[],"yoast_head":"<!-- This site is optimized with the Yoast SEO plugin v19.2 - https:\/\/yoast.com\/wordpress\/plugins\/seo\/ -->\n<title>Coral dos Canarinhos celebra 79 anos e ganha de presente a volta aos ensaios presenciais - Not\u00edcias - Franciscanos<\/title>\n<meta name=\"robots\" content=\"index, follow, max-snippet:-1, max-image-preview:large, max-video-preview:-1\" \/>\n<link rel=\"canonical\" href=\"https:\/\/franciscanos.org.br\/noticias\/coral-dos-canarinhos-celebra-79-anos-e-ganha-de-presente-a-volta-aos-ensaios-presenciais.html\" \/>\n<meta property=\"og:locale\" content=\"pt_BR\" \/>\n<meta property=\"og:type\" content=\"article\" \/>\n<meta property=\"og:title\" content=\"Coral dos Canarinhos celebra 79 anos e ganha de presente a volta aos ensaios presenciais - Not\u00edcias - Franciscanos\" \/>\n<meta property=\"og:description\" content=\"Instituto dos Meninos Cantores (IMCP)\" \/>\n<meta property=\"og:url\" content=\"https:\/\/franciscanos.org.br\/noticias\/coral-dos-canarinhos-celebra-79-anos-e-ganha-de-presente-a-volta-aos-ensaios-presenciais.html\" \/>\n<meta property=\"og:site_name\" content=\"Not\u00edcias - Franciscanos\" \/>\n<meta property=\"article:published_time\" content=\"2021-08-16T09:23:19+00:00\" \/>\n<meta property=\"article:modified_time\" content=\"2021-08-17T13:45:15+00:00\" \/>\n<meta property=\"og:image\" content=\"https:\/\/franciscanos.org.br\/noticias\/wp-content\/uploads\/2021\/08\/petropolis_160821d.jpg\" \/>\n\t<meta property=\"og:image:width\" content=\"800\" \/>\n\t<meta property=\"og:image:height\" content=\"550\" \/>\n\t<meta property=\"og:image:type\" content=\"image\/jpeg\" \/>\n<meta name=\"author\" content=\"moacir\" \/>\n<meta name=\"twitter:card\" content=\"summary_large_image\" \/>\n<meta name=\"twitter:label1\" content=\"Escrito por\" \/>\n\t<meta name=\"twitter:data1\" content=\"moacir\" \/>\n\t<meta name=\"twitter:label2\" content=\"Est. tempo de leitura\" \/>\n\t<meta name=\"twitter:data2\" content=\"5 minutos\" \/>\n<script type=\"application\/ld+json\" class=\"yoast-schema-graph\">{\"@context\":\"https:\/\/schema.org\",\"@graph\":[{\"@type\":\"WebSite\",\"@id\":\"https:\/\/franciscanos.org.br\/noticias\/#website\",\"url\":\"https:\/\/franciscanos.org.br\/noticias\/\",\"name\":\"Not\u00edcias - Franciscanos\",\"description\":\"Prov\u00edncia Franciscana da Imaculada Concei\u00e7\u00e3o do Brasil - Ordem dos Frades Menores - OFM\",\"potentialAction\":[{\"@type\":\"SearchAction\",\"target\":{\"@type\":\"EntryPoint\",\"urlTemplate\":\"https:\/\/franciscanos.org.br\/noticias\/?s={search_term_string}\"},\"query-input\":\"required name=search_term_string\"}],\"inLanguage\":\"pt-BR\"},{\"@type\":\"ImageObject\",\"inLanguage\":\"pt-BR\",\"@id\":\"https:\/\/franciscanos.org.br\/noticias\/coral-dos-canarinhos-celebra-79-anos-e-ganha-de-presente-a-volta-aos-ensaios-presenciais.html#primaryimage\",\"url\":\"https:\/\/franciscanos.org.br\/noticias\/wp-content\/uploads\/2021\/08\/petropolis_160821d.jpg\",\"contentUrl\":\"https:\/\/franciscanos.org.br\/noticias\/wp-content\/uploads\/2021\/08\/petropolis_160821d.jpg\",\"width\":800,\"height\":550},{\"@type\":\"WebPage\",\"@id\":\"https:\/\/franciscanos.org.br\/noticias\/coral-dos-canarinhos-celebra-79-anos-e-ganha-de-presente-a-volta-aos-ensaios-presenciais.html#webpage\",\"url\":\"https:\/\/franciscanos.org.br\/noticias\/coral-dos-canarinhos-celebra-79-anos-e-ganha-de-presente-a-volta-aos-ensaios-presenciais.html\",\"name\":\"Coral dos Canarinhos celebra 79 anos e ganha de presente a volta aos ensaios presenciais - Not\u00edcias - Franciscanos\",\"isPartOf\":{\"@id\":\"https:\/\/franciscanos.org.br\/noticias\/#website\"},\"primaryImageOfPage\":{\"@id\":\"https:\/\/franciscanos.org.br\/noticias\/coral-dos-canarinhos-celebra-79-anos-e-ganha-de-presente-a-volta-aos-ensaios-presenciais.html#primaryimage\"},\"datePublished\":\"2021-08-16T09:23:19+00:00\",\"dateModified\":\"2021-08-17T13:45:15+00:00\",\"author\":{\"@id\":\"https:\/\/franciscanos.org.br\/noticias\/#\/schema\/person\/b5c8cba458c330ccff548b056e95a5d4\"},\"breadcrumb\":{\"@id\":\"https:\/\/franciscanos.org.br\/noticias\/coral-dos-canarinhos-celebra-79-anos-e-ganha-de-presente-a-volta-aos-ensaios-presenciais.html#breadcrumb\"},\"inLanguage\":\"pt-BR\",\"potentialAction\":[{\"@type\":\"ReadAction\",\"target\":[\"https:\/\/franciscanos.org.br\/noticias\/coral-dos-canarinhos-celebra-79-anos-e-ganha-de-presente-a-volta-aos-ensaios-presenciais.html\"]}]},{\"@type\":\"BreadcrumbList\",\"@id\":\"https:\/\/franciscanos.org.br\/noticias\/coral-dos-canarinhos-celebra-79-anos-e-ganha-de-presente-a-volta-aos-ensaios-presenciais.html#breadcrumb\",\"itemListElement\":[{\"@type\":\"ListItem\",\"position\":1,\"name\":\"Home\",\"item\":\"https:\/\/franciscanos.org.br\/noticias\"},{\"@type\":\"ListItem\",\"position\":2,\"name\":\"Coral dos Canarinhos celebra 79 anos e ganha de presente a volta aos ensaios presenciais\"}]},{\"@type\":\"Person\",\"@id\":\"https:\/\/franciscanos.org.br\/noticias\/#\/schema\/person\/b5c8cba458c330ccff548b056e95a5d4\",\"name\":\"moacir\",\"image\":{\"@type\":\"ImageObject\",\"inLanguage\":\"pt-BR\",\"@id\":\"https:\/\/franciscanos.org.br\/noticias\/#\/schema\/person\/image\/\",\"url\":\"https:\/\/secure.gravatar.com\/avatar\/d08aa2ce4c8dd416d4479aa8536fcf64?s=96&d=mm&r=g\",\"contentUrl\":\"https:\/\/secure.gravatar.com\/avatar\/d08aa2ce4c8dd416d4479aa8536fcf64?s=96&d=mm&r=g\",\"caption\":\"moacir\"},\"url\":\"https:\/\/franciscanos.org.br\/noticias\/author\/moacir\"}]}<\/script>\n<!-- \/ Yoast SEO plugin. -->","yoast_head_json":{"title":"Coral dos Canarinhos celebra 79 anos e ganha de presente a volta aos ensaios presenciais - Not\u00edcias - Franciscanos","robots":{"index":"index","follow":"follow","max-snippet":"max-snippet:-1","max-image-preview":"max-image-preview:large","max-video-preview":"max-video-preview:-1"},"canonical":"https:\/\/franciscanos.org.br\/noticias\/coral-dos-canarinhos-celebra-79-anos-e-ganha-de-presente-a-volta-aos-ensaios-presenciais.html","og_locale":"pt_BR","og_type":"article","og_title":"Coral dos Canarinhos celebra 79 anos e ganha de presente a volta aos ensaios presenciais - Not\u00edcias - Franciscanos","og_description":"Instituto dos Meninos Cantores (IMCP)","og_url":"https:\/\/franciscanos.org.br\/noticias\/coral-dos-canarinhos-celebra-79-anos-e-ganha-de-presente-a-volta-aos-ensaios-presenciais.html","og_site_name":"Not\u00edcias - Franciscanos","article_published_time":"2021-08-16T09:23:19+00:00","article_modified_time":"2021-08-17T13:45:15+00:00","og_image":[{"width":800,"height":550,"url":"https:\/\/franciscanos.org.br\/noticias\/wp-content\/uploads\/2021\/08\/petropolis_160821d.jpg","type":"image\/jpeg"}],"author":"moacir","twitter_card":"summary_large_image","twitter_misc":{"Escrito por":"moacir","Est. tempo de leitura":"5 minutos"},"schema":{"@context":"https:\/\/schema.org","@graph":[{"@type":"WebSite","@id":"https:\/\/franciscanos.org.br\/noticias\/#website","url":"https:\/\/franciscanos.org.br\/noticias\/","name":"Not\u00edcias - Franciscanos","description":"Prov\u00edncia Franciscana da Imaculada Concei\u00e7\u00e3o do Brasil - Ordem dos Frades Menores - OFM","potentialAction":[{"@type":"SearchAction","target":{"@type":"EntryPoint","urlTemplate":"https:\/\/franciscanos.org.br\/noticias\/?s={search_term_string}"},"query-input":"required name=search_term_string"}],"inLanguage":"pt-BR"},{"@type":"ImageObject","inLanguage":"pt-BR","@id":"https:\/\/franciscanos.org.br\/noticias\/coral-dos-canarinhos-celebra-79-anos-e-ganha-de-presente-a-volta-aos-ensaios-presenciais.html#primaryimage","url":"https:\/\/franciscanos.org.br\/noticias\/wp-content\/uploads\/2021\/08\/petropolis_160821d.jpg","contentUrl":"https:\/\/franciscanos.org.br\/noticias\/wp-content\/uploads\/2021\/08\/petropolis_160821d.jpg","width":800,"height":550},{"@type":"WebPage","@id":"https:\/\/franciscanos.org.br\/noticias\/coral-dos-canarinhos-celebra-79-anos-e-ganha-de-presente-a-volta-aos-ensaios-presenciais.html#webpage","url":"https:\/\/franciscanos.org.br\/noticias\/coral-dos-canarinhos-celebra-79-anos-e-ganha-de-presente-a-volta-aos-ensaios-presenciais.html","name":"Coral dos Canarinhos celebra 79 anos e ganha de presente a volta aos ensaios presenciais - Not\u00edcias - Franciscanos","isPartOf":{"@id":"https:\/\/franciscanos.org.br\/noticias\/#website"},"primaryImageOfPage":{"@id":"https:\/\/franciscanos.org.br\/noticias\/coral-dos-canarinhos-celebra-79-anos-e-ganha-de-presente-a-volta-aos-ensaios-presenciais.html#primaryimage"},"datePublished":"2021-08-16T09:23:19+00:00","dateModified":"2021-08-17T13:45:15+00:00","author":{"@id":"https:\/\/franciscanos.org.br\/noticias\/#\/schema\/person\/b5c8cba458c330ccff548b056e95a5d4"},"breadcrumb":{"@id":"https:\/\/franciscanos.org.br\/noticias\/coral-dos-canarinhos-celebra-79-anos-e-ganha-de-presente-a-volta-aos-ensaios-presenciais.html#breadcrumb"},"inLanguage":"pt-BR","potentialAction":[{"@type":"ReadAction","target":["https:\/\/franciscanos.org.br\/noticias\/coral-dos-canarinhos-celebra-79-anos-e-ganha-de-presente-a-volta-aos-ensaios-presenciais.html"]}]},{"@type":"BreadcrumbList","@id":"https:\/\/franciscanos.org.br\/noticias\/coral-dos-canarinhos-celebra-79-anos-e-ganha-de-presente-a-volta-aos-ensaios-presenciais.html#breadcrumb","itemListElement":[{"@type":"ListItem","position":1,"name":"Home","item":"https:\/\/franciscanos.org.br\/noticias"},{"@type":"ListItem","position":2,"name":"Coral dos Canarinhos celebra 79 anos e ganha de presente a volta aos ensaios presenciais"}]},{"@type":"Person","@id":"https:\/\/franciscanos.org.br\/noticias\/#\/schema\/person\/b5c8cba458c330ccff548b056e95a5d4","name":"moacir","image":{"@type":"ImageObject","inLanguage":"pt-BR","@id":"https:\/\/franciscanos.org.br\/noticias\/#\/schema\/person\/image\/","url":"https:\/\/secure.gravatar.com\/avatar\/d08aa2ce4c8dd416d4479aa8536fcf64?s=96&d=mm&r=g","contentUrl":"https:\/\/secure.gravatar.com\/avatar\/d08aa2ce4c8dd416d4479aa8536fcf64?s=96&d=mm&r=g","caption":"moacir"},"url":"https:\/\/franciscanos.org.br\/noticias\/author\/moacir"}]}},"_links":{"self":[{"href":"https:\/\/franciscanos.org.br\/noticias\/wp-json\/wp\/v2\/posts\/233744"}],"collection":[{"href":"https:\/\/franciscanos.org.br\/noticias\/wp-json\/wp\/v2\/posts"}],"about":[{"href":"https:\/\/franciscanos.org.br\/noticias\/wp-json\/wp\/v2\/types\/post"}],"author":[{"embeddable":true,"href":"https:\/\/franciscanos.org.br\/noticias\/wp-json\/wp\/v2\/users\/3"}],"replies":[{"embeddable":true,"href":"https:\/\/franciscanos.org.br\/noticias\/wp-json\/wp\/v2\/comments?post=233744"}],"version-history":[{"count":4,"href":"https:\/\/franciscanos.org.br\/noticias\/wp-json\/wp\/v2\/posts\/233744\/revisions"}],"predecessor-version":[{"id":233765,"href":"https:\/\/franciscanos.org.br\/noticias\/wp-json\/wp\/v2\/posts\/233744\/revisions\/233765"}],"wp:featuredmedia":[{"embeddable":true,"href":"https:\/\/franciscanos.org.br\/noticias\/wp-json\/wp\/v2\/media\/233746"}],"wp:attachment":[{"href":"https:\/\/franciscanos.org.br\/noticias\/wp-json\/wp\/v2\/media?parent=233744"}],"wp:term":[{"taxonomy":"category","embeddable":true,"href":"https:\/\/franciscanos.org.br\/noticias\/wp-json\/wp\/v2\/categories?post=233744"},{"taxonomy":"post_tag","embeddable":true,"href":"https:\/\/franciscanos.org.br\/noticias\/wp-json\/wp\/v2\/tags?post=233744"}],"curies":[{"name":"wp","href":"https:\/\/api.w.org\/{rel}","templated":true}]}}