{"id":233720,"date":"2021-08-13T14:29:42","date_gmt":"2021-08-13T17:29:42","guid":{"rendered":"https:\/\/franciscanos.org.br\/noticias\/?p=233720"},"modified":"2021-09-16T10:36:26","modified_gmt":"2021-09-16T13:36:26","slug":"coral-dos-canarinhos-celebra-79-anos-neste-domingo","status":"publish","type":"post","link":"https:\/\/franciscanos.org.br\/noticias\/coral-dos-canarinhos-celebra-79-anos-neste-domingo.html","title":{"rendered":"Coral dos Canarinhos celebra 79 anos neste domingo"},"content":{"rendered":"<p><img loading=\"lazy\" class=\"alignnone wp-image-233722 size-full\" src=\"https:\/\/franciscanos.org.br\/noticias\/wp-content\/uploads\/2021\/08\/canarinhos_13.jpg\" alt=\"\" width=\"1280\" height=\"766\" srcset=\"https:\/\/franciscanos.org.br\/noticias\/wp-content\/uploads\/2021\/08\/canarinhos_13.jpg 1280w, https:\/\/franciscanos.org.br\/noticias\/wp-content\/uploads\/2021\/08\/canarinhos_13-450x269.jpg 450w, https:\/\/franciscanos.org.br\/noticias\/wp-content\/uploads\/2021\/08\/canarinhos_13-1024x613.jpg 1024w, https:\/\/franciscanos.org.br\/noticias\/wp-content\/uploads\/2021\/08\/canarinhos_13-768x460.jpg 768w, https:\/\/franciscanos.org.br\/noticias\/wp-content\/uploads\/2021\/08\/canarinhos_13-150x90.jpg 150w\" sizes=\"(max-width: 1280px) 100vw, 1280px\" \/><\/p>\n<p>Para comemorar o 79\u00ba anivers\u00e1rio do Coral dos Canarinhos, neste domingo (15\/08), ser\u00e3o realizados dois eventos. \u00c0s 10 horas, o presidente do Instituto dos Meninos Cantores de Petr\u00f3polis (IMCP), Frei Marcos Antonio de Andrade, presidir\u00e1 a Missa na Igreja do Sagrado para celebrar mais um ano de hist\u00f3ria. \u00c0s 18 horas, o \u201cEspecial Canarinhos na Caixa\u201d marca esta data do coral em um grande ato de agradecimento a todos que participam, direta e indiretamente, do Coral dos Canarinhos. Os dois eventos, de modo presencial e \u00e0 dist\u00e2ncia, ser\u00e3o transmitidos pelo Facebook e YouTube da institui\u00e7\u00e3o.<\/p>\n<p>Foi a partir do sonho de transformar vidas por meio da m\u00fasica que, h\u00e1\u00a079\u00a0anos, o coro de meninos mais antigo do Brasil foi criado por Frei Leto Bienias. Em quase oito d\u00e9cadas, milhares de meninos tiveram a oportunidade de estudar m\u00fasica gratuitamente, conhecer cidades, pa\u00edses e adquirir conhecimentos e valores franciscanos que levam por toda a vida.<\/p>\n<p>Para Frei Marcos, o momento atual \u00e9 de f\u00e9 e esperan\u00e7a de que dias melhores est\u00e3o por vir: \u201cSomos muito gratos a Deus por ainda continuarmos a trabalhar com a m\u00fasica e existindo como institui\u00e7\u00e3o. Somos gratos tamb\u00e9m aos nossos amigos e \u00e0 comunidade local pelo apoio e incentivo atrav\u00e9s da participa\u00e7\u00e3o em nossos projetos e transmiss\u00f5es de concertos on-line\u201d.\u00a0 Para ele, est\u00e1 se iniciando uma nova etapa, com ensaios presenciais e com previs\u00f5es de participa\u00e7\u00e3o do coral ao vivo ainda neste ano. \u201cEstamos confiantes de que esta nova fase ser\u00e1 muito proveitosa e grandiosa, para que, assim, possamos celebrar em 2022 os 80 anos dos Canarinhos de Petr\u00f3polis, em grande estilo\u201d, garantiu.<\/p>\n<p>A gestora do IMCP Rose Mello explica que sem poder fazer apresenta\u00e7\u00f5es ao vivo, o que o coral faz com grande maestria, o anivers\u00e1rio de 79 anos n\u00e3o poderia deixar de ser comemorado, afinal, s\u00e3o muitas d\u00e9cadas de hist\u00f3ria. Segundo ela, em um momento t\u00e3o dif\u00edcil para a humanidade, o coro vai at\u00e9 \u00e0 comunidade para agradecer. \u201cA inten\u00e7\u00e3o \u00e9 agradecer diretamente a cada um que fez e faz parte desta hist\u00f3ria e, por isso, a institui\u00e7\u00e3o criou o projeto \u2018Canarinhos na Caixa\u2019, que levou a representantes desta hist\u00f3ria uma caixinha com um v\u00eddeo comemorativo e um mimo\u201d, frisou.<\/p>\n<p><img loading=\"lazy\" class=\"alignnone wp-image-233721 size-full\" src=\"https:\/\/franciscanos.org.br\/noticias\/wp-content\/uploads\/2021\/08\/canarinhos_13_1.jpg\" alt=\"\" width=\"1280\" height=\"853\" srcset=\"https:\/\/franciscanos.org.br\/noticias\/wp-content\/uploads\/2021\/08\/canarinhos_13_1.jpg 1280w, https:\/\/franciscanos.org.br\/noticias\/wp-content\/uploads\/2021\/08\/canarinhos_13_1-450x300.jpg 450w, https:\/\/franciscanos.org.br\/noticias\/wp-content\/uploads\/2021\/08\/canarinhos_13_1-1024x682.jpg 1024w, https:\/\/franciscanos.org.br\/noticias\/wp-content\/uploads\/2021\/08\/canarinhos_13_1-768x512.jpg 768w, https:\/\/franciscanos.org.br\/noticias\/wp-content\/uploads\/2021\/08\/canarinhos_13_1-150x100.jpg 150w\" sizes=\"(max-width: 1280px) 100vw, 1280px\" \/><\/p>\n<p>No entanto, as comemora\u00e7\u00f5es e preparativos dos 79 anos do coral j\u00e1 come\u00e7aram h\u00e1 muito tempo. A identidade visual do evento foi criada pelo volunt\u00e1rio e designer Alexandre Campos, que pensou na riqueza de detalhes como o n\u00famero \u201879\u2019 que est\u00e1 destacado em ouro, seguindo a tabela peri\u00f3dica. J\u00e1 o n\u00famero \u20189\u2019 est\u00e1 representando uma nota musical, a semibreve. Al\u00e9m disso, imagens que representam os meninos cantando foram transformadas em deliciosos biscoitos pela Beatriz Ribeiro Eckhardt,\u00a0 da \u201cBiscoitize\u201d.<\/p>\n<p>\u201cDentro da caixinha ainda vai um QR code atrav\u00e9s do qual as pessoas assistem um v\u00eddeo de agradecimento, tendo como fundo musical a m\u00fasica Can\u00e7\u00e3o da Am\u00e9rica de Milton Nascimento, gravada pelos Canarinhos\u201d, explicou Rose, destacando que alguns cartazes comemorativos tamb\u00e9m foram espalhados pela cidade.<\/p>\n<p>O especial \u201cCanarinhos na Caixa\u201d ser\u00e1 um momento de agradecermos pelos 79 anos de exist\u00eancia do Coral dos Canarinhos, ex-canarinhos, pais, frades, colaboradores, volunt\u00e1rios, contratantes, plateia, fornecedores, amigos e todos aqueles que gostam de m\u00fasica. O v\u00eddeo exibir\u00e1 imagens da entrega das caixinhas para os representantes e ainda contar\u00e1 com imagens e m\u00fasicas que representam o coral ao longo desta trajet\u00f3ria de quase 80 anos.<\/p>\n<p><strong>CONHE\u00c7A UM POUCO O INSTITUTO<\/strong><\/p>\n<p><img loading=\"lazy\" class=\"alignleft wp-image-233723\" src=\"https:\/\/franciscanos.org.br\/noticias\/wp-content\/uploads\/2021\/08\/canarinhos_logo-450x319.png\" alt=\"\" width=\"401\" height=\"284\" srcset=\"https:\/\/franciscanos.org.br\/noticias\/wp-content\/uploads\/2021\/08\/canarinhos_logo-450x319.png 450w, https:\/\/franciscanos.org.br\/noticias\/wp-content\/uploads\/2021\/08\/canarinhos_logo-150x106.png 150w, https:\/\/franciscanos.org.br\/noticias\/wp-content\/uploads\/2021\/08\/canarinhos_logo-460x325.png 460w, https:\/\/franciscanos.org.br\/noticias\/wp-content\/uploads\/2021\/08\/canarinhos_logo.png 500w\" sizes=\"(max-width: 401px) 100vw, 401px\" \/>Consagrado como um dos patrim\u00f4nios culturais da cidade e sendo o mais antigo e tradicional\u00a0grupo\u00a0vocal, o Coral dos Canarinhos\u00a0\u00e9 administrado pelo Instituto dos Meninos Cantores de Petr\u00f3polis (IMCP), da Prov\u00edncia Franciscana da Imaculada Concei\u00e7\u00e3o do Brasil. Al\u00e9m do coro de meninos, o IMCP tamb\u00e9m administra o coro das Meninas dos Canarinhos de Petr\u00f3polis, o Curso de Aprendizes e oferece aulas particulares de v\u00e1rios instrumentos musicais.<\/p>\n<p>O objetivo do Instituto \u00e9 oferecer forma\u00e7\u00e3o integral a todos os seus coralistas. As crian\u00e7as e jovens que fazem parte dos coros pertencem a classes sociais diferentes e ingressam nos coros aos 8\u00a0anos, permanecendo at\u00e9 os 18\u00a0anos. O coro \u00e9 aberto \u00e0 comunidade. Desta forma, todos os interessados, tanto meninos como meninas, podem ingressar no Curso de Aprendizes, desde que tenham oito\u00a0anos\u00a0e estejam matriculados no 3\u00ba ano do primeiro segmento do ensino fundamental, em qualquer escola da cidade, tanto p\u00fablica como particular.<\/p>\n<p>A rotina dos meninos e meninas \u00e9 intensa dentro do IMCP. Os quatro\u00a0anos\u00a0iniciais s\u00e3o voltados para a forma\u00e7\u00e3o musical, onde aprendem teoria, solfejo, ritmo e percep\u00e7\u00e3o musical. Neste per\u00edodo, passam at\u00e9 15 horas semanais no Instituto, onde 12 horas s\u00e3o dedicadas \u00e0 m\u00fasica.<\/p>\n<h3 style=\"text-align: center;\"><strong>VEJA O ESPECIAL EM V\u00cdDEO<\/strong><\/h3>\n<p><iframe loading=\"lazy\" title=\"YouTube video player\" src=\"https:\/\/www.youtube.com\/embed\/vgAwYWBfpzQ\" width=\"100%\" height=\"480\" frameborder=\"0\" allowfullscreen=\"allowfullscreen\"><span data-mce-type=\"bookmark\" style=\"display: inline-block; width: 0px; overflow: hidden; line-height: 0;\" class=\"mce_SELRES_start\">\ufeff<\/span><\/iframe><\/p>\n<hr \/>\n<p><em>Frei Augusto Luiz Gabriel<\/em><\/p>\n","protected":false},"excerpt":{"rendered":"<p>Canarinhos de Petr\u00f3polis<\/p>\n","protected":false},"author":3,"featured_media":233724,"comment_status":"open","ping_status":"open","sticky":false,"template":"","format":"standard","meta":[],"categories":[1],"tags":[1378],"acf":[],"yoast_head":"<!-- This site is optimized with the Yoast SEO plugin v19.2 - https:\/\/yoast.com\/wordpress\/plugins\/seo\/ -->\n<title>Coral dos Canarinhos celebra 79 anos neste domingo - Not\u00edcias - Franciscanos<\/title>\n<meta name=\"robots\" content=\"index, follow, max-snippet:-1, max-image-preview:large, max-video-preview:-1\" \/>\n<link rel=\"canonical\" href=\"https:\/\/franciscanos.org.br\/noticias\/coral-dos-canarinhos-celebra-79-anos-neste-domingo.html\" \/>\n<meta property=\"og:locale\" content=\"pt_BR\" \/>\n<meta property=\"og:type\" content=\"article\" \/>\n<meta property=\"og:title\" content=\"Coral dos Canarinhos celebra 79 anos neste domingo - Not\u00edcias - Franciscanos\" \/>\n<meta property=\"og:description\" content=\"Canarinhos de Petr\u00f3polis\" \/>\n<meta property=\"og:url\" content=\"https:\/\/franciscanos.org.br\/noticias\/coral-dos-canarinhos-celebra-79-anos-neste-domingo.html\" \/>\n<meta property=\"og:site_name\" content=\"Not\u00edcias - Franciscanos\" \/>\n<meta property=\"article:published_time\" content=\"2021-08-13T17:29:42+00:00\" \/>\n<meta property=\"article:modified_time\" content=\"2021-09-16T13:36:26+00:00\" \/>\n<meta property=\"og:image\" content=\"https:\/\/franciscanos.org.br\/noticias\/wp-content\/uploads\/2021\/08\/canarinhos_13d.jpg\" \/>\n\t<meta property=\"og:image:width\" content=\"800\" \/>\n\t<meta property=\"og:image:height\" content=\"550\" \/>\n\t<meta property=\"og:image:type\" content=\"image\/jpeg\" \/>\n<meta name=\"author\" content=\"moacir\" \/>\n<meta name=\"twitter:card\" content=\"summary_large_image\" \/>\n<meta name=\"twitter:label1\" content=\"Escrito por\" \/>\n\t<meta name=\"twitter:data1\" content=\"moacir\" \/>\n\t<meta name=\"twitter:label2\" content=\"Est. tempo de leitura\" \/>\n\t<meta name=\"twitter:data2\" content=\"4 minutos\" \/>\n<script type=\"application\/ld+json\" class=\"yoast-schema-graph\">{\"@context\":\"https:\/\/schema.org\",\"@graph\":[{\"@type\":\"WebSite\",\"@id\":\"https:\/\/franciscanos.org.br\/noticias\/#website\",\"url\":\"https:\/\/franciscanos.org.br\/noticias\/\",\"name\":\"Not\u00edcias - Franciscanos\",\"description\":\"Prov\u00edncia Franciscana da Imaculada Concei\u00e7\u00e3o do Brasil - Ordem dos Frades Menores - OFM\",\"potentialAction\":[{\"@type\":\"SearchAction\",\"target\":{\"@type\":\"EntryPoint\",\"urlTemplate\":\"https:\/\/franciscanos.org.br\/noticias\/?s={search_term_string}\"},\"query-input\":\"required name=search_term_string\"}],\"inLanguage\":\"pt-BR\"},{\"@type\":\"ImageObject\",\"inLanguage\":\"pt-BR\",\"@id\":\"https:\/\/franciscanos.org.br\/noticias\/coral-dos-canarinhos-celebra-79-anos-neste-domingo.html#primaryimage\",\"url\":\"https:\/\/franciscanos.org.br\/noticias\/wp-content\/uploads\/2021\/08\/canarinhos_13d.jpg\",\"contentUrl\":\"https:\/\/franciscanos.org.br\/noticias\/wp-content\/uploads\/2021\/08\/canarinhos_13d.jpg\",\"width\":800,\"height\":550},{\"@type\":\"WebPage\",\"@id\":\"https:\/\/franciscanos.org.br\/noticias\/coral-dos-canarinhos-celebra-79-anos-neste-domingo.html#webpage\",\"url\":\"https:\/\/franciscanos.org.br\/noticias\/coral-dos-canarinhos-celebra-79-anos-neste-domingo.html\",\"name\":\"Coral dos Canarinhos celebra 79 anos neste domingo - Not\u00edcias - Franciscanos\",\"isPartOf\":{\"@id\":\"https:\/\/franciscanos.org.br\/noticias\/#website\"},\"primaryImageOfPage\":{\"@id\":\"https:\/\/franciscanos.org.br\/noticias\/coral-dos-canarinhos-celebra-79-anos-neste-domingo.html#primaryimage\"},\"datePublished\":\"2021-08-13T17:29:42+00:00\",\"dateModified\":\"2021-09-16T13:36:26+00:00\",\"author\":{\"@id\":\"https:\/\/franciscanos.org.br\/noticias\/#\/schema\/person\/b5c8cba458c330ccff548b056e95a5d4\"},\"breadcrumb\":{\"@id\":\"https:\/\/franciscanos.org.br\/noticias\/coral-dos-canarinhos-celebra-79-anos-neste-domingo.html#breadcrumb\"},\"inLanguage\":\"pt-BR\",\"potentialAction\":[{\"@type\":\"ReadAction\",\"target\":[\"https:\/\/franciscanos.org.br\/noticias\/coral-dos-canarinhos-celebra-79-anos-neste-domingo.html\"]}]},{\"@type\":\"BreadcrumbList\",\"@id\":\"https:\/\/franciscanos.org.br\/noticias\/coral-dos-canarinhos-celebra-79-anos-neste-domingo.html#breadcrumb\",\"itemListElement\":[{\"@type\":\"ListItem\",\"position\":1,\"name\":\"Home\",\"item\":\"https:\/\/franciscanos.org.br\/noticias\"},{\"@type\":\"ListItem\",\"position\":2,\"name\":\"Coral dos Canarinhos celebra 79 anos neste domingo\"}]},{\"@type\":\"Person\",\"@id\":\"https:\/\/franciscanos.org.br\/noticias\/#\/schema\/person\/b5c8cba458c330ccff548b056e95a5d4\",\"name\":\"moacir\",\"image\":{\"@type\":\"ImageObject\",\"inLanguage\":\"pt-BR\",\"@id\":\"https:\/\/franciscanos.org.br\/noticias\/#\/schema\/person\/image\/\",\"url\":\"https:\/\/secure.gravatar.com\/avatar\/d08aa2ce4c8dd416d4479aa8536fcf64?s=96&d=mm&r=g\",\"contentUrl\":\"https:\/\/secure.gravatar.com\/avatar\/d08aa2ce4c8dd416d4479aa8536fcf64?s=96&d=mm&r=g\",\"caption\":\"moacir\"},\"url\":\"https:\/\/franciscanos.org.br\/noticias\/author\/moacir\"}]}<\/script>\n<!-- \/ Yoast SEO plugin. -->","yoast_head_json":{"title":"Coral dos Canarinhos celebra 79 anos neste domingo - Not\u00edcias - Franciscanos","robots":{"index":"index","follow":"follow","max-snippet":"max-snippet:-1","max-image-preview":"max-image-preview:large","max-video-preview":"max-video-preview:-1"},"canonical":"https:\/\/franciscanos.org.br\/noticias\/coral-dos-canarinhos-celebra-79-anos-neste-domingo.html","og_locale":"pt_BR","og_type":"article","og_title":"Coral dos Canarinhos celebra 79 anos neste domingo - Not\u00edcias - Franciscanos","og_description":"Canarinhos de Petr\u00f3polis","og_url":"https:\/\/franciscanos.org.br\/noticias\/coral-dos-canarinhos-celebra-79-anos-neste-domingo.html","og_site_name":"Not\u00edcias - Franciscanos","article_published_time":"2021-08-13T17:29:42+00:00","article_modified_time":"2021-09-16T13:36:26+00:00","og_image":[{"width":800,"height":550,"url":"https:\/\/franciscanos.org.br\/noticias\/wp-content\/uploads\/2021\/08\/canarinhos_13d.jpg","type":"image\/jpeg"}],"author":"moacir","twitter_card":"summary_large_image","twitter_misc":{"Escrito por":"moacir","Est. tempo de leitura":"4 minutos"},"schema":{"@context":"https:\/\/schema.org","@graph":[{"@type":"WebSite","@id":"https:\/\/franciscanos.org.br\/noticias\/#website","url":"https:\/\/franciscanos.org.br\/noticias\/","name":"Not\u00edcias - Franciscanos","description":"Prov\u00edncia Franciscana da Imaculada Concei\u00e7\u00e3o do Brasil - Ordem dos Frades Menores - OFM","potentialAction":[{"@type":"SearchAction","target":{"@type":"EntryPoint","urlTemplate":"https:\/\/franciscanos.org.br\/noticias\/?s={search_term_string}"},"query-input":"required name=search_term_string"}],"inLanguage":"pt-BR"},{"@type":"ImageObject","inLanguage":"pt-BR","@id":"https:\/\/franciscanos.org.br\/noticias\/coral-dos-canarinhos-celebra-79-anos-neste-domingo.html#primaryimage","url":"https:\/\/franciscanos.org.br\/noticias\/wp-content\/uploads\/2021\/08\/canarinhos_13d.jpg","contentUrl":"https:\/\/franciscanos.org.br\/noticias\/wp-content\/uploads\/2021\/08\/canarinhos_13d.jpg","width":800,"height":550},{"@type":"WebPage","@id":"https:\/\/franciscanos.org.br\/noticias\/coral-dos-canarinhos-celebra-79-anos-neste-domingo.html#webpage","url":"https:\/\/franciscanos.org.br\/noticias\/coral-dos-canarinhos-celebra-79-anos-neste-domingo.html","name":"Coral dos Canarinhos celebra 79 anos neste domingo - Not\u00edcias - Franciscanos","isPartOf":{"@id":"https:\/\/franciscanos.org.br\/noticias\/#website"},"primaryImageOfPage":{"@id":"https:\/\/franciscanos.org.br\/noticias\/coral-dos-canarinhos-celebra-79-anos-neste-domingo.html#primaryimage"},"datePublished":"2021-08-13T17:29:42+00:00","dateModified":"2021-09-16T13:36:26+00:00","author":{"@id":"https:\/\/franciscanos.org.br\/noticias\/#\/schema\/person\/b5c8cba458c330ccff548b056e95a5d4"},"breadcrumb":{"@id":"https:\/\/franciscanos.org.br\/noticias\/coral-dos-canarinhos-celebra-79-anos-neste-domingo.html#breadcrumb"},"inLanguage":"pt-BR","potentialAction":[{"@type":"ReadAction","target":["https:\/\/franciscanos.org.br\/noticias\/coral-dos-canarinhos-celebra-79-anos-neste-domingo.html"]}]},{"@type":"BreadcrumbList","@id":"https:\/\/franciscanos.org.br\/noticias\/coral-dos-canarinhos-celebra-79-anos-neste-domingo.html#breadcrumb","itemListElement":[{"@type":"ListItem","position":1,"name":"Home","item":"https:\/\/franciscanos.org.br\/noticias"},{"@type":"ListItem","position":2,"name":"Coral dos Canarinhos celebra 79 anos neste domingo"}]},{"@type":"Person","@id":"https:\/\/franciscanos.org.br\/noticias\/#\/schema\/person\/b5c8cba458c330ccff548b056e95a5d4","name":"moacir","image":{"@type":"ImageObject","inLanguage":"pt-BR","@id":"https:\/\/franciscanos.org.br\/noticias\/#\/schema\/person\/image\/","url":"https:\/\/secure.gravatar.com\/avatar\/d08aa2ce4c8dd416d4479aa8536fcf64?s=96&d=mm&r=g","contentUrl":"https:\/\/secure.gravatar.com\/avatar\/d08aa2ce4c8dd416d4479aa8536fcf64?s=96&d=mm&r=g","caption":"moacir"},"url":"https:\/\/franciscanos.org.br\/noticias\/author\/moacir"}]}},"_links":{"self":[{"href":"https:\/\/franciscanos.org.br\/noticias\/wp-json\/wp\/v2\/posts\/233720"}],"collection":[{"href":"https:\/\/franciscanos.org.br\/noticias\/wp-json\/wp\/v2\/posts"}],"about":[{"href":"https:\/\/franciscanos.org.br\/noticias\/wp-json\/wp\/v2\/types\/post"}],"author":[{"embeddable":true,"href":"https:\/\/franciscanos.org.br\/noticias\/wp-json\/wp\/v2\/users\/3"}],"replies":[{"embeddable":true,"href":"https:\/\/franciscanos.org.br\/noticias\/wp-json\/wp\/v2\/comments?post=233720"}],"version-history":[{"count":4,"href":"https:\/\/franciscanos.org.br\/noticias\/wp-json\/wp\/v2\/posts\/233720\/revisions"}],"predecessor-version":[{"id":233741,"href":"https:\/\/franciscanos.org.br\/noticias\/wp-json\/wp\/v2\/posts\/233720\/revisions\/233741"}],"wp:featuredmedia":[{"embeddable":true,"href":"https:\/\/franciscanos.org.br\/noticias\/wp-json\/wp\/v2\/media\/233724"}],"wp:attachment":[{"href":"https:\/\/franciscanos.org.br\/noticias\/wp-json\/wp\/v2\/media?parent=233720"}],"wp:term":[{"taxonomy":"category","embeddable":true,"href":"https:\/\/franciscanos.org.br\/noticias\/wp-json\/wp\/v2\/categories?post=233720"},{"taxonomy":"post_tag","embeddable":true,"href":"https:\/\/franciscanos.org.br\/noticias\/wp-json\/wp\/v2\/tags?post=233720"}],"curies":[{"name":"wp","href":"https:\/\/api.w.org\/{rel}","templated":true}]}}