{"id":233704,"date":"2021-08-23T09:13:06","date_gmt":"2021-08-23T12:13:06","guid":{"rendered":"https:\/\/franciscanos.org.br\/noticias\/?p=233704"},"modified":"2021-08-24T10:38:37","modified_gmt":"2021-08-24T13:38:37","slug":"comecasegunda","status":"publish","type":"post","link":"https:\/\/franciscanos.org.br\/noticias\/comecasegunda.html","title":{"rendered":"2\u00aa Super Semana de Catequese come\u00e7a nesta segunda"},"content":{"rendered":"<p><img loading=\"lazy\" class=\"alignnone wp-image-233706 size-full\" src=\"https:\/\/franciscanos.org.br\/noticias\/wp-content\/uploads\/2021\/08\/Super-Seman-1280.jpg\" alt=\"\" width=\"1280\" height=\"719\" srcset=\"https:\/\/franciscanos.org.br\/noticias\/wp-content\/uploads\/2021\/08\/Super-Seman-1280.jpg 1280w, https:\/\/franciscanos.org.br\/noticias\/wp-content\/uploads\/2021\/08\/Super-Seman-1280-450x253.jpg 450w, https:\/\/franciscanos.org.br\/noticias\/wp-content\/uploads\/2021\/08\/Super-Seman-1280-1024x575.jpg 1024w, https:\/\/franciscanos.org.br\/noticias\/wp-content\/uploads\/2021\/08\/Super-Seman-1280-768x431.jpg 768w, https:\/\/franciscanos.org.br\/noticias\/wp-content\/uploads\/2021\/08\/Super-Seman-1280-150x84.jpg 150w\" sizes=\"(max-width: 1280px) 100vw, 1280px\" \/><\/p>\n<p>Quando o <strong>M\u00eas Vocacional de agosto<\/strong> tem cinco domingos, a Igreja celebra, no quinto (neste ano o dia 29), o minist\u00e9rio dos catequistas. Os catequistas s\u00e3o homens e mulheres que com dedica\u00e7\u00e3o e empenho aprendem e transmitem os caminhos de cristo. Eles fazem, com sua vida e testemunho, ecoar a mensagem redentora do Evangelho.<\/p>\n<p>Para celebrar esse momento, a Editora Vozes promove a segunda edi\u00e7\u00e3o da<strong> Super Semana de Catequese<\/strong>, um evento que \u00e9 on-line e gratuito. Esse ano, a s\u00e9rie de encontros acontece entre os dias 23 e 29 de agosto, sempre \u00e0s 19h, no canal da Editora Vozes no YouTube. Ser\u00e3o sete dias de transmiss\u00f5es gratuitas de forma\u00e7\u00e3o para celebrar o <strong>Dia do Catequista<\/strong> &#8211; 29 de agosto &#8211; com uma b\u00ean\u00e7\u00e3o especial de encerramento.<\/p>\n<p>Atrav\u00e9s do <em>Motu proprio<\/em> \u201cAntiquum ministerium\u201c, publicado no dia 11 de maio de 2021, o Papa Francisco instituiu o minist\u00e9rio de catequista. O Papa Francisco afirmou que, diante da imposi\u00e7\u00e3o de uma cultura globalizada e dos desafios da evangeliza\u00e7\u00e3o no mundo contempor\u00e2neo \u201c\u00e9 necess\u00e1rio reconhecer a presen\u00e7a de leigos e leigas que, em virtude de seu Batismo, se sentem chamados a colaborar no servi\u00e7o da catequese\u201d.<\/p>\n<p>Por se tratar de um tema de extrema import\u00e2ncia para a Igreja, a Confer\u00eancia Nacional dos Bispos do Brasil (CNBB), em sua XIX Assembleia Geral, que aconteceu em 1981, em Itaici, SP, instituiu o m\u00eas de agosto como o M\u00eas Vocacional, com o objetivo de ser um tempo dedicado totalmente \u00e0s voca\u00e7\u00f5es e para conscientizar as comunidades acerca da responsabilidade que compartilham no processo vocacional. A partir de ent\u00e3o, em cada domingo do m\u00eas de agosto, passou-se a celebrar uma determinada voca\u00e7\u00e3o.<\/p>\n<h3><strong>Confira a programa\u00e7\u00e3o:<\/strong><\/h3>\n<p><strong>24 de agosto<\/strong><br \/>\n<strong>Ter\u00e7a-feira &#8211; 19h<\/strong><br \/>\nPe. Douglas e Pe. Almerindo da Silveira Barbosa<br \/>\nTema: Quem \u00e9 esse Jesus que apresentamos aos catequizandos?<br \/>\nAo vivo no canal da Editora Vozes no YouTube<\/p>\n<p><strong>25 de agosto<\/strong><br \/>\n<strong>Quarta-feira &#8211; 19h<\/strong><br \/>\nPe. Thiago Faccini Paro e Welder Lancieri Marchini<br \/>\nTema: Catequese e internet<br \/>\nAo vivo no canal da Editora Vozes no YouTube<\/p>\n<p><strong>26 de agosto<\/strong><br \/>\n<strong>Quinta-feira &#8211; 19h<\/strong><br \/>\nFrancine Porf\u00edrio<br \/>\nTema: Espiritualidade e bem-estar<br \/>\nAo vivo no canal da Editora Vozes no YouTube<\/p>\n<p><strong>27 de agosto<\/strong><br \/>\n<strong>Sexta-feira &#8211; 19h<\/strong><br \/>\nMois\u00e9s Sbardelotto<br \/>\nTema: Jesus comunicador, o grande catequista<br \/>\nAo vivo no canal da Editora Vozes no YouTube<\/p>\n<p><strong>28 de agosto<\/strong><br \/>\n<strong>S\u00e1bado &#8211; 19h<\/strong><br \/>\nD\u00e9bora Pupo<br \/>\nTema: Inicia\u00e7\u00e3o \u00e0 Vida Crist\u00e3 suas dimens\u00f5es celebrativas e doutrinal&#8230;)<br \/>\nAo vivo no canal da Editora Vozes no YouTube<\/p>\n<p><strong>29 de agosto<\/strong><br \/>\n<strong>Domingo &#8211; 19h<\/strong><br \/>\nPe. J\u00e2nison de S\u00e1<br \/>\nTema: O minist\u00e9rio do catequista &#8211; Com uma ben\u00e7\u00e3o especial<\/p>\n<hr \/>\n<p>Ao vivo no canal da Editora Vozes no YouTube<br \/>\nTodas as transmiss\u00f5es ser\u00e3o ao vivo pelo canal da Editora Vozes no YouTube!<\/p>\n<p>Acesse e inscreva-se: <a href=\"https:\/\/www.youtube.com\/user\/EditoraVozes\">youtube.com\/user\/EditoraVozes<\/a><\/p>\n","protected":false},"excerpt":{"rendered":"<p>Semana de Catequese Editora Vozes<\/p>\n","protected":false},"author":3,"featured_media":233705,"comment_status":"open","ping_status":"open","sticky":false,"template":"","format":"standard","meta":[],"categories":[1],"tags":[1890],"acf":[],"yoast_head":"<!-- This site is optimized with the Yoast SEO plugin v19.2 - https:\/\/yoast.com\/wordpress\/plugins\/seo\/ -->\n<title>2\u00aa Super Semana de Catequese come\u00e7a nesta segunda - Not\u00edcias - Franciscanos<\/title>\n<meta name=\"robots\" content=\"index, follow, max-snippet:-1, max-image-preview:large, max-video-preview:-1\" \/>\n<link rel=\"canonical\" href=\"https:\/\/franciscanos.org.br\/noticias\/comecasegunda.html\" \/>\n<meta property=\"og:locale\" content=\"pt_BR\" \/>\n<meta property=\"og:type\" content=\"article\" \/>\n<meta property=\"og:title\" content=\"2\u00aa Super Semana de Catequese come\u00e7a nesta segunda - Not\u00edcias - Franciscanos\" \/>\n<meta property=\"og:description\" content=\"Semana de Catequese Editora Vozes\" \/>\n<meta property=\"og:url\" content=\"https:\/\/franciscanos.org.br\/noticias\/comecasegunda.html\" \/>\n<meta property=\"og:site_name\" content=\"Not\u00edcias - Franciscanos\" \/>\n<meta property=\"article:published_time\" content=\"2021-08-23T12:13:06+00:00\" \/>\n<meta property=\"article:modified_time\" content=\"2021-08-24T13:38:37+00:00\" \/>\n<meta property=\"og:image\" content=\"https:\/\/franciscanos.org.br\/noticias\/wp-content\/uploads\/2021\/08\/Super-Seman-800.jpg\" \/>\n\t<meta property=\"og:image:width\" content=\"800\" \/>\n\t<meta property=\"og:image:height\" content=\"549\" \/>\n\t<meta property=\"og:image:type\" content=\"image\/jpeg\" \/>\n<meta name=\"author\" content=\"moacir\" \/>\n<meta name=\"twitter:card\" content=\"summary_large_image\" \/>\n<meta name=\"twitter:label1\" content=\"Escrito por\" \/>\n\t<meta name=\"twitter:data1\" content=\"moacir\" \/>\n\t<meta name=\"twitter:label2\" content=\"Est. tempo de leitura\" \/>\n\t<meta name=\"twitter:data2\" content=\"2 minutos\" \/>\n<script type=\"application\/ld+json\" class=\"yoast-schema-graph\">{\"@context\":\"https:\/\/schema.org\",\"@graph\":[{\"@type\":\"WebSite\",\"@id\":\"https:\/\/franciscanos.org.br\/noticias\/#website\",\"url\":\"https:\/\/franciscanos.org.br\/noticias\/\",\"name\":\"Not\u00edcias - Franciscanos\",\"description\":\"Prov\u00edncia Franciscana da Imaculada Concei\u00e7\u00e3o do Brasil - Ordem dos Frades Menores - OFM\",\"potentialAction\":[{\"@type\":\"SearchAction\",\"target\":{\"@type\":\"EntryPoint\",\"urlTemplate\":\"https:\/\/franciscanos.org.br\/noticias\/?s={search_term_string}\"},\"query-input\":\"required name=search_term_string\"}],\"inLanguage\":\"pt-BR\"},{\"@type\":\"ImageObject\",\"inLanguage\":\"pt-BR\",\"@id\":\"https:\/\/franciscanos.org.br\/noticias\/comecasegunda.html#primaryimage\",\"url\":\"https:\/\/franciscanos.org.br\/noticias\/wp-content\/uploads\/2021\/08\/Super-Seman-800.jpg\",\"contentUrl\":\"https:\/\/franciscanos.org.br\/noticias\/wp-content\/uploads\/2021\/08\/Super-Seman-800.jpg\",\"width\":800,\"height\":549},{\"@type\":\"WebPage\",\"@id\":\"https:\/\/franciscanos.org.br\/noticias\/comecasegunda.html#webpage\",\"url\":\"https:\/\/franciscanos.org.br\/noticias\/comecasegunda.html\",\"name\":\"2\u00aa Super Semana de Catequese come\u00e7a nesta segunda - Not\u00edcias - Franciscanos\",\"isPartOf\":{\"@id\":\"https:\/\/franciscanos.org.br\/noticias\/#website\"},\"primaryImageOfPage\":{\"@id\":\"https:\/\/franciscanos.org.br\/noticias\/comecasegunda.html#primaryimage\"},\"datePublished\":\"2021-08-23T12:13:06+00:00\",\"dateModified\":\"2021-08-24T13:38:37+00:00\",\"author\":{\"@id\":\"https:\/\/franciscanos.org.br\/noticias\/#\/schema\/person\/b5c8cba458c330ccff548b056e95a5d4\"},\"breadcrumb\":{\"@id\":\"https:\/\/franciscanos.org.br\/noticias\/comecasegunda.html#breadcrumb\"},\"inLanguage\":\"pt-BR\",\"potentialAction\":[{\"@type\":\"ReadAction\",\"target\":[\"https:\/\/franciscanos.org.br\/noticias\/comecasegunda.html\"]}]},{\"@type\":\"BreadcrumbList\",\"@id\":\"https:\/\/franciscanos.org.br\/noticias\/comecasegunda.html#breadcrumb\",\"itemListElement\":[{\"@type\":\"ListItem\",\"position\":1,\"name\":\"Home\",\"item\":\"https:\/\/franciscanos.org.br\/noticias\"},{\"@type\":\"ListItem\",\"position\":2,\"name\":\"2\u00aa Super Semana de Catequese come\u00e7a nesta segunda\"}]},{\"@type\":\"Person\",\"@id\":\"https:\/\/franciscanos.org.br\/noticias\/#\/schema\/person\/b5c8cba458c330ccff548b056e95a5d4\",\"name\":\"moacir\",\"image\":{\"@type\":\"ImageObject\",\"inLanguage\":\"pt-BR\",\"@id\":\"https:\/\/franciscanos.org.br\/noticias\/#\/schema\/person\/image\/\",\"url\":\"https:\/\/secure.gravatar.com\/avatar\/d08aa2ce4c8dd416d4479aa8536fcf64?s=96&d=mm&r=g\",\"contentUrl\":\"https:\/\/secure.gravatar.com\/avatar\/d08aa2ce4c8dd416d4479aa8536fcf64?s=96&d=mm&r=g\",\"caption\":\"moacir\"},\"url\":\"https:\/\/franciscanos.org.br\/noticias\/author\/moacir\"}]}<\/script>\n<!-- \/ Yoast SEO plugin. -->","yoast_head_json":{"title":"2\u00aa Super Semana de Catequese come\u00e7a nesta segunda - Not\u00edcias - Franciscanos","robots":{"index":"index","follow":"follow","max-snippet":"max-snippet:-1","max-image-preview":"max-image-preview:large","max-video-preview":"max-video-preview:-1"},"canonical":"https:\/\/franciscanos.org.br\/noticias\/comecasegunda.html","og_locale":"pt_BR","og_type":"article","og_title":"2\u00aa Super Semana de Catequese come\u00e7a nesta segunda - Not\u00edcias - Franciscanos","og_description":"Semana de Catequese Editora Vozes","og_url":"https:\/\/franciscanos.org.br\/noticias\/comecasegunda.html","og_site_name":"Not\u00edcias - Franciscanos","article_published_time":"2021-08-23T12:13:06+00:00","article_modified_time":"2021-08-24T13:38:37+00:00","og_image":[{"width":800,"height":549,"url":"https:\/\/franciscanos.org.br\/noticias\/wp-content\/uploads\/2021\/08\/Super-Seman-800.jpg","type":"image\/jpeg"}],"author":"moacir","twitter_card":"summary_large_image","twitter_misc":{"Escrito por":"moacir","Est. tempo de leitura":"2 minutos"},"schema":{"@context":"https:\/\/schema.org","@graph":[{"@type":"WebSite","@id":"https:\/\/franciscanos.org.br\/noticias\/#website","url":"https:\/\/franciscanos.org.br\/noticias\/","name":"Not\u00edcias - Franciscanos","description":"Prov\u00edncia Franciscana da Imaculada Concei\u00e7\u00e3o do Brasil - Ordem dos Frades Menores - OFM","potentialAction":[{"@type":"SearchAction","target":{"@type":"EntryPoint","urlTemplate":"https:\/\/franciscanos.org.br\/noticias\/?s={search_term_string}"},"query-input":"required name=search_term_string"}],"inLanguage":"pt-BR"},{"@type":"ImageObject","inLanguage":"pt-BR","@id":"https:\/\/franciscanos.org.br\/noticias\/comecasegunda.html#primaryimage","url":"https:\/\/franciscanos.org.br\/noticias\/wp-content\/uploads\/2021\/08\/Super-Seman-800.jpg","contentUrl":"https:\/\/franciscanos.org.br\/noticias\/wp-content\/uploads\/2021\/08\/Super-Seman-800.jpg","width":800,"height":549},{"@type":"WebPage","@id":"https:\/\/franciscanos.org.br\/noticias\/comecasegunda.html#webpage","url":"https:\/\/franciscanos.org.br\/noticias\/comecasegunda.html","name":"2\u00aa Super Semana de Catequese come\u00e7a nesta segunda - Not\u00edcias - Franciscanos","isPartOf":{"@id":"https:\/\/franciscanos.org.br\/noticias\/#website"},"primaryImageOfPage":{"@id":"https:\/\/franciscanos.org.br\/noticias\/comecasegunda.html#primaryimage"},"datePublished":"2021-08-23T12:13:06+00:00","dateModified":"2021-08-24T13:38:37+00:00","author":{"@id":"https:\/\/franciscanos.org.br\/noticias\/#\/schema\/person\/b5c8cba458c330ccff548b056e95a5d4"},"breadcrumb":{"@id":"https:\/\/franciscanos.org.br\/noticias\/comecasegunda.html#breadcrumb"},"inLanguage":"pt-BR","potentialAction":[{"@type":"ReadAction","target":["https:\/\/franciscanos.org.br\/noticias\/comecasegunda.html"]}]},{"@type":"BreadcrumbList","@id":"https:\/\/franciscanos.org.br\/noticias\/comecasegunda.html#breadcrumb","itemListElement":[{"@type":"ListItem","position":1,"name":"Home","item":"https:\/\/franciscanos.org.br\/noticias"},{"@type":"ListItem","position":2,"name":"2\u00aa Super Semana de Catequese come\u00e7a nesta segunda"}]},{"@type":"Person","@id":"https:\/\/franciscanos.org.br\/noticias\/#\/schema\/person\/b5c8cba458c330ccff548b056e95a5d4","name":"moacir","image":{"@type":"ImageObject","inLanguage":"pt-BR","@id":"https:\/\/franciscanos.org.br\/noticias\/#\/schema\/person\/image\/","url":"https:\/\/secure.gravatar.com\/avatar\/d08aa2ce4c8dd416d4479aa8536fcf64?s=96&d=mm&r=g","contentUrl":"https:\/\/secure.gravatar.com\/avatar\/d08aa2ce4c8dd416d4479aa8536fcf64?s=96&d=mm&r=g","caption":"moacir"},"url":"https:\/\/franciscanos.org.br\/noticias\/author\/moacir"}]}},"_links":{"self":[{"href":"https:\/\/franciscanos.org.br\/noticias\/wp-json\/wp\/v2\/posts\/233704"}],"collection":[{"href":"https:\/\/franciscanos.org.br\/noticias\/wp-json\/wp\/v2\/posts"}],"about":[{"href":"https:\/\/franciscanos.org.br\/noticias\/wp-json\/wp\/v2\/types\/post"}],"author":[{"embeddable":true,"href":"https:\/\/franciscanos.org.br\/noticias\/wp-json\/wp\/v2\/users\/3"}],"replies":[{"embeddable":true,"href":"https:\/\/franciscanos.org.br\/noticias\/wp-json\/wp\/v2\/comments?post=233704"}],"version-history":[{"count":3,"href":"https:\/\/franciscanos.org.br\/noticias\/wp-json\/wp\/v2\/posts\/233704\/revisions"}],"predecessor-version":[{"id":233852,"href":"https:\/\/franciscanos.org.br\/noticias\/wp-json\/wp\/v2\/posts\/233704\/revisions\/233852"}],"wp:featuredmedia":[{"embeddable":true,"href":"https:\/\/franciscanos.org.br\/noticias\/wp-json\/wp\/v2\/media\/233705"}],"wp:attachment":[{"href":"https:\/\/franciscanos.org.br\/noticias\/wp-json\/wp\/v2\/media?parent=233704"}],"wp:term":[{"taxonomy":"category","embeddable":true,"href":"https:\/\/franciscanos.org.br\/noticias\/wp-json\/wp\/v2\/categories?post=233704"},{"taxonomy":"post_tag","embeddable":true,"href":"https:\/\/franciscanos.org.br\/noticias\/wp-json\/wp\/v2\/tags?post=233704"}],"curies":[{"name":"wp","href":"https:\/\/api.w.org\/{rel}","templated":true}]}}