{"id":233698,"date":"2021-08-12T12:26:24","date_gmt":"2021-08-12T15:26:24","guid":{"rendered":"https:\/\/franciscanos.org.br\/noticias\/?p=233698"},"modified":"2021-08-12T12:26:24","modified_gmt":"2021-08-12T15:26:24","slug":"santa-clara-e-celebrada-na-paroquia-nossa-senhora-do-rosario","status":"publish","type":"post","link":"https:\/\/franciscanos.org.br\/noticias\/santa-clara-e-celebrada-na-paroquia-nossa-senhora-do-rosario.html","title":{"rendered":"Santa Clara \u00e9 celebrada na Par\u00f3quia Nossa Senhora do Ros\u00e1rio"},"content":{"rendered":"<p><img loading=\"lazy\" class=\"alignnone wp-image-233699 size-full\" src=\"https:\/\/franciscanos.org.br\/noticias\/wp-content\/uploads\/2021\/08\/vila_03.jpg\" alt=\"\" width=\"1280\" height=\"854\" srcset=\"https:\/\/franciscanos.org.br\/noticias\/wp-content\/uploads\/2021\/08\/vila_03.jpg 1280w, https:\/\/franciscanos.org.br\/noticias\/wp-content\/uploads\/2021\/08\/vila_03-450x300.jpg 450w, https:\/\/franciscanos.org.br\/noticias\/wp-content\/uploads\/2021\/08\/vila_03-1024x683.jpg 1024w, https:\/\/franciscanos.org.br\/noticias\/wp-content\/uploads\/2021\/08\/vila_03-768x512.jpg 768w, https:\/\/franciscanos.org.br\/noticias\/wp-content\/uploads\/2021\/08\/vila_03-150x100.jpg 150w\" sizes=\"(max-width: 1280px) 100vw, 1280px\" \/><\/p>\n<p><strong>Vila Velha (ES)<\/strong> &#8211; Com muita alegria, a Comunidade Santa Clara se reuniu na noite da quarta-feira (11\/8) para celebrar a Solenidade de sua Padroeira. Como bem lembrou o p\u00e1roco, Frei Djalmo Fuck, que presidiu a celebra\u00e7\u00e3o, \u00e9 uma alegria encontrar a comunidade reunida, j\u00e1 que no ano passado n\u00e3o foi poss\u00edvel. Este ano, gra\u00e7as \u00e0s flexibiliza\u00e7\u00f5es das normas sanit\u00e1rias e ao avan\u00e7o da vacina\u00e7\u00e3o contra a Covid-19, foi poss\u00edvel celebrar de forma presencial, respeitando o distanciamento e o uso de m\u00e1scara e \u00e1lcool, mas tamb\u00e9m no formato virtual, com transmiss\u00e3o ao vivo pelo Canal do YouTube da Par\u00f3quia Nossa Senhora do Ros\u00e1rio.<\/p>\n<p>Em sua homilia, Frei Djalmo destacou a feliz coincid\u00eancia de celebrar a Festa de Santa Clara na Semana Nacional da Fam\u00edlia, j\u00e1 que Clara sempre procurou viver em comunidade. O p\u00e1roco lembrou que, al\u00e9m da nossa fam\u00edlia de sangue, temos tamb\u00e9m a fam\u00edlia espiritual que \u00e9 chamada de Igreja, dada a Deus por n\u00f3s, e que, em ambas as fam\u00edlias, passamos por tribula\u00e7\u00f5es mas n\u00e3o podemos jamais perder a esperan\u00e7a.<\/p>\n<p><img loading=\"lazy\" class=\"alignnone wp-image-233701 size-full\" src=\"https:\/\/franciscanos.org.br\/noticias\/wp-content\/uploads\/2021\/08\/vila_01.jpg\" alt=\"\" width=\"1280\" height=\"853\" srcset=\"https:\/\/franciscanos.org.br\/noticias\/wp-content\/uploads\/2021\/08\/vila_01.jpg 1280w, https:\/\/franciscanos.org.br\/noticias\/wp-content\/uploads\/2021\/08\/vila_01-450x300.jpg 450w, https:\/\/franciscanos.org.br\/noticias\/wp-content\/uploads\/2021\/08\/vila_01-1024x682.jpg 1024w, https:\/\/franciscanos.org.br\/noticias\/wp-content\/uploads\/2021\/08\/vila_01-768x512.jpg 768w, https:\/\/franciscanos.org.br\/noticias\/wp-content\/uploads\/2021\/08\/vila_01-150x100.jpg 150w\" sizes=\"(max-width: 1280px) 100vw, 1280px\" \/><\/p>\n<p>&nbsp;<\/p>\n<p>Esta Comunidade, amparada por sua Padroeira, jamais perdeu a esperan\u00e7a. \u2018Podem nos tirar tudo, s\u00f3 n\u00e3o podem nos tirar a esperan\u00e7a\u2019. [\u2026] \u00c9 como olhar para Santa Clara com o Ostens\u00f3rio na m\u00e3o: podem lhe tirar tudo, menos aquilo que ela carrega de mais importante, que \u00e9 Jesus no Sant\u00edssimo Sacramento.<\/p>\n<p>Dando continuidade \u00e0 sua reflex\u00e3o, o frade recordou que Santa Clara sempre encontrou na comunidade e em Jesus for\u00e7as para permanecer firme e fez um importante lembrete aos fi\u00e9is: \u201cNingu\u00e9m pode viver longe da fam\u00edlia ou da comunidade. Na fam\u00edlia encontramos o alimento necess\u00e1rio para existirmos enquanto seres humanos e, na comunidade, o espa\u00e7o para vivermos nossa f\u00e9. Ainda n\u00e3o conseguimos nos reunir plenamente, mas sabemos da necessidade de viver em comunidade. Estamos habituados a acompanhar tudo pelas redes sociais, mas o grande desafio que permanece assim que tudo isso for passando \u00e9 resgatar a vida em comunidade que se faz no encontro, para rezar, receber a Eucaristia, ouvir a Palavra, festejar. N\u00e3o existe uma realidade que substitua o encontro por mais belo que seja participar das celebra\u00e7\u00f5es em casa. Isso n\u00e3o \u00e9 suficiente, pois os disc\u00edpulos de Jesus precisam uma hora se encontrar, n\u00e3o podemos viver uma f\u00e9 \u2018delivery\u2019, pois uma hora precisamos ir para o fog\u00e3o. Olhando para Santa Clara, precisamos recuperar a alegria do encontro!\u201d<\/p>\n<p><img loading=\"lazy\" class=\"alignnone wp-image-233702 size-full\" src=\"https:\/\/franciscanos.org.br\/noticias\/wp-content\/uploads\/2021\/08\/vila_02.jpg\" alt=\"\" width=\"1280\" height=\"720\" srcset=\"https:\/\/franciscanos.org.br\/noticias\/wp-content\/uploads\/2021\/08\/vila_02.jpg 1280w, https:\/\/franciscanos.org.br\/noticias\/wp-content\/uploads\/2021\/08\/vila_02-450x253.jpg 450w, https:\/\/franciscanos.org.br\/noticias\/wp-content\/uploads\/2021\/08\/vila_02-1024x576.jpg 1024w, https:\/\/franciscanos.org.br\/noticias\/wp-content\/uploads\/2021\/08\/vila_02-768x432.jpg 768w, https:\/\/franciscanos.org.br\/noticias\/wp-content\/uploads\/2021\/08\/vila_02-150x84.jpg 150w\" sizes=\"(max-width: 1280px) 100vw, 1280px\" \/><\/p>\n<p>Ao final da Missa foram sorteados ter\u00e7os e uma bicicleta para os paroquianos que participaram dos dias de festejo na Comunidade. A cada dia, ao chegar para a celebra\u00e7\u00e3o, eles receberam um n\u00famero para concorrer aos pr\u00eamios no dia Solene. Al\u00e9m dos brindes, ao sair da Igreja, eles tamb\u00e9m puderam receber um delicioso bolo preparado por volunt\u00e1rios da Comunidade, o bolo de Santa Clara.<\/p>\n<hr \/>\n<p><em>Pascom da Par\u00f3quia Nossa Senhora do Ros\u00e1rio<\/em><\/p>\n","protected":false},"excerpt":{"rendered":"<p>Em Vila Velha<\/p>\n","protected":false},"author":3,"featured_media":233700,"comment_status":"open","ping_status":"open","sticky":false,"template":"","format":"standard","meta":[],"categories":[1],"tags":[1889],"acf":[],"yoast_head":"<!-- This site is optimized with the Yoast SEO plugin v19.2 - https:\/\/yoast.com\/wordpress\/plugins\/seo\/ -->\n<title>Santa Clara \u00e9 celebrada na Par\u00f3quia Nossa Senhora do Ros\u00e1rio - Not\u00edcias - Franciscanos<\/title>\n<meta name=\"robots\" content=\"index, follow, max-snippet:-1, max-image-preview:large, max-video-preview:-1\" \/>\n<link rel=\"canonical\" href=\"https:\/\/franciscanos.org.br\/noticias\/santa-clara-e-celebrada-na-paroquia-nossa-senhora-do-rosario.html\" \/>\n<meta property=\"og:locale\" content=\"pt_BR\" \/>\n<meta property=\"og:type\" content=\"article\" \/>\n<meta property=\"og:title\" content=\"Santa Clara \u00e9 celebrada na Par\u00f3quia Nossa Senhora do Ros\u00e1rio - Not\u00edcias - Franciscanos\" \/>\n<meta property=\"og:description\" content=\"Em Vila Velha\" \/>\n<meta property=\"og:url\" content=\"https:\/\/franciscanos.org.br\/noticias\/santa-clara-e-celebrada-na-paroquia-nossa-senhora-do-rosario.html\" \/>\n<meta property=\"og:site_name\" content=\"Not\u00edcias - Franciscanos\" \/>\n<meta property=\"article:published_time\" content=\"2021-08-12T15:26:24+00:00\" \/>\n<meta property=\"og:image\" content=\"https:\/\/franciscanos.org.br\/noticias\/wp-content\/uploads\/2021\/08\/vila_03d.jpg\" \/>\n\t<meta property=\"og:image:width\" content=\"800\" \/>\n\t<meta property=\"og:image:height\" content=\"550\" \/>\n\t<meta property=\"og:image:type\" content=\"image\/jpeg\" \/>\n<meta name=\"author\" content=\"moacir\" \/>\n<meta name=\"twitter:card\" content=\"summary_large_image\" \/>\n<meta name=\"twitter:label1\" content=\"Escrito por\" \/>\n\t<meta name=\"twitter:data1\" content=\"moacir\" \/>\n\t<meta name=\"twitter:label2\" content=\"Est. tempo de leitura\" \/>\n\t<meta name=\"twitter:data2\" content=\"3 minutos\" \/>\n<script type=\"application\/ld+json\" class=\"yoast-schema-graph\">{\"@context\":\"https:\/\/schema.org\",\"@graph\":[{\"@type\":\"WebSite\",\"@id\":\"https:\/\/franciscanos.org.br\/noticias\/#website\",\"url\":\"https:\/\/franciscanos.org.br\/noticias\/\",\"name\":\"Not\u00edcias - Franciscanos\",\"description\":\"Prov\u00edncia Franciscana da Imaculada Concei\u00e7\u00e3o do Brasil - Ordem dos Frades Menores - OFM\",\"potentialAction\":[{\"@type\":\"SearchAction\",\"target\":{\"@type\":\"EntryPoint\",\"urlTemplate\":\"https:\/\/franciscanos.org.br\/noticias\/?s={search_term_string}\"},\"query-input\":\"required name=search_term_string\"}],\"inLanguage\":\"pt-BR\"},{\"@type\":\"ImageObject\",\"inLanguage\":\"pt-BR\",\"@id\":\"https:\/\/franciscanos.org.br\/noticias\/santa-clara-e-celebrada-na-paroquia-nossa-senhora-do-rosario.html#primaryimage\",\"url\":\"https:\/\/franciscanos.org.br\/noticias\/wp-content\/uploads\/2021\/08\/vila_03d.jpg\",\"contentUrl\":\"https:\/\/franciscanos.org.br\/noticias\/wp-content\/uploads\/2021\/08\/vila_03d.jpg\",\"width\":800,\"height\":550},{\"@type\":\"WebPage\",\"@id\":\"https:\/\/franciscanos.org.br\/noticias\/santa-clara-e-celebrada-na-paroquia-nossa-senhora-do-rosario.html#webpage\",\"url\":\"https:\/\/franciscanos.org.br\/noticias\/santa-clara-e-celebrada-na-paroquia-nossa-senhora-do-rosario.html\",\"name\":\"Santa Clara \u00e9 celebrada na Par\u00f3quia Nossa Senhora do Ros\u00e1rio - Not\u00edcias - Franciscanos\",\"isPartOf\":{\"@id\":\"https:\/\/franciscanos.org.br\/noticias\/#website\"},\"primaryImageOfPage\":{\"@id\":\"https:\/\/franciscanos.org.br\/noticias\/santa-clara-e-celebrada-na-paroquia-nossa-senhora-do-rosario.html#primaryimage\"},\"datePublished\":\"2021-08-12T15:26:24+00:00\",\"dateModified\":\"2021-08-12T15:26:24+00:00\",\"author\":{\"@id\":\"https:\/\/franciscanos.org.br\/noticias\/#\/schema\/person\/b5c8cba458c330ccff548b056e95a5d4\"},\"breadcrumb\":{\"@id\":\"https:\/\/franciscanos.org.br\/noticias\/santa-clara-e-celebrada-na-paroquia-nossa-senhora-do-rosario.html#breadcrumb\"},\"inLanguage\":\"pt-BR\",\"potentialAction\":[{\"@type\":\"ReadAction\",\"target\":[\"https:\/\/franciscanos.org.br\/noticias\/santa-clara-e-celebrada-na-paroquia-nossa-senhora-do-rosario.html\"]}]},{\"@type\":\"BreadcrumbList\",\"@id\":\"https:\/\/franciscanos.org.br\/noticias\/santa-clara-e-celebrada-na-paroquia-nossa-senhora-do-rosario.html#breadcrumb\",\"itemListElement\":[{\"@type\":\"ListItem\",\"position\":1,\"name\":\"Home\",\"item\":\"https:\/\/franciscanos.org.br\/noticias\"},{\"@type\":\"ListItem\",\"position\":2,\"name\":\"Santa Clara \u00e9 celebrada na Par\u00f3quia Nossa Senhora do Ros\u00e1rio\"}]},{\"@type\":\"Person\",\"@id\":\"https:\/\/franciscanos.org.br\/noticias\/#\/schema\/person\/b5c8cba458c330ccff548b056e95a5d4\",\"name\":\"moacir\",\"image\":{\"@type\":\"ImageObject\",\"inLanguage\":\"pt-BR\",\"@id\":\"https:\/\/franciscanos.org.br\/noticias\/#\/schema\/person\/image\/\",\"url\":\"https:\/\/secure.gravatar.com\/avatar\/d08aa2ce4c8dd416d4479aa8536fcf64?s=96&d=mm&r=g\",\"contentUrl\":\"https:\/\/secure.gravatar.com\/avatar\/d08aa2ce4c8dd416d4479aa8536fcf64?s=96&d=mm&r=g\",\"caption\":\"moacir\"},\"url\":\"https:\/\/franciscanos.org.br\/noticias\/author\/moacir\"}]}<\/script>\n<!-- \/ Yoast SEO plugin. -->","yoast_head_json":{"title":"Santa Clara \u00e9 celebrada na Par\u00f3quia Nossa Senhora do Ros\u00e1rio - Not\u00edcias - Franciscanos","robots":{"index":"index","follow":"follow","max-snippet":"max-snippet:-1","max-image-preview":"max-image-preview:large","max-video-preview":"max-video-preview:-1"},"canonical":"https:\/\/franciscanos.org.br\/noticias\/santa-clara-e-celebrada-na-paroquia-nossa-senhora-do-rosario.html","og_locale":"pt_BR","og_type":"article","og_title":"Santa Clara \u00e9 celebrada na Par\u00f3quia Nossa Senhora do Ros\u00e1rio - Not\u00edcias - Franciscanos","og_description":"Em Vila Velha","og_url":"https:\/\/franciscanos.org.br\/noticias\/santa-clara-e-celebrada-na-paroquia-nossa-senhora-do-rosario.html","og_site_name":"Not\u00edcias - Franciscanos","article_published_time":"2021-08-12T15:26:24+00:00","og_image":[{"width":800,"height":550,"url":"https:\/\/franciscanos.org.br\/noticias\/wp-content\/uploads\/2021\/08\/vila_03d.jpg","type":"image\/jpeg"}],"author":"moacir","twitter_card":"summary_large_image","twitter_misc":{"Escrito por":"moacir","Est. tempo de leitura":"3 minutos"},"schema":{"@context":"https:\/\/schema.org","@graph":[{"@type":"WebSite","@id":"https:\/\/franciscanos.org.br\/noticias\/#website","url":"https:\/\/franciscanos.org.br\/noticias\/","name":"Not\u00edcias - Franciscanos","description":"Prov\u00edncia Franciscana da Imaculada Concei\u00e7\u00e3o do Brasil - Ordem dos Frades Menores - OFM","potentialAction":[{"@type":"SearchAction","target":{"@type":"EntryPoint","urlTemplate":"https:\/\/franciscanos.org.br\/noticias\/?s={search_term_string}"},"query-input":"required name=search_term_string"}],"inLanguage":"pt-BR"},{"@type":"ImageObject","inLanguage":"pt-BR","@id":"https:\/\/franciscanos.org.br\/noticias\/santa-clara-e-celebrada-na-paroquia-nossa-senhora-do-rosario.html#primaryimage","url":"https:\/\/franciscanos.org.br\/noticias\/wp-content\/uploads\/2021\/08\/vila_03d.jpg","contentUrl":"https:\/\/franciscanos.org.br\/noticias\/wp-content\/uploads\/2021\/08\/vila_03d.jpg","width":800,"height":550},{"@type":"WebPage","@id":"https:\/\/franciscanos.org.br\/noticias\/santa-clara-e-celebrada-na-paroquia-nossa-senhora-do-rosario.html#webpage","url":"https:\/\/franciscanos.org.br\/noticias\/santa-clara-e-celebrada-na-paroquia-nossa-senhora-do-rosario.html","name":"Santa Clara \u00e9 celebrada na Par\u00f3quia Nossa Senhora do Ros\u00e1rio - Not\u00edcias - Franciscanos","isPartOf":{"@id":"https:\/\/franciscanos.org.br\/noticias\/#website"},"primaryImageOfPage":{"@id":"https:\/\/franciscanos.org.br\/noticias\/santa-clara-e-celebrada-na-paroquia-nossa-senhora-do-rosario.html#primaryimage"},"datePublished":"2021-08-12T15:26:24+00:00","dateModified":"2021-08-12T15:26:24+00:00","author":{"@id":"https:\/\/franciscanos.org.br\/noticias\/#\/schema\/person\/b5c8cba458c330ccff548b056e95a5d4"},"breadcrumb":{"@id":"https:\/\/franciscanos.org.br\/noticias\/santa-clara-e-celebrada-na-paroquia-nossa-senhora-do-rosario.html#breadcrumb"},"inLanguage":"pt-BR","potentialAction":[{"@type":"ReadAction","target":["https:\/\/franciscanos.org.br\/noticias\/santa-clara-e-celebrada-na-paroquia-nossa-senhora-do-rosario.html"]}]},{"@type":"BreadcrumbList","@id":"https:\/\/franciscanos.org.br\/noticias\/santa-clara-e-celebrada-na-paroquia-nossa-senhora-do-rosario.html#breadcrumb","itemListElement":[{"@type":"ListItem","position":1,"name":"Home","item":"https:\/\/franciscanos.org.br\/noticias"},{"@type":"ListItem","position":2,"name":"Santa Clara \u00e9 celebrada na Par\u00f3quia Nossa Senhora do Ros\u00e1rio"}]},{"@type":"Person","@id":"https:\/\/franciscanos.org.br\/noticias\/#\/schema\/person\/b5c8cba458c330ccff548b056e95a5d4","name":"moacir","image":{"@type":"ImageObject","inLanguage":"pt-BR","@id":"https:\/\/franciscanos.org.br\/noticias\/#\/schema\/person\/image\/","url":"https:\/\/secure.gravatar.com\/avatar\/d08aa2ce4c8dd416d4479aa8536fcf64?s=96&d=mm&r=g","contentUrl":"https:\/\/secure.gravatar.com\/avatar\/d08aa2ce4c8dd416d4479aa8536fcf64?s=96&d=mm&r=g","caption":"moacir"},"url":"https:\/\/franciscanos.org.br\/noticias\/author\/moacir"}]}},"_links":{"self":[{"href":"https:\/\/franciscanos.org.br\/noticias\/wp-json\/wp\/v2\/posts\/233698"}],"collection":[{"href":"https:\/\/franciscanos.org.br\/noticias\/wp-json\/wp\/v2\/posts"}],"about":[{"href":"https:\/\/franciscanos.org.br\/noticias\/wp-json\/wp\/v2\/types\/post"}],"author":[{"embeddable":true,"href":"https:\/\/franciscanos.org.br\/noticias\/wp-json\/wp\/v2\/users\/3"}],"replies":[{"embeddable":true,"href":"https:\/\/franciscanos.org.br\/noticias\/wp-json\/wp\/v2\/comments?post=233698"}],"version-history":[{"count":1,"href":"https:\/\/franciscanos.org.br\/noticias\/wp-json\/wp\/v2\/posts\/233698\/revisions"}],"predecessor-version":[{"id":233703,"href":"https:\/\/franciscanos.org.br\/noticias\/wp-json\/wp\/v2\/posts\/233698\/revisions\/233703"}],"wp:featuredmedia":[{"embeddable":true,"href":"https:\/\/franciscanos.org.br\/noticias\/wp-json\/wp\/v2\/media\/233700"}],"wp:attachment":[{"href":"https:\/\/franciscanos.org.br\/noticias\/wp-json\/wp\/v2\/media?parent=233698"}],"wp:term":[{"taxonomy":"category","embeddable":true,"href":"https:\/\/franciscanos.org.br\/noticias\/wp-json\/wp\/v2\/categories?post=233698"},{"taxonomy":"post_tag","embeddable":true,"href":"https:\/\/franciscanos.org.br\/noticias\/wp-json\/wp\/v2\/tags?post=233698"}],"curies":[{"name":"wp","href":"https:\/\/api.w.org\/{rel}","templated":true}]}}