{"id":233637,"date":"2021-08-21T00:55:30","date_gmt":"2021-08-21T03:55:30","guid":{"rendered":"https:\/\/franciscanos.org.br\/noticias\/?p=233637"},"modified":"2021-08-21T10:03:48","modified_gmt":"2021-08-21T13:03:48","slug":"centenario","status":"publish","type":"post","link":"https:\/\/franciscanos.org.br\/noticias\/centenario.html","title":{"rendered":"Frei C\u00e1ssio celebra seu centen\u00e1rio de vida neste domingo"},"content":{"rendered":"<p><img loading=\"lazy\" class=\"alignnone wp-image-233645 size-full\" src=\"https:\/\/franciscanos.org.br\/noticias\/wp-content\/uploads\/2021\/08\/cassio_10.jpg\" alt=\"\" width=\"1280\" height=\"720\" srcset=\"https:\/\/franciscanos.org.br\/noticias\/wp-content\/uploads\/2021\/08\/cassio_10.jpg 1280w, https:\/\/franciscanos.org.br\/noticias\/wp-content\/uploads\/2021\/08\/cassio_10-450x253.jpg 450w, https:\/\/franciscanos.org.br\/noticias\/wp-content\/uploads\/2021\/08\/cassio_10-1024x576.jpg 1024w, https:\/\/franciscanos.org.br\/noticias\/wp-content\/uploads\/2021\/08\/cassio_10-768x432.jpg 768w, https:\/\/franciscanos.org.br\/noticias\/wp-content\/uploads\/2021\/08\/cassio_10-150x84.jpg 150w\" sizes=\"(max-width: 1280px) 100vw, 1280px\" \/><\/p>\n<p>Celebrar o natal\u00edcio j\u00e1 \u00e9 motivo de alegria e festa, mas viver e celebrar por um s\u00e9culo \u00e9 uma fa\u00e7anha restrita a um grupo e que deve ser ainda mais festejado. Esse privil\u00e9gio ter\u00e1 Frei C\u00e1ssio Vieira de Lima, neste domingo, dia 22 de agosto, ao completar 100 anos de vida. Ele ser\u00e1 o terceiro frade centen\u00e1rio da Prov\u00edncia Franciscana da Imaculada Concei\u00e7\u00e3o. O primeiro foi Frei Olavo Seifert, in memoriam, a chegar a esta idade no dia 4 de agosto de 2019. Depois Frei Abel Schneider completou o seu centen\u00e1rio no \u00faltimo dia 19 de julho. Nem p\u00f4de comemorar e veio a falecer dez dias depois.<\/p>\n<p>A Fraternidade e a Par\u00f3quia Bom Jesus dos Perd\u00f5es, em Curitiba, celebram este momento na Missa de A\u00e7\u00e3o de Gra\u00e7as, \u00e0s 11 horas, no dia 22 de agosto.<\/p>\n<p>Protagonista da pr\u00f3pria voca\u00e7\u00e3o, Frei C\u00e1ssio nasceu em 22 de agosto de 1921, em Japur\u00e1, estado de S\u00e3o Paulo. Proveniente de uma fam\u00edlia simples e muito pobre \u00e9 o mais velho de cinco irm\u00e3os. Seu pai se chamava Ol\u00edmpio de Paula Vieira e sua m\u00e3e, Rita de Paula Vieira, faleceu quando tinha apenas 9 anos. Ingressou na Ordem dos Frades Menores no dia 20 de dezembro de 1941, com 20 anos. Fez a profiss\u00e3o solene no dia 21 de dezembro de 1945 e foi ordenado sacerdote no dia 16 de julho de 1949, com apenas 28 anos!<\/p>\n<p>J\u00e1 dizia o salmista (Sl 89): \u201cPode durar setenta anos nossa vida, os mais fortes talvez cheguem a oitenta\u201d. Frei C\u00e1ssio n\u00e3o s\u00f3 passou dos 80, como neste ano j\u00e1 completou 72 anos de sacerd\u00f3cio e em 21 de dezembro completar\u00e1 79 anos de Vida Religiosa Franciscana. \u00c9 uma trajet\u00f3ria de perseveran\u00e7a e tanto, pois com certeza apareceram d\u00favidas no caminho, mas Frei C\u00e1ssio soube se reinventar sempre, sem perder o essencial. Vale lembrar que o franciscano viveu e acompanhou de perto grandes transforma\u00e7\u00f5es na Igreja, Ordem e Prov\u00edncia.<\/p>\n<p>Em 2018, durante o Ano Mission\u00e1rio, tive a oportunidade de entrevist\u00e1-lo. Uma conversa leve, espont\u00e2nea e cheia de ensinamentos que durou aproximadamente duas horas. Neste bate-papo, Frei C\u00e1ssio relatou que desde cedo quis ser padre. Na ocasi\u00e3o, disse-me sorrindo: \u201cAgora que cheguei aos 97 e espero passar dos 100!\u201d. E assim ser\u00e1, se for d\u00e1 vontade de Deus.<\/p>\n<p>Intelectual, Frei C\u00e1ssio aprendeu onze l\u00ednguas estrangeiras e revela que sempre teve este gosto pelos estudos. Afirma que procura aprender algo novo todos os dias, inclusive leva para o confession\u00e1rio livros em alem\u00e3o e l\u00ea enquanto os fi\u00e9is n\u00e3o chegam. \u201cQuando deixo de estudar por um dia, sinto que falta algo dentro de mim\u201d.<\/p>\n<p>Um fato curioso na vida do frade centen\u00e1rio \u00e9 que ele j\u00e1 foi Prefeito do munic\u00edpio de Planalto, interior do Paran\u00e1, entre 1976 e 1981, em pleno tempo do Governo Militar. \u201cFiquei por cinco anos como Prefeito e se n\u00e3o renunciasse teria ficado l\u00e1 at\u00e9 o fim do Governo Militar\u201d, explicou. Frei C\u00e1ssio tamb\u00e9m construiu a Igreja de Santa Madalena Sofia, local onde foi p\u00e1roco por mais de 30 anos. Al\u00e9m disso, j\u00e1 foi professor tamb\u00e9m!<\/p>\n<p>Para ele, a melhor escolha que algu\u00e9m pode fazer na vida \u00e9 ser franciscano. \u201cSer franciscano \u00e9 um grande grau de santidade e uma esp\u00e9cie de garantia para conquistar a vida eterna. E sobre o segredo para a longevidade, afirma com convic\u00e7\u00e3o: \u201cN\u00e3o sei se existe segredo. Acredito que deveria existir antes prud\u00eancia\u201d, brincou, e revelou que leva mais de 45 minutos para fazer as refei\u00e7\u00f5es: \u201cN\u00e3o sei comer rapidamente\u201d. No entanto, Frei C\u00e1ssio ressalta que a coisa mais s\u00e9ria de nossa vida, muito mais do que comer \u00e9 rezar. \u201cComer n\u00e3o leva a gente pro c\u00e9u, mas rezar leva\u201d.<\/p>\n<p>Alinhado com o pensamento do Papa Francisco, Frei C\u00e1ssio n\u00e3o esconde a alegria e a lucidez em dizer que \u00e9 o seu papa preferido. Ele que conheceu v\u00e1rios, afirma que Francisco foi uma b\u00ean\u00e7\u00e3o de Deus para a Igreja. \u201cE a gente agradece a Deus por isso\u201d.<\/p>\n<p>Atualmente Frei C\u00e1ssio reside na Fraternidade Bom Jesus dos Perd\u00f5es de Curitiba (PR) e \u00e9 atendente conventual.<\/p>\n<hr \/>\n<p style=\"text-align: left;\"><em>Frei Augusto Luiz Gabriel<\/em><\/p>\n","protected":false},"excerpt":{"rendered":"<p>Prov\u00edncia da Imaculada em festa<\/p>\n","protected":false},"author":7,"featured_media":233646,"comment_status":"open","ping_status":"open","sticky":false,"template":"","format":"standard","meta":[],"categories":[1],"tags":[101,1888],"acf":[],"yoast_head":"<!-- This site is optimized with the Yoast SEO plugin v19.2 - https:\/\/yoast.com\/wordpress\/plugins\/seo\/ -->\n<title>Frei C\u00e1ssio celebra seu centen\u00e1rio de vida neste domingo - Not\u00edcias - Franciscanos<\/title>\n<meta name=\"robots\" content=\"index, follow, max-snippet:-1, max-image-preview:large, max-video-preview:-1\" \/>\n<link rel=\"canonical\" href=\"https:\/\/franciscanos.org.br\/noticias\/centenario.html\" \/>\n<meta property=\"og:locale\" content=\"pt_BR\" \/>\n<meta property=\"og:type\" content=\"article\" \/>\n<meta property=\"og:title\" content=\"Frei C\u00e1ssio celebra seu centen\u00e1rio de vida neste domingo - Not\u00edcias - Franciscanos\" \/>\n<meta property=\"og:description\" content=\"Prov\u00edncia da Imaculada em festa\" \/>\n<meta property=\"og:url\" content=\"https:\/\/franciscanos.org.br\/noticias\/centenario.html\" \/>\n<meta property=\"og:site_name\" content=\"Not\u00edcias - Franciscanos\" \/>\n<meta property=\"article:published_time\" content=\"2021-08-21T03:55:30+00:00\" \/>\n<meta property=\"article:modified_time\" content=\"2021-08-21T13:03:48+00:00\" \/>\n<meta property=\"og:image\" content=\"https:\/\/franciscanos.org.br\/noticias\/wp-content\/uploads\/2021\/08\/cassio_10d.jpg\" \/>\n\t<meta property=\"og:image:width\" content=\"800\" \/>\n\t<meta property=\"og:image:height\" content=\"550\" \/>\n\t<meta property=\"og:image:type\" content=\"image\/jpeg\" \/>\n<meta name=\"author\" content=\"jovenal\" \/>\n<meta name=\"twitter:card\" content=\"summary_large_image\" \/>\n<meta name=\"twitter:label1\" content=\"Escrito por\" \/>\n\t<meta name=\"twitter:data1\" content=\"jovenal\" \/>\n\t<meta name=\"twitter:label2\" content=\"Est. tempo de leitura\" \/>\n\t<meta name=\"twitter:data2\" content=\"4 minutos\" \/>\n<script type=\"application\/ld+json\" class=\"yoast-schema-graph\">{\"@context\":\"https:\/\/schema.org\",\"@graph\":[{\"@type\":\"WebSite\",\"@id\":\"https:\/\/franciscanos.org.br\/noticias\/#website\",\"url\":\"https:\/\/franciscanos.org.br\/noticias\/\",\"name\":\"Not\u00edcias - Franciscanos\",\"description\":\"Prov\u00edncia Franciscana da Imaculada Concei\u00e7\u00e3o do Brasil - Ordem dos Frades Menores - OFM\",\"potentialAction\":[{\"@type\":\"SearchAction\",\"target\":{\"@type\":\"EntryPoint\",\"urlTemplate\":\"https:\/\/franciscanos.org.br\/noticias\/?s={search_term_string}\"},\"query-input\":\"required name=search_term_string\"}],\"inLanguage\":\"pt-BR\"},{\"@type\":\"ImageObject\",\"inLanguage\":\"pt-BR\",\"@id\":\"https:\/\/franciscanos.org.br\/noticias\/centenario.html#primaryimage\",\"url\":\"https:\/\/franciscanos.org.br\/noticias\/wp-content\/uploads\/2021\/08\/cassio_10d.jpg\",\"contentUrl\":\"https:\/\/franciscanos.org.br\/noticias\/wp-content\/uploads\/2021\/08\/cassio_10d.jpg\",\"width\":800,\"height\":550},{\"@type\":\"WebPage\",\"@id\":\"https:\/\/franciscanos.org.br\/noticias\/centenario.html#webpage\",\"url\":\"https:\/\/franciscanos.org.br\/noticias\/centenario.html\",\"name\":\"Frei C\u00e1ssio celebra seu centen\u00e1rio de vida neste domingo - Not\u00edcias - Franciscanos\",\"isPartOf\":{\"@id\":\"https:\/\/franciscanos.org.br\/noticias\/#website\"},\"primaryImageOfPage\":{\"@id\":\"https:\/\/franciscanos.org.br\/noticias\/centenario.html#primaryimage\"},\"datePublished\":\"2021-08-21T03:55:30+00:00\",\"dateModified\":\"2021-08-21T13:03:48+00:00\",\"author\":{\"@id\":\"https:\/\/franciscanos.org.br\/noticias\/#\/schema\/person\/c3a26b08313dd1772495ce300ab257cc\"},\"breadcrumb\":{\"@id\":\"https:\/\/franciscanos.org.br\/noticias\/centenario.html#breadcrumb\"},\"inLanguage\":\"pt-BR\",\"potentialAction\":[{\"@type\":\"ReadAction\",\"target\":[\"https:\/\/franciscanos.org.br\/noticias\/centenario.html\"]}]},{\"@type\":\"BreadcrumbList\",\"@id\":\"https:\/\/franciscanos.org.br\/noticias\/centenario.html#breadcrumb\",\"itemListElement\":[{\"@type\":\"ListItem\",\"position\":1,\"name\":\"Home\",\"item\":\"https:\/\/franciscanos.org.br\/noticias\"},{\"@type\":\"ListItem\",\"position\":2,\"name\":\"Frei C\u00e1ssio celebra seu centen\u00e1rio de vida neste domingo\"}]},{\"@type\":\"Person\",\"@id\":\"https:\/\/franciscanos.org.br\/noticias\/#\/schema\/person\/c3a26b08313dd1772495ce300ab257cc\",\"name\":\"jovenal\",\"image\":{\"@type\":\"ImageObject\",\"inLanguage\":\"pt-BR\",\"@id\":\"https:\/\/franciscanos.org.br\/noticias\/#\/schema\/person\/image\/\",\"url\":\"https:\/\/secure.gravatar.com\/avatar\/e94509f531086e2eaf97e72f29ea00f9?s=96&d=mm&r=g\",\"contentUrl\":\"https:\/\/secure.gravatar.com\/avatar\/e94509f531086e2eaf97e72f29ea00f9?s=96&d=mm&r=g\",\"caption\":\"jovenal\"},\"url\":\"https:\/\/franciscanos.org.br\/noticias\/author\/jovenal\"}]}<\/script>\n<!-- \/ Yoast SEO plugin. -->","yoast_head_json":{"title":"Frei C\u00e1ssio celebra seu centen\u00e1rio de vida neste domingo - Not\u00edcias - Franciscanos","robots":{"index":"index","follow":"follow","max-snippet":"max-snippet:-1","max-image-preview":"max-image-preview:large","max-video-preview":"max-video-preview:-1"},"canonical":"https:\/\/franciscanos.org.br\/noticias\/centenario.html","og_locale":"pt_BR","og_type":"article","og_title":"Frei C\u00e1ssio celebra seu centen\u00e1rio de vida neste domingo - Not\u00edcias - Franciscanos","og_description":"Prov\u00edncia da Imaculada em festa","og_url":"https:\/\/franciscanos.org.br\/noticias\/centenario.html","og_site_name":"Not\u00edcias - Franciscanos","article_published_time":"2021-08-21T03:55:30+00:00","article_modified_time":"2021-08-21T13:03:48+00:00","og_image":[{"width":800,"height":550,"url":"https:\/\/franciscanos.org.br\/noticias\/wp-content\/uploads\/2021\/08\/cassio_10d.jpg","type":"image\/jpeg"}],"author":"jovenal","twitter_card":"summary_large_image","twitter_misc":{"Escrito por":"jovenal","Est. tempo de leitura":"4 minutos"},"schema":{"@context":"https:\/\/schema.org","@graph":[{"@type":"WebSite","@id":"https:\/\/franciscanos.org.br\/noticias\/#website","url":"https:\/\/franciscanos.org.br\/noticias\/","name":"Not\u00edcias - Franciscanos","description":"Prov\u00edncia Franciscana da Imaculada Concei\u00e7\u00e3o do Brasil - Ordem dos Frades Menores - OFM","potentialAction":[{"@type":"SearchAction","target":{"@type":"EntryPoint","urlTemplate":"https:\/\/franciscanos.org.br\/noticias\/?s={search_term_string}"},"query-input":"required name=search_term_string"}],"inLanguage":"pt-BR"},{"@type":"ImageObject","inLanguage":"pt-BR","@id":"https:\/\/franciscanos.org.br\/noticias\/centenario.html#primaryimage","url":"https:\/\/franciscanos.org.br\/noticias\/wp-content\/uploads\/2021\/08\/cassio_10d.jpg","contentUrl":"https:\/\/franciscanos.org.br\/noticias\/wp-content\/uploads\/2021\/08\/cassio_10d.jpg","width":800,"height":550},{"@type":"WebPage","@id":"https:\/\/franciscanos.org.br\/noticias\/centenario.html#webpage","url":"https:\/\/franciscanos.org.br\/noticias\/centenario.html","name":"Frei C\u00e1ssio celebra seu centen\u00e1rio de vida neste domingo - Not\u00edcias - Franciscanos","isPartOf":{"@id":"https:\/\/franciscanos.org.br\/noticias\/#website"},"primaryImageOfPage":{"@id":"https:\/\/franciscanos.org.br\/noticias\/centenario.html#primaryimage"},"datePublished":"2021-08-21T03:55:30+00:00","dateModified":"2021-08-21T13:03:48+00:00","author":{"@id":"https:\/\/franciscanos.org.br\/noticias\/#\/schema\/person\/c3a26b08313dd1772495ce300ab257cc"},"breadcrumb":{"@id":"https:\/\/franciscanos.org.br\/noticias\/centenario.html#breadcrumb"},"inLanguage":"pt-BR","potentialAction":[{"@type":"ReadAction","target":["https:\/\/franciscanos.org.br\/noticias\/centenario.html"]}]},{"@type":"BreadcrumbList","@id":"https:\/\/franciscanos.org.br\/noticias\/centenario.html#breadcrumb","itemListElement":[{"@type":"ListItem","position":1,"name":"Home","item":"https:\/\/franciscanos.org.br\/noticias"},{"@type":"ListItem","position":2,"name":"Frei C\u00e1ssio celebra seu centen\u00e1rio de vida neste domingo"}]},{"@type":"Person","@id":"https:\/\/franciscanos.org.br\/noticias\/#\/schema\/person\/c3a26b08313dd1772495ce300ab257cc","name":"jovenal","image":{"@type":"ImageObject","inLanguage":"pt-BR","@id":"https:\/\/franciscanos.org.br\/noticias\/#\/schema\/person\/image\/","url":"https:\/\/secure.gravatar.com\/avatar\/e94509f531086e2eaf97e72f29ea00f9?s=96&d=mm&r=g","contentUrl":"https:\/\/secure.gravatar.com\/avatar\/e94509f531086e2eaf97e72f29ea00f9?s=96&d=mm&r=g","caption":"jovenal"},"url":"https:\/\/franciscanos.org.br\/noticias\/author\/jovenal"}]}},"_links":{"self":[{"href":"https:\/\/franciscanos.org.br\/noticias\/wp-json\/wp\/v2\/posts\/233637"}],"collection":[{"href":"https:\/\/franciscanos.org.br\/noticias\/wp-json\/wp\/v2\/posts"}],"about":[{"href":"https:\/\/franciscanos.org.br\/noticias\/wp-json\/wp\/v2\/types\/post"}],"author":[{"embeddable":true,"href":"https:\/\/franciscanos.org.br\/noticias\/wp-json\/wp\/v2\/users\/7"}],"replies":[{"embeddable":true,"href":"https:\/\/franciscanos.org.br\/noticias\/wp-json\/wp\/v2\/comments?post=233637"}],"version-history":[{"count":8,"href":"https:\/\/franciscanos.org.br\/noticias\/wp-json\/wp\/v2\/posts\/233637\/revisions"}],"predecessor-version":[{"id":233771,"href":"https:\/\/franciscanos.org.br\/noticias\/wp-json\/wp\/v2\/posts\/233637\/revisions\/233771"}],"wp:featuredmedia":[{"embeddable":true,"href":"https:\/\/franciscanos.org.br\/noticias\/wp-json\/wp\/v2\/media\/233646"}],"wp:attachment":[{"href":"https:\/\/franciscanos.org.br\/noticias\/wp-json\/wp\/v2\/media?parent=233637"}],"wp:term":[{"taxonomy":"category","embeddable":true,"href":"https:\/\/franciscanos.org.br\/noticias\/wp-json\/wp\/v2\/categories?post=233637"},{"taxonomy":"post_tag","embeddable":true,"href":"https:\/\/franciscanos.org.br\/noticias\/wp-json\/wp\/v2\/tags?post=233637"}],"curies":[{"name":"wp","href":"https:\/\/api.w.org\/{rel}","templated":true}]}}