{"id":233623,"date":"2021-08-10T06:59:35","date_gmt":"2021-08-10T09:59:35","guid":{"rendered":"https:\/\/franciscanos.org.br\/noticias\/?p=233623"},"modified":"2021-08-10T06:59:35","modified_gmt":"2021-08-10T09:59:35","slug":"mensagem-da-presidente-da-cffb-para-a-festa-de-santa-clara","status":"publish","type":"post","link":"https:\/\/franciscanos.org.br\/noticias\/mensagem-da-presidente-da-cffb-para-a-festa-de-santa-clara.html","title":{"rendered":"Mensagem da presidente da CFFB para a Festa de Santa Clara"},"content":{"rendered":"<p><img loading=\"lazy\" class=\"alignnone wp-image-233624 size-full\" src=\"https:\/\/franciscanos.org.br\/noticias\/wp-content\/uploads\/2021\/08\/cffb_10.jpg\" alt=\"\" width=\"1080\" height=\"603\" srcset=\"https:\/\/franciscanos.org.br\/noticias\/wp-content\/uploads\/2021\/08\/cffb_10.jpg 1080w, https:\/\/franciscanos.org.br\/noticias\/wp-content\/uploads\/2021\/08\/cffb_10-450x251.jpg 450w, https:\/\/franciscanos.org.br\/noticias\/wp-content\/uploads\/2021\/08\/cffb_10-1024x572.jpg 1024w, https:\/\/franciscanos.org.br\/noticias\/wp-content\/uploads\/2021\/08\/cffb_10-768x429.jpg 768w, https:\/\/franciscanos.org.br\/noticias\/wp-content\/uploads\/2021\/08\/cffb_10-150x84.jpg 150w\" sizes=\"(max-width: 1080px) 100vw, 1080px\" \/><\/p>\n<p style=\"padding-left: 40px;\"><em>\u201cSorrisos e abra\u00e7os espont\u00e2neos me emocionam. Palavras at\u00e9 me conquistam temporariamente. Mas atitudes me ganham para sempre.\u201d<\/em><br \/>\n<strong>Clarice Lispector<\/strong><\/p>\n<p>Irm\u00e3s e Irm\u00e3os da Fam\u00edlia Franciscana do Brasil, dia 11 de agosto a Igreja celebra a Festa de Santa Clara, uma vida e hist\u00f3ria que merece ser conhecida e celebrada. Ao refletirmos sobre sua trajet\u00f3ria atrav\u00e9s das Fontes Clarianas, percebemos que a fecundidade de sua atua\u00e7\u00e3o transformadora na Igreja e na sociedade vem de uma experi\u00eancia m\u00edstica (intimidade com Deus). Podemos dizer, que esta mulher santa compreendeu que \u201cQuanto mais o ser humano adentra na sua interioridade e reverencia o mist\u00e9rio inesgot\u00e1vel das pessoas, da natureza e do cosmos, mais se abre para o Transcendente\u201d (A. Murad). Capaz de enxergar os sinais de Deus, Clara deixou-se iluminar por Ele (TestC 24). Aqui est\u00e1 o segredo e a origem da for\u00e7a e vigor que a sustentava e renovava. Ao celebrarmos sua festa, aproveitemos a ocasi\u00e3o para refletir e aprofundar a partir das fontes, sobre sua experi\u00eancia m\u00edstica e suas atitudes que, profundamente imbricadas, possibilitaram o empreendimento de processos de mudan\u00e7a na Igreja e na sociedade.<\/p>\n<p>De acordo com Frederic Raurel, \u201cos textos das fontes apresentam-nos Clara de Assis n\u00e3o s\u00f3 como objeto, mas tamb\u00e9m como sujeito\u201d (Chiara, francescanesimo al femminile, p. 12). Lutando contra os inevit\u00e1veis condicionamentos do tempo, Clara foi a primeira mulher que projetou na hist\u00f3ria coragem e determina\u00e7\u00e3o para iniciar um modo de pensar e viver a vida religiosa franciscana ao modo feminino e a compor uma Regra para mulheres (Bartoli, Marcos, Clara de Assis, 1998, p. 192). A exemplo do ser\u00e1fico pai Francisco, soube ressignificar as rela\u00e7\u00f5es humanas atrav\u00e9s da fraternidade e solidariedade. Acertamos quando afirmamos que sua experi\u00eancia prefigura uma problem\u00e1tica atual: a import\u00e2ncia e lugar da mulher na Igreja e na sociedade.<\/p>\n<p>Exemplo de humanidade aut\u00eantica, Clara impressiona n\u00e3o pelo sorriso e palavras, mas por suas atitudes: seu amor e cuidado para com os pobres (LV 3, 3); sua coragem para sair ocultamente da casa paterna (LSC 7, 4-6); sua firmeza nas decis\u00f5es (2LV VIII); seu cuidado para com as Irm\u00e3s, suas companheiras em S\u00e3o Dami\u00e3o (2LV XXIX); sua firmeza e luta junto \u00e0s autoridades eclesi\u00e1sticas para obter o Privil\u00e9gio da Pobreza (LSC 14, 1-7); sua confian\u00e7a e f\u00e9 na expuls\u00e3o dos sarracenos (ProcC 9,2); seu sil\u00eancio e acolhimento da doen\u00e7a por mais de vinte e oito anos, per\u00edodo de cont\u00ednua dor em que n\u00e3o se ouviu murmura\u00e7\u00e3o nem queixa, mas \u201cDe seus l\u00e1bios brotavam sempre santas palavras, uma a\u00e7\u00e3o de gra\u00e7as cont\u00ednua\u201d (LSC 39, 4), dentre tantas outras que podemos encontrar especialmente nos relatos do Processo de Canoniza\u00e7\u00e3o. Possa seu testemunho ajudar-nos a ressignificar nossas vidas e nos impulsionar a maior fecundidade na din\u00e2mica do seguimento de Jesus.<\/p>\n<p>Ao celebrarmos sua festa, \u201cRecomendemo-nos a seus elevados m\u00e9ritos e a suas bem-aventuradas preces\u201d (2LV XLIX).<\/p>\n<p>Fraterno abra\u00e7o.<\/p>\n<p>Bras\u00edlia, 09 de agosto de 2021<\/p>\n<p><strong>Irm\u00e3 Cleusa Aparecida Neves, CFA<\/strong><br \/>\n<em>Presidente da CFFB<\/em><\/p>\n<hr \/>\n<p><em>Mais informa\u00e7\u00f5es: Site da <a href=\"https:\/\/cffb.org.br\/\">CFFB<\/a><\/em><\/p>\n","protected":false},"excerpt":{"rendered":"<p>Confer\u00eancia da Fam\u00edlia Franciscana do Brasil<\/p>\n","protected":false},"author":3,"featured_media":233625,"comment_status":"open","ping_status":"open","sticky":false,"template":"","format":"standard","meta":[],"categories":[1],"tags":[203,1758],"acf":[],"yoast_head":"<!-- This site is optimized with the Yoast SEO plugin v19.2 - https:\/\/yoast.com\/wordpress\/plugins\/seo\/ -->\n<title>Mensagem da presidente da CFFB para a Festa de Santa Clara - Not\u00edcias - Franciscanos<\/title>\n<meta name=\"robots\" content=\"index, follow, max-snippet:-1, max-image-preview:large, max-video-preview:-1\" \/>\n<link rel=\"canonical\" href=\"https:\/\/franciscanos.org.br\/noticias\/mensagem-da-presidente-da-cffb-para-a-festa-de-santa-clara.html\" \/>\n<meta property=\"og:locale\" content=\"pt_BR\" \/>\n<meta property=\"og:type\" content=\"article\" \/>\n<meta property=\"og:title\" content=\"Mensagem da presidente da CFFB para a Festa de Santa Clara - Not\u00edcias - Franciscanos\" \/>\n<meta property=\"og:description\" content=\"Confer\u00eancia da Fam\u00edlia Franciscana do Brasil\" \/>\n<meta property=\"og:url\" content=\"https:\/\/franciscanos.org.br\/noticias\/mensagem-da-presidente-da-cffb-para-a-festa-de-santa-clara.html\" \/>\n<meta property=\"og:site_name\" content=\"Not\u00edcias - Franciscanos\" \/>\n<meta property=\"article:published_time\" content=\"2021-08-10T09:59:35+00:00\" \/>\n<meta property=\"og:image\" content=\"https:\/\/franciscanos.org.br\/noticias\/wp-content\/uploads\/2021\/08\/cffb_10d.jpg\" \/>\n\t<meta property=\"og:image:width\" content=\"540\" \/>\n\t<meta property=\"og:image:height\" content=\"372\" \/>\n\t<meta property=\"og:image:type\" content=\"image\/jpeg\" \/>\n<meta name=\"author\" content=\"moacir\" \/>\n<meta name=\"twitter:card\" content=\"summary_large_image\" \/>\n<meta name=\"twitter:label1\" content=\"Escrito por\" \/>\n\t<meta name=\"twitter:data1\" content=\"moacir\" \/>\n\t<meta name=\"twitter:label2\" content=\"Est. tempo de leitura\" \/>\n\t<meta name=\"twitter:data2\" content=\"3 minutos\" \/>\n<script type=\"application\/ld+json\" class=\"yoast-schema-graph\">{\"@context\":\"https:\/\/schema.org\",\"@graph\":[{\"@type\":\"WebSite\",\"@id\":\"https:\/\/franciscanos.org.br\/noticias\/#website\",\"url\":\"https:\/\/franciscanos.org.br\/noticias\/\",\"name\":\"Not\u00edcias - Franciscanos\",\"description\":\"Prov\u00edncia Franciscana da Imaculada Concei\u00e7\u00e3o do Brasil - Ordem dos Frades Menores - OFM\",\"potentialAction\":[{\"@type\":\"SearchAction\",\"target\":{\"@type\":\"EntryPoint\",\"urlTemplate\":\"https:\/\/franciscanos.org.br\/noticias\/?s={search_term_string}\"},\"query-input\":\"required name=search_term_string\"}],\"inLanguage\":\"pt-BR\"},{\"@type\":\"ImageObject\",\"inLanguage\":\"pt-BR\",\"@id\":\"https:\/\/franciscanos.org.br\/noticias\/mensagem-da-presidente-da-cffb-para-a-festa-de-santa-clara.html#primaryimage\",\"url\":\"https:\/\/franciscanos.org.br\/noticias\/wp-content\/uploads\/2021\/08\/cffb_10d.jpg\",\"contentUrl\":\"https:\/\/franciscanos.org.br\/noticias\/wp-content\/uploads\/2021\/08\/cffb_10d.jpg\",\"width\":540,\"height\":372},{\"@type\":\"WebPage\",\"@id\":\"https:\/\/franciscanos.org.br\/noticias\/mensagem-da-presidente-da-cffb-para-a-festa-de-santa-clara.html#webpage\",\"url\":\"https:\/\/franciscanos.org.br\/noticias\/mensagem-da-presidente-da-cffb-para-a-festa-de-santa-clara.html\",\"name\":\"Mensagem da presidente da CFFB para a Festa de Santa Clara - Not\u00edcias - Franciscanos\",\"isPartOf\":{\"@id\":\"https:\/\/franciscanos.org.br\/noticias\/#website\"},\"primaryImageOfPage\":{\"@id\":\"https:\/\/franciscanos.org.br\/noticias\/mensagem-da-presidente-da-cffb-para-a-festa-de-santa-clara.html#primaryimage\"},\"datePublished\":\"2021-08-10T09:59:35+00:00\",\"dateModified\":\"2021-08-10T09:59:35+00:00\",\"author\":{\"@id\":\"https:\/\/franciscanos.org.br\/noticias\/#\/schema\/person\/b5c8cba458c330ccff548b056e95a5d4\"},\"breadcrumb\":{\"@id\":\"https:\/\/franciscanos.org.br\/noticias\/mensagem-da-presidente-da-cffb-para-a-festa-de-santa-clara.html#breadcrumb\"},\"inLanguage\":\"pt-BR\",\"potentialAction\":[{\"@type\":\"ReadAction\",\"target\":[\"https:\/\/franciscanos.org.br\/noticias\/mensagem-da-presidente-da-cffb-para-a-festa-de-santa-clara.html\"]}]},{\"@type\":\"BreadcrumbList\",\"@id\":\"https:\/\/franciscanos.org.br\/noticias\/mensagem-da-presidente-da-cffb-para-a-festa-de-santa-clara.html#breadcrumb\",\"itemListElement\":[{\"@type\":\"ListItem\",\"position\":1,\"name\":\"Home\",\"item\":\"https:\/\/franciscanos.org.br\/noticias\"},{\"@type\":\"ListItem\",\"position\":2,\"name\":\"Mensagem da presidente da CFFB para a Festa de Santa Clara\"}]},{\"@type\":\"Person\",\"@id\":\"https:\/\/franciscanos.org.br\/noticias\/#\/schema\/person\/b5c8cba458c330ccff548b056e95a5d4\",\"name\":\"moacir\",\"image\":{\"@type\":\"ImageObject\",\"inLanguage\":\"pt-BR\",\"@id\":\"https:\/\/franciscanos.org.br\/noticias\/#\/schema\/person\/image\/\",\"url\":\"https:\/\/secure.gravatar.com\/avatar\/d08aa2ce4c8dd416d4479aa8536fcf64?s=96&d=mm&r=g\",\"contentUrl\":\"https:\/\/secure.gravatar.com\/avatar\/d08aa2ce4c8dd416d4479aa8536fcf64?s=96&d=mm&r=g\",\"caption\":\"moacir\"},\"url\":\"https:\/\/franciscanos.org.br\/noticias\/author\/moacir\"}]}<\/script>\n<!-- \/ Yoast SEO plugin. -->","yoast_head_json":{"title":"Mensagem da presidente da CFFB para a Festa de Santa Clara - Not\u00edcias - Franciscanos","robots":{"index":"index","follow":"follow","max-snippet":"max-snippet:-1","max-image-preview":"max-image-preview:large","max-video-preview":"max-video-preview:-1"},"canonical":"https:\/\/franciscanos.org.br\/noticias\/mensagem-da-presidente-da-cffb-para-a-festa-de-santa-clara.html","og_locale":"pt_BR","og_type":"article","og_title":"Mensagem da presidente da CFFB para a Festa de Santa Clara - Not\u00edcias - Franciscanos","og_description":"Confer\u00eancia da Fam\u00edlia Franciscana do Brasil","og_url":"https:\/\/franciscanos.org.br\/noticias\/mensagem-da-presidente-da-cffb-para-a-festa-de-santa-clara.html","og_site_name":"Not\u00edcias - Franciscanos","article_published_time":"2021-08-10T09:59:35+00:00","og_image":[{"width":540,"height":372,"url":"https:\/\/franciscanos.org.br\/noticias\/wp-content\/uploads\/2021\/08\/cffb_10d.jpg","type":"image\/jpeg"}],"author":"moacir","twitter_card":"summary_large_image","twitter_misc":{"Escrito por":"moacir","Est. tempo de leitura":"3 minutos"},"schema":{"@context":"https:\/\/schema.org","@graph":[{"@type":"WebSite","@id":"https:\/\/franciscanos.org.br\/noticias\/#website","url":"https:\/\/franciscanos.org.br\/noticias\/","name":"Not\u00edcias - Franciscanos","description":"Prov\u00edncia Franciscana da Imaculada Concei\u00e7\u00e3o do Brasil - Ordem dos Frades Menores - OFM","potentialAction":[{"@type":"SearchAction","target":{"@type":"EntryPoint","urlTemplate":"https:\/\/franciscanos.org.br\/noticias\/?s={search_term_string}"},"query-input":"required name=search_term_string"}],"inLanguage":"pt-BR"},{"@type":"ImageObject","inLanguage":"pt-BR","@id":"https:\/\/franciscanos.org.br\/noticias\/mensagem-da-presidente-da-cffb-para-a-festa-de-santa-clara.html#primaryimage","url":"https:\/\/franciscanos.org.br\/noticias\/wp-content\/uploads\/2021\/08\/cffb_10d.jpg","contentUrl":"https:\/\/franciscanos.org.br\/noticias\/wp-content\/uploads\/2021\/08\/cffb_10d.jpg","width":540,"height":372},{"@type":"WebPage","@id":"https:\/\/franciscanos.org.br\/noticias\/mensagem-da-presidente-da-cffb-para-a-festa-de-santa-clara.html#webpage","url":"https:\/\/franciscanos.org.br\/noticias\/mensagem-da-presidente-da-cffb-para-a-festa-de-santa-clara.html","name":"Mensagem da presidente da CFFB para a Festa de Santa Clara - Not\u00edcias - Franciscanos","isPartOf":{"@id":"https:\/\/franciscanos.org.br\/noticias\/#website"},"primaryImageOfPage":{"@id":"https:\/\/franciscanos.org.br\/noticias\/mensagem-da-presidente-da-cffb-para-a-festa-de-santa-clara.html#primaryimage"},"datePublished":"2021-08-10T09:59:35+00:00","dateModified":"2021-08-10T09:59:35+00:00","author":{"@id":"https:\/\/franciscanos.org.br\/noticias\/#\/schema\/person\/b5c8cba458c330ccff548b056e95a5d4"},"breadcrumb":{"@id":"https:\/\/franciscanos.org.br\/noticias\/mensagem-da-presidente-da-cffb-para-a-festa-de-santa-clara.html#breadcrumb"},"inLanguage":"pt-BR","potentialAction":[{"@type":"ReadAction","target":["https:\/\/franciscanos.org.br\/noticias\/mensagem-da-presidente-da-cffb-para-a-festa-de-santa-clara.html"]}]},{"@type":"BreadcrumbList","@id":"https:\/\/franciscanos.org.br\/noticias\/mensagem-da-presidente-da-cffb-para-a-festa-de-santa-clara.html#breadcrumb","itemListElement":[{"@type":"ListItem","position":1,"name":"Home","item":"https:\/\/franciscanos.org.br\/noticias"},{"@type":"ListItem","position":2,"name":"Mensagem da presidente da CFFB para a Festa de Santa Clara"}]},{"@type":"Person","@id":"https:\/\/franciscanos.org.br\/noticias\/#\/schema\/person\/b5c8cba458c330ccff548b056e95a5d4","name":"moacir","image":{"@type":"ImageObject","inLanguage":"pt-BR","@id":"https:\/\/franciscanos.org.br\/noticias\/#\/schema\/person\/image\/","url":"https:\/\/secure.gravatar.com\/avatar\/d08aa2ce4c8dd416d4479aa8536fcf64?s=96&d=mm&r=g","contentUrl":"https:\/\/secure.gravatar.com\/avatar\/d08aa2ce4c8dd416d4479aa8536fcf64?s=96&d=mm&r=g","caption":"moacir"},"url":"https:\/\/franciscanos.org.br\/noticias\/author\/moacir"}]}},"_links":{"self":[{"href":"https:\/\/franciscanos.org.br\/noticias\/wp-json\/wp\/v2\/posts\/233623"}],"collection":[{"href":"https:\/\/franciscanos.org.br\/noticias\/wp-json\/wp\/v2\/posts"}],"about":[{"href":"https:\/\/franciscanos.org.br\/noticias\/wp-json\/wp\/v2\/types\/post"}],"author":[{"embeddable":true,"href":"https:\/\/franciscanos.org.br\/noticias\/wp-json\/wp\/v2\/users\/3"}],"replies":[{"embeddable":true,"href":"https:\/\/franciscanos.org.br\/noticias\/wp-json\/wp\/v2\/comments?post=233623"}],"version-history":[{"count":1,"href":"https:\/\/franciscanos.org.br\/noticias\/wp-json\/wp\/v2\/posts\/233623\/revisions"}],"predecessor-version":[{"id":233626,"href":"https:\/\/franciscanos.org.br\/noticias\/wp-json\/wp\/v2\/posts\/233623\/revisions\/233626"}],"wp:featuredmedia":[{"embeddable":true,"href":"https:\/\/franciscanos.org.br\/noticias\/wp-json\/wp\/v2\/media\/233625"}],"wp:attachment":[{"href":"https:\/\/franciscanos.org.br\/noticias\/wp-json\/wp\/v2\/media?parent=233623"}],"wp:term":[{"taxonomy":"category","embeddable":true,"href":"https:\/\/franciscanos.org.br\/noticias\/wp-json\/wp\/v2\/categories?post=233623"},{"taxonomy":"post_tag","embeddable":true,"href":"https:\/\/franciscanos.org.br\/noticias\/wp-json\/wp\/v2\/tags?post=233623"}],"curies":[{"name":"wp","href":"https:\/\/api.w.org\/{rel}","templated":true}]}}