{"id":233617,"date":"2021-08-10T07:24:46","date_gmt":"2021-08-10T10:24:46","guid":{"rendered":"https:\/\/franciscanos.org.br\/noticias\/?p=233617"},"modified":"2021-08-10T07:24:46","modified_gmt":"2021-08-10T10:24:46","slug":"o-combate-espiritual-entre-os-lancamentos-da-editora-vozes","status":"publish","type":"post","link":"https:\/\/franciscanos.org.br\/noticias\/o-combate-espiritual-entre-os-lancamentos-da-editora-vozes.html","title":{"rendered":"&#8220;O Combate Espiritual&#8221; entre os lan\u00e7amentos da Editora Vozes"},"content":{"rendered":"<p><img loading=\"lazy\" src=\"https:\/\/franciscanos.org.br\/noticias\/wp-content\/uploads\/2021\/08\/Vozes-1280.jpg\" alt=\"\" width=\"1280\" height=\"721\" \/><\/p>\n<h3><strong>O combate espiritual<\/strong><\/h3>\n<p>\u201cNesta obra, <strong>Suzanne Giuseppi Testut<\/strong> estimula nossa mente a penetrar numa dimens\u00e3o essencial do crescimento espiritual e humano: n\u00e3o existe vida sem combate. Ao longo destas p\u00e1ginas, Francisco de Assis, que fez de sua vida um indescrit\u00edvel testemunho, ternamente sussurra aos ouvidos de nossa alma conselhos preciosos, pertinentes, atuais, que nos confrontam com nossas certezas e deslizes.<\/p>\n<p>\u00c0 luz da humilde experi\u00eancia deste homem e de seus irm\u00e3os, somos convidados a trilhar as sendas de nosso Senhor Jesus Cristo. Convidados a superar as cegueiras e ambi\u00e7\u00f5es que nos impedem de amar e deixar-nos amar, somos desafiados a entender melhor a grandeza da miss\u00e3o que nos \u00e9 confinada: a de construir, passo a passo, um mundo mais aut\u00eantico, mais transparente, mais fraterno, enraizado no projeto de Jesus.<\/p>\n<p>Disc\u00edpula entusiasta e seguidora de S\u00e3o Francisco de Assis, Suzanne Giuseppi Testut percorre os diferentes aspectos da vida crist\u00e3, particularmente entendida por ela como um combate espiritual: o campo da batalha, por\u00e9m, reside dentro de n\u00f3s.<\/p>\n<p>A tonalidade \u00e9 justa; a pluma, leve e exata; o ensinamento, certo e testado. Cada p\u00e1gina fascina, cativa, interpela e nos p\u00f5e a caminho.<\/p>\n<p>Concretamente, com delicadeza, gra\u00e7a e fineza, Suzanne nos leva ao cora\u00e7\u00e3o de uma profunda medita\u00e7\u00e3o e amadurecimento de nosso pr\u00f3prio combate de vida. Ser\u00e1 que ousar\u00edamos enfrentar este desafio?<\/p>\n<p>Estas p\u00e1ginas falam de paix\u00e3o, de combate, de sentido, de amor, de esperan\u00e7a, de fraternidade, de miss\u00e3o, de alegria, de paz\u2026<\/p>\n<p>Ousemos redescobrir o que faz a beleza, o frescor, o vigor e a vitalidade da boa-nova recebida dos ap\u00f3stolos. Assim nos tornamos verdadeiros art\u00edfices da paz neste mundo.\u201d\u00a0<em>(Do pref\u00e1cio de \u2020 Christian Rodembourg, MAS Bispo de Saint-Hhe)yacint<\/em><\/p>\n<p>N\u00e3o h\u00e1 vida sem combate. A autora descreve aqui um de seus aspectos essenciais: o combate espiritual. Para tanto, ela decidiu inspirar-se na vida do santo, mas, sobretudo, na vida do homem Francisco de Assis, que atrav\u00e9s de seu pr\u00f3prio combate nos revela uma extraordin\u00e1ria mensagem de esperan\u00e7a. Francisco \u00e9 o combatente e extraordin\u00e1rio vision\u00e1rio de Deus que continua abrindo novos horizontes para os nossos dias. Ele nos lembra aquilo para o qual todos fomos e somos chamados: receber e dar vida em abund\u00e2ncia; ou seja, tornar-nos artes\u00f5es da vida e da paz<\/p>\n<p>neste mundo. Na vida, no entanto, nada acontece sem combate. Para levar a bom termo sua luta, Francisco teve que enfrentar as pr\u00f3prias fraquezas e potencialidades, e desta forma se transfigurou diante de Deus e diante dos homens. Poder\u00edamos dizer que ele \u201csaltou da terra do ex\u00edlio ao vale da b\u00ean\u00e7\u00e3o\u201d, embora tendo sempre presente o mundo como lugar de combate e de manifesta\u00e7\u00e3o da f\u00e9. Sua maneira de agir continua questionando nossas responsabilidades e desafiando nossos reais desejos e pr\u00e1ticas de construir um mundo melhor.<\/p>\n<hr \/>\n<h3><strong>O Esp\u00edrito e a filia\u00e7\u00e3o crist\u00e3<\/strong><\/h3>\n<p>Segundo Jo\u00e3o, foi por meio de Jesus que recebemos o poder de nos tornar filhos de Deus (Jo 1,12); contudo, apesar de j\u00e1 sermos seus filhos, nem sequer se manifestou o que seremos (1Jo 3,2).<\/p>\n<p>Mas \u00e9 com o Ap\u00f3stolo Paulo que a teologia da filia\u00e7\u00e3o divina ser\u00e1 elevada aos cumes da reflex\u00e3o crist\u00e3. Essa rela\u00e7\u00e3o de paternidade \u00e9 evocada nas cartas paulinas cerca de 32 vezes. O que possibilita essa nova condi\u00e7\u00e3o da humanidade \u00e9 a media\u00e7\u00e3o de Jesus Cristo. Ele \u00e9 o Filho de Deus (Rm 1,3-4; Gl 2,20), mas tamb\u00e9m \u00e9 Filho do homem, nascido de mulher, nascido sujeito \u00e0 Lei (Gl 4,4). A vinda hist\u00f3rica de Jesus assinala essa iniciativa \u00fanica e definitiva de Deus de elevar a humanidade \u00e0 dignidade de filhos.<\/p>\n<p>Se pela morte redentora de Jesus os homens e mulheres foram salvos do pecado, sua ressurrei\u00e7\u00e3o e glorifica\u00e7\u00e3o com o consequente envio do Esp\u00edrito \u00e9 que fazem com que o fiel prorrompa no grito \u201cAbb\u00e1! \u00d3 Pai!\u201d (Rm 8,15; Gl 4,6). A filia\u00e7\u00e3o de Jesus \u00e9 \u00fanica, pois s\u00f3 Ele participa da natureza divina. Aquela dos homens \u00e9 na ordem da gra\u00e7a, pois apesar de sermos criaturas, fomos assumidos filhos no Filho. \u00c9 por isso que o Ressuscitado diz: \u201cSubo para meu Pai e vosso Pai; para meu Deus e vosso Deus\u201d (Jo 20,17). Deus \u00e9 Pai dele e nosso, mas n\u00e3o da mesma forma.<\/p>\n<p>A ess\u00eancia da vida crist\u00e3 consiste em viver como filhos desse Pai que est\u00e1 nos c\u00e9us. A filia\u00e7\u00e3o divina n\u00e3o implica apenas num dado est\u00e1tico e frio. Ser filho significa sobretudo assemelhar-se a esse Pai em sua capacidade de amar e dar a vida pelos homens, de esquecer de si e de buscar o bem dos outros. O livro que o leitor tem nas m\u00e3os seguramente lhe ajudar\u00e1 imensamente a fazer essa descoberta.\u00a0<em>(Do pref\u00e1cio de Prof.-Dr. Heitor Carlos Santos Ultrini)<\/em><\/p>\n<p>A Carta de Paulo aos Romanos \u00e9 uma carta autenticamente paulina e tida como a mais importante e considerada \u201co tratado de teologia\u201d do \u201cAp\u00f3stolo dos Gentios\u201d (Rm 11,13). Aqui lidamos com uma obra-prima do in\u00edcio do cristianismo, muito usada em todos dos tempos, desde o per\u00edodo patr\u00edstico at\u00e9 os dias atuais. Ela sobreviveu, inclusive, \u00e0s cr\u00edticas de Marci\u00e3o, de Lutero e de Bauer. Nesse sentido, esta obra quer trabalhar a tem\u00e1tica da filia\u00e7\u00e3o crist\u00e3 a partir da atua\u00e7\u00e3o do Esp\u00edrito Santo, tendo como base a per\u00edcope paulina de Rm 8,14-17. O objetivo geral deste trabalho \u00e9 demonstrar que o ser humano (homem e mulher) passa a ser filho de Deus por meio do seu \u00fanico Filho Jesus Cristo no Esp\u00edrito Santo, na ades\u00e3o pela f\u00e9, que \u00e9 celada no batismo e vivida cotidianamente, ao longo de toda a vida, com seus momentos altos e baixos, suas derrotas e conquistas di\u00e1rias. A obra usufruir\u00e1 da metodologia Ret\u00f3rica Liter\u00e1ria, que \u00e9 um particular instrumento do mundo apost\u00f3lico de Paulo, do M\u00e9todo Hist\u00f3rico Cr\u00edtico, do estudo exeg\u00e9tico dos termos que comp\u00f5em a per\u00edcope estudada e trabalhada, como tamb\u00e9m da vasta publica\u00e7\u00e3o de comentadores da obra paulina.<\/p>\n<hr \/>\n<h3><strong>Uma hist\u00f3ria concisa do Oriente M\u00e9dio<\/strong><\/h3>\n<p>Neste livro, introduzimos o Oriente M\u00e9dio aos estudantes e a outros leitores que n\u00e3o viveram na \u00e1rea ou estudaram sua hist\u00f3ria antes. Eventos hist\u00f3ricos ocorrem em contextos complexos, que todos devem compreender a fim de agir sabiamente no futuro.<\/p>\n<p>Oriente M\u00e9dio \u00e9 um termo muito impreciso, que descreve uma \u00e1rea geogr\u00e1fica que se estende do Egito ao Afeganist\u00e3o ou a regi\u00e3o cultural na qual o isl\u00e3 surgiu e se desenvolveu. Planejamos tornar o termo mais claro nesta obra. Primeiro, deixe-nos lhe dizer por que pensamos que a Hist\u00f3ria \u00e9 a disciplina mais adequada para sua introdu\u00e7\u00e3o \u00e0 \u00e1rea. Afinal, voc\u00ea pode olhar para o Oriente M\u00e9dio atrav\u00e9s de seus sistemas para aloca\u00e7\u00e3o de poder e valores usando a disciplina da Ci\u00eancia Pol\u00edtica. Economistas focariam a forma que seus habitantes se organizam para satisfazer suas necessidades materiais. Soci\u00f3logos e antrop\u00f3logos culturais analisam as institui\u00e7\u00f5es e grupos de comportamento dos v\u00e1rios povos que constituem o Oriente M\u00e9dio. Voc\u00ea poderia tamb\u00e9m ver suas v\u00e1rias culturas atrav\u00e9s de suas l\u00ednguas, religi\u00f5es, literatura, geografia, arquitetura, arte, m\u00fasica, dan\u00e7a e comida.<\/p>\n<p>Uma hist\u00f3ria concisa do Oriente M\u00e9dio fornece uma introdu\u00e7\u00e3o abrangente \u00e0 hist\u00f3ria dessa turbulenta regi\u00e3o. Estendendo-se desde o pr\u00e9-isl\u00e3 at\u00e9 os dias atuais, explora a evolu\u00e7\u00e3o das institui\u00e7\u00f5es e cultura isl\u00e2micas, a influ\u00eancia do Ocidente, os esfor\u00e7os de moderniza\u00e7\u00e3o no Oriente M\u00e9dio, a luta de v\u00e1rios povos por independ\u00eancia pol\u00edtica, o conflito \u00e1rabe-israelense, a reafirma\u00e7\u00e3o dos valores e poder isl\u00e2micos, os temas em torno da Quest\u00e3o Palestina e o Oriente M\u00e9dio p\u00f3s 11\/9 e as rebeli\u00f5es p\u00f3s-\u00e1rabes.<\/p>\n<p>Esta edi\u00e7\u00e3o foi completamente revisada para refletir os eventos mais recentes e preocupa\u00e7\u00f5es da regi\u00e3o, incluindo a presen\u00e7a do Eiis e de outros atores n\u00e3o estatais, as guerras civis na S\u00edria e no I\u00eamen e a crise de refugiados. Novas partes e cronologias parciais ajudar\u00e3o estudantes a compreenderem e contextualizarem a longa e complicada hist\u00f3ria da regi\u00e3o.<\/p>\n<p>Com registros biogr\u00e1ficos e gloss\u00e1rio atualizados, e com um novo cap\u00edtulo de conclus\u00e3o, este livro permanece o texto quintessencial para estudantes da hist\u00f3ria do Oriente M\u00e9dio.<\/p>\n<hr \/>\n<p>Todos esses produtos podem ser adquiridos pelos sites\u00a0<a href=\"http:\/\/www.livrariavozes.com.br\/\">www.livrariavozes.com.br<\/a>\u00a0ou \u00a0site:\u00a0<a href=\"http:\/\/vozes.com.br\/\">http:\/\/vozes.com.br<\/a><\/p>\n<p><strong>E-mail<\/strong>:\u00a0<a href=\"mailto:contato@vozes.com.br\" target=\"_blank\" rel=\"noopener noreferrer\">contato@vozes.com.br<\/a><\/p>\n<p><strong>Tel.<\/strong>\u00a011 3101 8451<\/p>\n","protected":false},"excerpt":{"rendered":"<p>Editora Vozes<\/p>\n","protected":false},"author":7,"featured_media":233619,"comment_status":"open","ping_status":"open","sticky":false,"template":"","format":"standard","meta":[],"categories":[1],"tags":[238],"acf":[],"yoast_head":"<!-- This site is optimized with the Yoast SEO plugin v19.2 - https:\/\/yoast.com\/wordpress\/plugins\/seo\/ -->\n<title>&quot;O Combate Espiritual&quot; entre os lan\u00e7amentos da Editora Vozes - Not\u00edcias - Franciscanos<\/title>\n<meta name=\"robots\" content=\"index, follow, max-snippet:-1, max-image-preview:large, max-video-preview:-1\" \/>\n<link rel=\"canonical\" href=\"https:\/\/franciscanos.org.br\/noticias\/o-combate-espiritual-entre-os-lancamentos-da-editora-vozes.html\" \/>\n<meta property=\"og:locale\" content=\"pt_BR\" \/>\n<meta property=\"og:type\" content=\"article\" \/>\n<meta property=\"og:title\" content=\"&quot;O Combate Espiritual&quot; entre os lan\u00e7amentos da Editora Vozes - Not\u00edcias - Franciscanos\" \/>\n<meta property=\"og:description\" content=\"Editora Vozes\" \/>\n<meta property=\"og:url\" content=\"https:\/\/franciscanos.org.br\/noticias\/o-combate-espiritual-entre-os-lancamentos-da-editora-vozes.html\" \/>\n<meta property=\"og:site_name\" content=\"Not\u00edcias - Franciscanos\" \/>\n<meta property=\"article:published_time\" content=\"2021-08-10T10:24:46+00:00\" \/>\n<meta property=\"og:image\" content=\"https:\/\/franciscanos.org.br\/noticias\/wp-content\/uploads\/2021\/08\/Vozes-800.jpg\" \/>\n\t<meta property=\"og:image:width\" content=\"800\" \/>\n\t<meta property=\"og:image:height\" content=\"550\" \/>\n\t<meta property=\"og:image:type\" content=\"image\/jpeg\" \/>\n<meta name=\"author\" content=\"jovenal\" \/>\n<meta name=\"twitter:card\" content=\"summary_large_image\" \/>\n<meta name=\"twitter:label1\" content=\"Escrito por\" \/>\n\t<meta name=\"twitter:data1\" content=\"jovenal\" \/>\n\t<meta name=\"twitter:label2\" content=\"Est. tempo de leitura\" \/>\n\t<meta name=\"twitter:data2\" content=\"7 minutos\" \/>\n<script type=\"application\/ld+json\" class=\"yoast-schema-graph\">{\"@context\":\"https:\/\/schema.org\",\"@graph\":[{\"@type\":\"WebSite\",\"@id\":\"https:\/\/franciscanos.org.br\/noticias\/#website\",\"url\":\"https:\/\/franciscanos.org.br\/noticias\/\",\"name\":\"Not\u00edcias - Franciscanos\",\"description\":\"Prov\u00edncia Franciscana da Imaculada Concei\u00e7\u00e3o do Brasil - Ordem dos Frades Menores - OFM\",\"potentialAction\":[{\"@type\":\"SearchAction\",\"target\":{\"@type\":\"EntryPoint\",\"urlTemplate\":\"https:\/\/franciscanos.org.br\/noticias\/?s={search_term_string}\"},\"query-input\":\"required name=search_term_string\"}],\"inLanguage\":\"pt-BR\"},{\"@type\":\"ImageObject\",\"inLanguage\":\"pt-BR\",\"@id\":\"https:\/\/franciscanos.org.br\/noticias\/o-combate-espiritual-entre-os-lancamentos-da-editora-vozes.html#primaryimage\",\"url\":\"https:\/\/franciscanos.org.br\/noticias\/wp-content\/uploads\/2021\/08\/Vozes-800.jpg\",\"contentUrl\":\"https:\/\/franciscanos.org.br\/noticias\/wp-content\/uploads\/2021\/08\/Vozes-800.jpg\",\"width\":800,\"height\":550},{\"@type\":\"WebPage\",\"@id\":\"https:\/\/franciscanos.org.br\/noticias\/o-combate-espiritual-entre-os-lancamentos-da-editora-vozes.html#webpage\",\"url\":\"https:\/\/franciscanos.org.br\/noticias\/o-combate-espiritual-entre-os-lancamentos-da-editora-vozes.html\",\"name\":\"\\\"O Combate Espiritual\\\" entre os lan\u00e7amentos da Editora Vozes - Not\u00edcias - Franciscanos\",\"isPartOf\":{\"@id\":\"https:\/\/franciscanos.org.br\/noticias\/#website\"},\"primaryImageOfPage\":{\"@id\":\"https:\/\/franciscanos.org.br\/noticias\/o-combate-espiritual-entre-os-lancamentos-da-editora-vozes.html#primaryimage\"},\"datePublished\":\"2021-08-10T10:24:46+00:00\",\"dateModified\":\"2021-08-10T10:24:46+00:00\",\"author\":{\"@id\":\"https:\/\/franciscanos.org.br\/noticias\/#\/schema\/person\/c3a26b08313dd1772495ce300ab257cc\"},\"breadcrumb\":{\"@id\":\"https:\/\/franciscanos.org.br\/noticias\/o-combate-espiritual-entre-os-lancamentos-da-editora-vozes.html#breadcrumb\"},\"inLanguage\":\"pt-BR\",\"potentialAction\":[{\"@type\":\"ReadAction\",\"target\":[\"https:\/\/franciscanos.org.br\/noticias\/o-combate-espiritual-entre-os-lancamentos-da-editora-vozes.html\"]}]},{\"@type\":\"BreadcrumbList\",\"@id\":\"https:\/\/franciscanos.org.br\/noticias\/o-combate-espiritual-entre-os-lancamentos-da-editora-vozes.html#breadcrumb\",\"itemListElement\":[{\"@type\":\"ListItem\",\"position\":1,\"name\":\"Home\",\"item\":\"https:\/\/franciscanos.org.br\/noticias\"},{\"@type\":\"ListItem\",\"position\":2,\"name\":\"&#8220;O Combate Espiritual&#8221; entre os lan\u00e7amentos da Editora Vozes\"}]},{\"@type\":\"Person\",\"@id\":\"https:\/\/franciscanos.org.br\/noticias\/#\/schema\/person\/c3a26b08313dd1772495ce300ab257cc\",\"name\":\"jovenal\",\"image\":{\"@type\":\"ImageObject\",\"inLanguage\":\"pt-BR\",\"@id\":\"https:\/\/franciscanos.org.br\/noticias\/#\/schema\/person\/image\/\",\"url\":\"https:\/\/secure.gravatar.com\/avatar\/e94509f531086e2eaf97e72f29ea00f9?s=96&d=mm&r=g\",\"contentUrl\":\"https:\/\/secure.gravatar.com\/avatar\/e94509f531086e2eaf97e72f29ea00f9?s=96&d=mm&r=g\",\"caption\":\"jovenal\"},\"url\":\"https:\/\/franciscanos.org.br\/noticias\/author\/jovenal\"}]}<\/script>\n<!-- \/ Yoast SEO plugin. -->","yoast_head_json":{"title":"\"O Combate Espiritual\" entre os lan\u00e7amentos da Editora Vozes - Not\u00edcias - Franciscanos","robots":{"index":"index","follow":"follow","max-snippet":"max-snippet:-1","max-image-preview":"max-image-preview:large","max-video-preview":"max-video-preview:-1"},"canonical":"https:\/\/franciscanos.org.br\/noticias\/o-combate-espiritual-entre-os-lancamentos-da-editora-vozes.html","og_locale":"pt_BR","og_type":"article","og_title":"\"O Combate Espiritual\" entre os lan\u00e7amentos da Editora Vozes - Not\u00edcias - Franciscanos","og_description":"Editora Vozes","og_url":"https:\/\/franciscanos.org.br\/noticias\/o-combate-espiritual-entre-os-lancamentos-da-editora-vozes.html","og_site_name":"Not\u00edcias - Franciscanos","article_published_time":"2021-08-10T10:24:46+00:00","og_image":[{"width":800,"height":550,"url":"https:\/\/franciscanos.org.br\/noticias\/wp-content\/uploads\/2021\/08\/Vozes-800.jpg","type":"image\/jpeg"}],"author":"jovenal","twitter_card":"summary_large_image","twitter_misc":{"Escrito por":"jovenal","Est. tempo de leitura":"7 minutos"},"schema":{"@context":"https:\/\/schema.org","@graph":[{"@type":"WebSite","@id":"https:\/\/franciscanos.org.br\/noticias\/#website","url":"https:\/\/franciscanos.org.br\/noticias\/","name":"Not\u00edcias - Franciscanos","description":"Prov\u00edncia Franciscana da Imaculada Concei\u00e7\u00e3o do Brasil - Ordem dos Frades Menores - OFM","potentialAction":[{"@type":"SearchAction","target":{"@type":"EntryPoint","urlTemplate":"https:\/\/franciscanos.org.br\/noticias\/?s={search_term_string}"},"query-input":"required name=search_term_string"}],"inLanguage":"pt-BR"},{"@type":"ImageObject","inLanguage":"pt-BR","@id":"https:\/\/franciscanos.org.br\/noticias\/o-combate-espiritual-entre-os-lancamentos-da-editora-vozes.html#primaryimage","url":"https:\/\/franciscanos.org.br\/noticias\/wp-content\/uploads\/2021\/08\/Vozes-800.jpg","contentUrl":"https:\/\/franciscanos.org.br\/noticias\/wp-content\/uploads\/2021\/08\/Vozes-800.jpg","width":800,"height":550},{"@type":"WebPage","@id":"https:\/\/franciscanos.org.br\/noticias\/o-combate-espiritual-entre-os-lancamentos-da-editora-vozes.html#webpage","url":"https:\/\/franciscanos.org.br\/noticias\/o-combate-espiritual-entre-os-lancamentos-da-editora-vozes.html","name":"\"O Combate Espiritual\" entre os lan\u00e7amentos da Editora Vozes - Not\u00edcias - Franciscanos","isPartOf":{"@id":"https:\/\/franciscanos.org.br\/noticias\/#website"},"primaryImageOfPage":{"@id":"https:\/\/franciscanos.org.br\/noticias\/o-combate-espiritual-entre-os-lancamentos-da-editora-vozes.html#primaryimage"},"datePublished":"2021-08-10T10:24:46+00:00","dateModified":"2021-08-10T10:24:46+00:00","author":{"@id":"https:\/\/franciscanos.org.br\/noticias\/#\/schema\/person\/c3a26b08313dd1772495ce300ab257cc"},"breadcrumb":{"@id":"https:\/\/franciscanos.org.br\/noticias\/o-combate-espiritual-entre-os-lancamentos-da-editora-vozes.html#breadcrumb"},"inLanguage":"pt-BR","potentialAction":[{"@type":"ReadAction","target":["https:\/\/franciscanos.org.br\/noticias\/o-combate-espiritual-entre-os-lancamentos-da-editora-vozes.html"]}]},{"@type":"BreadcrumbList","@id":"https:\/\/franciscanos.org.br\/noticias\/o-combate-espiritual-entre-os-lancamentos-da-editora-vozes.html#breadcrumb","itemListElement":[{"@type":"ListItem","position":1,"name":"Home","item":"https:\/\/franciscanos.org.br\/noticias"},{"@type":"ListItem","position":2,"name":"&#8220;O Combate Espiritual&#8221; entre os lan\u00e7amentos da Editora Vozes"}]},{"@type":"Person","@id":"https:\/\/franciscanos.org.br\/noticias\/#\/schema\/person\/c3a26b08313dd1772495ce300ab257cc","name":"jovenal","image":{"@type":"ImageObject","inLanguage":"pt-BR","@id":"https:\/\/franciscanos.org.br\/noticias\/#\/schema\/person\/image\/","url":"https:\/\/secure.gravatar.com\/avatar\/e94509f531086e2eaf97e72f29ea00f9?s=96&d=mm&r=g","contentUrl":"https:\/\/secure.gravatar.com\/avatar\/e94509f531086e2eaf97e72f29ea00f9?s=96&d=mm&r=g","caption":"jovenal"},"url":"https:\/\/franciscanos.org.br\/noticias\/author\/jovenal"}]}},"_links":{"self":[{"href":"https:\/\/franciscanos.org.br\/noticias\/wp-json\/wp\/v2\/posts\/233617"}],"collection":[{"href":"https:\/\/franciscanos.org.br\/noticias\/wp-json\/wp\/v2\/posts"}],"about":[{"href":"https:\/\/franciscanos.org.br\/noticias\/wp-json\/wp\/v2\/types\/post"}],"author":[{"embeddable":true,"href":"https:\/\/franciscanos.org.br\/noticias\/wp-json\/wp\/v2\/users\/7"}],"replies":[{"embeddable":true,"href":"https:\/\/franciscanos.org.br\/noticias\/wp-json\/wp\/v2\/comments?post=233617"}],"version-history":[{"count":5,"href":"https:\/\/franciscanos.org.br\/noticias\/wp-json\/wp\/v2\/posts\/233617\/revisions"}],"predecessor-version":[{"id":233632,"href":"https:\/\/franciscanos.org.br\/noticias\/wp-json\/wp\/v2\/posts\/233617\/revisions\/233632"}],"wp:featuredmedia":[{"embeddable":true,"href":"https:\/\/franciscanos.org.br\/noticias\/wp-json\/wp\/v2\/media\/233619"}],"wp:attachment":[{"href":"https:\/\/franciscanos.org.br\/noticias\/wp-json\/wp\/v2\/media?parent=233617"}],"wp:term":[{"taxonomy":"category","embeddable":true,"href":"https:\/\/franciscanos.org.br\/noticias\/wp-json\/wp\/v2\/categories?post=233617"},{"taxonomy":"post_tag","embeddable":true,"href":"https:\/\/franciscanos.org.br\/noticias\/wp-json\/wp\/v2\/tags?post=233617"}],"curies":[{"name":"wp","href":"https:\/\/api.w.org\/{rel}","templated":true}]}}