{"id":233613,"date":"2021-08-08T07:50:53","date_gmt":"2021-08-08T10:50:53","guid":{"rendered":"https:\/\/franciscanos.org.br\/noticias\/?p=233613"},"modified":"2021-08-08T07:50:53","modified_gmt":"2021-08-08T10:50:53","slug":"papa-francisco-so-o-pao-da-vida-alimenta-nossas-almas","status":"publish","type":"post","link":"https:\/\/franciscanos.org.br\/noticias\/papa-francisco-so-o-pao-da-vida-alimenta-nossas-almas.html","title":{"rendered":"Papa Francisco: &#8220;S\u00f3 o p\u00e3o da vida alimenta nossas almas&#8221;"},"content":{"rendered":"<div id=\"attachment_233614\" style=\"width: 1290px\" class=\"wp-caption alignnone\"><img aria-describedby=\"caption-attachment-233614\" loading=\"lazy\" class=\"wp-image-233614 size-full\" src=\"https:\/\/franciscanos.org.br\/noticias\/wp-content\/uploads\/2021\/08\/domingo_0808.jpg\" alt=\"\" width=\"1280\" height=\"720\" srcset=\"https:\/\/franciscanos.org.br\/noticias\/wp-content\/uploads\/2021\/08\/domingo_0808.jpg 1280w, https:\/\/franciscanos.org.br\/noticias\/wp-content\/uploads\/2021\/08\/domingo_0808-450x253.jpg 450w, https:\/\/franciscanos.org.br\/noticias\/wp-content\/uploads\/2021\/08\/domingo_0808-1024x576.jpg 1024w, https:\/\/franciscanos.org.br\/noticias\/wp-content\/uploads\/2021\/08\/domingo_0808-768x432.jpg 768w, https:\/\/franciscanos.org.br\/noticias\/wp-content\/uploads\/2021\/08\/domingo_0808-150x84.jpg 150w\" sizes=\"(max-width: 1280px) 100vw, 1280px\" \/><p id=\"caption-attachment-233614\" class=\"wp-caption-text\">\u00a0 \u00a0 \u00a0 \u00a0 \u00a0 \u00a0 \u00a0 \u00a0 \u00a0 \u00a0 \u00a0 \u00a0 \u00a0 \u00a0 \u00a0 \u00a0 \u00a0 \u00a0 \u00a0 \u00a0 \u00a0 \u00a0 \u00a0 \u00a0 \u00a0 \u00a0 \u00a0 \u00a0 \u00a0 \u00a0 \u00a0 \u00a0 \u00a0 \u00a0 \u00a0 \u00a0 \u00a0 \u00a0 \u00a0 \u00a0 \u00a0 \u00a0 \u00a0 \u00a0 \u00a0 \u00a0 \u00a0 \u00a0 \u00a0 \u00a0 \u00a0 \u00a0 \u00a0 \u00a0 \u00a0<em> \u00a0 Imagem: Vatican Media<\/em><\/p><\/div>\n<p>\u201cEu sou o p\u00e3o da vida\u201d: este \u00e9 o tema aprofundado pelo Papa Francisco no Angelus deste domingo, 8 de agosto na Pra\u00e7a S\u00e3o Pedro. Referindo-se ao Evangelho de hoje, o Papa convidou a refletir sobre o \u201cque significa o p\u00e3o da vida\u201d, observando que \u201cque t\u00eam fome n\u00e3o pedem comida refinada e cara, mas p\u00e3o. Os desempregados n\u00e3o pedem sal\u00e1rios enormes, mas sim o \u2018p\u00e3o\u2019 de um emprego. Jesus se revela como o p\u00e3o, ou seja, o essencial, o necess\u00e1rio para a vida de cada dia\u201d.<\/p>\n<p><strong>S\u00f3 o p\u00e3o da vida alimenta nossas almas<\/strong><br \/>\nO verdadeiro p\u00e3o da vida, continua o Papa, \u00e9 o que nos faz viver, ao contr\u00e1rio sobrevivemos porque: [ S\u00f3 Ele alimenta nossas almas, s\u00f3 Ele nos perdoa daquele mal que n\u00e3o podemos vencer por n\u00f3s mesmos, s\u00f3 Ele nos faz sentir amados mesmo que todos nos decepcionem, s\u00f3 Ele nos d\u00e1 a for\u00e7a para amar e perdoar nas dificuldades, s\u00f3 Ele d\u00e1 ao cora\u00e7\u00e3o a paz que busca, s\u00f3 Ele d\u00e1 a vida para sempre quando a vida aqui termina ]<\/p>\n<p>Recordando que Jesus fala por par\u00e1bolas, na express\u00e3o \u201cEu sou o p\u00e3o da vida\u201d ele resume todo o seu ser e toda a sua miss\u00e3o. Isto ser\u00e1 visto plenamente no final, na \u00daltima Ceia. Ao dar a pr\u00f3pria vida, a pr\u00f3pria carne, o pr\u00f3prio cora\u00e7\u00e3o, para que possamos ter a vida Jesus faz com que desperte em n\u00f3s a maravilha diante do dom da Eucaristia.<\/p>\n<p><strong>A adora\u00e7\u00e3o enche a vida de maravilha<\/strong><br \/>\nFrancisco nos recorda: \u201cNingu\u00e9m neste mundo, n\u00e3o importa o quanto ame outra pessoa, pode fazer-se alimento para ela. Deus o fez, e o faz, por n\u00f3s. Renovemos esta maravilha. Fa\u00e7amo-lo adorando o P\u00e3o da Vida, porque a adora\u00e7\u00e3o enche a vida de maravilha\u201d<\/p>\n<p>Por\u00e9m, as pessoas se escandalizam com suas palavras \u201cEu sou o p\u00e3o que desceu do c\u00e9u\u201d, ser\u00e1 que tamb\u00e9m n\u00f3s estar\u00edamos mais \u00e0 vontade com um Deus que est\u00e1 no c\u00e9u sem se intrometer? E o Pont\u00edfice afirma:<br \/>\n\u201cDeus se tornou homem para entrar na concretude do mundo. E a ele interessa tudo de nossas vidas. Jesus deseja esta intimidade conosco\u201d<\/p>\n<p><strong>Ele que \u00e9 o p\u00e3o<\/strong><br \/>\nConcluindo: \u201cO que ele n\u00e3o deseja? Ser relegado para segundo plano \u2013 Ele que \u00e9 o p\u00e3o -, ser negligenciado e posto de lado, ou colocado em quest\u00e3o apenas quando precisamos\u201d.<\/p>\n<p>Por fim Francisco convidou para que pelo menos uma vez por dia \u201cantes de partir o p\u00e3o, convidar Jesus, o p\u00e3o da vida, pedir-lhe simplesmente que aben\u00e7oe o que fizemos e o que n\u00e3o conseguimos fazer\u201d.<\/p>\n<p>\u201cQue a Virgem Maria, na qual o Verbo se fez carne, nos ajude a crescer dia ap\u00f3s dia na amizade com Jesus, o p\u00e3o da vida\u201d.<\/p>\n<hr \/>\n<p><em>Fonte: Vatican News (texto de Jane Nogara)<\/em><\/p>\n","protected":false},"excerpt":{"rendered":"<p>Angelus<\/p>\n","protected":false},"author":3,"featured_media":233615,"comment_status":"open","ping_status":"open","sticky":false,"template":"","format":"standard","meta":[],"categories":[1428],"tags":[403],"acf":[],"yoast_head":"<!-- This site is optimized with the Yoast SEO plugin v19.2 - https:\/\/yoast.com\/wordpress\/plugins\/seo\/ -->\n<title>Papa Francisco: &quot;S\u00f3 o p\u00e3o da vida alimenta nossas almas&quot; - Not\u00edcias - Franciscanos<\/title>\n<meta name=\"robots\" content=\"index, follow, max-snippet:-1, max-image-preview:large, max-video-preview:-1\" \/>\n<link rel=\"canonical\" href=\"https:\/\/franciscanos.org.br\/noticias\/papa-francisco-so-o-pao-da-vida-alimenta-nossas-almas.html\" \/>\n<meta property=\"og:locale\" content=\"pt_BR\" \/>\n<meta property=\"og:type\" content=\"article\" \/>\n<meta property=\"og:title\" content=\"Papa Francisco: &quot;S\u00f3 o p\u00e3o da vida alimenta nossas almas&quot; - Not\u00edcias - Franciscanos\" \/>\n<meta property=\"og:description\" content=\"Angelus\" \/>\n<meta property=\"og:url\" content=\"https:\/\/franciscanos.org.br\/noticias\/papa-francisco-so-o-pao-da-vida-alimenta-nossas-almas.html\" \/>\n<meta property=\"og:site_name\" content=\"Not\u00edcias - Franciscanos\" \/>\n<meta property=\"article:published_time\" content=\"2021-08-08T10:50:53+00:00\" \/>\n<meta property=\"og:image\" content=\"https:\/\/franciscanos.org.br\/noticias\/wp-content\/uploads\/2021\/08\/domingo_0808d.jpg\" \/>\n\t<meta property=\"og:image:width\" content=\"800\" \/>\n\t<meta property=\"og:image:height\" content=\"550\" \/>\n\t<meta property=\"og:image:type\" content=\"image\/jpeg\" \/>\n<meta name=\"author\" content=\"moacir\" \/>\n<meta name=\"twitter:card\" content=\"summary_large_image\" \/>\n<meta name=\"twitter:label1\" content=\"Escrito por\" \/>\n\t<meta name=\"twitter:data1\" content=\"moacir\" \/>\n\t<meta name=\"twitter:label2\" content=\"Est. tempo de leitura\" \/>\n\t<meta name=\"twitter:data2\" content=\"3 minutos\" \/>\n<script type=\"application\/ld+json\" class=\"yoast-schema-graph\">{\"@context\":\"https:\/\/schema.org\",\"@graph\":[{\"@type\":\"WebSite\",\"@id\":\"https:\/\/franciscanos.org.br\/noticias\/#website\",\"url\":\"https:\/\/franciscanos.org.br\/noticias\/\",\"name\":\"Not\u00edcias - Franciscanos\",\"description\":\"Prov\u00edncia Franciscana da Imaculada Concei\u00e7\u00e3o do Brasil - Ordem dos Frades Menores - OFM\",\"potentialAction\":[{\"@type\":\"SearchAction\",\"target\":{\"@type\":\"EntryPoint\",\"urlTemplate\":\"https:\/\/franciscanos.org.br\/noticias\/?s={search_term_string}\"},\"query-input\":\"required name=search_term_string\"}],\"inLanguage\":\"pt-BR\"},{\"@type\":\"ImageObject\",\"inLanguage\":\"pt-BR\",\"@id\":\"https:\/\/franciscanos.org.br\/noticias\/papa-francisco-so-o-pao-da-vida-alimenta-nossas-almas.html#primaryimage\",\"url\":\"https:\/\/franciscanos.org.br\/noticias\/wp-content\/uploads\/2021\/08\/domingo_0808d.jpg\",\"contentUrl\":\"https:\/\/franciscanos.org.br\/noticias\/wp-content\/uploads\/2021\/08\/domingo_0808d.jpg\",\"width\":800,\"height\":550},{\"@type\":\"WebPage\",\"@id\":\"https:\/\/franciscanos.org.br\/noticias\/papa-francisco-so-o-pao-da-vida-alimenta-nossas-almas.html#webpage\",\"url\":\"https:\/\/franciscanos.org.br\/noticias\/papa-francisco-so-o-pao-da-vida-alimenta-nossas-almas.html\",\"name\":\"Papa Francisco: \\\"S\u00f3 o p\u00e3o da vida alimenta nossas almas\\\" - Not\u00edcias - Franciscanos\",\"isPartOf\":{\"@id\":\"https:\/\/franciscanos.org.br\/noticias\/#website\"},\"primaryImageOfPage\":{\"@id\":\"https:\/\/franciscanos.org.br\/noticias\/papa-francisco-so-o-pao-da-vida-alimenta-nossas-almas.html#primaryimage\"},\"datePublished\":\"2021-08-08T10:50:53+00:00\",\"dateModified\":\"2021-08-08T10:50:53+00:00\",\"author\":{\"@id\":\"https:\/\/franciscanos.org.br\/noticias\/#\/schema\/person\/b5c8cba458c330ccff548b056e95a5d4\"},\"breadcrumb\":{\"@id\":\"https:\/\/franciscanos.org.br\/noticias\/papa-francisco-so-o-pao-da-vida-alimenta-nossas-almas.html#breadcrumb\"},\"inLanguage\":\"pt-BR\",\"potentialAction\":[{\"@type\":\"ReadAction\",\"target\":[\"https:\/\/franciscanos.org.br\/noticias\/papa-francisco-so-o-pao-da-vida-alimenta-nossas-almas.html\"]}]},{\"@type\":\"BreadcrumbList\",\"@id\":\"https:\/\/franciscanos.org.br\/noticias\/papa-francisco-so-o-pao-da-vida-alimenta-nossas-almas.html#breadcrumb\",\"itemListElement\":[{\"@type\":\"ListItem\",\"position\":1,\"name\":\"Home\",\"item\":\"https:\/\/franciscanos.org.br\/noticias\"},{\"@type\":\"ListItem\",\"position\":2,\"name\":\"Papa Francisco: &#8220;S\u00f3 o p\u00e3o da vida alimenta nossas almas&#8221;\"}]},{\"@type\":\"Person\",\"@id\":\"https:\/\/franciscanos.org.br\/noticias\/#\/schema\/person\/b5c8cba458c330ccff548b056e95a5d4\",\"name\":\"moacir\",\"image\":{\"@type\":\"ImageObject\",\"inLanguage\":\"pt-BR\",\"@id\":\"https:\/\/franciscanos.org.br\/noticias\/#\/schema\/person\/image\/\",\"url\":\"https:\/\/secure.gravatar.com\/avatar\/d08aa2ce4c8dd416d4479aa8536fcf64?s=96&d=mm&r=g\",\"contentUrl\":\"https:\/\/secure.gravatar.com\/avatar\/d08aa2ce4c8dd416d4479aa8536fcf64?s=96&d=mm&r=g\",\"caption\":\"moacir\"},\"url\":\"https:\/\/franciscanos.org.br\/noticias\/author\/moacir\"}]}<\/script>\n<!-- \/ Yoast SEO plugin. -->","yoast_head_json":{"title":"Papa Francisco: \"S\u00f3 o p\u00e3o da vida alimenta nossas almas\" - Not\u00edcias - Franciscanos","robots":{"index":"index","follow":"follow","max-snippet":"max-snippet:-1","max-image-preview":"max-image-preview:large","max-video-preview":"max-video-preview:-1"},"canonical":"https:\/\/franciscanos.org.br\/noticias\/papa-francisco-so-o-pao-da-vida-alimenta-nossas-almas.html","og_locale":"pt_BR","og_type":"article","og_title":"Papa Francisco: \"S\u00f3 o p\u00e3o da vida alimenta nossas almas\" - Not\u00edcias - Franciscanos","og_description":"Angelus","og_url":"https:\/\/franciscanos.org.br\/noticias\/papa-francisco-so-o-pao-da-vida-alimenta-nossas-almas.html","og_site_name":"Not\u00edcias - Franciscanos","article_published_time":"2021-08-08T10:50:53+00:00","og_image":[{"width":800,"height":550,"url":"https:\/\/franciscanos.org.br\/noticias\/wp-content\/uploads\/2021\/08\/domingo_0808d.jpg","type":"image\/jpeg"}],"author":"moacir","twitter_card":"summary_large_image","twitter_misc":{"Escrito por":"moacir","Est. tempo de leitura":"3 minutos"},"schema":{"@context":"https:\/\/schema.org","@graph":[{"@type":"WebSite","@id":"https:\/\/franciscanos.org.br\/noticias\/#website","url":"https:\/\/franciscanos.org.br\/noticias\/","name":"Not\u00edcias - Franciscanos","description":"Prov\u00edncia Franciscana da Imaculada Concei\u00e7\u00e3o do Brasil - Ordem dos Frades Menores - OFM","potentialAction":[{"@type":"SearchAction","target":{"@type":"EntryPoint","urlTemplate":"https:\/\/franciscanos.org.br\/noticias\/?s={search_term_string}"},"query-input":"required name=search_term_string"}],"inLanguage":"pt-BR"},{"@type":"ImageObject","inLanguage":"pt-BR","@id":"https:\/\/franciscanos.org.br\/noticias\/papa-francisco-so-o-pao-da-vida-alimenta-nossas-almas.html#primaryimage","url":"https:\/\/franciscanos.org.br\/noticias\/wp-content\/uploads\/2021\/08\/domingo_0808d.jpg","contentUrl":"https:\/\/franciscanos.org.br\/noticias\/wp-content\/uploads\/2021\/08\/domingo_0808d.jpg","width":800,"height":550},{"@type":"WebPage","@id":"https:\/\/franciscanos.org.br\/noticias\/papa-francisco-so-o-pao-da-vida-alimenta-nossas-almas.html#webpage","url":"https:\/\/franciscanos.org.br\/noticias\/papa-francisco-so-o-pao-da-vida-alimenta-nossas-almas.html","name":"Papa Francisco: \"S\u00f3 o p\u00e3o da vida alimenta nossas almas\" - Not\u00edcias - Franciscanos","isPartOf":{"@id":"https:\/\/franciscanos.org.br\/noticias\/#website"},"primaryImageOfPage":{"@id":"https:\/\/franciscanos.org.br\/noticias\/papa-francisco-so-o-pao-da-vida-alimenta-nossas-almas.html#primaryimage"},"datePublished":"2021-08-08T10:50:53+00:00","dateModified":"2021-08-08T10:50:53+00:00","author":{"@id":"https:\/\/franciscanos.org.br\/noticias\/#\/schema\/person\/b5c8cba458c330ccff548b056e95a5d4"},"breadcrumb":{"@id":"https:\/\/franciscanos.org.br\/noticias\/papa-francisco-so-o-pao-da-vida-alimenta-nossas-almas.html#breadcrumb"},"inLanguage":"pt-BR","potentialAction":[{"@type":"ReadAction","target":["https:\/\/franciscanos.org.br\/noticias\/papa-francisco-so-o-pao-da-vida-alimenta-nossas-almas.html"]}]},{"@type":"BreadcrumbList","@id":"https:\/\/franciscanos.org.br\/noticias\/papa-francisco-so-o-pao-da-vida-alimenta-nossas-almas.html#breadcrumb","itemListElement":[{"@type":"ListItem","position":1,"name":"Home","item":"https:\/\/franciscanos.org.br\/noticias"},{"@type":"ListItem","position":2,"name":"Papa Francisco: &#8220;S\u00f3 o p\u00e3o da vida alimenta nossas almas&#8221;"}]},{"@type":"Person","@id":"https:\/\/franciscanos.org.br\/noticias\/#\/schema\/person\/b5c8cba458c330ccff548b056e95a5d4","name":"moacir","image":{"@type":"ImageObject","inLanguage":"pt-BR","@id":"https:\/\/franciscanos.org.br\/noticias\/#\/schema\/person\/image\/","url":"https:\/\/secure.gravatar.com\/avatar\/d08aa2ce4c8dd416d4479aa8536fcf64?s=96&d=mm&r=g","contentUrl":"https:\/\/secure.gravatar.com\/avatar\/d08aa2ce4c8dd416d4479aa8536fcf64?s=96&d=mm&r=g","caption":"moacir"},"url":"https:\/\/franciscanos.org.br\/noticias\/author\/moacir"}]}},"_links":{"self":[{"href":"https:\/\/franciscanos.org.br\/noticias\/wp-json\/wp\/v2\/posts\/233613"}],"collection":[{"href":"https:\/\/franciscanos.org.br\/noticias\/wp-json\/wp\/v2\/posts"}],"about":[{"href":"https:\/\/franciscanos.org.br\/noticias\/wp-json\/wp\/v2\/types\/post"}],"author":[{"embeddable":true,"href":"https:\/\/franciscanos.org.br\/noticias\/wp-json\/wp\/v2\/users\/3"}],"replies":[{"embeddable":true,"href":"https:\/\/franciscanos.org.br\/noticias\/wp-json\/wp\/v2\/comments?post=233613"}],"version-history":[{"count":1,"href":"https:\/\/franciscanos.org.br\/noticias\/wp-json\/wp\/v2\/posts\/233613\/revisions"}],"predecessor-version":[{"id":233616,"href":"https:\/\/franciscanos.org.br\/noticias\/wp-json\/wp\/v2\/posts\/233613\/revisions\/233616"}],"wp:featuredmedia":[{"embeddable":true,"href":"https:\/\/franciscanos.org.br\/noticias\/wp-json\/wp\/v2\/media\/233615"}],"wp:attachment":[{"href":"https:\/\/franciscanos.org.br\/noticias\/wp-json\/wp\/v2\/media?parent=233613"}],"wp:term":[{"taxonomy":"category","embeddable":true,"href":"https:\/\/franciscanos.org.br\/noticias\/wp-json\/wp\/v2\/categories?post=233613"},{"taxonomy":"post_tag","embeddable":true,"href":"https:\/\/franciscanos.org.br\/noticias\/wp-json\/wp\/v2\/tags?post=233613"}],"curies":[{"name":"wp","href":"https:\/\/api.w.org\/{rel}","templated":true}]}}