{"id":233594,"date":"2021-08-07T05:37:42","date_gmt":"2021-08-07T08:37:42","guid":{"rendered":"https:\/\/franciscanos.org.br\/noticias\/?p=233594"},"modified":"2021-08-07T05:44:13","modified_gmt":"2021-08-07T08:44:13","slug":"celebracao-do-ano-jubilar-recordam-a-historia-das-imagens-que-adornam-a-igreja-do-sagrado","status":"publish","type":"post","link":"https:\/\/franciscanos.org.br\/noticias\/celebracao-do-ano-jubilar-recordam-a-historia-das-imagens-que-adornam-a-igreja-do-sagrado.html","title":{"rendered":"Celebra\u00e7\u00e3o do Ano Jubilar recorda a hist\u00f3ria das imagens que adornam a Igreja do Sagrado"},"content":{"rendered":"<p><img loading=\"lazy\" class=\"alignnone wp-image-233595 size-full\" src=\"https:\/\/franciscanos.org.br\/noticias\/wp-content\/uploads\/2021\/08\/petropolis_04.jpg\" alt=\"\" width=\"1280\" height=\"853\" srcset=\"https:\/\/franciscanos.org.br\/noticias\/wp-content\/uploads\/2021\/08\/petropolis_04.jpg 1280w, https:\/\/franciscanos.org.br\/noticias\/wp-content\/uploads\/2021\/08\/petropolis_04-450x300.jpg 450w, https:\/\/franciscanos.org.br\/noticias\/wp-content\/uploads\/2021\/08\/petropolis_04-1024x682.jpg 1024w, https:\/\/franciscanos.org.br\/noticias\/wp-content\/uploads\/2021\/08\/petropolis_04-768x512.jpg 768w, https:\/\/franciscanos.org.br\/noticias\/wp-content\/uploads\/2021\/08\/petropolis_04-150x100.jpg 150w\" sizes=\"(max-width: 1280px) 100vw, 1280px\" \/><\/p>\n<p><strong>Petr\u00f3polis (RJ) &#8211;<\/strong>\u00a0 Na Festa da Transfigura\u00e7\u00e3o do Senhor (6\/8), a comunidade do Sagrado celebrou o Jubileu de 125 anos de presen\u00e7a dos frades menores franciscanos em Petr\u00f3polis (RJ) e os 75 anos de cria\u00e7\u00e3o da Par\u00f3quia do Sagrado Cora\u00e7\u00e3o de Jesus. A Santa Missa foi presidida pelo p\u00e1roco Frei Jorge Paulo Schiavini e foi concelebrada por Frei Ab\u00edlio Antunes do Amaral, nesta sexta-feira,\u00a0 \u00e0s 18 horas.<\/p>\n<p>Com a presen\u00e7a de lideran\u00e7as de movimentos e pastorais, bem como das Irm\u00e3s de Nossa Senhora do Amparo que animaram a missa com a condu\u00e7\u00e3o dos cantos, a celebra\u00e7\u00e3o mensal do Ano Jubilar, ap\u00f3s uma breve pausa no m\u00eas de julho, fez mem\u00f3ria da hist\u00f3ria das imagens santas que adornam a Igreja, como o Sagrado Cora\u00e7\u00e3o de Jesus, o Sagrado Cora\u00e7\u00e3o de Maria, Nossa Senhora das Dores e Nossa Senhora da Imaculada Concei\u00e7\u00e3o.<\/p>\n<p>Antes, por\u00e9m, Frei Jorge iniciou sua reflex\u00e3o discorrendo sobre a Festa da Transfigura\u00e7\u00e3o do Senhor. Segundo o p\u00e1roco, quando Jesus toma consigo os ap\u00f3stolos, Pedro, Tiago e Jo\u00e3o, se manifesta a eles em um momento de intimidade e ora\u00e7\u00e3o. \u201cEssa manifesta\u00e7\u00e3o do Senhor d\u00e1 a eles a experi\u00eancia de Deus, concede tamb\u00e9m a for\u00e7a para que permane\u00e7am com a f\u00e9 viva durante os momentos dif\u00edceis que o Cristo iria passar. Por isso, a transfigura\u00e7\u00e3o \u00e9 tamb\u00e9m um sinal da ressurrei\u00e7\u00e3o\u201d, disse. Para Frei Jorge, todos s\u00e3o convidados para este momento \u00edntimo de ora\u00e7\u00e3o com o Senhor. \u201cEle tamb\u00e9m se transfigura a n\u00f3s atrav\u00e9s dos sacramentos, na eucaristia, nos momentos de ora\u00e7\u00e3o em que nos colocamos de todo o cora\u00e7\u00e3o diante de Deus\u201d, acrescentou.<\/p>\n<p><img loading=\"lazy\" class=\"alignnone wp-image-233597 size-full\" src=\"https:\/\/franciscanos.org.br\/noticias\/wp-content\/uploads\/2021\/08\/petropolis_03.jpg\" alt=\"\" width=\"1280\" height=\"700\" srcset=\"https:\/\/franciscanos.org.br\/noticias\/wp-content\/uploads\/2021\/08\/petropolis_03.jpg 1280w, https:\/\/franciscanos.org.br\/noticias\/wp-content\/uploads\/2021\/08\/petropolis_03-450x246.jpg 450w, https:\/\/franciscanos.org.br\/noticias\/wp-content\/uploads\/2021\/08\/petropolis_03-1024x560.jpg 1024w, https:\/\/franciscanos.org.br\/noticias\/wp-content\/uploads\/2021\/08\/petropolis_03-768x420.jpg 768w, https:\/\/franciscanos.org.br\/noticias\/wp-content\/uploads\/2021\/08\/petropolis_03-150x82.jpg 150w\" sizes=\"(max-width: 1280px) 100vw, 1280px\" \/><\/p>\n<p>\u201cA Transfigura\u00e7\u00e3o \u00e9 uma antecipa\u00e7\u00e3o do esplendor divino que depois vai se manifestar na ressurei\u00e7\u00e3o, na P\u00e1scoa. Vemos que aqueles que sobem o monte com Jesus, s\u00e3o aqueles que aceitaram o seu chamado, que caminharam com ele, que buscaram ouvir a sua palavra e que depois da morte e ressurrei\u00e7\u00e3o s\u00e3o enviados em miss\u00e3o\u201d, disse. \u201cN\u00f3s tamb\u00e9m somos chamados a fazer esse caminho\u201d, destacou.<\/p>\n<p>Frei Jorge explicou que na 1\u00aa sexta-feira de cada m\u00eas, a igreja celebra a devo\u00e7\u00e3o ao Sagrado Cora\u00e7\u00e3o de Jesus e em especial neste ano, a Fraternidade do Sagrado vive o Ano Jubilar. &#8220;Junto com a festa da Transfigura\u00e7\u00e3o, fazemos a mem\u00f3ria da Igreja do Sagrado, onde o Senhor se transfigura para muitas pessoas. Nessa Igreja muitas pessoas fazem a experi\u00eancia de Deus. Por isso, queremos render gra\u00e7as a Deus por este \u2018monte\u2019 que \u00e9 a Igreja do Sagrado Cora\u00e7\u00e3o de Jesus\u201d, sublinhou.<\/p>\n<p><img loading=\"lazy\" class=\"alignnone wp-image-233598 size-full\" src=\"https:\/\/franciscanos.org.br\/noticias\/wp-content\/uploads\/2021\/08\/petropolis_05.jpg\" alt=\"\" width=\"1280\" height=\"880\" srcset=\"https:\/\/franciscanos.org.br\/noticias\/wp-content\/uploads\/2021\/08\/petropolis_05.jpg 1280w, https:\/\/franciscanos.org.br\/noticias\/wp-content\/uploads\/2021\/08\/petropolis_05-450x309.jpg 450w, https:\/\/franciscanos.org.br\/noticias\/wp-content\/uploads\/2021\/08\/petropolis_05-1024x704.jpg 1024w, https:\/\/franciscanos.org.br\/noticias\/wp-content\/uploads\/2021\/08\/petropolis_05-768x528.jpg 768w, https:\/\/franciscanos.org.br\/noticias\/wp-content\/uploads\/2021\/08\/petropolis_05-150x103.jpg 150w, https:\/\/franciscanos.org.br\/noticias\/wp-content\/uploads\/2021\/08\/petropolis_05-320x220.jpg 320w\" sizes=\"(max-width: 1280px) 100vw, 1280px\" \/><\/p>\n<p><strong>O SAGRADO CORA\u00c7\u00c3O DE JESUS<\/strong><\/p>\n<p>Em seguida, Frei Jorge falou sobre a tem\u00e1tica do dia fazendo mem\u00f3ria da hist\u00f3ria das imagens que adornam a Igreja do Sagrado. Segundo o celebrante, o Sagrado remete ao Santo, \u00e0 santidade; o Cora\u00e7\u00e3o, \u00e0 humanidade. \u201cAo cora\u00e7\u00e3o que pulsa, existe um forte s\u00edmbolo de vida, de amor, de aten\u00e7\u00e3o, zelo e de dedica\u00e7\u00e3o. A simbologia do Cora\u00e7\u00e3o de Jesus indica, pois, proximidade, encontro entre Deus e a pessoa, entre o humano e o divino, entre divino e humano\u201d, ressaltou.<\/p>\n<p>O p\u00e1roco explicou que o Sagrado Cora\u00e7\u00e3o de Jesus \u00e9 representado, desde 1877, pela imagem do altar-mor, que foi reconduzida em nicho pr\u00f3prio, e, desde 1892, tamb\u00e9m pelo vitral do Sagrado, ao lado direito de quem entra pelo corredor central.<\/p>\n<p><strong> <img loading=\"lazy\" class=\"alignnone wp-image-233599 size-full\" src=\"https:\/\/franciscanos.org.br\/noticias\/wp-content\/uploads\/2021\/08\/petropolis_01.jpg\" alt=\"\" width=\"1280\" height=\"1372\" srcset=\"https:\/\/franciscanos.org.br\/noticias\/wp-content\/uploads\/2021\/08\/petropolis_01.jpg 1280w, https:\/\/franciscanos.org.br\/noticias\/wp-content\/uploads\/2021\/08\/petropolis_01-420x450.jpg 420w, https:\/\/franciscanos.org.br\/noticias\/wp-content\/uploads\/2021\/08\/petropolis_01-955x1024.jpg 955w, https:\/\/franciscanos.org.br\/noticias\/wp-content\/uploads\/2021\/08\/petropolis_01-768x823.jpg 768w, https:\/\/franciscanos.org.br\/noticias\/wp-content\/uploads\/2021\/08\/petropolis_01-150x161.jpg 150w\" sizes=\"(max-width: 1280px) 100vw, 1280px\" \/><\/strong><\/p>\n<p><strong>MARIA, M\u00c3E DE JESUS E DA IGREJA<\/strong><\/p>\n<p>Na Igreja do Sagrado, a devo\u00e7\u00e3o mariana est\u00e1 representada pelo vitral do Sagrado Cora\u00e7\u00e3o de Maria, que desde 1892 ladeia o Sagrado Cora\u00e7\u00e3o de Jesus. Antigamente, onde hoje \u00e9 a capela do Sant\u00edssimo, havia a Capela de Nossa Senhora das Dores, com a cena alusiva \u00e0 presen\u00e7a de Maria tendo nos bra\u00e7os o Senhor morto, motivo que na tradi\u00e7\u00e3o da arte sacra ficou conhecido como Piet\u00e1. \u201cA dor de Maria \u00e9 tamb\u00e9m a dor das pessoas: a dor das pessoas \u00e9 representada na dor de Maria\u201d, lembrou Frei Jorge.<\/p>\n<p><img loading=\"lazy\" class=\" wp-image-233600 alignright\" src=\"https:\/\/franciscanos.org.br\/noticias\/wp-content\/uploads\/2021\/08\/petropolis_06-450x342.jpg\" alt=\"\" width=\"391\" height=\"296\" srcset=\"https:\/\/franciscanos.org.br\/noticias\/wp-content\/uploads\/2021\/08\/petropolis_06-450x342.jpg 450w, https:\/\/franciscanos.org.br\/noticias\/wp-content\/uploads\/2021\/08\/petropolis_06-150x114.jpg 150w, https:\/\/franciscanos.org.br\/noticias\/wp-content\/uploads\/2021\/08\/petropolis_06.jpg 500w\" sizes=\"(max-width: 391px) 100vw, 391px\" \/>Em uma das reformas na Igreja, decidiu-se pela coloca\u00e7\u00e3o da imagem de Nossa Senhora das Dores na capela dedicada a Santo Ant\u00f4nio de Sant\u2019Ana Galv\u00e3o. \u201cEssa imagem \u00e9 muito expressiva, pois demonstra toda a proximidade de Deus e de Maria\u201d. Tamb\u00e9m \u00e9 centen\u00e1ria, explicou Frei Jorge, lembrando que a cada d\u00e9cada se faz necess\u00e1rio restaurar a imagem, pelo fato de que as pessoas tocam na mesma. \u201cMas o importante \u00e9 que as pessoas se sintam tocadas pelo amor de Deus, pela intercess\u00e3o maternal de Maria\u201d, enfatizou.<\/p>\n<p>\u201cQue possamos sentir, nessa Eucaristia, que celebramos o amor do Sagrado Cora\u00e7\u00e3o que nos sustenta. Que possamos praticar esse amor em nossa vida\u201d, concluiu.<\/p>\n<p>A missa teve continuidade com as preces seguidamente da liturgia eucar\u00edstica. Ap\u00f3s a comunh\u00e3o, Frei Jorge convidou a comunidade para rezar pelos falecidos. A b\u00ean\u00e7\u00e3o final de Frei Ab\u00edlio encerrou a celebra\u00e7\u00e3o que foi transmitida pelo Facebook e YouTube da Par\u00f3quia e pela R\u00e1dio Imperial da cidade.<\/p>\n<hr \/>\n<p><em>Frei Augusto Luiz Gabriel<\/em><\/p>\n","protected":false},"excerpt":{"rendered":"<p>Ano Jubilar na Par\u00f3quia do Sagrado Cora\u00e7\u00e3o de Jesus de Petr\u00f3polis<\/p>\n","protected":false},"author":3,"featured_media":233596,"comment_status":"open","ping_status":"open","sticky":false,"template":"","format":"standard","meta":[],"categories":[1],"tags":[1859,1766],"acf":[],"yoast_head":"<!-- This site is optimized with the Yoast SEO plugin v19.2 - https:\/\/yoast.com\/wordpress\/plugins\/seo\/ -->\n<title>Celebra\u00e7\u00e3o do Ano Jubilar recorda a hist\u00f3ria das imagens que adornam a Igreja do Sagrado - Not\u00edcias - Franciscanos<\/title>\n<meta name=\"robots\" content=\"index, follow, max-snippet:-1, max-image-preview:large, max-video-preview:-1\" \/>\n<link rel=\"canonical\" href=\"https:\/\/franciscanos.org.br\/noticias\/celebracao-do-ano-jubilar-recordam-a-historia-das-imagens-que-adornam-a-igreja-do-sagrado.html\" \/>\n<meta property=\"og:locale\" content=\"pt_BR\" \/>\n<meta property=\"og:type\" content=\"article\" \/>\n<meta property=\"og:title\" content=\"Celebra\u00e7\u00e3o do Ano Jubilar recorda a hist\u00f3ria das imagens que adornam a Igreja do Sagrado - Not\u00edcias - Franciscanos\" \/>\n<meta property=\"og:description\" content=\"Ano Jubilar na Par\u00f3quia do Sagrado Cora\u00e7\u00e3o de Jesus de Petr\u00f3polis\" \/>\n<meta property=\"og:url\" content=\"https:\/\/franciscanos.org.br\/noticias\/celebracao-do-ano-jubilar-recordam-a-historia-das-imagens-que-adornam-a-igreja-do-sagrado.html\" \/>\n<meta property=\"og:site_name\" content=\"Not\u00edcias - Franciscanos\" \/>\n<meta property=\"article:published_time\" content=\"2021-08-07T08:37:42+00:00\" \/>\n<meta property=\"article:modified_time\" content=\"2021-08-07T08:44:13+00:00\" \/>\n<meta property=\"og:image\" content=\"https:\/\/franciscanos.org.br\/noticias\/wp-content\/uploads\/2021\/08\/petropolis_04d.jpg\" \/>\n\t<meta property=\"og:image:width\" content=\"800\" \/>\n\t<meta property=\"og:image:height\" content=\"550\" \/>\n\t<meta property=\"og:image:type\" content=\"image\/jpeg\" \/>\n<meta name=\"author\" content=\"moacir\" \/>\n<meta name=\"twitter:card\" content=\"summary_large_image\" \/>\n<meta name=\"twitter:label1\" content=\"Escrito por\" \/>\n\t<meta name=\"twitter:data1\" content=\"moacir\" \/>\n\t<meta name=\"twitter:label2\" content=\"Est. tempo de leitura\" \/>\n\t<meta name=\"twitter:data2\" content=\"4 minutos\" \/>\n<script type=\"application\/ld+json\" class=\"yoast-schema-graph\">{\"@context\":\"https:\/\/schema.org\",\"@graph\":[{\"@type\":\"WebSite\",\"@id\":\"https:\/\/franciscanos.org.br\/noticias\/#website\",\"url\":\"https:\/\/franciscanos.org.br\/noticias\/\",\"name\":\"Not\u00edcias - Franciscanos\",\"description\":\"Prov\u00edncia Franciscana da Imaculada Concei\u00e7\u00e3o do Brasil - Ordem dos Frades Menores - OFM\",\"potentialAction\":[{\"@type\":\"SearchAction\",\"target\":{\"@type\":\"EntryPoint\",\"urlTemplate\":\"https:\/\/franciscanos.org.br\/noticias\/?s={search_term_string}\"},\"query-input\":\"required name=search_term_string\"}],\"inLanguage\":\"pt-BR\"},{\"@type\":\"ImageObject\",\"inLanguage\":\"pt-BR\",\"@id\":\"https:\/\/franciscanos.org.br\/noticias\/celebracao-do-ano-jubilar-recordam-a-historia-das-imagens-que-adornam-a-igreja-do-sagrado.html#primaryimage\",\"url\":\"https:\/\/franciscanos.org.br\/noticias\/wp-content\/uploads\/2021\/08\/petropolis_04d.jpg\",\"contentUrl\":\"https:\/\/franciscanos.org.br\/noticias\/wp-content\/uploads\/2021\/08\/petropolis_04d.jpg\",\"width\":800,\"height\":550},{\"@type\":\"WebPage\",\"@id\":\"https:\/\/franciscanos.org.br\/noticias\/celebracao-do-ano-jubilar-recordam-a-historia-das-imagens-que-adornam-a-igreja-do-sagrado.html#webpage\",\"url\":\"https:\/\/franciscanos.org.br\/noticias\/celebracao-do-ano-jubilar-recordam-a-historia-das-imagens-que-adornam-a-igreja-do-sagrado.html\",\"name\":\"Celebra\u00e7\u00e3o do Ano Jubilar recorda a hist\u00f3ria das imagens que adornam a Igreja do Sagrado - Not\u00edcias - Franciscanos\",\"isPartOf\":{\"@id\":\"https:\/\/franciscanos.org.br\/noticias\/#website\"},\"primaryImageOfPage\":{\"@id\":\"https:\/\/franciscanos.org.br\/noticias\/celebracao-do-ano-jubilar-recordam-a-historia-das-imagens-que-adornam-a-igreja-do-sagrado.html#primaryimage\"},\"datePublished\":\"2021-08-07T08:37:42+00:00\",\"dateModified\":\"2021-08-07T08:44:13+00:00\",\"author\":{\"@id\":\"https:\/\/franciscanos.org.br\/noticias\/#\/schema\/person\/b5c8cba458c330ccff548b056e95a5d4\"},\"breadcrumb\":{\"@id\":\"https:\/\/franciscanos.org.br\/noticias\/celebracao-do-ano-jubilar-recordam-a-historia-das-imagens-que-adornam-a-igreja-do-sagrado.html#breadcrumb\"},\"inLanguage\":\"pt-BR\",\"potentialAction\":[{\"@type\":\"ReadAction\",\"target\":[\"https:\/\/franciscanos.org.br\/noticias\/celebracao-do-ano-jubilar-recordam-a-historia-das-imagens-que-adornam-a-igreja-do-sagrado.html\"]}]},{\"@type\":\"BreadcrumbList\",\"@id\":\"https:\/\/franciscanos.org.br\/noticias\/celebracao-do-ano-jubilar-recordam-a-historia-das-imagens-que-adornam-a-igreja-do-sagrado.html#breadcrumb\",\"itemListElement\":[{\"@type\":\"ListItem\",\"position\":1,\"name\":\"Home\",\"item\":\"https:\/\/franciscanos.org.br\/noticias\"},{\"@type\":\"ListItem\",\"position\":2,\"name\":\"Celebra\u00e7\u00e3o do Ano Jubilar recorda a hist\u00f3ria das imagens que adornam a Igreja do Sagrado\"}]},{\"@type\":\"Person\",\"@id\":\"https:\/\/franciscanos.org.br\/noticias\/#\/schema\/person\/b5c8cba458c330ccff548b056e95a5d4\",\"name\":\"moacir\",\"image\":{\"@type\":\"ImageObject\",\"inLanguage\":\"pt-BR\",\"@id\":\"https:\/\/franciscanos.org.br\/noticias\/#\/schema\/person\/image\/\",\"url\":\"https:\/\/secure.gravatar.com\/avatar\/d08aa2ce4c8dd416d4479aa8536fcf64?s=96&d=mm&r=g\",\"contentUrl\":\"https:\/\/secure.gravatar.com\/avatar\/d08aa2ce4c8dd416d4479aa8536fcf64?s=96&d=mm&r=g\",\"caption\":\"moacir\"},\"url\":\"https:\/\/franciscanos.org.br\/noticias\/author\/moacir\"}]}<\/script>\n<!-- \/ Yoast SEO plugin. -->","yoast_head_json":{"title":"Celebra\u00e7\u00e3o do Ano Jubilar recorda a hist\u00f3ria das imagens que adornam a Igreja do Sagrado - Not\u00edcias - Franciscanos","robots":{"index":"index","follow":"follow","max-snippet":"max-snippet:-1","max-image-preview":"max-image-preview:large","max-video-preview":"max-video-preview:-1"},"canonical":"https:\/\/franciscanos.org.br\/noticias\/celebracao-do-ano-jubilar-recordam-a-historia-das-imagens-que-adornam-a-igreja-do-sagrado.html","og_locale":"pt_BR","og_type":"article","og_title":"Celebra\u00e7\u00e3o do Ano Jubilar recorda a hist\u00f3ria das imagens que adornam a Igreja do Sagrado - Not\u00edcias - Franciscanos","og_description":"Ano Jubilar na Par\u00f3quia do Sagrado Cora\u00e7\u00e3o de Jesus de Petr\u00f3polis","og_url":"https:\/\/franciscanos.org.br\/noticias\/celebracao-do-ano-jubilar-recordam-a-historia-das-imagens-que-adornam-a-igreja-do-sagrado.html","og_site_name":"Not\u00edcias - Franciscanos","article_published_time":"2021-08-07T08:37:42+00:00","article_modified_time":"2021-08-07T08:44:13+00:00","og_image":[{"width":800,"height":550,"url":"https:\/\/franciscanos.org.br\/noticias\/wp-content\/uploads\/2021\/08\/petropolis_04d.jpg","type":"image\/jpeg"}],"author":"moacir","twitter_card":"summary_large_image","twitter_misc":{"Escrito por":"moacir","Est. tempo de leitura":"4 minutos"},"schema":{"@context":"https:\/\/schema.org","@graph":[{"@type":"WebSite","@id":"https:\/\/franciscanos.org.br\/noticias\/#website","url":"https:\/\/franciscanos.org.br\/noticias\/","name":"Not\u00edcias - Franciscanos","description":"Prov\u00edncia Franciscana da Imaculada Concei\u00e7\u00e3o do Brasil - Ordem dos Frades Menores - OFM","potentialAction":[{"@type":"SearchAction","target":{"@type":"EntryPoint","urlTemplate":"https:\/\/franciscanos.org.br\/noticias\/?s={search_term_string}"},"query-input":"required name=search_term_string"}],"inLanguage":"pt-BR"},{"@type":"ImageObject","inLanguage":"pt-BR","@id":"https:\/\/franciscanos.org.br\/noticias\/celebracao-do-ano-jubilar-recordam-a-historia-das-imagens-que-adornam-a-igreja-do-sagrado.html#primaryimage","url":"https:\/\/franciscanos.org.br\/noticias\/wp-content\/uploads\/2021\/08\/petropolis_04d.jpg","contentUrl":"https:\/\/franciscanos.org.br\/noticias\/wp-content\/uploads\/2021\/08\/petropolis_04d.jpg","width":800,"height":550},{"@type":"WebPage","@id":"https:\/\/franciscanos.org.br\/noticias\/celebracao-do-ano-jubilar-recordam-a-historia-das-imagens-que-adornam-a-igreja-do-sagrado.html#webpage","url":"https:\/\/franciscanos.org.br\/noticias\/celebracao-do-ano-jubilar-recordam-a-historia-das-imagens-que-adornam-a-igreja-do-sagrado.html","name":"Celebra\u00e7\u00e3o do Ano Jubilar recorda a hist\u00f3ria das imagens que adornam a Igreja do Sagrado - Not\u00edcias - Franciscanos","isPartOf":{"@id":"https:\/\/franciscanos.org.br\/noticias\/#website"},"primaryImageOfPage":{"@id":"https:\/\/franciscanos.org.br\/noticias\/celebracao-do-ano-jubilar-recordam-a-historia-das-imagens-que-adornam-a-igreja-do-sagrado.html#primaryimage"},"datePublished":"2021-08-07T08:37:42+00:00","dateModified":"2021-08-07T08:44:13+00:00","author":{"@id":"https:\/\/franciscanos.org.br\/noticias\/#\/schema\/person\/b5c8cba458c330ccff548b056e95a5d4"},"breadcrumb":{"@id":"https:\/\/franciscanos.org.br\/noticias\/celebracao-do-ano-jubilar-recordam-a-historia-das-imagens-que-adornam-a-igreja-do-sagrado.html#breadcrumb"},"inLanguage":"pt-BR","potentialAction":[{"@type":"ReadAction","target":["https:\/\/franciscanos.org.br\/noticias\/celebracao-do-ano-jubilar-recordam-a-historia-das-imagens-que-adornam-a-igreja-do-sagrado.html"]}]},{"@type":"BreadcrumbList","@id":"https:\/\/franciscanos.org.br\/noticias\/celebracao-do-ano-jubilar-recordam-a-historia-das-imagens-que-adornam-a-igreja-do-sagrado.html#breadcrumb","itemListElement":[{"@type":"ListItem","position":1,"name":"Home","item":"https:\/\/franciscanos.org.br\/noticias"},{"@type":"ListItem","position":2,"name":"Celebra\u00e7\u00e3o do Ano Jubilar recorda a hist\u00f3ria das imagens que adornam a Igreja do Sagrado"}]},{"@type":"Person","@id":"https:\/\/franciscanos.org.br\/noticias\/#\/schema\/person\/b5c8cba458c330ccff548b056e95a5d4","name":"moacir","image":{"@type":"ImageObject","inLanguage":"pt-BR","@id":"https:\/\/franciscanos.org.br\/noticias\/#\/schema\/person\/image\/","url":"https:\/\/secure.gravatar.com\/avatar\/d08aa2ce4c8dd416d4479aa8536fcf64?s=96&d=mm&r=g","contentUrl":"https:\/\/secure.gravatar.com\/avatar\/d08aa2ce4c8dd416d4479aa8536fcf64?s=96&d=mm&r=g","caption":"moacir"},"url":"https:\/\/franciscanos.org.br\/noticias\/author\/moacir"}]}},"_links":{"self":[{"href":"https:\/\/franciscanos.org.br\/noticias\/wp-json\/wp\/v2\/posts\/233594"}],"collection":[{"href":"https:\/\/franciscanos.org.br\/noticias\/wp-json\/wp\/v2\/posts"}],"about":[{"href":"https:\/\/franciscanos.org.br\/noticias\/wp-json\/wp\/v2\/types\/post"}],"author":[{"embeddable":true,"href":"https:\/\/franciscanos.org.br\/noticias\/wp-json\/wp\/v2\/users\/3"}],"replies":[{"embeddable":true,"href":"https:\/\/franciscanos.org.br\/noticias\/wp-json\/wp\/v2\/comments?post=233594"}],"version-history":[{"count":4,"href":"https:\/\/franciscanos.org.br\/noticias\/wp-json\/wp\/v2\/posts\/233594\/revisions"}],"predecessor-version":[{"id":233604,"href":"https:\/\/franciscanos.org.br\/noticias\/wp-json\/wp\/v2\/posts\/233594\/revisions\/233604"}],"wp:featuredmedia":[{"embeddable":true,"href":"https:\/\/franciscanos.org.br\/noticias\/wp-json\/wp\/v2\/media\/233596"}],"wp:attachment":[{"href":"https:\/\/franciscanos.org.br\/noticias\/wp-json\/wp\/v2\/media?parent=233594"}],"wp:term":[{"taxonomy":"category","embeddable":true,"href":"https:\/\/franciscanos.org.br\/noticias\/wp-json\/wp\/v2\/categories?post=233594"},{"taxonomy":"post_tag","embeddable":true,"href":"https:\/\/franciscanos.org.br\/noticias\/wp-json\/wp\/v2\/tags?post=233594"}],"curies":[{"name":"wp","href":"https:\/\/api.w.org\/{rel}","templated":true}]}}