{"id":233575,"date":"2021-08-04T19:42:09","date_gmt":"2021-08-04T22:42:09","guid":{"rendered":"https:\/\/franciscanos.org.br\/noticias\/?p=233575"},"modified":"2021-08-04T20:13:53","modified_gmt":"2021-08-04T23:13:53","slug":"frei-fidencio-toma-posse-com-mensagem-de-esperanca","status":"publish","type":"post","link":"https:\/\/franciscanos.org.br\/noticias\/frei-fidencio-toma-posse-com-mensagem-de-esperanca.html","title":{"rendered":"Frei Fid\u00eancio toma posse com mensagem de esperan\u00e7a"},"content":{"rendered":"<p><img loading=\"lazy\" class=\"alignnone wp-image-233576 size-full\" src=\"https:\/\/franciscanos.org.br\/noticias\/wp-content\/uploads\/2021\/08\/posse_01.jpg\" alt=\"\" width=\"1280\" height=\"720\" srcset=\"https:\/\/franciscanos.org.br\/noticias\/wp-content\/uploads\/2021\/08\/posse_01.jpg 1280w, https:\/\/franciscanos.org.br\/noticias\/wp-content\/uploads\/2021\/08\/posse_01-450x253.jpg 450w, https:\/\/franciscanos.org.br\/noticias\/wp-content\/uploads\/2021\/08\/posse_01-1024x576.jpg 1024w, https:\/\/franciscanos.org.br\/noticias\/wp-content\/uploads\/2021\/08\/posse_01-768x432.jpg 768w, https:\/\/franciscanos.org.br\/noticias\/wp-content\/uploads\/2021\/08\/posse_01-150x84.jpg 150w\" sizes=\"(max-width: 1280px) 100vw, 1280px\" \/><\/p>\n<p>Frei Fid\u00eancio Vanboemmel tomou posse nesta quarta-feira, 4 de agosto, como Ministro Provincial da Prov\u00edncia da Imaculada Concei\u00e7\u00e3o do Brasil, depois de ser eleito por unanimidade na reuni\u00e3o do Definit\u00f3rio Provincial. Esta \u00e9 a terceira vez que os seus confrades o escolhem para este servi\u00e7o. Na primeira vez cumpriu um mandato de seis anos, de 2010 a 2015, e quando j\u00e1 estava de &#8216;malas prontas&#8217;, novamente seus confrades o elegeram para mais tr\u00eas anos: de 2016 a 2018. O terceiro chamado veio hoje de manh\u00e3, quando celebrava a Missa das 10 horas no Convento S\u00e3o Francisco. &#8220;N\u00e3o esperava essa elei\u00e7\u00e3o, embora fui consultado se poderia prestar colabora\u00e7\u00e3o nessa fase de transi\u00e7\u00e3o. Havia dito que pela experi\u00eancia vivida nesses nove anos como Ministro Provincial me colocava \u00e0 disposi\u00e7\u00e3o para auxiliar naquilo que fosse necess\u00e1rio&#8221;, contou Frei Fid\u00eancio, revelando que ainda hoje de manh\u00e3 havia partilhado com Frei M\u00e1rio (Tagliari), que \u00e9 Definidor, que se pudesse evitar, ele preferia. &#8220;Quando Frei Gustavo (Medella) me ligou, senti um frio na barriga. Eu at\u00e9 cheguei a falar: &#8216;Posso pensar um pouco?&#8217; Ele disse: &#8216;N\u00e3o, j\u00e1 est\u00e1 eleito. Foi unanimidade no Definit\u00f3rio&#8217;. Naquele momento, minhas pernas ficaram moles. Eu pensei que ainda perguntariam se poderia aceitar ou n\u00e3o&#8221;, confessou.<\/p>\n<p>Perguntado se essa confian\u00e7a dada pelos frades o deixava feliz, disse que ela \u00e9 rec\u00edproca. &#8220;Ent\u00e3o, se depositam confian\u00e7a em mim, devo transmitir isso \u00e0 Fraternidade Provincial e que eles sintam isso para trabalharmos juntos. Eu tenho minhas limita\u00e7\u00f5es, e s\u00e3o muitas, tudo mundo sabe disso, mas no meio de tudo isso \u00e9 importante a gente ter clareza do nosso projeto evang\u00e9lico como uma miss\u00e3o que a Prov\u00edncia tem nas casas e nas diferentes Frentes de Evangeliza\u00e7\u00e3o&#8221;, explicou Frei Fid\u00eancio.<\/p>\n<p>Segundo ele, sua busca foi se lan\u00e7ar integralmente na miss\u00e3o que lhe foi confiada depois que encerrou os nove anos como Ministro provincial. &#8220;Esse tempo fora do governo procurei, de fato, voltar a ser frade na Fraternidade. Sinto muito deixar o Convento S\u00e3o Francisco, que agora \u00e9 uma casa de encontros e retiros. Tinha uma paix\u00e3o pelo local, pelo trabalho, pela presen\u00e7a, pelas confiss\u00f5es, pela OFS&#8221;, declarou. Frei Fid\u00eancio era Vig\u00e1rio da Casa no Convento S\u00e3o Francisco e Moderador da Forma\u00e7\u00e3o Permanente.<\/p>\n<p>Na entrevista quando encerrava o seu \u00faltimo mandato, usou quatro verbos para responder \u00e0 pergunta que conselhos daria ao novo Ministro Provincial: &#8220;Abra\u00e7ar com coragem e f\u00e9 o servi\u00e7o que a Fraternidade lhe confia; Acreditar que nunca se est\u00e1 sozinho: o Esp\u00edrito Santo \u00e9 conselheiro maior que age em comunh\u00e3o com o corpo dos definidores; Confiar em Deus e nunca tomar decis\u00f5es precipitadas. Mesmo quando se perde um pouco do sono, Deus sempre aponta uma sa\u00edda; Guardar os segredos necess\u00e1rios, e quando n\u00e3o mais houver espa\u00e7o no seu cora\u00e7\u00e3o, deposit\u00e1-los no cora\u00e7\u00e3o misericordioso do Senhor&#8221;. Agora, perguntado se continua valendo esses conselhos para ele, disse que sem d\u00favida alguma tem a mesma validade. &#8220;S\u00e3o princ\u00edpios. A quest\u00e3o \u00e9 acreditar e me lan\u00e7ar naquilo que Deus me prop\u00f5e. Ent\u00e3o, esses verbos continuam atuais e vou ter que conjug\u00e1-los, quem sabe, de uma nova forma, mesmo que seja por uma mandato-tamp\u00e3o&#8221;, observou.<\/p>\n\n\t\t<style type=\"text\/css\">\n\t\t\t#gallery-1 {\n\t\t\t\tmargin: auto;\n\t\t\t}\n\t\t\t#gallery-1 .gallery-item {\n\t\t\t\tfloat: left;\n\t\t\t\tmargin-top: 10px;\n\t\t\t\ttext-align: center;\n\t\t\t\twidth: 33%;\n\t\t\t}\n\t\t\t#gallery-1 img {\n\t\t\t\tborder: 2px solid #cfcfcf;\n\t\t\t}\n\t\t\t#gallery-1 .gallery-caption {\n\t\t\t\tmargin-left: 0;\n\t\t\t}\n\t\t\t\/* see gallery_shortcode() in wp-includes\/media.php *\/\n\t\t<\/style>\n\t\t<div id='gallery-1' class='gallery galleryid-233575 gallery-columns-3 gallery-size-thumbnail'><dl class='gallery-item'>\n\t\t\t<dt class='gallery-icon landscape'>\n\t\t\t\t<a href='https:\/\/franciscanos.org.br\/noticias\/wp-content\/uploads\/2021\/08\/posse_1.jpg'><img width=\"300\" height=\"300\" src=\"https:\/\/franciscanos.org.br\/noticias\/wp-content\/uploads\/2021\/08\/posse_1-300x300.jpg\" class=\"attachment-thumbnail size-thumbnail\" alt=\"\" loading=\"lazy\" srcset=\"https:\/\/franciscanos.org.br\/noticias\/wp-content\/uploads\/2021\/08\/posse_1-300x300.jpg 300w, https:\/\/franciscanos.org.br\/noticias\/wp-content\/uploads\/2021\/08\/posse_1-100x100.jpg 100w\" sizes=\"(max-width: 300px) 100vw, 300px\" \/><\/a>\n\t\t\t<\/dt><\/dl><dl class='gallery-item'>\n\t\t\t<dt class='gallery-icon landscape'>\n\t\t\t\t<a href='https:\/\/franciscanos.org.br\/noticias\/wp-content\/uploads\/2021\/08\/posse_2.jpg'><img width=\"300\" height=\"300\" src=\"https:\/\/franciscanos.org.br\/noticias\/wp-content\/uploads\/2021\/08\/posse_2-300x300.jpg\" class=\"attachment-thumbnail size-thumbnail\" alt=\"\" loading=\"lazy\" srcset=\"https:\/\/franciscanos.org.br\/noticias\/wp-content\/uploads\/2021\/08\/posse_2-300x300.jpg 300w, https:\/\/franciscanos.org.br\/noticias\/wp-content\/uploads\/2021\/08\/posse_2-100x100.jpg 100w\" sizes=\"(max-width: 300px) 100vw, 300px\" \/><\/a>\n\t\t\t<\/dt><\/dl><dl class='gallery-item'>\n\t\t\t<dt class='gallery-icon landscape'>\n\t\t\t\t<a href='https:\/\/franciscanos.org.br\/noticias\/wp-content\/uploads\/2021\/08\/posse_3.jpg'><img width=\"300\" height=\"300\" src=\"https:\/\/franciscanos.org.br\/noticias\/wp-content\/uploads\/2021\/08\/posse_3-300x300.jpg\" class=\"attachment-thumbnail size-thumbnail\" alt=\"\" loading=\"lazy\" srcset=\"https:\/\/franciscanos.org.br\/noticias\/wp-content\/uploads\/2021\/08\/posse_3-300x300.jpg 300w, https:\/\/franciscanos.org.br\/noticias\/wp-content\/uploads\/2021\/08\/posse_3-100x100.jpg 100w\" sizes=\"(max-width: 300px) 100vw, 300px\" \/><\/a>\n\t\t\t<\/dt><\/dl><br style=\"clear: both\" \/>\n\t\t<\/div>\n\n<p>Para o Ministro Provincial, esse pouco tempo \u00e0 frente do governo n\u00e3o pode ser uma &#8220;procrastina\u00e7\u00e3o&#8221;. &#8220;O Cap\u00edtulo vem a\u00ed e \u00e9 importante preparar bem a Fraternidade Provincial para a elei\u00e7\u00e3o do novo provincial, do novo governo, das propostas que v\u00eam da Ordem, do nosso Plano de Evangeliza\u00e7\u00e3o com seus desafios, e daquilo que a Comiss\u00e3o Preparat\u00f3ria est\u00e1 trabalhando e que veio das bases&#8221;, acredita, lembrando a import\u00e2ncia de Frei C\u00e9sar K\u00fclkamp como Visitador da Prov\u00edncia, para dar continuidade \u00e0 Visita Can\u00f4nica que j\u00e1 tinha iniciado: &#8220;Ent\u00e3o, de certa forma, as decis\u00f5es ser\u00e3o tomadas com Frei C\u00e9sar, que est\u00e1 aqui em nome do Ministro Geral&#8221;.<\/p>\n<p>Neste tempo de pandemia e discernimento, Frei Fid\u00eancio deixou a seguinte mensagem aos frades: &#8220;A minha mensagem, em primeiro lugar, \u00e9 de esperan\u00e7a porque n\u00f3s vivemos, praticamente nesses dois \u00faltimos anos, todas as problem\u00e1ticas da pandemia. Perdemos frades, perdemos paroquianos, pessoas pr\u00f3ximas de n\u00f3s. Ent\u00e3o, acho que temos de renascer de novo. Vejo muito isso e at\u00e9 coloquei esse tema na Novena de Santa Clara do Largo S\u00e3o Francisco, pensando em Santa Clara como luz para a nova humanidade. Acho que temos de retomar aquele projeto origin\u00e1rio &#8220;O Dom da Voca\u00e7\u00e3o&#8221; e sermos novamente uma nova luz e esperan\u00e7a para que haja uma nova humanidade. Em primeiro lugar entre n\u00f3s mesmos, como irm\u00e3os em fraternidade, reanimar a pr\u00f3pria voca\u00e7\u00e3o e sermos esperan\u00e7a de uma nova humanidade. Acho que o Papa Francisco tem falado muito isso. N\u00e3o podemos sair dessa pandemia do jeito que est\u00e1vamos, quer dizer, ou vamos sair piores ou melhores. A minha mensagem \u00e9 que a gente abrace, juntos, o nosso projeto evang\u00e9lico para construirmos uma nova humanidade na Prov\u00edncia, com coragem prof\u00e9tica, com ousadia, com paix\u00e3o pelo Evangelho, com paix\u00e3o pela evangeliza\u00e7\u00e3o. Temos muitos enfermos e doentes, mesmo assim n\u00e3o podemos desanimar, n\u00e3o podemos perder a for\u00e7a, perder a alegria de viver. Pelo contr\u00e1rio, temos que abra\u00e7ar ainda com mais paix\u00e3o essa humanidade. Eu me lembro que citava, num momento de forma\u00e7\u00e3o permanente, que uma secret\u00e1ria na Confer\u00eancia Episcopal Italiana falou que se continuarmos a usar o mesmo discurso de antes, o povo n\u00e3o ir\u00e1 mais nos escutar. Isso foi muito forte e me chamou a aten\u00e7\u00e3o. Ent\u00e3o temos que ter uma resposta, principalmente para essa humanidade diante dos grandes desafios sociais, pol\u00edticos, econ\u00f4micos, religiosos e diante de tanto radicalismos&#8221;, completou.<\/p>\n<hr \/>\n<p><em>Moacir Beggo<\/em><\/p>\n","protected":false},"excerpt":{"rendered":"<p>Novo Ministro Provincial<\/p>\n","protected":false},"author":3,"featured_media":233577,"comment_status":"open","ping_status":"open","sticky":false,"template":"","format":"standard","meta":[],"categories":[1],"tags":[1883,366,306],"acf":[],"yoast_head":"<!-- This site is optimized with the Yoast SEO plugin v19.2 - https:\/\/yoast.com\/wordpress\/plugins\/seo\/ -->\n<title>Frei Fid\u00eancio toma posse com mensagem de esperan\u00e7a - Not\u00edcias - Franciscanos<\/title>\n<meta name=\"robots\" content=\"index, follow, max-snippet:-1, max-image-preview:large, max-video-preview:-1\" \/>\n<link rel=\"canonical\" href=\"https:\/\/franciscanos.org.br\/noticias\/frei-fidencio-toma-posse-com-mensagem-de-esperanca.html\" \/>\n<meta property=\"og:locale\" content=\"pt_BR\" \/>\n<meta property=\"og:type\" content=\"article\" \/>\n<meta property=\"og:title\" content=\"Frei Fid\u00eancio toma posse com mensagem de esperan\u00e7a - Not\u00edcias - Franciscanos\" \/>\n<meta property=\"og:description\" content=\"Novo Ministro Provincial\" \/>\n<meta property=\"og:url\" content=\"https:\/\/franciscanos.org.br\/noticias\/frei-fidencio-toma-posse-com-mensagem-de-esperanca.html\" \/>\n<meta property=\"og:site_name\" content=\"Not\u00edcias - Franciscanos\" \/>\n<meta property=\"article:published_time\" content=\"2021-08-04T22:42:09+00:00\" \/>\n<meta property=\"article:modified_time\" content=\"2021-08-04T23:13:53+00:00\" \/>\n<meta property=\"og:image\" content=\"https:\/\/franciscanos.org.br\/noticias\/wp-content\/uploads\/2021\/08\/posse_01d.jpg\" \/>\n\t<meta property=\"og:image:width\" content=\"800\" \/>\n\t<meta property=\"og:image:height\" content=\"550\" \/>\n\t<meta property=\"og:image:type\" content=\"image\/jpeg\" \/>\n<meta name=\"author\" content=\"moacir\" \/>\n<meta name=\"twitter:card\" content=\"summary_large_image\" \/>\n<meta name=\"twitter:label1\" content=\"Escrito por\" \/>\n\t<meta name=\"twitter:data1\" content=\"moacir\" \/>\n\t<meta name=\"twitter:label2\" content=\"Est. tempo de leitura\" \/>\n\t<meta name=\"twitter:data2\" content=\"5 minutos\" \/>\n<script type=\"application\/ld+json\" class=\"yoast-schema-graph\">{\"@context\":\"https:\/\/schema.org\",\"@graph\":[{\"@type\":\"WebSite\",\"@id\":\"https:\/\/franciscanos.org.br\/noticias\/#website\",\"url\":\"https:\/\/franciscanos.org.br\/noticias\/\",\"name\":\"Not\u00edcias - Franciscanos\",\"description\":\"Prov\u00edncia Franciscana da Imaculada Concei\u00e7\u00e3o do Brasil - Ordem dos Frades Menores - OFM\",\"potentialAction\":[{\"@type\":\"SearchAction\",\"target\":{\"@type\":\"EntryPoint\",\"urlTemplate\":\"https:\/\/franciscanos.org.br\/noticias\/?s={search_term_string}\"},\"query-input\":\"required name=search_term_string\"}],\"inLanguage\":\"pt-BR\"},{\"@type\":\"ImageObject\",\"inLanguage\":\"pt-BR\",\"@id\":\"https:\/\/franciscanos.org.br\/noticias\/frei-fidencio-toma-posse-com-mensagem-de-esperanca.html#primaryimage\",\"url\":\"https:\/\/franciscanos.org.br\/noticias\/wp-content\/uploads\/2021\/08\/posse_01d.jpg\",\"contentUrl\":\"https:\/\/franciscanos.org.br\/noticias\/wp-content\/uploads\/2021\/08\/posse_01d.jpg\",\"width\":800,\"height\":550},{\"@type\":\"WebPage\",\"@id\":\"https:\/\/franciscanos.org.br\/noticias\/frei-fidencio-toma-posse-com-mensagem-de-esperanca.html#webpage\",\"url\":\"https:\/\/franciscanos.org.br\/noticias\/frei-fidencio-toma-posse-com-mensagem-de-esperanca.html\",\"name\":\"Frei Fid\u00eancio toma posse com mensagem de esperan\u00e7a - Not\u00edcias - Franciscanos\",\"isPartOf\":{\"@id\":\"https:\/\/franciscanos.org.br\/noticias\/#website\"},\"primaryImageOfPage\":{\"@id\":\"https:\/\/franciscanos.org.br\/noticias\/frei-fidencio-toma-posse-com-mensagem-de-esperanca.html#primaryimage\"},\"datePublished\":\"2021-08-04T22:42:09+00:00\",\"dateModified\":\"2021-08-04T23:13:53+00:00\",\"author\":{\"@id\":\"https:\/\/franciscanos.org.br\/noticias\/#\/schema\/person\/b5c8cba458c330ccff548b056e95a5d4\"},\"breadcrumb\":{\"@id\":\"https:\/\/franciscanos.org.br\/noticias\/frei-fidencio-toma-posse-com-mensagem-de-esperanca.html#breadcrumb\"},\"inLanguage\":\"pt-BR\",\"potentialAction\":[{\"@type\":\"ReadAction\",\"target\":[\"https:\/\/franciscanos.org.br\/noticias\/frei-fidencio-toma-posse-com-mensagem-de-esperanca.html\"]}]},{\"@type\":\"BreadcrumbList\",\"@id\":\"https:\/\/franciscanos.org.br\/noticias\/frei-fidencio-toma-posse-com-mensagem-de-esperanca.html#breadcrumb\",\"itemListElement\":[{\"@type\":\"ListItem\",\"position\":1,\"name\":\"Home\",\"item\":\"https:\/\/franciscanos.org.br\/noticias\"},{\"@type\":\"ListItem\",\"position\":2,\"name\":\"Frei Fid\u00eancio toma posse com mensagem de esperan\u00e7a\"}]},{\"@type\":\"Person\",\"@id\":\"https:\/\/franciscanos.org.br\/noticias\/#\/schema\/person\/b5c8cba458c330ccff548b056e95a5d4\",\"name\":\"moacir\",\"image\":{\"@type\":\"ImageObject\",\"inLanguage\":\"pt-BR\",\"@id\":\"https:\/\/franciscanos.org.br\/noticias\/#\/schema\/person\/image\/\",\"url\":\"https:\/\/secure.gravatar.com\/avatar\/d08aa2ce4c8dd416d4479aa8536fcf64?s=96&d=mm&r=g\",\"contentUrl\":\"https:\/\/secure.gravatar.com\/avatar\/d08aa2ce4c8dd416d4479aa8536fcf64?s=96&d=mm&r=g\",\"caption\":\"moacir\"},\"url\":\"https:\/\/franciscanos.org.br\/noticias\/author\/moacir\"}]}<\/script>\n<!-- \/ Yoast SEO plugin. -->","yoast_head_json":{"title":"Frei Fid\u00eancio toma posse com mensagem de esperan\u00e7a - Not\u00edcias - Franciscanos","robots":{"index":"index","follow":"follow","max-snippet":"max-snippet:-1","max-image-preview":"max-image-preview:large","max-video-preview":"max-video-preview:-1"},"canonical":"https:\/\/franciscanos.org.br\/noticias\/frei-fidencio-toma-posse-com-mensagem-de-esperanca.html","og_locale":"pt_BR","og_type":"article","og_title":"Frei Fid\u00eancio toma posse com mensagem de esperan\u00e7a - Not\u00edcias - Franciscanos","og_description":"Novo Ministro Provincial","og_url":"https:\/\/franciscanos.org.br\/noticias\/frei-fidencio-toma-posse-com-mensagem-de-esperanca.html","og_site_name":"Not\u00edcias - Franciscanos","article_published_time":"2021-08-04T22:42:09+00:00","article_modified_time":"2021-08-04T23:13:53+00:00","og_image":[{"width":800,"height":550,"url":"https:\/\/franciscanos.org.br\/noticias\/wp-content\/uploads\/2021\/08\/posse_01d.jpg","type":"image\/jpeg"}],"author":"moacir","twitter_card":"summary_large_image","twitter_misc":{"Escrito por":"moacir","Est. tempo de leitura":"5 minutos"},"schema":{"@context":"https:\/\/schema.org","@graph":[{"@type":"WebSite","@id":"https:\/\/franciscanos.org.br\/noticias\/#website","url":"https:\/\/franciscanos.org.br\/noticias\/","name":"Not\u00edcias - Franciscanos","description":"Prov\u00edncia Franciscana da Imaculada Concei\u00e7\u00e3o do Brasil - Ordem dos Frades Menores - OFM","potentialAction":[{"@type":"SearchAction","target":{"@type":"EntryPoint","urlTemplate":"https:\/\/franciscanos.org.br\/noticias\/?s={search_term_string}"},"query-input":"required name=search_term_string"}],"inLanguage":"pt-BR"},{"@type":"ImageObject","inLanguage":"pt-BR","@id":"https:\/\/franciscanos.org.br\/noticias\/frei-fidencio-toma-posse-com-mensagem-de-esperanca.html#primaryimage","url":"https:\/\/franciscanos.org.br\/noticias\/wp-content\/uploads\/2021\/08\/posse_01d.jpg","contentUrl":"https:\/\/franciscanos.org.br\/noticias\/wp-content\/uploads\/2021\/08\/posse_01d.jpg","width":800,"height":550},{"@type":"WebPage","@id":"https:\/\/franciscanos.org.br\/noticias\/frei-fidencio-toma-posse-com-mensagem-de-esperanca.html#webpage","url":"https:\/\/franciscanos.org.br\/noticias\/frei-fidencio-toma-posse-com-mensagem-de-esperanca.html","name":"Frei Fid\u00eancio toma posse com mensagem de esperan\u00e7a - Not\u00edcias - Franciscanos","isPartOf":{"@id":"https:\/\/franciscanos.org.br\/noticias\/#website"},"primaryImageOfPage":{"@id":"https:\/\/franciscanos.org.br\/noticias\/frei-fidencio-toma-posse-com-mensagem-de-esperanca.html#primaryimage"},"datePublished":"2021-08-04T22:42:09+00:00","dateModified":"2021-08-04T23:13:53+00:00","author":{"@id":"https:\/\/franciscanos.org.br\/noticias\/#\/schema\/person\/b5c8cba458c330ccff548b056e95a5d4"},"breadcrumb":{"@id":"https:\/\/franciscanos.org.br\/noticias\/frei-fidencio-toma-posse-com-mensagem-de-esperanca.html#breadcrumb"},"inLanguage":"pt-BR","potentialAction":[{"@type":"ReadAction","target":["https:\/\/franciscanos.org.br\/noticias\/frei-fidencio-toma-posse-com-mensagem-de-esperanca.html"]}]},{"@type":"BreadcrumbList","@id":"https:\/\/franciscanos.org.br\/noticias\/frei-fidencio-toma-posse-com-mensagem-de-esperanca.html#breadcrumb","itemListElement":[{"@type":"ListItem","position":1,"name":"Home","item":"https:\/\/franciscanos.org.br\/noticias"},{"@type":"ListItem","position":2,"name":"Frei Fid\u00eancio toma posse com mensagem de esperan\u00e7a"}]},{"@type":"Person","@id":"https:\/\/franciscanos.org.br\/noticias\/#\/schema\/person\/b5c8cba458c330ccff548b056e95a5d4","name":"moacir","image":{"@type":"ImageObject","inLanguage":"pt-BR","@id":"https:\/\/franciscanos.org.br\/noticias\/#\/schema\/person\/image\/","url":"https:\/\/secure.gravatar.com\/avatar\/d08aa2ce4c8dd416d4479aa8536fcf64?s=96&d=mm&r=g","contentUrl":"https:\/\/secure.gravatar.com\/avatar\/d08aa2ce4c8dd416d4479aa8536fcf64?s=96&d=mm&r=g","caption":"moacir"},"url":"https:\/\/franciscanos.org.br\/noticias\/author\/moacir"}]}},"_links":{"self":[{"href":"https:\/\/franciscanos.org.br\/noticias\/wp-json\/wp\/v2\/posts\/233575"}],"collection":[{"href":"https:\/\/franciscanos.org.br\/noticias\/wp-json\/wp\/v2\/posts"}],"about":[{"href":"https:\/\/franciscanos.org.br\/noticias\/wp-json\/wp\/v2\/types\/post"}],"author":[{"embeddable":true,"href":"https:\/\/franciscanos.org.br\/noticias\/wp-json\/wp\/v2\/users\/3"}],"replies":[{"embeddable":true,"href":"https:\/\/franciscanos.org.br\/noticias\/wp-json\/wp\/v2\/comments?post=233575"}],"version-history":[{"count":3,"href":"https:\/\/franciscanos.org.br\/noticias\/wp-json\/wp\/v2\/posts\/233575\/revisions"}],"predecessor-version":[{"id":233583,"href":"https:\/\/franciscanos.org.br\/noticias\/wp-json\/wp\/v2\/posts\/233575\/revisions\/233583"}],"wp:featuredmedia":[{"embeddable":true,"href":"https:\/\/franciscanos.org.br\/noticias\/wp-json\/wp\/v2\/media\/233577"}],"wp:attachment":[{"href":"https:\/\/franciscanos.org.br\/noticias\/wp-json\/wp\/v2\/media?parent=233575"}],"wp:term":[{"taxonomy":"category","embeddable":true,"href":"https:\/\/franciscanos.org.br\/noticias\/wp-json\/wp\/v2\/categories?post=233575"},{"taxonomy":"post_tag","embeddable":true,"href":"https:\/\/franciscanos.org.br\/noticias\/wp-json\/wp\/v2\/tags?post=233575"}],"curies":[{"name":"wp","href":"https:\/\/api.w.org\/{rel}","templated":true}]}}