{"id":233553,"date":"2021-08-04T11:23:52","date_gmt":"2021-08-04T14:23:52","guid":{"rendered":"https:\/\/franciscanos.org.br\/noticias\/?p=233553"},"modified":"2021-08-04T14:06:16","modified_gmt":"2021-08-04T17:06:16","slug":"frei-fidencio-volta-ao-servico-de-ministro-provincial","status":"publish","type":"post","link":"https:\/\/franciscanos.org.br\/noticias\/frei-fidencio-volta-ao-servico-de-ministro-provincial.html","title":{"rendered":"Frei Fid\u00eancio volta ao servi\u00e7o de Ministro Provincial"},"content":{"rendered":"<p><img loading=\"lazy\" class=\"alignnone wp-image-233554 size-full\" src=\"https:\/\/franciscanos.org.br\/noticias\/wp-content\/uploads\/2021\/08\/provincial_01.jpg\" alt=\"\" width=\"1280\" height=\"720\" srcset=\"https:\/\/franciscanos.org.br\/noticias\/wp-content\/uploads\/2021\/08\/provincial_01.jpg 1280w, https:\/\/franciscanos.org.br\/noticias\/wp-content\/uploads\/2021\/08\/provincial_01-450x253.jpg 450w, https:\/\/franciscanos.org.br\/noticias\/wp-content\/uploads\/2021\/08\/provincial_01-1024x576.jpg 1024w, https:\/\/franciscanos.org.br\/noticias\/wp-content\/uploads\/2021\/08\/provincial_01-768x432.jpg 768w, https:\/\/franciscanos.org.br\/noticias\/wp-content\/uploads\/2021\/08\/provincial_01-150x84.jpg 150w\" sizes=\"(max-width: 1280px) 100vw, 1280px\" \/><\/p>\n<p><strong>S\u00e3o Paulo (SP)<\/strong> &#8211; Ministro Provincial por nove anos, Frei Fid\u00eancio Vanboemmel, est\u00e1 de volta a este servi\u00e7o da Prov\u00edncia da Imaculada Concei\u00e7\u00e3o do Brasil. Ele foi escolhido por unanimidade durante a reuni\u00e3o, nesta quarta-feira (4\/8), mem\u00f3ria de S\u00e3o Jo\u00e3o Maria Vianney e Dia do Padre, do Definit\u00f3rio Provincial com o Vig\u00e1rio Provincial Frei Gustavo Medella e o Definidor e Visitador Geral Frei C\u00e9sar K\u00fclkamp. Junto com Frei Gustavo, ele estar\u00e1 \u00e0 frente do servi\u00e7o de animar a vida e miss\u00e3o da Fraternidade Provincial, pelo per\u00edodo necess\u00e1rio para completar o tri\u00eanio 2019-2021, quando ser\u00e1 celebrado o pr\u00f3ximo Cap\u00edtulo ordin\u00e1rio, em novembro.<\/p>\n<p>A escolha do novo Governo foi necess\u00e1ria devido \u00e0 elei\u00e7\u00e3o do ent\u00e3o Ministro Provincial, Frei C\u00e9sar K\u00fclkamp, para o servi\u00e7o de Definidor Geral para a Am\u00e9rica Latina, no \u00faltimo dia 15 de julho, durante o Cap\u00edtulo Geral em Roma.\u00a0 Na mesma reuni\u00e3o, na Sede Provincial em S\u00e3o Paulo, foi realizada a celebra\u00e7\u00e3o de posse de Frei Fid\u00eancio como Ministro Provincial. Este momento simples e hist\u00f3rico para a Prov\u00edncia terminou com\u00a0 a b\u00ean\u00e7\u00e3o de Frei Fid\u00eancio a todos os frades.<\/p>\n<div id=\"attachment_233559\" style=\"width: 460px\" class=\"wp-caption alignright\"><img aria-describedby=\"caption-attachment-233559\" loading=\"lazy\" class=\"wp-image-233559 size-medium\" src=\"https:\/\/franciscanos.org.br\/noticias\/wp-content\/uploads\/2021\/08\/provincial_05-450x336.jpg\" alt=\"\" width=\"450\" height=\"336\" srcset=\"https:\/\/franciscanos.org.br\/noticias\/wp-content\/uploads\/2021\/08\/provincial_05-450x336.jpg 450w, https:\/\/franciscanos.org.br\/noticias\/wp-content\/uploads\/2021\/08\/provincial_05-150x112.jpg 150w, https:\/\/franciscanos.org.br\/noticias\/wp-content\/uploads\/2021\/08\/provincial_05.jpg 500w\" sizes=\"(max-width: 450px) 100vw, 450px\" \/><p id=\"caption-attachment-233559\" class=\"wp-caption-text\"><em>Frei Fid\u00eancio recebe o carimbo da Prov\u00edncia, usado para selar documentos e cartas oficiais.<\/em><\/p><\/div>\n<p>Catarinense, natural da cidade de Santo Amaro da Imperatriz, onde nasceu no dia 25 de mar\u00e7o de 1953, Frei Fid\u00eancio tem 68 anos e h\u00e1 46 anos ingressou na Ordem Franciscana, quando vestiu o h\u00e1bito de S\u00e3o Francisco de Assis no dia 20 de janeiro de 1974. Professou solenemente na Ordem dos Frades Menores no dia 2 de agosto de 1978 e foi ordenado presb\u00edtero no dia 14 de dezembro de 1979. \u201cSou filho de agricultores, voltados para o \u00e1rduo trabalho. Dos pais aprendi a disciplina, o rigor, a ternura e a f\u00e9. Depois, a minha vida foi se moldando dentro da Prov\u00edncia, como seminarista e frade. Ao me formar dentro da Prov\u00edncia, tamb\u00e9m adquiri o seu rosto, principalmente a forma\u00e7\u00e3o que recebi dos meus mestres e irm\u00e3os\u201d, define-se.<\/p>\n<p>Durante 23 anos, Frei Fid\u00eancio trabalhou na forma\u00e7\u00e3o franciscana at\u00e9 ser eleito Ministro Provincial no Cap\u00edtulo Provincial de 2009. \u201cAo terminar a teologia em Petr\u00f3polis eu era candidato a trabalhar numa casa de forma\u00e7\u00e3o da Prov\u00edncia. Na \u00e9poca conversei com o Ministro Provincial, Frei Bas\u00edlio Prim, suplicando para fazer uma experi\u00eancia pastoral para ajudar a vencer a timidez. Fui ent\u00e3o transferido para a Par\u00f3quia de Campos do Jord\u00e3o, no in\u00edcio de 1981 e l\u00e1 permaneci at\u00e9 1985. Depois, a partir de 1986, come\u00e7ou minha trajet\u00f3ria como formador: meio ano em Lages, 1 ano e meio em Petr\u00f3polis, 2 anos de estudos em Roma em vista da forma\u00e7\u00e3o, 7 anos em Rondinha, 3 anos em Guaratinguet\u00e1 e 9 anos mestre em Rodeio\u201d.<\/p>\n<p>Frei Fid\u00eancio Vanboemmel (pronuncia-se <em>Fanbemel<\/em>) foi eleito Ministro Provincial, para um mandato de seis anos, no Cap\u00edtulo realizado em novembro de 2009, ano que coincidiu tamb\u00e9m com a celebra\u00e7\u00e3o dos 800 anos de funda\u00e7\u00e3o da Ordem dos Frades Menores. Terminado este mandato, para sua surpresa, foi reeleito para mais tr\u00eas anos no Cap\u00edtulo de 2016. No \u00faltimo tri\u00eanio, residindo no Convento S\u00e3o Francisco, onde assumiu as fun\u00e7\u00f5es de Vig\u00e1rio da Fraternidade e Vig\u00e1rio Paroquial, n\u00e3o deixou de servir \u00e0 Prov\u00edncia como moderador da Forma\u00e7\u00e3o Permanente.<\/p>\n<p>Numa entrevista antes do Cap\u00edtulo de 2016, ao fazer uma presta\u00e7\u00e3o de contas de seu governo, deu um parecer do servi\u00e7o de Ministro Provincial: \u201cCreio firmemente que este servi\u00e7o \u00e0 Prov\u00edncia seria imposs\u00edvel sem a confian\u00e7a na Gra\u00e7a de Deus. Os muitos questionamentos que a gente se fez, n\u00e3o diferentes dos questionamentos de Maria Sant\u00edssima (Como pode? Como vai ser? Como, se eu n\u00e3o conhe\u00e7o? Etc.), principalmente os que me surpreendiam neste \u2018encargo de lavar os p\u00e9s\u2019, se tivesse de respond\u00ea-los somente a partir da minha fragilidade humana, as respostas seriam uma desgra\u00e7a para a Fraternidade Provincial. Portanto, como outrora para Maria, hoje tamb\u00e9m para o Ministro: sem a gra\u00e7a de Deus, imposs\u00edvel!\u201d<\/p>\n<div id=\"attachment_233557\" style=\"width: 1290px\" class=\"wp-caption alignnone\"><img aria-describedby=\"caption-attachment-233557\" loading=\"lazy\" class=\"wp-image-233557 size-full\" src=\"https:\/\/franciscanos.org.br\/noticias\/wp-content\/uploads\/2021\/08\/provincial_02.jpg\" alt=\"\" width=\"1280\" height=\"736\" srcset=\"https:\/\/franciscanos.org.br\/noticias\/wp-content\/uploads\/2021\/08\/provincial_02.jpg 1280w, https:\/\/franciscanos.org.br\/noticias\/wp-content\/uploads\/2021\/08\/provincial_02-450x259.jpg 450w, https:\/\/franciscanos.org.br\/noticias\/wp-content\/uploads\/2021\/08\/provincial_02-1024x589.jpg 1024w, https:\/\/franciscanos.org.br\/noticias\/wp-content\/uploads\/2021\/08\/provincial_02-768x442.jpg 768w, https:\/\/franciscanos.org.br\/noticias\/wp-content\/uploads\/2021\/08\/provincial_02-150x86.jpg 150w\" sizes=\"(max-width: 1280px) 100vw, 1280px\" \/><p id=\"caption-attachment-233557\" class=\"wp-caption-text\"><em>Da esq. para dir.: Os definidores provinciais Frei Jo\u00e3o Francisco, Frei M\u00e1rio Tagliari, Frei Alexandre Magno, Frei Daniel Dellandrea, Frei Fid\u00eancio (provincial), Frei Gustavo (vig\u00e1rio), Frei Jo\u00e3o Mannes (definidor), Frei C\u00e9sar (definidor geral) e Frei Paulo Pereira (definidor).<\/em><\/p><\/div>\n","protected":false},"excerpt":{"rendered":"<p>Novo Governo Provincial<\/p>\n","protected":false},"author":3,"featured_media":233555,"comment_status":"open","ping_status":"open","sticky":false,"template":"","format":"standard","meta":[],"categories":[1],"tags":[1883],"acf":[],"yoast_head":"<!-- This site is optimized with the Yoast SEO plugin v19.2 - https:\/\/yoast.com\/wordpress\/plugins\/seo\/ -->\n<title>Frei Fid\u00eancio volta ao servi\u00e7o de Ministro Provincial - Not\u00edcias - Franciscanos<\/title>\n<meta name=\"robots\" content=\"index, follow, max-snippet:-1, max-image-preview:large, max-video-preview:-1\" \/>\n<link rel=\"canonical\" href=\"https:\/\/franciscanos.org.br\/noticias\/frei-fidencio-volta-ao-servico-de-ministro-provincial.html\" \/>\n<meta property=\"og:locale\" content=\"pt_BR\" \/>\n<meta property=\"og:type\" content=\"article\" \/>\n<meta property=\"og:title\" content=\"Frei Fid\u00eancio volta ao servi\u00e7o de Ministro Provincial - Not\u00edcias - Franciscanos\" \/>\n<meta property=\"og:description\" content=\"Novo Governo Provincial\" \/>\n<meta property=\"og:url\" content=\"https:\/\/franciscanos.org.br\/noticias\/frei-fidencio-volta-ao-servico-de-ministro-provincial.html\" \/>\n<meta property=\"og:site_name\" content=\"Not\u00edcias - Franciscanos\" \/>\n<meta property=\"article:published_time\" content=\"2021-08-04T14:23:52+00:00\" \/>\n<meta property=\"article:modified_time\" content=\"2021-08-04T17:06:16+00:00\" \/>\n<meta property=\"og:image\" content=\"https:\/\/franciscanos.org.br\/noticias\/wp-content\/uploads\/2021\/08\/provincial_01d.jpg\" \/>\n\t<meta property=\"og:image:width\" content=\"800\" \/>\n\t<meta property=\"og:image:height\" content=\"550\" \/>\n\t<meta property=\"og:image:type\" content=\"image\/jpeg\" \/>\n<meta name=\"author\" content=\"moacir\" \/>\n<meta name=\"twitter:card\" content=\"summary_large_image\" \/>\n<meta name=\"twitter:label1\" content=\"Escrito por\" \/>\n\t<meta name=\"twitter:data1\" content=\"moacir\" \/>\n\t<meta name=\"twitter:label2\" content=\"Est. tempo de leitura\" \/>\n\t<meta name=\"twitter:data2\" content=\"4 minutos\" \/>\n<script type=\"application\/ld+json\" class=\"yoast-schema-graph\">{\"@context\":\"https:\/\/schema.org\",\"@graph\":[{\"@type\":\"WebSite\",\"@id\":\"https:\/\/franciscanos.org.br\/noticias\/#website\",\"url\":\"https:\/\/franciscanos.org.br\/noticias\/\",\"name\":\"Not\u00edcias - Franciscanos\",\"description\":\"Prov\u00edncia Franciscana da Imaculada Concei\u00e7\u00e3o do Brasil - Ordem dos Frades Menores - OFM\",\"potentialAction\":[{\"@type\":\"SearchAction\",\"target\":{\"@type\":\"EntryPoint\",\"urlTemplate\":\"https:\/\/franciscanos.org.br\/noticias\/?s={search_term_string}\"},\"query-input\":\"required name=search_term_string\"}],\"inLanguage\":\"pt-BR\"},{\"@type\":\"ImageObject\",\"inLanguage\":\"pt-BR\",\"@id\":\"https:\/\/franciscanos.org.br\/noticias\/frei-fidencio-volta-ao-servico-de-ministro-provincial.html#primaryimage\",\"url\":\"https:\/\/franciscanos.org.br\/noticias\/wp-content\/uploads\/2021\/08\/provincial_01d.jpg\",\"contentUrl\":\"https:\/\/franciscanos.org.br\/noticias\/wp-content\/uploads\/2021\/08\/provincial_01d.jpg\",\"width\":800,\"height\":550},{\"@type\":\"WebPage\",\"@id\":\"https:\/\/franciscanos.org.br\/noticias\/frei-fidencio-volta-ao-servico-de-ministro-provincial.html#webpage\",\"url\":\"https:\/\/franciscanos.org.br\/noticias\/frei-fidencio-volta-ao-servico-de-ministro-provincial.html\",\"name\":\"Frei Fid\u00eancio volta ao servi\u00e7o de Ministro Provincial - Not\u00edcias - Franciscanos\",\"isPartOf\":{\"@id\":\"https:\/\/franciscanos.org.br\/noticias\/#website\"},\"primaryImageOfPage\":{\"@id\":\"https:\/\/franciscanos.org.br\/noticias\/frei-fidencio-volta-ao-servico-de-ministro-provincial.html#primaryimage\"},\"datePublished\":\"2021-08-04T14:23:52+00:00\",\"dateModified\":\"2021-08-04T17:06:16+00:00\",\"author\":{\"@id\":\"https:\/\/franciscanos.org.br\/noticias\/#\/schema\/person\/b5c8cba458c330ccff548b056e95a5d4\"},\"breadcrumb\":{\"@id\":\"https:\/\/franciscanos.org.br\/noticias\/frei-fidencio-volta-ao-servico-de-ministro-provincial.html#breadcrumb\"},\"inLanguage\":\"pt-BR\",\"potentialAction\":[{\"@type\":\"ReadAction\",\"target\":[\"https:\/\/franciscanos.org.br\/noticias\/frei-fidencio-volta-ao-servico-de-ministro-provincial.html\"]}]},{\"@type\":\"BreadcrumbList\",\"@id\":\"https:\/\/franciscanos.org.br\/noticias\/frei-fidencio-volta-ao-servico-de-ministro-provincial.html#breadcrumb\",\"itemListElement\":[{\"@type\":\"ListItem\",\"position\":1,\"name\":\"Home\",\"item\":\"https:\/\/franciscanos.org.br\/noticias\"},{\"@type\":\"ListItem\",\"position\":2,\"name\":\"Frei Fid\u00eancio volta ao servi\u00e7o de Ministro Provincial\"}]},{\"@type\":\"Person\",\"@id\":\"https:\/\/franciscanos.org.br\/noticias\/#\/schema\/person\/b5c8cba458c330ccff548b056e95a5d4\",\"name\":\"moacir\",\"image\":{\"@type\":\"ImageObject\",\"inLanguage\":\"pt-BR\",\"@id\":\"https:\/\/franciscanos.org.br\/noticias\/#\/schema\/person\/image\/\",\"url\":\"https:\/\/secure.gravatar.com\/avatar\/d08aa2ce4c8dd416d4479aa8536fcf64?s=96&d=mm&r=g\",\"contentUrl\":\"https:\/\/secure.gravatar.com\/avatar\/d08aa2ce4c8dd416d4479aa8536fcf64?s=96&d=mm&r=g\",\"caption\":\"moacir\"},\"url\":\"https:\/\/franciscanos.org.br\/noticias\/author\/moacir\"}]}<\/script>\n<!-- \/ Yoast SEO plugin. -->","yoast_head_json":{"title":"Frei Fid\u00eancio volta ao servi\u00e7o de Ministro Provincial - Not\u00edcias - Franciscanos","robots":{"index":"index","follow":"follow","max-snippet":"max-snippet:-1","max-image-preview":"max-image-preview:large","max-video-preview":"max-video-preview:-1"},"canonical":"https:\/\/franciscanos.org.br\/noticias\/frei-fidencio-volta-ao-servico-de-ministro-provincial.html","og_locale":"pt_BR","og_type":"article","og_title":"Frei Fid\u00eancio volta ao servi\u00e7o de Ministro Provincial - Not\u00edcias - Franciscanos","og_description":"Novo Governo Provincial","og_url":"https:\/\/franciscanos.org.br\/noticias\/frei-fidencio-volta-ao-servico-de-ministro-provincial.html","og_site_name":"Not\u00edcias - Franciscanos","article_published_time":"2021-08-04T14:23:52+00:00","article_modified_time":"2021-08-04T17:06:16+00:00","og_image":[{"width":800,"height":550,"url":"https:\/\/franciscanos.org.br\/noticias\/wp-content\/uploads\/2021\/08\/provincial_01d.jpg","type":"image\/jpeg"}],"author":"moacir","twitter_card":"summary_large_image","twitter_misc":{"Escrito por":"moacir","Est. tempo de leitura":"4 minutos"},"schema":{"@context":"https:\/\/schema.org","@graph":[{"@type":"WebSite","@id":"https:\/\/franciscanos.org.br\/noticias\/#website","url":"https:\/\/franciscanos.org.br\/noticias\/","name":"Not\u00edcias - Franciscanos","description":"Prov\u00edncia Franciscana da Imaculada Concei\u00e7\u00e3o do Brasil - Ordem dos Frades Menores - OFM","potentialAction":[{"@type":"SearchAction","target":{"@type":"EntryPoint","urlTemplate":"https:\/\/franciscanos.org.br\/noticias\/?s={search_term_string}"},"query-input":"required name=search_term_string"}],"inLanguage":"pt-BR"},{"@type":"ImageObject","inLanguage":"pt-BR","@id":"https:\/\/franciscanos.org.br\/noticias\/frei-fidencio-volta-ao-servico-de-ministro-provincial.html#primaryimage","url":"https:\/\/franciscanos.org.br\/noticias\/wp-content\/uploads\/2021\/08\/provincial_01d.jpg","contentUrl":"https:\/\/franciscanos.org.br\/noticias\/wp-content\/uploads\/2021\/08\/provincial_01d.jpg","width":800,"height":550},{"@type":"WebPage","@id":"https:\/\/franciscanos.org.br\/noticias\/frei-fidencio-volta-ao-servico-de-ministro-provincial.html#webpage","url":"https:\/\/franciscanos.org.br\/noticias\/frei-fidencio-volta-ao-servico-de-ministro-provincial.html","name":"Frei Fid\u00eancio volta ao servi\u00e7o de Ministro Provincial - Not\u00edcias - Franciscanos","isPartOf":{"@id":"https:\/\/franciscanos.org.br\/noticias\/#website"},"primaryImageOfPage":{"@id":"https:\/\/franciscanos.org.br\/noticias\/frei-fidencio-volta-ao-servico-de-ministro-provincial.html#primaryimage"},"datePublished":"2021-08-04T14:23:52+00:00","dateModified":"2021-08-04T17:06:16+00:00","author":{"@id":"https:\/\/franciscanos.org.br\/noticias\/#\/schema\/person\/b5c8cba458c330ccff548b056e95a5d4"},"breadcrumb":{"@id":"https:\/\/franciscanos.org.br\/noticias\/frei-fidencio-volta-ao-servico-de-ministro-provincial.html#breadcrumb"},"inLanguage":"pt-BR","potentialAction":[{"@type":"ReadAction","target":["https:\/\/franciscanos.org.br\/noticias\/frei-fidencio-volta-ao-servico-de-ministro-provincial.html"]}]},{"@type":"BreadcrumbList","@id":"https:\/\/franciscanos.org.br\/noticias\/frei-fidencio-volta-ao-servico-de-ministro-provincial.html#breadcrumb","itemListElement":[{"@type":"ListItem","position":1,"name":"Home","item":"https:\/\/franciscanos.org.br\/noticias"},{"@type":"ListItem","position":2,"name":"Frei Fid\u00eancio volta ao servi\u00e7o de Ministro Provincial"}]},{"@type":"Person","@id":"https:\/\/franciscanos.org.br\/noticias\/#\/schema\/person\/b5c8cba458c330ccff548b056e95a5d4","name":"moacir","image":{"@type":"ImageObject","inLanguage":"pt-BR","@id":"https:\/\/franciscanos.org.br\/noticias\/#\/schema\/person\/image\/","url":"https:\/\/secure.gravatar.com\/avatar\/d08aa2ce4c8dd416d4479aa8536fcf64?s=96&d=mm&r=g","contentUrl":"https:\/\/secure.gravatar.com\/avatar\/d08aa2ce4c8dd416d4479aa8536fcf64?s=96&d=mm&r=g","caption":"moacir"},"url":"https:\/\/franciscanos.org.br\/noticias\/author\/moacir"}]}},"_links":{"self":[{"href":"https:\/\/franciscanos.org.br\/noticias\/wp-json\/wp\/v2\/posts\/233553"}],"collection":[{"href":"https:\/\/franciscanos.org.br\/noticias\/wp-json\/wp\/v2\/posts"}],"about":[{"href":"https:\/\/franciscanos.org.br\/noticias\/wp-json\/wp\/v2\/types\/post"}],"author":[{"embeddable":true,"href":"https:\/\/franciscanos.org.br\/noticias\/wp-json\/wp\/v2\/users\/3"}],"replies":[{"embeddable":true,"href":"https:\/\/franciscanos.org.br\/noticias\/wp-json\/wp\/v2\/comments?post=233553"}],"version-history":[{"count":11,"href":"https:\/\/franciscanos.org.br\/noticias\/wp-json\/wp\/v2\/posts\/233553\/revisions"}],"predecessor-version":[{"id":233574,"href":"https:\/\/franciscanos.org.br\/noticias\/wp-json\/wp\/v2\/posts\/233553\/revisions\/233574"}],"wp:featuredmedia":[{"embeddable":true,"href":"https:\/\/franciscanos.org.br\/noticias\/wp-json\/wp\/v2\/media\/233555"}],"wp:attachment":[{"href":"https:\/\/franciscanos.org.br\/noticias\/wp-json\/wp\/v2\/media?parent=233553"}],"wp:term":[{"taxonomy":"category","embeddable":true,"href":"https:\/\/franciscanos.org.br\/noticias\/wp-json\/wp\/v2\/categories?post=233553"},{"taxonomy":"post_tag","embeddable":true,"href":"https:\/\/franciscanos.org.br\/noticias\/wp-json\/wp\/v2\/tags?post=233553"}],"curies":[{"name":"wp","href":"https:\/\/api.w.org\/{rel}","templated":true}]}}