{"id":233533,"date":"2021-08-03T15:25:53","date_gmt":"2021-08-03T18:25:53","guid":{"rendered":"https:\/\/franciscanos.org.br\/noticias\/?p=233533"},"modified":"2021-08-03T15:26:14","modified_gmt":"2021-08-03T18:26:14","slug":"angola-admissao-da-nova-turma-de-postulantes-na-fraternidade-da-porciuncula","status":"publish","type":"post","link":"https:\/\/franciscanos.org.br\/noticias\/angola-admissao-da-nova-turma-de-postulantes-na-fraternidade-da-porciuncula.html","title":{"rendered":"Angola: Admiss\u00e3o da nova turma de postulantes na Fraternidade da Porci\u00fancula"},"content":{"rendered":"<p><img loading=\"lazy\" class=\"alignnone wp-image-233534 size-full\" src=\"https:\/\/franciscanos.org.br\/noticias\/wp-content\/uploads\/2021\/08\/angola_01.jpg\" alt=\"\" width=\"1280\" height=\"720\" srcset=\"https:\/\/franciscanos.org.br\/noticias\/wp-content\/uploads\/2021\/08\/angola_01.jpg 1280w, https:\/\/franciscanos.org.br\/noticias\/wp-content\/uploads\/2021\/08\/angola_01-450x253.jpg 450w, https:\/\/franciscanos.org.br\/noticias\/wp-content\/uploads\/2021\/08\/angola_01-1024x576.jpg 1024w, https:\/\/franciscanos.org.br\/noticias\/wp-content\/uploads\/2021\/08\/angola_01-768x432.jpg 768w, https:\/\/franciscanos.org.br\/noticias\/wp-content\/uploads\/2021\/08\/angola_01-150x84.jpg 150w\" sizes=\"(max-width: 1280px) 100vw, 1280px\" \/><\/p>\n<p>&#8220;\u00c9 sempre um momento de alegria cada vez que recebemos um novo irm\u00e3o em nossa casa, pois, \u00e9 mais um irm\u00e3o para conviver&#8221;, saudou Frei Ant\u00f3nio B. Zovo Baza, presidente da Funda\u00e7\u00e3o Imaculada M\u00e3e de Deus de Angola (FIMDA), a nova turma de postulantes que foi acolhida na Fraternidade de Viana (Postulantado): Amilton Ambr\u00f3sio, Jo\u00e3o da Costa, Jo\u00e3o kahamba, Lucas Mununga, Moises Satula, Pedro Jos\u00e9 e Tur\u00edbio Da Cruz. Eles far\u00e3o o ano de Postulantado junto com outros setes postulantes que j\u00e1 iniciaram esta etapa nesta Fraternidade. A admiss\u00e3o aconteceu dentro da Celebra\u00e7\u00e3o Eucar\u00edstica, no final de julho, presidida pelo Frei Ant\u00f3nio B. Zovo Baza e concelebrada pelo mestre do Postulantado, Frei Laurindo Lauro da Silva J\u00fanior.<\/p>\n<p><img loading=\"lazy\" class=\"alignnone wp-image-233535 size-full\" src=\"https:\/\/franciscanos.org.br\/noticias\/wp-content\/uploads\/2021\/08\/angola_03.jpg\" alt=\"\" width=\"1280\" height=\"720\" srcset=\"https:\/\/franciscanos.org.br\/noticias\/wp-content\/uploads\/2021\/08\/angola_03.jpg 1280w, https:\/\/franciscanos.org.br\/noticias\/wp-content\/uploads\/2021\/08\/angola_03-450x253.jpg 450w, https:\/\/franciscanos.org.br\/noticias\/wp-content\/uploads\/2021\/08\/angola_03-1024x576.jpg 1024w, https:\/\/franciscanos.org.br\/noticias\/wp-content\/uploads\/2021\/08\/angola_03-768x432.jpg 768w, https:\/\/franciscanos.org.br\/noticias\/wp-content\/uploads\/2021\/08\/angola_03-150x84.jpg 150w\" sizes=\"(max-width: 1280px) 100vw, 1280px\" \/><\/p>\n<p>\u00c0 luz do Evangelho de S\u00e3o Mateus no seu cap\u00edtulo 13, Frei Ant\u00f3nio ressaltou as palavras \u201ctesouro\u201d e \u201cp\u00e9rola\u201d, exortou os neopostulantes a preservarem e procurarem, diariamente, estes dois elementos. &#8220;S\u00e3o elementos que simbolizam a nossa voca\u00e7\u00e3o. Do mesmo modo que se cuida da p\u00e9rola e do tesouro, assim devemos cuidar da voca\u00e7\u00e3o pessoal&#8221;, orientou o presidente da FIMDA.<\/p>\n<p>Frei Ant\u00f3nio tamb\u00e9m mostrou-se satisfeito com o trabalho dos formadores e com o crescimento de voca\u00e7\u00f5es na Prov\u00edncia e, em particular na Funda\u00e7\u00e3o, pois, para ele \u00e9 mais um motivo de a\u00e7\u00e3o de gra\u00e7as. Terminando a Celebra\u00e7\u00e3o Eucar\u00edstica, fez-se um pequeno conv\u00edvio no p\u00e1tio da Fraternidade.<\/p>\n<p><img loading=\"lazy\" class=\"alignnone wp-image-233536 size-full\" src=\"https:\/\/franciscanos.org.br\/noticias\/wp-content\/uploads\/2021\/08\/angola_02.jpg\" alt=\"\" width=\"1280\" height=\"720\" srcset=\"https:\/\/franciscanos.org.br\/noticias\/wp-content\/uploads\/2021\/08\/angola_02.jpg 1280w, https:\/\/franciscanos.org.br\/noticias\/wp-content\/uploads\/2021\/08\/angola_02-450x253.jpg 450w, https:\/\/franciscanos.org.br\/noticias\/wp-content\/uploads\/2021\/08\/angola_02-1024x576.jpg 1024w, https:\/\/franciscanos.org.br\/noticias\/wp-content\/uploads\/2021\/08\/angola_02-768x432.jpg 768w, https:\/\/franciscanos.org.br\/noticias\/wp-content\/uploads\/2021\/08\/angola_02-150x84.jpg 150w\" sizes=\"(max-width: 1280px) 100vw, 1280px\" \/><\/p>\n<p><em>Nesta foto oficial, os novos postulantes com a turma que j\u00e1 estava na Fraternidade da Porci\u00fancula<\/em><\/p>\n","protected":false},"excerpt":{"rendered":"<p>Forma\u00e7\u00e3o e Estudos<\/p>\n","protected":false},"author":3,"featured_media":233537,"comment_status":"open","ping_status":"open","sticky":false,"template":"","format":"standard","meta":[],"categories":[1],"tags":[360],"acf":[],"yoast_head":"<!-- This site is optimized with the Yoast SEO plugin v19.2 - https:\/\/yoast.com\/wordpress\/plugins\/seo\/ -->\n<title>Angola: Admiss\u00e3o da nova turma de postulantes na Fraternidade da Porci\u00fancula - Not\u00edcias - Franciscanos<\/title>\n<meta name=\"robots\" content=\"index, follow, max-snippet:-1, max-image-preview:large, max-video-preview:-1\" \/>\n<link rel=\"canonical\" href=\"https:\/\/franciscanos.org.br\/noticias\/angola-admissao-da-nova-turma-de-postulantes-na-fraternidade-da-porciuncula.html\" \/>\n<meta property=\"og:locale\" content=\"pt_BR\" \/>\n<meta property=\"og:type\" content=\"article\" \/>\n<meta property=\"og:title\" content=\"Angola: Admiss\u00e3o da nova turma de postulantes na Fraternidade da Porci\u00fancula - Not\u00edcias - Franciscanos\" \/>\n<meta property=\"og:description\" content=\"Forma\u00e7\u00e3o e Estudos\" \/>\n<meta property=\"og:url\" content=\"https:\/\/franciscanos.org.br\/noticias\/angola-admissao-da-nova-turma-de-postulantes-na-fraternidade-da-porciuncula.html\" \/>\n<meta property=\"og:site_name\" content=\"Not\u00edcias - Franciscanos\" \/>\n<meta property=\"article:published_time\" content=\"2021-08-03T18:25:53+00:00\" \/>\n<meta property=\"article:modified_time\" content=\"2021-08-03T18:26:14+00:00\" \/>\n<meta property=\"og:image\" content=\"https:\/\/franciscanos.org.br\/noticias\/wp-content\/uploads\/2021\/08\/angola_01d.jpg\" \/>\n\t<meta property=\"og:image:width\" content=\"800\" \/>\n\t<meta property=\"og:image:height\" content=\"550\" \/>\n\t<meta property=\"og:image:type\" content=\"image\/jpeg\" \/>\n<meta name=\"author\" content=\"moacir\" \/>\n<meta name=\"twitter:card\" content=\"summary_large_image\" \/>\n<meta name=\"twitter:label1\" content=\"Escrito por\" \/>\n\t<meta name=\"twitter:data1\" content=\"moacir\" \/>\n\t<meta name=\"twitter:label2\" content=\"Est. tempo de leitura\" \/>\n\t<meta name=\"twitter:data2\" content=\"1 minuto\" \/>\n<script type=\"application\/ld+json\" class=\"yoast-schema-graph\">{\"@context\":\"https:\/\/schema.org\",\"@graph\":[{\"@type\":\"WebSite\",\"@id\":\"https:\/\/franciscanos.org.br\/noticias\/#website\",\"url\":\"https:\/\/franciscanos.org.br\/noticias\/\",\"name\":\"Not\u00edcias - Franciscanos\",\"description\":\"Prov\u00edncia Franciscana da Imaculada Concei\u00e7\u00e3o do Brasil - Ordem dos Frades Menores - OFM\",\"potentialAction\":[{\"@type\":\"SearchAction\",\"target\":{\"@type\":\"EntryPoint\",\"urlTemplate\":\"https:\/\/franciscanos.org.br\/noticias\/?s={search_term_string}\"},\"query-input\":\"required name=search_term_string\"}],\"inLanguage\":\"pt-BR\"},{\"@type\":\"ImageObject\",\"inLanguage\":\"pt-BR\",\"@id\":\"https:\/\/franciscanos.org.br\/noticias\/angola-admissao-da-nova-turma-de-postulantes-na-fraternidade-da-porciuncula.html#primaryimage\",\"url\":\"https:\/\/franciscanos.org.br\/noticias\/wp-content\/uploads\/2021\/08\/angola_01d.jpg\",\"contentUrl\":\"https:\/\/franciscanos.org.br\/noticias\/wp-content\/uploads\/2021\/08\/angola_01d.jpg\",\"width\":800,\"height\":550},{\"@type\":\"WebPage\",\"@id\":\"https:\/\/franciscanos.org.br\/noticias\/angola-admissao-da-nova-turma-de-postulantes-na-fraternidade-da-porciuncula.html#webpage\",\"url\":\"https:\/\/franciscanos.org.br\/noticias\/angola-admissao-da-nova-turma-de-postulantes-na-fraternidade-da-porciuncula.html\",\"name\":\"Angola: Admiss\u00e3o da nova turma de postulantes na Fraternidade da Porci\u00fancula - Not\u00edcias - Franciscanos\",\"isPartOf\":{\"@id\":\"https:\/\/franciscanos.org.br\/noticias\/#website\"},\"primaryImageOfPage\":{\"@id\":\"https:\/\/franciscanos.org.br\/noticias\/angola-admissao-da-nova-turma-de-postulantes-na-fraternidade-da-porciuncula.html#primaryimage\"},\"datePublished\":\"2021-08-03T18:25:53+00:00\",\"dateModified\":\"2021-08-03T18:26:14+00:00\",\"author\":{\"@id\":\"https:\/\/franciscanos.org.br\/noticias\/#\/schema\/person\/b5c8cba458c330ccff548b056e95a5d4\"},\"breadcrumb\":{\"@id\":\"https:\/\/franciscanos.org.br\/noticias\/angola-admissao-da-nova-turma-de-postulantes-na-fraternidade-da-porciuncula.html#breadcrumb\"},\"inLanguage\":\"pt-BR\",\"potentialAction\":[{\"@type\":\"ReadAction\",\"target\":[\"https:\/\/franciscanos.org.br\/noticias\/angola-admissao-da-nova-turma-de-postulantes-na-fraternidade-da-porciuncula.html\"]}]},{\"@type\":\"BreadcrumbList\",\"@id\":\"https:\/\/franciscanos.org.br\/noticias\/angola-admissao-da-nova-turma-de-postulantes-na-fraternidade-da-porciuncula.html#breadcrumb\",\"itemListElement\":[{\"@type\":\"ListItem\",\"position\":1,\"name\":\"Home\",\"item\":\"https:\/\/franciscanos.org.br\/noticias\"},{\"@type\":\"ListItem\",\"position\":2,\"name\":\"Angola: Admiss\u00e3o da nova turma de postulantes na Fraternidade da Porci\u00fancula\"}]},{\"@type\":\"Person\",\"@id\":\"https:\/\/franciscanos.org.br\/noticias\/#\/schema\/person\/b5c8cba458c330ccff548b056e95a5d4\",\"name\":\"moacir\",\"image\":{\"@type\":\"ImageObject\",\"inLanguage\":\"pt-BR\",\"@id\":\"https:\/\/franciscanos.org.br\/noticias\/#\/schema\/person\/image\/\",\"url\":\"https:\/\/secure.gravatar.com\/avatar\/d08aa2ce4c8dd416d4479aa8536fcf64?s=96&d=mm&r=g\",\"contentUrl\":\"https:\/\/secure.gravatar.com\/avatar\/d08aa2ce4c8dd416d4479aa8536fcf64?s=96&d=mm&r=g\",\"caption\":\"moacir\"},\"url\":\"https:\/\/franciscanos.org.br\/noticias\/author\/moacir\"}]}<\/script>\n<!-- \/ Yoast SEO plugin. -->","yoast_head_json":{"title":"Angola: Admiss\u00e3o da nova turma de postulantes na Fraternidade da Porci\u00fancula - Not\u00edcias - Franciscanos","robots":{"index":"index","follow":"follow","max-snippet":"max-snippet:-1","max-image-preview":"max-image-preview:large","max-video-preview":"max-video-preview:-1"},"canonical":"https:\/\/franciscanos.org.br\/noticias\/angola-admissao-da-nova-turma-de-postulantes-na-fraternidade-da-porciuncula.html","og_locale":"pt_BR","og_type":"article","og_title":"Angola: Admiss\u00e3o da nova turma de postulantes na Fraternidade da Porci\u00fancula - Not\u00edcias - Franciscanos","og_description":"Forma\u00e7\u00e3o e Estudos","og_url":"https:\/\/franciscanos.org.br\/noticias\/angola-admissao-da-nova-turma-de-postulantes-na-fraternidade-da-porciuncula.html","og_site_name":"Not\u00edcias - Franciscanos","article_published_time":"2021-08-03T18:25:53+00:00","article_modified_time":"2021-08-03T18:26:14+00:00","og_image":[{"width":800,"height":550,"url":"https:\/\/franciscanos.org.br\/noticias\/wp-content\/uploads\/2021\/08\/angola_01d.jpg","type":"image\/jpeg"}],"author":"moacir","twitter_card":"summary_large_image","twitter_misc":{"Escrito por":"moacir","Est. tempo de leitura":"1 minuto"},"schema":{"@context":"https:\/\/schema.org","@graph":[{"@type":"WebSite","@id":"https:\/\/franciscanos.org.br\/noticias\/#website","url":"https:\/\/franciscanos.org.br\/noticias\/","name":"Not\u00edcias - Franciscanos","description":"Prov\u00edncia Franciscana da Imaculada Concei\u00e7\u00e3o do Brasil - Ordem dos Frades Menores - OFM","potentialAction":[{"@type":"SearchAction","target":{"@type":"EntryPoint","urlTemplate":"https:\/\/franciscanos.org.br\/noticias\/?s={search_term_string}"},"query-input":"required name=search_term_string"}],"inLanguage":"pt-BR"},{"@type":"ImageObject","inLanguage":"pt-BR","@id":"https:\/\/franciscanos.org.br\/noticias\/angola-admissao-da-nova-turma-de-postulantes-na-fraternidade-da-porciuncula.html#primaryimage","url":"https:\/\/franciscanos.org.br\/noticias\/wp-content\/uploads\/2021\/08\/angola_01d.jpg","contentUrl":"https:\/\/franciscanos.org.br\/noticias\/wp-content\/uploads\/2021\/08\/angola_01d.jpg","width":800,"height":550},{"@type":"WebPage","@id":"https:\/\/franciscanos.org.br\/noticias\/angola-admissao-da-nova-turma-de-postulantes-na-fraternidade-da-porciuncula.html#webpage","url":"https:\/\/franciscanos.org.br\/noticias\/angola-admissao-da-nova-turma-de-postulantes-na-fraternidade-da-porciuncula.html","name":"Angola: Admiss\u00e3o da nova turma de postulantes na Fraternidade da Porci\u00fancula - Not\u00edcias - Franciscanos","isPartOf":{"@id":"https:\/\/franciscanos.org.br\/noticias\/#website"},"primaryImageOfPage":{"@id":"https:\/\/franciscanos.org.br\/noticias\/angola-admissao-da-nova-turma-de-postulantes-na-fraternidade-da-porciuncula.html#primaryimage"},"datePublished":"2021-08-03T18:25:53+00:00","dateModified":"2021-08-03T18:26:14+00:00","author":{"@id":"https:\/\/franciscanos.org.br\/noticias\/#\/schema\/person\/b5c8cba458c330ccff548b056e95a5d4"},"breadcrumb":{"@id":"https:\/\/franciscanos.org.br\/noticias\/angola-admissao-da-nova-turma-de-postulantes-na-fraternidade-da-porciuncula.html#breadcrumb"},"inLanguage":"pt-BR","potentialAction":[{"@type":"ReadAction","target":["https:\/\/franciscanos.org.br\/noticias\/angola-admissao-da-nova-turma-de-postulantes-na-fraternidade-da-porciuncula.html"]}]},{"@type":"BreadcrumbList","@id":"https:\/\/franciscanos.org.br\/noticias\/angola-admissao-da-nova-turma-de-postulantes-na-fraternidade-da-porciuncula.html#breadcrumb","itemListElement":[{"@type":"ListItem","position":1,"name":"Home","item":"https:\/\/franciscanos.org.br\/noticias"},{"@type":"ListItem","position":2,"name":"Angola: Admiss\u00e3o da nova turma de postulantes na Fraternidade da Porci\u00fancula"}]},{"@type":"Person","@id":"https:\/\/franciscanos.org.br\/noticias\/#\/schema\/person\/b5c8cba458c330ccff548b056e95a5d4","name":"moacir","image":{"@type":"ImageObject","inLanguage":"pt-BR","@id":"https:\/\/franciscanos.org.br\/noticias\/#\/schema\/person\/image\/","url":"https:\/\/secure.gravatar.com\/avatar\/d08aa2ce4c8dd416d4479aa8536fcf64?s=96&d=mm&r=g","contentUrl":"https:\/\/secure.gravatar.com\/avatar\/d08aa2ce4c8dd416d4479aa8536fcf64?s=96&d=mm&r=g","caption":"moacir"},"url":"https:\/\/franciscanos.org.br\/noticias\/author\/moacir"}]}},"_links":{"self":[{"href":"https:\/\/franciscanos.org.br\/noticias\/wp-json\/wp\/v2\/posts\/233533"}],"collection":[{"href":"https:\/\/franciscanos.org.br\/noticias\/wp-json\/wp\/v2\/posts"}],"about":[{"href":"https:\/\/franciscanos.org.br\/noticias\/wp-json\/wp\/v2\/types\/post"}],"author":[{"embeddable":true,"href":"https:\/\/franciscanos.org.br\/noticias\/wp-json\/wp\/v2\/users\/3"}],"replies":[{"embeddable":true,"href":"https:\/\/franciscanos.org.br\/noticias\/wp-json\/wp\/v2\/comments?post=233533"}],"version-history":[{"count":2,"href":"https:\/\/franciscanos.org.br\/noticias\/wp-json\/wp\/v2\/posts\/233533\/revisions"}],"predecessor-version":[{"id":233539,"href":"https:\/\/franciscanos.org.br\/noticias\/wp-json\/wp\/v2\/posts\/233533\/revisions\/233539"}],"wp:featuredmedia":[{"embeddable":true,"href":"https:\/\/franciscanos.org.br\/noticias\/wp-json\/wp\/v2\/media\/233537"}],"wp:attachment":[{"href":"https:\/\/franciscanos.org.br\/noticias\/wp-json\/wp\/v2\/media?parent=233533"}],"wp:term":[{"taxonomy":"category","embeddable":true,"href":"https:\/\/franciscanos.org.br\/noticias\/wp-json\/wp\/v2\/categories?post=233533"},{"taxonomy":"post_tag","embeddable":true,"href":"https:\/\/franciscanos.org.br\/noticias\/wp-json\/wp\/v2\/tags?post=233533"}],"curies":[{"name":"wp","href":"https:\/\/api.w.org\/{rel}","templated":true}]}}