{"id":233528,"date":"2021-08-03T12:46:38","date_gmt":"2021-08-03T15:46:38","guid":{"rendered":"https:\/\/franciscanos.org.br\/noticias\/?p=233528"},"modified":"2021-08-03T19:28:35","modified_gmt":"2021-08-03T22:28:35","slug":"papa-reformar-a-igreja-a-partir-de-nos-mesmos-com-oracao-caridade-e-servico","status":"publish","type":"post","link":"https:\/\/franciscanos.org.br\/noticias\/papa-reformar-a-igreja-a-partir-de-nos-mesmos-com-oracao-caridade-e-servico.html","title":{"rendered":"Papa: reformar a Igreja a partir de n\u00f3s mesmos com ora\u00e7\u00e3o, caridade e servi\u00e7o"},"content":{"rendered":"<div id=\"attachment_233529\" style=\"width: 1210px\" class=\"wp-caption alignnone\"><img aria-describedby=\"caption-attachment-233529\" loading=\"lazy\" class=\"wp-image-233529 size-full\" src=\"https:\/\/franciscanos.org.br\/noticias\/wp-content\/uploads\/2021\/08\/igreja_03.jpg\" alt=\"\" width=\"1200\" height=\"759\" srcset=\"https:\/\/franciscanos.org.br\/noticias\/wp-content\/uploads\/2021\/08\/igreja_03.jpg 1200w, https:\/\/franciscanos.org.br\/noticias\/wp-content\/uploads\/2021\/08\/igreja_03-450x285.jpg 450w, https:\/\/franciscanos.org.br\/noticias\/wp-content\/uploads\/2021\/08\/igreja_03-1024x648.jpg 1024w, https:\/\/franciscanos.org.br\/noticias\/wp-content\/uploads\/2021\/08\/igreja_03-768x486.jpg 768w, https:\/\/franciscanos.org.br\/noticias\/wp-content\/uploads\/2021\/08\/igreja_03-150x95.jpg 150w\" sizes=\"(max-width: 1200px) 100vw, 1200px\" \/><p id=\"caption-attachment-233529\" class=\"wp-caption-text\"><em>\u00a0 \u00a0 \u00a0 \u00a0Imagem de S\u00e3o Pedro na sua bas\u00edlica (Vatican Media)<\/em><\/p><\/div>\n<p>\u201cA voca\u00e7\u00e3o pr\u00f3pria da Igreja \u00e9 evangelizar, e isso n\u00e3o \u00e9 fazer proselitismo. A voca\u00e7\u00e3o \u00e9 evangelizar e, mais, a identidade da Igreja \u00e9 evangelizar.\u201d<\/p>\n<p>Assim o Papa come\u00e7a o v\u00eddeo de inten\u00e7\u00e3o de ora\u00e7\u00e3o para o m\u00eas de agosto sobre a voca\u00e7\u00e3o da Igreja, que \u00e9 a de evangelizar. Francisco nos convida a ajudar nesse processo de transforma\u00e7\u00e3o, partindo de uma reforma de \u201cn\u00f3s mesmos\u201d com experi\u00eancias de ora\u00e7\u00e3o, caridade e servi\u00e7o. As pr\u00f3prias imagens do v\u00eddeo descrevem na pr\u00e1tica esse caminho a ser percorrido ao mostrar, por exemplo, a figura do Padre Renato Chiera, mission\u00e1rio italiano que salvou mais de 100 mil vidas durante quase 35 anos junto \u00e0 Casa do Menor no Rio de Janeiro que acolhe \u201cas crian\u00e7as n\u00e3o amadas do Brasil\u201d.<\/p>\n<p><strong>Reformar a Igreja a partir de n\u00f3s mesmos<\/strong><br \/>\n\u201cA nossa pr\u00f3pria reforma como pessoas, essa \u00e9 a transforma\u00e7\u00e3o. Deixar que o Esp\u00edrito Santo, que \u00e9 o dom de Deus nos nossos cora\u00e7\u00f5es, nos lembre do que Jesus ensinou e nos ajude a coloc\u00e1-lo em pr\u00e1tica. Vamos come\u00e7ar a reformar a Igreja com a reforma de n\u00f3s mesmos. Sem ideias pr\u00e9-fabricadas, sem preconceitos ideol\u00f3gicos, sem rigidez, mas avan\u00e7ando a partir de uma experi\u00eancia espiritual, uma experi\u00eancia de ora\u00e7\u00e3o, uma experi\u00eancia de caridade, uma experi\u00eancia de servi\u00e7o. Sonho com uma op\u00e7\u00e3o ainda mais mission\u00e1ria, que v\u00e1 ao encontro do outro sem fazer proselitismo e que transforme todas as suas estruturas para a evangeliza\u00e7\u00e3o do mundo de hoje.\u201d<\/p>\n<p>Para realizar o sonho do Pont\u00edfice de uma experi\u00eancia ainda mais mission\u00e1ria, como explicou na Exorta\u00e7\u00e3o Apost\u00f3lica <em>Evangelii Gaudium<\/em>, \u201ccada crist\u00e3o e cada comunidade deve discernir qual \u00e9 o caminho que o Senhor lhe pede, mas todos somos convidados a aceitar este chamado: sair da nossa pr\u00f3pria comodidade e ousar chegar a todas as periferias que precisam da luz do Evangelho\u201d. O primeiro passo \u00e9 avan\u00e7ar nesse sentido, como nos pede o Papa, deixando-nos guiar pelo Esp\u00edrito Santo para que \u201cnos lembre do que Jesus ensinou e nos ajude a coloc\u00e1-lo em pr\u00e1tica\u201d.<\/p>\n<p>O V\u00eddeo do Papa, publicado nesta ter\u00e7a-feira (3) com a inten\u00e7\u00e3o de ora\u00e7\u00e3o que Francisco confia \u00e0 Igreja Cat\u00f3lica por meio da Rede Mundial de Ora\u00e7\u00e3o do Papa, acaba por fazer, ent\u00e3o, uma profunda reflex\u00e3o sobre a situa\u00e7\u00e3o da Igreja, sua voca\u00e7\u00e3o e identidade, chamando a renov\u00e1-la \u201ca partir do discernimento da vontade de Deus na nossa vida di\u00e1ria\u201d. Para Francisco, em tempos de crise e dificuldades, a Igreja precisa de uma reforma que deve come\u00e7ar pela \u201creforma de n\u00f3s mesmos\u201d e \u201c\u00e0 luz do Evangelho\u201d.<\/p>\n<p><iframe loading=\"lazy\" title=\"YouTube video player\" src=\"https:\/\/www.youtube.com\/embed\/ytxZAJIQAHM\" width=\"100%\" height=\"480\" frameborder=\"0\" allowfullscreen=\"allowfullscreen\"><span data-mce-type=\"bookmark\" style=\"display: inline-block; width: 0px; overflow: hidden; line-height: 0;\" class=\"mce_SELRES_start\">\ufeff<\/span><\/iframe><\/p>\n<p>H\u00e1 poucos meses, foi tornada p\u00fablica a carta com a qual Francisco rejeitou a ren\u00fancia oferecida pelo cardeal Marx. Nela, ele n\u00e3o s\u00f3 concordou que &#8220;toda a Igreja est\u00e1 em crise por causa do problema dos abusos&#8221;, mas tamb\u00e9m encorajou o cardeal a continuar seu trabalho como pastor e enfatizou que &#8220;a reforma n\u00e3o consiste em palavras, mas em atitudes que tenham a coragem de se colocar em crise, de assumir a realidade seja qual for a consequ\u00eancia. E toda reforma come\u00e7a por si mesmo. A reforma da Igreja foi feita por homens e mulheres que n\u00e3o temeram entrar em crise e se deixar reformar pelo Senhor\u201d.<\/p>\n<p><strong>Rezar pela Igreja<\/strong><br \/>\nO Pe. Fr\u00e9d\u00e9ric Fornos, diretor internacional da Rede Mundial de Ora\u00e7\u00e3o do Papa, comentou que, \u201cj\u00e1 no final do ano passado, alguns dias antes do Natal, Francisco queria desenvolver o tema da diferen\u00e7a entre conflito e crise, para deixar claro que de uma crise pode sair algo positivo. \u00c9 um momento prop\u00edcio para o Evangelho e a reforma da Igreja. Como diz o Santo Padre: \u2018Devemos ter a coragem de estar prontos para tudo; devemos deixar de pensar na reforma da Igreja como um remendo em uma roupa velha.&#8217; Diante da crise, a primeira coisa que podemos fazer \u00e9 aceit\u00e1-la, como um momento prop\u00edcio para buscar e reconhecer a vontade de Deus. Isso significa n\u00e3o se cansar de rezar, como insiste o Papa; n\u00e3o cansar de seguir o exemplo de Jesus no servi\u00e7o, na caridade, no encontro com o outro, com quem sofre, com os mais vulner\u00e1veis \u200b\u200be com quem mais precisa. &#8216;O caminho sempre tem a ver com verbos de movimento. A crise \u00e9 movimento, \u00e9 parte do caminho&#8217;, disse o Papa tamb\u00e9m&#8221;, finaliza, ent\u00e3o, o diretor internacional. E Francisco encerra o v\u00eddeo assim:<\/p>\n<p>\u201cRecordemos que a Igreja sempre tem dificuldades, sempre tem crises, porque est\u00e1 viva. As coisas vivas entram em crise. S\u00f3 os mortos n\u00e3o entram em crise. Rezemos pela Igreja, para que receba do Esp\u00edrito Santo a gra\u00e7a e a for\u00e7a de se reformar \u00e0 luz do Evangelho.\u201d<\/p>\n<hr \/>\n<p><em>Fonte: Vatican News (texto de Andressa Collet )<\/em><\/p>\n","protected":false},"excerpt":{"rendered":"<p>V\u00eddeo do Papa<\/p>\n","protected":false},"author":3,"featured_media":233531,"comment_status":"open","ping_status":"open","sticky":false,"template":"","format":"standard","meta":[],"categories":[1428],"tags":[542],"acf":[],"yoast_head":"<!-- This site is optimized with the Yoast SEO plugin v19.2 - https:\/\/yoast.com\/wordpress\/plugins\/seo\/ -->\n<title>Papa: reformar a Igreja a partir de n\u00f3s mesmos com ora\u00e7\u00e3o, caridade e servi\u00e7o - Not\u00edcias - Franciscanos<\/title>\n<meta name=\"robots\" content=\"index, follow, max-snippet:-1, max-image-preview:large, max-video-preview:-1\" \/>\n<link rel=\"canonical\" href=\"https:\/\/franciscanos.org.br\/noticias\/papa-reformar-a-igreja-a-partir-de-nos-mesmos-com-oracao-caridade-e-servico.html\" \/>\n<meta property=\"og:locale\" content=\"pt_BR\" \/>\n<meta property=\"og:type\" content=\"article\" \/>\n<meta property=\"og:title\" content=\"Papa: reformar a Igreja a partir de n\u00f3s mesmos com ora\u00e7\u00e3o, caridade e servi\u00e7o - Not\u00edcias - Franciscanos\" \/>\n<meta property=\"og:description\" content=\"V\u00eddeo do Papa\" \/>\n<meta property=\"og:url\" content=\"https:\/\/franciscanos.org.br\/noticias\/papa-reformar-a-igreja-a-partir-de-nos-mesmos-com-oracao-caridade-e-servico.html\" \/>\n<meta property=\"og:site_name\" content=\"Not\u00edcias - Franciscanos\" \/>\n<meta property=\"article:published_time\" content=\"2021-08-03T15:46:38+00:00\" \/>\n<meta property=\"article:modified_time\" content=\"2021-08-03T22:28:35+00:00\" \/>\n<meta property=\"og:image\" content=\"https:\/\/franciscanos.org.br\/noticias\/wp-content\/uploads\/2021\/08\/igreja_03d.jpg\" \/>\n\t<meta property=\"og:image:width\" content=\"800\" \/>\n\t<meta property=\"og:image:height\" content=\"550\" \/>\n\t<meta property=\"og:image:type\" content=\"image\/jpeg\" \/>\n<meta name=\"author\" content=\"moacir\" \/>\n<meta name=\"twitter:card\" content=\"summary_large_image\" \/>\n<meta name=\"twitter:label1\" content=\"Escrito por\" \/>\n\t<meta name=\"twitter:data1\" content=\"moacir\" \/>\n\t<meta name=\"twitter:label2\" content=\"Est. tempo de leitura\" \/>\n\t<meta name=\"twitter:data2\" content=\"4 minutos\" \/>\n<script type=\"application\/ld+json\" class=\"yoast-schema-graph\">{\"@context\":\"https:\/\/schema.org\",\"@graph\":[{\"@type\":\"WebSite\",\"@id\":\"https:\/\/franciscanos.org.br\/noticias\/#website\",\"url\":\"https:\/\/franciscanos.org.br\/noticias\/\",\"name\":\"Not\u00edcias - Franciscanos\",\"description\":\"Prov\u00edncia Franciscana da Imaculada Concei\u00e7\u00e3o do Brasil - Ordem dos Frades Menores - OFM\",\"potentialAction\":[{\"@type\":\"SearchAction\",\"target\":{\"@type\":\"EntryPoint\",\"urlTemplate\":\"https:\/\/franciscanos.org.br\/noticias\/?s={search_term_string}\"},\"query-input\":\"required name=search_term_string\"}],\"inLanguage\":\"pt-BR\"},{\"@type\":\"ImageObject\",\"inLanguage\":\"pt-BR\",\"@id\":\"https:\/\/franciscanos.org.br\/noticias\/papa-reformar-a-igreja-a-partir-de-nos-mesmos-com-oracao-caridade-e-servico.html#primaryimage\",\"url\":\"https:\/\/franciscanos.org.br\/noticias\/wp-content\/uploads\/2021\/08\/igreja_03d.jpg\",\"contentUrl\":\"https:\/\/franciscanos.org.br\/noticias\/wp-content\/uploads\/2021\/08\/igreja_03d.jpg\",\"width\":800,\"height\":550},{\"@type\":\"WebPage\",\"@id\":\"https:\/\/franciscanos.org.br\/noticias\/papa-reformar-a-igreja-a-partir-de-nos-mesmos-com-oracao-caridade-e-servico.html#webpage\",\"url\":\"https:\/\/franciscanos.org.br\/noticias\/papa-reformar-a-igreja-a-partir-de-nos-mesmos-com-oracao-caridade-e-servico.html\",\"name\":\"Papa: reformar a Igreja a partir de n\u00f3s mesmos com ora\u00e7\u00e3o, caridade e servi\u00e7o - Not\u00edcias - Franciscanos\",\"isPartOf\":{\"@id\":\"https:\/\/franciscanos.org.br\/noticias\/#website\"},\"primaryImageOfPage\":{\"@id\":\"https:\/\/franciscanos.org.br\/noticias\/papa-reformar-a-igreja-a-partir-de-nos-mesmos-com-oracao-caridade-e-servico.html#primaryimage\"},\"datePublished\":\"2021-08-03T15:46:38+00:00\",\"dateModified\":\"2021-08-03T22:28:35+00:00\",\"author\":{\"@id\":\"https:\/\/franciscanos.org.br\/noticias\/#\/schema\/person\/b5c8cba458c330ccff548b056e95a5d4\"},\"breadcrumb\":{\"@id\":\"https:\/\/franciscanos.org.br\/noticias\/papa-reformar-a-igreja-a-partir-de-nos-mesmos-com-oracao-caridade-e-servico.html#breadcrumb\"},\"inLanguage\":\"pt-BR\",\"potentialAction\":[{\"@type\":\"ReadAction\",\"target\":[\"https:\/\/franciscanos.org.br\/noticias\/papa-reformar-a-igreja-a-partir-de-nos-mesmos-com-oracao-caridade-e-servico.html\"]}]},{\"@type\":\"BreadcrumbList\",\"@id\":\"https:\/\/franciscanos.org.br\/noticias\/papa-reformar-a-igreja-a-partir-de-nos-mesmos-com-oracao-caridade-e-servico.html#breadcrumb\",\"itemListElement\":[{\"@type\":\"ListItem\",\"position\":1,\"name\":\"Home\",\"item\":\"https:\/\/franciscanos.org.br\/noticias\"},{\"@type\":\"ListItem\",\"position\":2,\"name\":\"Papa: reformar a Igreja a partir de n\u00f3s mesmos com ora\u00e7\u00e3o, caridade e servi\u00e7o\"}]},{\"@type\":\"Person\",\"@id\":\"https:\/\/franciscanos.org.br\/noticias\/#\/schema\/person\/b5c8cba458c330ccff548b056e95a5d4\",\"name\":\"moacir\",\"image\":{\"@type\":\"ImageObject\",\"inLanguage\":\"pt-BR\",\"@id\":\"https:\/\/franciscanos.org.br\/noticias\/#\/schema\/person\/image\/\",\"url\":\"https:\/\/secure.gravatar.com\/avatar\/d08aa2ce4c8dd416d4479aa8536fcf64?s=96&d=mm&r=g\",\"contentUrl\":\"https:\/\/secure.gravatar.com\/avatar\/d08aa2ce4c8dd416d4479aa8536fcf64?s=96&d=mm&r=g\",\"caption\":\"moacir\"},\"url\":\"https:\/\/franciscanos.org.br\/noticias\/author\/moacir\"}]}<\/script>\n<!-- \/ Yoast SEO plugin. -->","yoast_head_json":{"title":"Papa: reformar a Igreja a partir de n\u00f3s mesmos com ora\u00e7\u00e3o, caridade e servi\u00e7o - Not\u00edcias - Franciscanos","robots":{"index":"index","follow":"follow","max-snippet":"max-snippet:-1","max-image-preview":"max-image-preview:large","max-video-preview":"max-video-preview:-1"},"canonical":"https:\/\/franciscanos.org.br\/noticias\/papa-reformar-a-igreja-a-partir-de-nos-mesmos-com-oracao-caridade-e-servico.html","og_locale":"pt_BR","og_type":"article","og_title":"Papa: reformar a Igreja a partir de n\u00f3s mesmos com ora\u00e7\u00e3o, caridade e servi\u00e7o - Not\u00edcias - Franciscanos","og_description":"V\u00eddeo do Papa","og_url":"https:\/\/franciscanos.org.br\/noticias\/papa-reformar-a-igreja-a-partir-de-nos-mesmos-com-oracao-caridade-e-servico.html","og_site_name":"Not\u00edcias - Franciscanos","article_published_time":"2021-08-03T15:46:38+00:00","article_modified_time":"2021-08-03T22:28:35+00:00","og_image":[{"width":800,"height":550,"url":"https:\/\/franciscanos.org.br\/noticias\/wp-content\/uploads\/2021\/08\/igreja_03d.jpg","type":"image\/jpeg"}],"author":"moacir","twitter_card":"summary_large_image","twitter_misc":{"Escrito por":"moacir","Est. tempo de leitura":"4 minutos"},"schema":{"@context":"https:\/\/schema.org","@graph":[{"@type":"WebSite","@id":"https:\/\/franciscanos.org.br\/noticias\/#website","url":"https:\/\/franciscanos.org.br\/noticias\/","name":"Not\u00edcias - Franciscanos","description":"Prov\u00edncia Franciscana da Imaculada Concei\u00e7\u00e3o do Brasil - Ordem dos Frades Menores - OFM","potentialAction":[{"@type":"SearchAction","target":{"@type":"EntryPoint","urlTemplate":"https:\/\/franciscanos.org.br\/noticias\/?s={search_term_string}"},"query-input":"required name=search_term_string"}],"inLanguage":"pt-BR"},{"@type":"ImageObject","inLanguage":"pt-BR","@id":"https:\/\/franciscanos.org.br\/noticias\/papa-reformar-a-igreja-a-partir-de-nos-mesmos-com-oracao-caridade-e-servico.html#primaryimage","url":"https:\/\/franciscanos.org.br\/noticias\/wp-content\/uploads\/2021\/08\/igreja_03d.jpg","contentUrl":"https:\/\/franciscanos.org.br\/noticias\/wp-content\/uploads\/2021\/08\/igreja_03d.jpg","width":800,"height":550},{"@type":"WebPage","@id":"https:\/\/franciscanos.org.br\/noticias\/papa-reformar-a-igreja-a-partir-de-nos-mesmos-com-oracao-caridade-e-servico.html#webpage","url":"https:\/\/franciscanos.org.br\/noticias\/papa-reformar-a-igreja-a-partir-de-nos-mesmos-com-oracao-caridade-e-servico.html","name":"Papa: reformar a Igreja a partir de n\u00f3s mesmos com ora\u00e7\u00e3o, caridade e servi\u00e7o - Not\u00edcias - Franciscanos","isPartOf":{"@id":"https:\/\/franciscanos.org.br\/noticias\/#website"},"primaryImageOfPage":{"@id":"https:\/\/franciscanos.org.br\/noticias\/papa-reformar-a-igreja-a-partir-de-nos-mesmos-com-oracao-caridade-e-servico.html#primaryimage"},"datePublished":"2021-08-03T15:46:38+00:00","dateModified":"2021-08-03T22:28:35+00:00","author":{"@id":"https:\/\/franciscanos.org.br\/noticias\/#\/schema\/person\/b5c8cba458c330ccff548b056e95a5d4"},"breadcrumb":{"@id":"https:\/\/franciscanos.org.br\/noticias\/papa-reformar-a-igreja-a-partir-de-nos-mesmos-com-oracao-caridade-e-servico.html#breadcrumb"},"inLanguage":"pt-BR","potentialAction":[{"@type":"ReadAction","target":["https:\/\/franciscanos.org.br\/noticias\/papa-reformar-a-igreja-a-partir-de-nos-mesmos-com-oracao-caridade-e-servico.html"]}]},{"@type":"BreadcrumbList","@id":"https:\/\/franciscanos.org.br\/noticias\/papa-reformar-a-igreja-a-partir-de-nos-mesmos-com-oracao-caridade-e-servico.html#breadcrumb","itemListElement":[{"@type":"ListItem","position":1,"name":"Home","item":"https:\/\/franciscanos.org.br\/noticias"},{"@type":"ListItem","position":2,"name":"Papa: reformar a Igreja a partir de n\u00f3s mesmos com ora\u00e7\u00e3o, caridade e servi\u00e7o"}]},{"@type":"Person","@id":"https:\/\/franciscanos.org.br\/noticias\/#\/schema\/person\/b5c8cba458c330ccff548b056e95a5d4","name":"moacir","image":{"@type":"ImageObject","inLanguage":"pt-BR","@id":"https:\/\/franciscanos.org.br\/noticias\/#\/schema\/person\/image\/","url":"https:\/\/secure.gravatar.com\/avatar\/d08aa2ce4c8dd416d4479aa8536fcf64?s=96&d=mm&r=g","contentUrl":"https:\/\/secure.gravatar.com\/avatar\/d08aa2ce4c8dd416d4479aa8536fcf64?s=96&d=mm&r=g","caption":"moacir"},"url":"https:\/\/franciscanos.org.br\/noticias\/author\/moacir"}]}},"_links":{"self":[{"href":"https:\/\/franciscanos.org.br\/noticias\/wp-json\/wp\/v2\/posts\/233528"}],"collection":[{"href":"https:\/\/franciscanos.org.br\/noticias\/wp-json\/wp\/v2\/posts"}],"about":[{"href":"https:\/\/franciscanos.org.br\/noticias\/wp-json\/wp\/v2\/types\/post"}],"author":[{"embeddable":true,"href":"https:\/\/franciscanos.org.br\/noticias\/wp-json\/wp\/v2\/users\/3"}],"replies":[{"embeddable":true,"href":"https:\/\/franciscanos.org.br\/noticias\/wp-json\/wp\/v2\/comments?post=233528"}],"version-history":[{"count":3,"href":"https:\/\/franciscanos.org.br\/noticias\/wp-json\/wp\/v2\/posts\/233528\/revisions"}],"predecessor-version":[{"id":233547,"href":"https:\/\/franciscanos.org.br\/noticias\/wp-json\/wp\/v2\/posts\/233528\/revisions\/233547"}],"wp:featuredmedia":[{"embeddable":true,"href":"https:\/\/franciscanos.org.br\/noticias\/wp-json\/wp\/v2\/media\/233531"}],"wp:attachment":[{"href":"https:\/\/franciscanos.org.br\/noticias\/wp-json\/wp\/v2\/media?parent=233528"}],"wp:term":[{"taxonomy":"category","embeddable":true,"href":"https:\/\/franciscanos.org.br\/noticias\/wp-json\/wp\/v2\/categories?post=233528"},{"taxonomy":"post_tag","embeddable":true,"href":"https:\/\/franciscanos.org.br\/noticias\/wp-json\/wp\/v2\/tags?post=233528"}],"curies":[{"name":"wp","href":"https:\/\/api.w.org\/{rel}","templated":true}]}}