{"id":233523,"date":"2021-08-04T07:24:28","date_gmt":"2021-08-04T10:24:28","guid":{"rendered":"https:\/\/franciscanos.org.br\/noticias\/?p=233523"},"modified":"2021-08-04T07:24:47","modified_gmt":"2021-08-04T10:24:47","slug":"admirar-com-os-pequenos-milagres-de-cada-dia-o-novo-livro-de-anselm-grun","status":"publish","type":"post","link":"https:\/\/franciscanos.org.br\/noticias\/admirar-com-os-pequenos-milagres-de-cada-dia-o-novo-livro-de-anselm-grun.html","title":{"rendered":"&#8220;Admirar com os pequenos milagres de cada dia&#8221;, o novo livro de Anselm Gr\u00fcn. Veja outros lan\u00e7amentos."},"content":{"rendered":"<p><img loading=\"lazy\" src=\"https:\/\/franciscanos.org.br\/noticias\/wp-content\/uploads\/2021\/08\/vozes-livros-1260.jpg\" alt=\"\" width=\"1260\" height=\"588\" \/><\/p>\n<h3><strong>Admirar com os pequenos milagres de cada dia<\/strong><\/h3>\n<p>&#8220;O meu objetivo com este livro \u00e9 indicar como a arte de viver espiritualmente abre as atividades e coisas do cotidiano e as experi\u00eancias de nossa vida para o maravilhoso, para Deus, o fundamento de todo o ser, e para o seu amor, que vem ao nosso encontro em tudo.Tempo livre, aten\u00e7\u00e3o e sil\u00eancio s\u00e3o caracter\u00edsticas dessa arte de viver. A arte de viver espiritualmente \u00e9, em \u00faltima inst\u00e2ncia, a maneira de possibilitar que tudo que vem ao nosso encontro na vida se torne transparente em vista desse fundamento mais profundo.Tudo o que fa\u00e7o se torna, ent\u00e3o, uma atividade a partir da atitude atenta da abertura para o maravilhoso&#8221;, diz <strong>Anselm Gr\u00fcn.<\/strong><\/p>\n<p>Como nossa vida d\u00e1 certo? O que entendemos por verdadeira felicidade? Poder, dinheiro, propriedade, carreira, popularidade, consumo e o m\u00ednimo de t\u00e9dio poss\u00edvel? O objetivo de toda verdadeira arte de viver \u00e9 levar uma vida feliz e plena de sentido. Fil\u00f3sofos de todas as \u00e9pocas \u2013 de Plat\u00e3o a Epicuro, Epiteto ou Agostinho at\u00e9 os fil\u00f3sofos atuais \u2013 refletiram sobre como isso sucede. A busca pela melhor maneira de levar uma vida boa e feliz no cotidiano nunca deixou de existir.<\/p>\n<p>Autor reconhecido no mundo inteiro por seus in\u00fameros livros publicados em mais de 28 l\u00ednguas, o monge beneditino Anselm Gr\u00fcn, da Abadia de M\u00fcnsterschwarzach (Alemanha), une a capacidade \u00edmpar de falar de coisas profundas com simplicidade e expressar com palavras aquilo que as pessoas experimentam em seu cora\u00e7\u00e3o. Procurado como palestrante e conselheiro na Alemanha e no estrangeiro, tornou-se \u00edcone da espiritualidade e mestre do autoconhecimento em nossos dias. Tem dezenas de obras publicadas no Brasil.\u00a0O seu \u2018best-seller\u2019 publicado em 1998 \u2013 \u201cO C\u00e9u come\u00e7a em voc\u00ea\u201d \u2013 j\u00e1 foi traduzido em mais de 30 idiomas no mundo.<\/p>\n<hr \/>\n<h3><strong>Teologia e Hermen\u00eautica<\/strong><\/h3>\n<p>O debate filos\u00f3fico sobre a hermen\u00eautica no contexto mais amplo da problem\u00e1tica da intelec\u00e7\u00e3o humana desenvolvida por Zubiri oferece um quadro te\u00f3rico que permite assumir o momento hermen\u00eautico da intelec\u00e7\u00e3o, sem reduzi-la a pura interpreta\u00e7\u00e3o (pr\u00e1xis-intelec\u00e7\u00e3o-hermen\u00eautica). E este quadro te\u00f3rico permite uma nova abordagem da rela\u00e7\u00e3o teologia-hermen\u00eautica no contexto mais amplo da problem\u00e1tica da intelec\u00e7\u00e3o da realiza\u00e7\u00e3o hist\u00f3rica do reinado de Deus (reinado de Deus-teologia-\u00a0 hermen\u00eautica). Isso nos levar\u00e1 a uma passagem da \u201cteologia como hermen\u00eautica\u201d para o \u201cmomento hermen\u00eautico da teologia\u201d, como reza o subt\u00edtulo desta obra. Se Geffr\u00e9 fala de uma \u201cvirada hermen\u00eautica da teologia\u201d, falaremos aqui, a partir de Ignacio Ellacur\u00eda, da necessidade de uma virada pr\u00e1xica da teologia que, assumindo com seriedade o momento hermen\u00eautico da teologia, situe o fazer teol\u00f3gico em sua totalidade no contexto mais amplo da realiza\u00e7\u00e3o hist\u00f3rica do reinado de Deus, oferecendo, assim, uma nova perspectiva de abordagem da problem\u00e1tica da rela\u00e7\u00e3o teologia-hermen\u00eautica: hermen\u00eautica como momento da teologia e teologia como momento da realiza\u00e7\u00e3o hist\u00f3rica do reinado de Deus.<\/p>\n<p>Se a compreens\u00e3o de intellectus como \u201chermen\u00eautica\u201d leva Geffr\u00e9 a \u201cidentificar a raz\u00e3o teol\u00f3gica com uma raz\u00e3o hermen\u00eautica\u201d, a compreens\u00e3o de intellectus como \u201capreens\u00e3o de realidade\u201d \u2013 apreens\u00e3o (e n\u00e3o mera interpreta\u00e7\u00e3o) de realidade (e n\u00e3o simplesmente de sentido) \u2013 leva Ellacur\u00eda a falar da teologia como momento intelectual da realiza\u00e7\u00e3o hist\u00f3rica do reinado de Deus. Tendo passado pela \u201cvirada hermen\u00eautica da teologia\u201d (Geffr\u00e9), \u00e9 preciso passar por uma \u201cvirada\u201d pr\u00e1xica da teologia (Ellacur\u00eda). E tanto em raz\u00e3o do car\u00e1ter e do dinamismo da atividade intelectual (momento da pr\u00e1xis), quanto em raz\u00e3o da efic\u00e1cia do fazer teol\u00f3gico e da teologia (realiza\u00e7\u00e3o do reinado de Deus).<\/p>\n<p><strong>Francisco de Aquino J\u00fanior<\/strong> \u00e9 doutor em teologia pela Westf\u00e4lische Wilhelms-Universit\u00e4t M\u00fcnster na Alemanha, professor de teologia na Faculdade Cat\u00f3lica de Fortaleza (FCF) e na Universidade Cat\u00f3lica de Pernambuco (UNICAP). Presb\u00edtero da Diocese de Limoeiro do Norte no Cear\u00e1, \u00e9 membro de corpo editorial dos peri\u00f3dicos: Revista Eclesi\u00e1stica Brasileira (REB), da Perspectiva Teol\u00f3gica (FAJE) e da Kair\u00f3s (Instituto teol\u00f3gico-pastoral do Cear\u00e1). Suas recentes publica\u00e7\u00f5es se interessam pela filosofia e teologia latino-americanas, e pela epistemologia teol\u00f3gica. \u00c9 autor de &#8220;Pastoral Urbana&#8221;, &#8220;Dimens\u00e3o socioestrutural do reinado de Deus&#8221; (2011); &#8220;Teoria teol\u00f3gica \u2013 pr\u00e1xis teologal&#8221; (2012); &#8220;A teologia como intelec\u00e7\u00e3o do reinado de Deus: O m\u00e9todo da teologia da liberta\u00e7\u00e3o segundo Ignacio Ellacur\u00eda&#8221;, entre outras obras.<\/p>\n<hr \/>\n<h3><strong>Atividades interdisciplinares de arte e meio ambiente<\/strong><\/h3>\n<p>A finalidade principal da obra \u00e9 promover atividades direcionadas \u00e0 Arte e ao l\u00fadico por meio de atividades interdisciplinares, despertando o interesse da crian\u00e7a pela preserva\u00e7\u00e3o da natureza ao elaborar trabalhos art\u00edsticos como reciclagem de materiais, pintura, recorte, colagem, dobraduras, m\u00fasica e atividades envolvendo as hist\u00f3rias.<\/p>\n<p>As atividades s\u00e3o direcionadas a crian\u00e7as da Educa\u00e7\u00e3o Infantil e das s\u00e9ries iniciais do Ensino Fundamental por meio de projetos did\u00e1ticos que possibilitam uma abordagem diferente da aprendizagem, rompendo os limites do ensino tradicional, e a contribui\u00e7\u00e3o da Arte pode ser muito valiosa.<\/p>\n<p>Por meio de atividades l\u00fadicas e criativas, a crian\u00e7a conhece a obra do artista e a cultura de v\u00e1rias regi\u00f5es, estados e pa\u00edses, ao mesmo tempo em que amplia o conhecimento da Arte e de outras disciplinas em atividades interdisciplinares.<\/p>\n<p>Outras atividades art\u00edsticas s\u00e3o apresentadas por meio do computador, uma vez que a Arte e a tecnologia j\u00e1 fazem parte da vida da crian\u00e7a no mundo atual.<\/p>\n<p>A autora, <strong>Aurora Ferreira<\/strong>, apresenta um trabalho l\u00fadico e did\u00e1tico, focando a obra na arte e no meio ambiente em atividades interdisciplinares, com uma linguagem clara e simples para facilitar o dia a dia do professor, com t\u00e9cnicas e sugest\u00f5es de atividades visando despertar o interesse e a criatividade da crian\u00e7a.<\/p>\n<p>Destinado a preencher as lacunas do conhecimento infantil, o livro surge para transformar o estudo escolar num misto de trabalho e lazer.<\/p>\n<hr \/>\n<h3><strong>Introdu\u00e7\u00e3o \u00e0 pesquisa social<\/strong><\/h3>\n<p>Este livro trata de m\u00e9todos para a realiza\u00e7\u00e3o de pesquisa emp\u00edrica em ci\u00eancias sociais. Abrange abordagens quantitativas e qualitativas e se concentra nos elementos essenciais de cada uma. Situa as duas abordagens na mesma estrutura de organiza\u00e7\u00e3o da pesquisa e lida com elas sob os mesmos tr\u00eas t\u00f3picos principais \u2013 desenho, coleta de dados, an\u00e1lise de dados. Inclui m\u00e9todos mistos, em que dados e m\u00e9todos qualitativos e quantitativos se combinam. A \u00eanfase \u00e9 na l\u00f3gica do que se faz na pesquisa, n\u00e3o nos seus aspectos t\u00e9cnicos. Portanto, o objetivo deste livro n\u00e3o \u00e9 ser um \u201cmanual\u201d, e sim desenvolver um entendimento b\u00e1sico das quest\u00f5es envolvidas e das ideias que subjazem \u00e0s t\u00e9cnicas principais.<\/p>\n<p>Ao selecionar o material para o livro, duas quest\u00f5es centrais foram levadas em considera\u00e7\u00e3o:<\/p>\n<p>Qual deve ser o conte\u00fado de um curso introdut\u00f3rio sobre m\u00e9todos de pesquisa social antes de qualquer especializa\u00e7\u00e3o metodol\u00f3gica?<\/p>\n<p>Como esse conte\u00fado pode ser apresentado de modo a mostrar como a pesquisa funciona e propiciar um entendimento tang\u00edvel e pr\u00e1tico suficiente das quest\u00f5es, m\u00e9todos e t\u00e9cnicas para executar um projeto?<\/p>\n<p>O livro se destina principalmente a alunos nos \u00faltimos anos da gradua\u00e7\u00e3o e no in\u00edcio da p\u00f3s-gradua\u00e7\u00e3o em \u00e1reas diferentes das ci\u00eancias sociais, mas esperamos que tamb\u00e9m seja apropriado a outros pesquisadores que desejem um panorama da l\u00f3gica da pesquisa social e das principais ideias subjacentes aos seus m\u00e9todos.<\/p>\n<p>Esta obra,<strong> de Keith F. Punch<\/strong>, traz uma vis\u00e3o de pesquisa e um modelo de pesquisa simples, por\u00e9m robusto, e depois usa o modelo para orientar o planejamento de pesquisas emp\u00edricas quantitativas, qualitativas e com m\u00e9todos mistos nas ci\u00eancias sociais. Nesse processo, enfatizamos a necessidade de desenvolvimento de perguntas emp\u00edricas genu\u00ednas e descrevemos as conex\u00f5es entre conceitos e seus indicadores emp\u00edricos. Depois demonstramos a implementa\u00e7\u00e3o desse modelo na pesquisa qualitativa e quantitativa.<\/p>\n<p>A respeito dos motivos, a inten\u00e7\u00e3o \u00e9 expor a l\u00f3gica de todos os est\u00e1gios do processo de pesquisa emp\u00edrica (seja qual for a natureza dos dados) e sugerir uma base para os alunos planejarem e desenvolverem a pesquisa imediatamente. Como antes, ent\u00e3o, tento enfatizar a l\u00f3gica que subjaz \u00e0 pesquisa e suas t\u00e9cnicas, e n\u00e3o quest\u00f5es puramente t\u00e9cnicas. Um dos objetivos ao faz\u00ea-lo \u00e9 \u201cdesmistificar\u201d o processo de pesquisa e, quando necess\u00e1rio, simplific\u00e1-lo, tentando demonstrar claramente a l\u00f3gica subjacente; portanto, mostrando que uma pesquisa de qualidade est\u00e1 ao alcance de muitas pessoas.<\/p>\n<hr \/>\n<p>Todos esses produtos podem ser adquiridos pelos sites\u00a0<a href=\"http:\/\/www.livrariavozes.com.br\/\">www.livrariavozes.com.br<\/a>\u00a0ou \u00a0site:\u00a0<a href=\"http:\/\/vozes.com.br\/\">http:\/\/vozes.com.br<\/a><\/p>\n<p><strong>E-mail<\/strong>:\u00a0<a href=\"mailto:contato@vozes.com.br\" target=\"_blank\" rel=\"noopener noreferrer\">contato@vozes.com.br<\/a><\/p>\n<p><strong>Tel.<\/strong>\u00a011 3101 8451<\/p>\n<div class=\"tags\"><i class=\"fas fa-tags\"><\/i>\u00a0<a href=\"https:\/\/franciscanos.org.br\/noticias\/tag\/editora-vozes\" rel=\"tag\">Editora Vozes<\/a><\/div>\n","protected":false},"excerpt":{"rendered":"<p>Editora Vozes<\/p>\n","protected":false},"author":7,"featured_media":233524,"comment_status":"open","ping_status":"open","sticky":false,"template":"","format":"standard","meta":[],"categories":[1],"tags":[238],"acf":[],"yoast_head":"<!-- This site is optimized with the Yoast SEO plugin v19.2 - https:\/\/yoast.com\/wordpress\/plugins\/seo\/ -->\n<title>&quot;Admirar com os pequenos milagres de cada dia&quot;, o novo livro de Anselm Gr\u00fcn. Veja outros lan\u00e7amentos. - Not\u00edcias - Franciscanos<\/title>\n<meta name=\"robots\" content=\"index, follow, max-snippet:-1, max-image-preview:large, max-video-preview:-1\" \/>\n<link rel=\"canonical\" href=\"https:\/\/franciscanos.org.br\/noticias\/admirar-com-os-pequenos-milagres-de-cada-dia-o-novo-livro-de-anselm-grun.html\" \/>\n<meta property=\"og:locale\" content=\"pt_BR\" \/>\n<meta property=\"og:type\" content=\"article\" \/>\n<meta property=\"og:title\" content=\"&quot;Admirar com os pequenos milagres de cada dia&quot;, o novo livro de Anselm Gr\u00fcn. Veja outros lan\u00e7amentos. - Not\u00edcias - Franciscanos\" \/>\n<meta property=\"og:description\" content=\"Editora Vozes\" \/>\n<meta property=\"og:url\" content=\"https:\/\/franciscanos.org.br\/noticias\/admirar-com-os-pequenos-milagres-de-cada-dia-o-novo-livro-de-anselm-grun.html\" \/>\n<meta property=\"og:site_name\" content=\"Not\u00edcias - Franciscanos\" \/>\n<meta property=\"article:published_time\" content=\"2021-08-04T10:24:28+00:00\" \/>\n<meta property=\"article:modified_time\" content=\"2021-08-04T10:24:47+00:00\" \/>\n<meta property=\"og:image\" content=\"https:\/\/franciscanos.org.br\/noticias\/wp-content\/uploads\/2021\/08\/vozes-livros-800.jpg\" \/>\n\t<meta property=\"og:image:width\" content=\"800\" \/>\n\t<meta property=\"og:image:height\" content=\"549\" \/>\n\t<meta property=\"og:image:type\" content=\"image\/jpeg\" \/>\n<meta name=\"author\" content=\"jovenal\" \/>\n<meta name=\"twitter:card\" content=\"summary_large_image\" \/>\n<meta name=\"twitter:label1\" content=\"Escrito por\" \/>\n\t<meta name=\"twitter:data1\" content=\"jovenal\" \/>\n\t<meta name=\"twitter:label2\" content=\"Est. tempo de leitura\" \/>\n\t<meta name=\"twitter:data2\" content=\"8 minutos\" \/>\n<script type=\"application\/ld+json\" class=\"yoast-schema-graph\">{\"@context\":\"https:\/\/schema.org\",\"@graph\":[{\"@type\":\"WebSite\",\"@id\":\"https:\/\/franciscanos.org.br\/noticias\/#website\",\"url\":\"https:\/\/franciscanos.org.br\/noticias\/\",\"name\":\"Not\u00edcias - Franciscanos\",\"description\":\"Prov\u00edncia Franciscana da Imaculada Concei\u00e7\u00e3o do Brasil - Ordem dos Frades Menores - OFM\",\"potentialAction\":[{\"@type\":\"SearchAction\",\"target\":{\"@type\":\"EntryPoint\",\"urlTemplate\":\"https:\/\/franciscanos.org.br\/noticias\/?s={search_term_string}\"},\"query-input\":\"required name=search_term_string\"}],\"inLanguage\":\"pt-BR\"},{\"@type\":\"ImageObject\",\"inLanguage\":\"pt-BR\",\"@id\":\"https:\/\/franciscanos.org.br\/noticias\/admirar-com-os-pequenos-milagres-de-cada-dia-o-novo-livro-de-anselm-grun.html#primaryimage\",\"url\":\"https:\/\/franciscanos.org.br\/noticias\/wp-content\/uploads\/2021\/08\/vozes-livros-800.jpg\",\"contentUrl\":\"https:\/\/franciscanos.org.br\/noticias\/wp-content\/uploads\/2021\/08\/vozes-livros-800.jpg\",\"width\":800,\"height\":549},{\"@type\":\"WebPage\",\"@id\":\"https:\/\/franciscanos.org.br\/noticias\/admirar-com-os-pequenos-milagres-de-cada-dia-o-novo-livro-de-anselm-grun.html#webpage\",\"url\":\"https:\/\/franciscanos.org.br\/noticias\/admirar-com-os-pequenos-milagres-de-cada-dia-o-novo-livro-de-anselm-grun.html\",\"name\":\"\\\"Admirar com os pequenos milagres de cada dia\\\", o novo livro de Anselm Gr\u00fcn. Veja outros lan\u00e7amentos. - Not\u00edcias - Franciscanos\",\"isPartOf\":{\"@id\":\"https:\/\/franciscanos.org.br\/noticias\/#website\"},\"primaryImageOfPage\":{\"@id\":\"https:\/\/franciscanos.org.br\/noticias\/admirar-com-os-pequenos-milagres-de-cada-dia-o-novo-livro-de-anselm-grun.html#primaryimage\"},\"datePublished\":\"2021-08-04T10:24:28+00:00\",\"dateModified\":\"2021-08-04T10:24:47+00:00\",\"author\":{\"@id\":\"https:\/\/franciscanos.org.br\/noticias\/#\/schema\/person\/c3a26b08313dd1772495ce300ab257cc\"},\"breadcrumb\":{\"@id\":\"https:\/\/franciscanos.org.br\/noticias\/admirar-com-os-pequenos-milagres-de-cada-dia-o-novo-livro-de-anselm-grun.html#breadcrumb\"},\"inLanguage\":\"pt-BR\",\"potentialAction\":[{\"@type\":\"ReadAction\",\"target\":[\"https:\/\/franciscanos.org.br\/noticias\/admirar-com-os-pequenos-milagres-de-cada-dia-o-novo-livro-de-anselm-grun.html\"]}]},{\"@type\":\"BreadcrumbList\",\"@id\":\"https:\/\/franciscanos.org.br\/noticias\/admirar-com-os-pequenos-milagres-de-cada-dia-o-novo-livro-de-anselm-grun.html#breadcrumb\",\"itemListElement\":[{\"@type\":\"ListItem\",\"position\":1,\"name\":\"Home\",\"item\":\"https:\/\/franciscanos.org.br\/noticias\"},{\"@type\":\"ListItem\",\"position\":2,\"name\":\"&#8220;Admirar com os pequenos milagres de cada dia&#8221;, o novo livro de Anselm Gr\u00fcn. Veja outros lan\u00e7amentos.\"}]},{\"@type\":\"Person\",\"@id\":\"https:\/\/franciscanos.org.br\/noticias\/#\/schema\/person\/c3a26b08313dd1772495ce300ab257cc\",\"name\":\"jovenal\",\"image\":{\"@type\":\"ImageObject\",\"inLanguage\":\"pt-BR\",\"@id\":\"https:\/\/franciscanos.org.br\/noticias\/#\/schema\/person\/image\/\",\"url\":\"https:\/\/secure.gravatar.com\/avatar\/e94509f531086e2eaf97e72f29ea00f9?s=96&d=mm&r=g\",\"contentUrl\":\"https:\/\/secure.gravatar.com\/avatar\/e94509f531086e2eaf97e72f29ea00f9?s=96&d=mm&r=g\",\"caption\":\"jovenal\"},\"url\":\"https:\/\/franciscanos.org.br\/noticias\/author\/jovenal\"}]}<\/script>\n<!-- \/ Yoast SEO plugin. -->","yoast_head_json":{"title":"\"Admirar com os pequenos milagres de cada dia\", o novo livro de Anselm Gr\u00fcn. Veja outros lan\u00e7amentos. - Not\u00edcias - Franciscanos","robots":{"index":"index","follow":"follow","max-snippet":"max-snippet:-1","max-image-preview":"max-image-preview:large","max-video-preview":"max-video-preview:-1"},"canonical":"https:\/\/franciscanos.org.br\/noticias\/admirar-com-os-pequenos-milagres-de-cada-dia-o-novo-livro-de-anselm-grun.html","og_locale":"pt_BR","og_type":"article","og_title":"\"Admirar com os pequenos milagres de cada dia\", o novo livro de Anselm Gr\u00fcn. Veja outros lan\u00e7amentos. - Not\u00edcias - Franciscanos","og_description":"Editora Vozes","og_url":"https:\/\/franciscanos.org.br\/noticias\/admirar-com-os-pequenos-milagres-de-cada-dia-o-novo-livro-de-anselm-grun.html","og_site_name":"Not\u00edcias - Franciscanos","article_published_time":"2021-08-04T10:24:28+00:00","article_modified_time":"2021-08-04T10:24:47+00:00","og_image":[{"width":800,"height":549,"url":"https:\/\/franciscanos.org.br\/noticias\/wp-content\/uploads\/2021\/08\/vozes-livros-800.jpg","type":"image\/jpeg"}],"author":"jovenal","twitter_card":"summary_large_image","twitter_misc":{"Escrito por":"jovenal","Est. tempo de leitura":"8 minutos"},"schema":{"@context":"https:\/\/schema.org","@graph":[{"@type":"WebSite","@id":"https:\/\/franciscanos.org.br\/noticias\/#website","url":"https:\/\/franciscanos.org.br\/noticias\/","name":"Not\u00edcias - Franciscanos","description":"Prov\u00edncia Franciscana da Imaculada Concei\u00e7\u00e3o do Brasil - Ordem dos Frades Menores - OFM","potentialAction":[{"@type":"SearchAction","target":{"@type":"EntryPoint","urlTemplate":"https:\/\/franciscanos.org.br\/noticias\/?s={search_term_string}"},"query-input":"required name=search_term_string"}],"inLanguage":"pt-BR"},{"@type":"ImageObject","inLanguage":"pt-BR","@id":"https:\/\/franciscanos.org.br\/noticias\/admirar-com-os-pequenos-milagres-de-cada-dia-o-novo-livro-de-anselm-grun.html#primaryimage","url":"https:\/\/franciscanos.org.br\/noticias\/wp-content\/uploads\/2021\/08\/vozes-livros-800.jpg","contentUrl":"https:\/\/franciscanos.org.br\/noticias\/wp-content\/uploads\/2021\/08\/vozes-livros-800.jpg","width":800,"height":549},{"@type":"WebPage","@id":"https:\/\/franciscanos.org.br\/noticias\/admirar-com-os-pequenos-milagres-de-cada-dia-o-novo-livro-de-anselm-grun.html#webpage","url":"https:\/\/franciscanos.org.br\/noticias\/admirar-com-os-pequenos-milagres-de-cada-dia-o-novo-livro-de-anselm-grun.html","name":"\"Admirar com os pequenos milagres de cada dia\", o novo livro de Anselm Gr\u00fcn. Veja outros lan\u00e7amentos. - Not\u00edcias - Franciscanos","isPartOf":{"@id":"https:\/\/franciscanos.org.br\/noticias\/#website"},"primaryImageOfPage":{"@id":"https:\/\/franciscanos.org.br\/noticias\/admirar-com-os-pequenos-milagres-de-cada-dia-o-novo-livro-de-anselm-grun.html#primaryimage"},"datePublished":"2021-08-04T10:24:28+00:00","dateModified":"2021-08-04T10:24:47+00:00","author":{"@id":"https:\/\/franciscanos.org.br\/noticias\/#\/schema\/person\/c3a26b08313dd1772495ce300ab257cc"},"breadcrumb":{"@id":"https:\/\/franciscanos.org.br\/noticias\/admirar-com-os-pequenos-milagres-de-cada-dia-o-novo-livro-de-anselm-grun.html#breadcrumb"},"inLanguage":"pt-BR","potentialAction":[{"@type":"ReadAction","target":["https:\/\/franciscanos.org.br\/noticias\/admirar-com-os-pequenos-milagres-de-cada-dia-o-novo-livro-de-anselm-grun.html"]}]},{"@type":"BreadcrumbList","@id":"https:\/\/franciscanos.org.br\/noticias\/admirar-com-os-pequenos-milagres-de-cada-dia-o-novo-livro-de-anselm-grun.html#breadcrumb","itemListElement":[{"@type":"ListItem","position":1,"name":"Home","item":"https:\/\/franciscanos.org.br\/noticias"},{"@type":"ListItem","position":2,"name":"&#8220;Admirar com os pequenos milagres de cada dia&#8221;, o novo livro de Anselm Gr\u00fcn. Veja outros lan\u00e7amentos."}]},{"@type":"Person","@id":"https:\/\/franciscanos.org.br\/noticias\/#\/schema\/person\/c3a26b08313dd1772495ce300ab257cc","name":"jovenal","image":{"@type":"ImageObject","inLanguage":"pt-BR","@id":"https:\/\/franciscanos.org.br\/noticias\/#\/schema\/person\/image\/","url":"https:\/\/secure.gravatar.com\/avatar\/e94509f531086e2eaf97e72f29ea00f9?s=96&d=mm&r=g","contentUrl":"https:\/\/secure.gravatar.com\/avatar\/e94509f531086e2eaf97e72f29ea00f9?s=96&d=mm&r=g","caption":"jovenal"},"url":"https:\/\/franciscanos.org.br\/noticias\/author\/jovenal"}]}},"_links":{"self":[{"href":"https:\/\/franciscanos.org.br\/noticias\/wp-json\/wp\/v2\/posts\/233523"}],"collection":[{"href":"https:\/\/franciscanos.org.br\/noticias\/wp-json\/wp\/v2\/posts"}],"about":[{"href":"https:\/\/franciscanos.org.br\/noticias\/wp-json\/wp\/v2\/types\/post"}],"author":[{"embeddable":true,"href":"https:\/\/franciscanos.org.br\/noticias\/wp-json\/wp\/v2\/users\/7"}],"replies":[{"embeddable":true,"href":"https:\/\/franciscanos.org.br\/noticias\/wp-json\/wp\/v2\/comments?post=233523"}],"version-history":[{"count":4,"href":"https:\/\/franciscanos.org.br\/noticias\/wp-json\/wp\/v2\/posts\/233523\/revisions"}],"predecessor-version":[{"id":233551,"href":"https:\/\/franciscanos.org.br\/noticias\/wp-json\/wp\/v2\/posts\/233523\/revisions\/233551"}],"wp:featuredmedia":[{"embeddable":true,"href":"https:\/\/franciscanos.org.br\/noticias\/wp-json\/wp\/v2\/media\/233524"}],"wp:attachment":[{"href":"https:\/\/franciscanos.org.br\/noticias\/wp-json\/wp\/v2\/media?parent=233523"}],"wp:term":[{"taxonomy":"category","embeddable":true,"href":"https:\/\/franciscanos.org.br\/noticias\/wp-json\/wp\/v2\/categories?post=233523"},{"taxonomy":"post_tag","embeddable":true,"href":"https:\/\/franciscanos.org.br\/noticias\/wp-json\/wp\/v2\/tags?post=233523"}],"curies":[{"name":"wp","href":"https:\/\/api.w.org\/{rel}","templated":true}]}}