{"id":233506,"date":"2021-08-01T21:06:14","date_gmt":"2021-08-02T00:06:14","guid":{"rendered":"https:\/\/franciscanos.org.br\/noticias\/?p=233506"},"modified":"2021-08-01T21:09:41","modified_gmt":"2021-08-02T00:09:41","slug":"frei-paulo-mais-do-que-nunca-e-hora-de-celebrar-o-perdao-de-assis","status":"publish","type":"post","link":"https:\/\/franciscanos.org.br\/noticias\/frei-paulo-mais-do-que-nunca-e-hora-de-celebrar-o-perdao-de-assis.html","title":{"rendered":"Frei Paulo: &#8220;Mais do que nunca \u00e9 hora de celebrar o Perd\u00e3o de Assis\u201d"},"content":{"rendered":"<p><img loading=\"lazy\" class=\"alignnone size-full wp-image-233507\" src=\"https:\/\/franciscanos.org.br\/noticias\/wp-content\/uploads\/2021\/08\/perdao_01.jpg\" alt=\"\" width=\"1200\" height=\"800\" srcset=\"https:\/\/franciscanos.org.br\/noticias\/wp-content\/uploads\/2021\/08\/perdao_01.jpg 1200w, https:\/\/franciscanos.org.br\/noticias\/wp-content\/uploads\/2021\/08\/perdao_01-450x300.jpg 450w, https:\/\/franciscanos.org.br\/noticias\/wp-content\/uploads\/2021\/08\/perdao_01-1024x683.jpg 1024w, https:\/\/franciscanos.org.br\/noticias\/wp-content\/uploads\/2021\/08\/perdao_01-768x512.jpg 768w, https:\/\/franciscanos.org.br\/noticias\/wp-content\/uploads\/2021\/08\/perdao_01-150x100.jpg 150w\" sizes=\"(max-width: 1200px) 100vw, 1200px\" \/><br \/>\nCerca de quinhentos fi\u00e9is subiram ao Convento da Penha para a Celebra\u00e7\u00e3o do Perd\u00e3o de Assis que teve in\u00edcio \u00e0s 19h da sexta-feira. Apesar do frio, todos foram convidados a alargar os ouvidos para acolher o desejo expresso por Francisco de Assis h\u00e1 mais de 800 anos: \u201cIrm\u00e3os, quero levar-vos ao Para\u00edso\u201d. Na Ordem Franciscana, a celebra\u00e7\u00e3o lit\u00fargica \u00e9 nesta segunda-feira,\u00a0 2 de agosto.<\/p>\n<p>Tudo foi preparado por uma equipe de volunt\u00e1rios do Convento e da Par\u00f3quia Nossa Senhora do Ros\u00e1rio de Vila Velha. Desde o port\u00e3o principal de acesso at\u00e9 o Campinho, os fi\u00e9is eram orientados sobre a necessidade de utiliza\u00e7\u00e3o de m\u00e1scara de prote\u00e7\u00e3o facial sobre o nariz e a boca, bem como a n\u00e3o utilizar velas, por conta do risco de inc\u00eandio. Na chegada ao Campinho eram acolhidos com os cantos \u201cDoce \u00e9 Sentir\u201d, \u201cOnde Reina o Amor\u201d e \u201c\u00d3 Luz do Senhor\u201d.<\/p>\n<p>A volunt\u00e1ria Val\u00e9ria Tanure e o Guardi\u00e3o da Penha, Frei Paulo Roberto, fizeram a apresenta\u00e7\u00e3o, abertura e motiva\u00e7\u00f5es iniciais. \u201cA celebra\u00e7\u00e3o do Perd\u00e3o de Assis, que normalmente acontece na sexta-feira que antecede o dia 02 de agosto, tornou-se tradicional para uma multid\u00e3o de fi\u00e9is que anualmente se disp\u00f5e a rezar conosco\u201d, lembrou Frei Paulo.<\/p>\n<p><img loading=\"lazy\" class=\"alignnone size-full wp-image-233508\" src=\"https:\/\/franciscanos.org.br\/noticias\/wp-content\/uploads\/2021\/08\/perdao_01_1.jpg\" alt=\"\" width=\"1000\" height=\"667\" srcset=\"https:\/\/franciscanos.org.br\/noticias\/wp-content\/uploads\/2021\/08\/perdao_01_1.jpg 1000w, https:\/\/franciscanos.org.br\/noticias\/wp-content\/uploads\/2021\/08\/perdao_01_1-450x300.jpg 450w, https:\/\/franciscanos.org.br\/noticias\/wp-content\/uploads\/2021\/08\/perdao_01_1-768x512.jpg 768w, https:\/\/franciscanos.org.br\/noticias\/wp-content\/uploads\/2021\/08\/perdao_01_1-150x100.jpg 150w\" sizes=\"(max-width: 1000px) 100vw, 1000px\" \/><\/p>\n<p>A encena\u00e7\u00e3o preparada pelos jovens paroquianos do Ros\u00e1rio deu sequ\u00eancia \u00e0 celebra\u00e7\u00e3o. O jovem Mateus Maretto, interpretando S\u00e3o Francisco, encenou o encontro com Santa Clara (interpretada pela jovem Luana Ferreira Reis) diante da Cruz de S\u00e3o Dami\u00e3o. Em seguida, em quatro cenas, os dois encontraram uma pessoa esfomeada e Francisco lhe entrega um prato de comida; um enfermo pelo caminho foi acalentado pelo abra\u00e7o sincero do Pobrezinho de Assis. A terceira cena ilustrou jovens abandonados e marginalizados sendo abra\u00e7ados por Clara e Francisco. Por fim, a \u00faltima cena da primeira parte da encena\u00e7\u00e3o foi um momento marcante num contexto que se fala tanto de armas, viol\u00eancia, \u201cjusti\u00e7a armamentista\u201d. Francisco entregou flores para dois rapazes armados, ou seja, a paz sempre prevalece sobre a guerra.<\/p>\n<p>Logo ap\u00f3s a primeira encena\u00e7\u00e3o, ao som de \u201cNingu\u00e9m Te Ama Como Eu\u201d, teve in\u00edcio a parte lit\u00fargica com a proclama\u00e7\u00e3o da Palavra de Deus (Evangelho das Bem-Aventuran\u00e7as) e a exorta\u00e7\u00e3o feita pelo Frei Paulo Roberto. \u201cOs tempos que vivemos exigem que nossos relacionamentos sejam regidos por maior lucidez, fraternidade, perd\u00e3o. A pandemia do novo coronav\u00edrus trouxe doen\u00e7a f\u00edsica que, s\u00f3 no Brasil, levou \u00e0 morte quase seiscentas mil pessoas. Uma trag\u00e9dia que a todos entristece. A pandemia n\u00e3o trouxe s\u00f3 a morte, ela tamb\u00e9m desencadeou processos de dissens\u00e3o que aprofundaram as dist\u00e2ncias entre pessoas, fam\u00edlias e comunidades. Al\u00e9m disso, o medo, a inseguran\u00e7a, o sentimento de impot\u00eancia e de abandono corroeram o equil\u00edbrio das pessoas. Por isso, mais do que nunca, \u00e9 necess\u00e1rio a reconcilia\u00e7\u00e3o. Mais do que nunca \u00e9 hora de celebrar o Perd\u00e3o de Assis\u201d, disse Frei Paulo no in\u00edcio da reflex\u00e3o.<\/p>\n<p><img loading=\"lazy\" class=\"alignnone size-full wp-image-233509\" src=\"https:\/\/franciscanos.org.br\/noticias\/wp-content\/uploads\/2021\/08\/perdao_01_2.jpg\" alt=\"\" width=\"1200\" height=\"800\" srcset=\"https:\/\/franciscanos.org.br\/noticias\/wp-content\/uploads\/2021\/08\/perdao_01_2.jpg 1200w, https:\/\/franciscanos.org.br\/noticias\/wp-content\/uploads\/2021\/08\/perdao_01_2-450x300.jpg 450w, https:\/\/franciscanos.org.br\/noticias\/wp-content\/uploads\/2021\/08\/perdao_01_2-1024x683.jpg 1024w, https:\/\/franciscanos.org.br\/noticias\/wp-content\/uploads\/2021\/08\/perdao_01_2-768x512.jpg 768w, https:\/\/franciscanos.org.br\/noticias\/wp-content\/uploads\/2021\/08\/perdao_01_2-150x100.jpg 150w\" sizes=\"(max-width: 1200px) 100vw, 1200px\" \/><\/p>\n<p>O frade enfatizou bastante a import\u00e2ncia de perdoar, assim como o pr\u00f3prio Cristo manda. \u201cAs p\u00e1ginas do Evangelho est\u00e3o recheadas de experi\u00eancias do acolhimento e do perd\u00e3o. Atrav\u00e9s das suas palavras e de seus gestos Jesus vai desvelando o rosto misericordioso do Pai. Quem acolhe o perd\u00e3o de Jesus se faz disc\u00edpulo dele: quantas vezes devemos perdoar? 70 x 7\u201d, e completou: \u201cO perd\u00e3o dado ao outro \u00e9 gesto de grandeza sem par. No entanto, o perd\u00e3o dado a si mesmo \u00e9 incomparavelmente mais transformador. N\u00e3o se trata de mera aceita\u00e7\u00e3o fatalista ou aquele sentimento de satisfa\u00e7\u00e3o consigo mesmo que anula a capacidade de convers\u00e3o. O autoperd\u00e3o \u00e9 encontro com as fragilidades e limita\u00e7\u00f5es da pr\u00f3pria vida, n\u00e3o para morar nelas, mas encontro capaz de gerar compreens\u00e3o, entendimento, oferecimento, d\u00e1diva. Por vezes somos cru\u00e9is conosco mesmos, nos cobramos al\u00e9m das nossas for\u00e7as, n\u00e3o nos permitimos o fracasso, n\u00e3o acolhemos nossa fraqueza, nossa car\u00eancia\u201d.<\/p>\n<p>Ainda durante a exorta\u00e7\u00e3o, Frei Paulo pediu: \u201cHoje \u00e9 dia de um aceno de reconcilia\u00e7\u00e3o \u00e0quele que me ofendeu ou foi ofendido por mim. Hoje \u00e9 dia de dizer, por favor, me desculpe, ou, por amor eu desculpo voc\u00ea. Hoje \u00e9 dia de deixarmos de lado rixas cultivadas ao longo desses \u00faltimos anos. Hoje \u00e9 dia dos casais rezarem cantando assim: \u2018que ningu\u00e9m v\u00e1 dormir sem pedir ou sem dar seu perd\u00e3o\u2019&#8221;, concluiu.<\/p>\n<p><img loading=\"lazy\" class=\"alignnone size-full wp-image-233510\" src=\"https:\/\/franciscanos.org.br\/noticias\/wp-content\/uploads\/2021\/08\/perdao_01_3.jpg\" alt=\"\" width=\"1200\" height=\"800\" srcset=\"https:\/\/franciscanos.org.br\/noticias\/wp-content\/uploads\/2021\/08\/perdao_01_3.jpg 1200w, https:\/\/franciscanos.org.br\/noticias\/wp-content\/uploads\/2021\/08\/perdao_01_3-450x300.jpg 450w, https:\/\/franciscanos.org.br\/noticias\/wp-content\/uploads\/2021\/08\/perdao_01_3-1024x683.jpg 1024w, https:\/\/franciscanos.org.br\/noticias\/wp-content\/uploads\/2021\/08\/perdao_01_3-768x512.jpg 768w, https:\/\/franciscanos.org.br\/noticias\/wp-content\/uploads\/2021\/08\/perdao_01_3-150x100.jpg 150w\" sizes=\"(max-width: 1200px) 100vw, 1200px\" \/><\/p>\n<p>Ap\u00f3s a exorta\u00e7\u00e3o, Val\u00e9ria e Frei Paulo leram alguns vers\u00edculos b\u00edblicos que cont\u00eam a experi\u00eancia do perd\u00e3o em diferentes situa\u00e7\u00f5es. A celebra\u00e7\u00e3o se fez tamb\u00e9m lit\u00fargica e n\u00e3o apenas representa\u00e7\u00e3o, afinal aos que rezaram no Campinho e na internet, estava reservada a Reconcilia\u00e7\u00e3o. Assim que Frei Pedro de Oliveira convidou os fi\u00e9is a professarem publicamente a f\u00e9 na ora\u00e7\u00e3o do Credo, o rito de perd\u00e3o foi iniciado. Frei Pedro conduziu a Renova\u00e7\u00e3o das Promessas Batismais, aben\u00e7oou a \u00e1gua (que no final foi aspergida sobre os devotos) e concluiu a ora\u00e7\u00e3o.<\/p>\n<p>Antes da b\u00ean\u00e7\u00e3o final devotos foram convidados a espalhar a alegria desta not\u00edcia: reconciliados e enviados a gerar reconcilia\u00e7\u00e3o.<\/p>\n<hr \/>\n<p><em>Fonte: Site do Convento da Penha<\/em><\/p>\n","protected":false},"excerpt":{"rendered":"<p>Convento da Penha<\/p>\n","protected":false},"author":3,"featured_media":233511,"comment_status":"open","ping_status":"open","sticky":false,"template":"","format":"standard","meta":[],"categories":[1],"tags":[248],"acf":[],"yoast_head":"<!-- This site is optimized with the Yoast SEO plugin v19.2 - https:\/\/yoast.com\/wordpress\/plugins\/seo\/ -->\n<title>Frei Paulo: &quot;Mais do que nunca \u00e9 hora de celebrar o Perd\u00e3o de Assis\u201d - Not\u00edcias - Franciscanos<\/title>\n<meta name=\"robots\" content=\"index, follow, max-snippet:-1, max-image-preview:large, max-video-preview:-1\" \/>\n<link rel=\"canonical\" href=\"https:\/\/franciscanos.org.br\/noticias\/frei-paulo-mais-do-que-nunca-e-hora-de-celebrar-o-perdao-de-assis.html\" \/>\n<meta property=\"og:locale\" content=\"pt_BR\" \/>\n<meta property=\"og:type\" content=\"article\" \/>\n<meta property=\"og:title\" content=\"Frei Paulo: &quot;Mais do que nunca \u00e9 hora de celebrar o Perd\u00e3o de Assis\u201d - Not\u00edcias - Franciscanos\" \/>\n<meta property=\"og:description\" content=\"Convento da Penha\" \/>\n<meta property=\"og:url\" content=\"https:\/\/franciscanos.org.br\/noticias\/frei-paulo-mais-do-que-nunca-e-hora-de-celebrar-o-perdao-de-assis.html\" \/>\n<meta property=\"og:site_name\" content=\"Not\u00edcias - Franciscanos\" \/>\n<meta property=\"article:published_time\" content=\"2021-08-02T00:06:14+00:00\" \/>\n<meta property=\"article:modified_time\" content=\"2021-08-02T00:09:41+00:00\" \/>\n<meta property=\"og:image\" content=\"https:\/\/franciscanos.org.br\/noticias\/wp-content\/uploads\/2021\/08\/perdao_01d.jpg\" \/>\n\t<meta property=\"og:image:width\" content=\"800\" \/>\n\t<meta property=\"og:image:height\" content=\"533\" \/>\n\t<meta property=\"og:image:type\" content=\"image\/jpeg\" \/>\n<meta name=\"author\" content=\"moacir\" \/>\n<meta name=\"twitter:card\" content=\"summary_large_image\" \/>\n<meta name=\"twitter:label1\" content=\"Escrito por\" \/>\n\t<meta name=\"twitter:data1\" content=\"moacir\" \/>\n\t<meta name=\"twitter:label2\" content=\"Est. tempo de leitura\" \/>\n\t<meta name=\"twitter:data2\" content=\"5 minutos\" \/>\n<script type=\"application\/ld+json\" class=\"yoast-schema-graph\">{\"@context\":\"https:\/\/schema.org\",\"@graph\":[{\"@type\":\"WebSite\",\"@id\":\"https:\/\/franciscanos.org.br\/noticias\/#website\",\"url\":\"https:\/\/franciscanos.org.br\/noticias\/\",\"name\":\"Not\u00edcias - Franciscanos\",\"description\":\"Prov\u00edncia Franciscana da Imaculada Concei\u00e7\u00e3o do Brasil - Ordem dos Frades Menores - OFM\",\"potentialAction\":[{\"@type\":\"SearchAction\",\"target\":{\"@type\":\"EntryPoint\",\"urlTemplate\":\"https:\/\/franciscanos.org.br\/noticias\/?s={search_term_string}\"},\"query-input\":\"required name=search_term_string\"}],\"inLanguage\":\"pt-BR\"},{\"@type\":\"ImageObject\",\"inLanguage\":\"pt-BR\",\"@id\":\"https:\/\/franciscanos.org.br\/noticias\/frei-paulo-mais-do-que-nunca-e-hora-de-celebrar-o-perdao-de-assis.html#primaryimage\",\"url\":\"https:\/\/franciscanos.org.br\/noticias\/wp-content\/uploads\/2021\/08\/perdao_01d.jpg\",\"contentUrl\":\"https:\/\/franciscanos.org.br\/noticias\/wp-content\/uploads\/2021\/08\/perdao_01d.jpg\",\"width\":800,\"height\":533},{\"@type\":\"WebPage\",\"@id\":\"https:\/\/franciscanos.org.br\/noticias\/frei-paulo-mais-do-que-nunca-e-hora-de-celebrar-o-perdao-de-assis.html#webpage\",\"url\":\"https:\/\/franciscanos.org.br\/noticias\/frei-paulo-mais-do-que-nunca-e-hora-de-celebrar-o-perdao-de-assis.html\",\"name\":\"Frei Paulo: \\\"Mais do que nunca \u00e9 hora de celebrar o Perd\u00e3o de Assis\u201d - Not\u00edcias - Franciscanos\",\"isPartOf\":{\"@id\":\"https:\/\/franciscanos.org.br\/noticias\/#website\"},\"primaryImageOfPage\":{\"@id\":\"https:\/\/franciscanos.org.br\/noticias\/frei-paulo-mais-do-que-nunca-e-hora-de-celebrar-o-perdao-de-assis.html#primaryimage\"},\"datePublished\":\"2021-08-02T00:06:14+00:00\",\"dateModified\":\"2021-08-02T00:09:41+00:00\",\"author\":{\"@id\":\"https:\/\/franciscanos.org.br\/noticias\/#\/schema\/person\/b5c8cba458c330ccff548b056e95a5d4\"},\"breadcrumb\":{\"@id\":\"https:\/\/franciscanos.org.br\/noticias\/frei-paulo-mais-do-que-nunca-e-hora-de-celebrar-o-perdao-de-assis.html#breadcrumb\"},\"inLanguage\":\"pt-BR\",\"potentialAction\":[{\"@type\":\"ReadAction\",\"target\":[\"https:\/\/franciscanos.org.br\/noticias\/frei-paulo-mais-do-que-nunca-e-hora-de-celebrar-o-perdao-de-assis.html\"]}]},{\"@type\":\"BreadcrumbList\",\"@id\":\"https:\/\/franciscanos.org.br\/noticias\/frei-paulo-mais-do-que-nunca-e-hora-de-celebrar-o-perdao-de-assis.html#breadcrumb\",\"itemListElement\":[{\"@type\":\"ListItem\",\"position\":1,\"name\":\"Home\",\"item\":\"https:\/\/franciscanos.org.br\/noticias\"},{\"@type\":\"ListItem\",\"position\":2,\"name\":\"Frei Paulo: &#8220;Mais do que nunca \u00e9 hora de celebrar o Perd\u00e3o de Assis\u201d\"}]},{\"@type\":\"Person\",\"@id\":\"https:\/\/franciscanos.org.br\/noticias\/#\/schema\/person\/b5c8cba458c330ccff548b056e95a5d4\",\"name\":\"moacir\",\"image\":{\"@type\":\"ImageObject\",\"inLanguage\":\"pt-BR\",\"@id\":\"https:\/\/franciscanos.org.br\/noticias\/#\/schema\/person\/image\/\",\"url\":\"https:\/\/secure.gravatar.com\/avatar\/d08aa2ce4c8dd416d4479aa8536fcf64?s=96&d=mm&r=g\",\"contentUrl\":\"https:\/\/secure.gravatar.com\/avatar\/d08aa2ce4c8dd416d4479aa8536fcf64?s=96&d=mm&r=g\",\"caption\":\"moacir\"},\"url\":\"https:\/\/franciscanos.org.br\/noticias\/author\/moacir\"}]}<\/script>\n<!-- \/ Yoast SEO plugin. -->","yoast_head_json":{"title":"Frei Paulo: \"Mais do que nunca \u00e9 hora de celebrar o Perd\u00e3o de Assis\u201d - Not\u00edcias - Franciscanos","robots":{"index":"index","follow":"follow","max-snippet":"max-snippet:-1","max-image-preview":"max-image-preview:large","max-video-preview":"max-video-preview:-1"},"canonical":"https:\/\/franciscanos.org.br\/noticias\/frei-paulo-mais-do-que-nunca-e-hora-de-celebrar-o-perdao-de-assis.html","og_locale":"pt_BR","og_type":"article","og_title":"Frei Paulo: \"Mais do que nunca \u00e9 hora de celebrar o Perd\u00e3o de Assis\u201d - Not\u00edcias - Franciscanos","og_description":"Convento da Penha","og_url":"https:\/\/franciscanos.org.br\/noticias\/frei-paulo-mais-do-que-nunca-e-hora-de-celebrar-o-perdao-de-assis.html","og_site_name":"Not\u00edcias - Franciscanos","article_published_time":"2021-08-02T00:06:14+00:00","article_modified_time":"2021-08-02T00:09:41+00:00","og_image":[{"width":800,"height":533,"url":"https:\/\/franciscanos.org.br\/noticias\/wp-content\/uploads\/2021\/08\/perdao_01d.jpg","type":"image\/jpeg"}],"author":"moacir","twitter_card":"summary_large_image","twitter_misc":{"Escrito por":"moacir","Est. tempo de leitura":"5 minutos"},"schema":{"@context":"https:\/\/schema.org","@graph":[{"@type":"WebSite","@id":"https:\/\/franciscanos.org.br\/noticias\/#website","url":"https:\/\/franciscanos.org.br\/noticias\/","name":"Not\u00edcias - Franciscanos","description":"Prov\u00edncia Franciscana da Imaculada Concei\u00e7\u00e3o do Brasil - Ordem dos Frades Menores - OFM","potentialAction":[{"@type":"SearchAction","target":{"@type":"EntryPoint","urlTemplate":"https:\/\/franciscanos.org.br\/noticias\/?s={search_term_string}"},"query-input":"required name=search_term_string"}],"inLanguage":"pt-BR"},{"@type":"ImageObject","inLanguage":"pt-BR","@id":"https:\/\/franciscanos.org.br\/noticias\/frei-paulo-mais-do-que-nunca-e-hora-de-celebrar-o-perdao-de-assis.html#primaryimage","url":"https:\/\/franciscanos.org.br\/noticias\/wp-content\/uploads\/2021\/08\/perdao_01d.jpg","contentUrl":"https:\/\/franciscanos.org.br\/noticias\/wp-content\/uploads\/2021\/08\/perdao_01d.jpg","width":800,"height":533},{"@type":"WebPage","@id":"https:\/\/franciscanos.org.br\/noticias\/frei-paulo-mais-do-que-nunca-e-hora-de-celebrar-o-perdao-de-assis.html#webpage","url":"https:\/\/franciscanos.org.br\/noticias\/frei-paulo-mais-do-que-nunca-e-hora-de-celebrar-o-perdao-de-assis.html","name":"Frei Paulo: \"Mais do que nunca \u00e9 hora de celebrar o Perd\u00e3o de Assis\u201d - Not\u00edcias - Franciscanos","isPartOf":{"@id":"https:\/\/franciscanos.org.br\/noticias\/#website"},"primaryImageOfPage":{"@id":"https:\/\/franciscanos.org.br\/noticias\/frei-paulo-mais-do-que-nunca-e-hora-de-celebrar-o-perdao-de-assis.html#primaryimage"},"datePublished":"2021-08-02T00:06:14+00:00","dateModified":"2021-08-02T00:09:41+00:00","author":{"@id":"https:\/\/franciscanos.org.br\/noticias\/#\/schema\/person\/b5c8cba458c330ccff548b056e95a5d4"},"breadcrumb":{"@id":"https:\/\/franciscanos.org.br\/noticias\/frei-paulo-mais-do-que-nunca-e-hora-de-celebrar-o-perdao-de-assis.html#breadcrumb"},"inLanguage":"pt-BR","potentialAction":[{"@type":"ReadAction","target":["https:\/\/franciscanos.org.br\/noticias\/frei-paulo-mais-do-que-nunca-e-hora-de-celebrar-o-perdao-de-assis.html"]}]},{"@type":"BreadcrumbList","@id":"https:\/\/franciscanos.org.br\/noticias\/frei-paulo-mais-do-que-nunca-e-hora-de-celebrar-o-perdao-de-assis.html#breadcrumb","itemListElement":[{"@type":"ListItem","position":1,"name":"Home","item":"https:\/\/franciscanos.org.br\/noticias"},{"@type":"ListItem","position":2,"name":"Frei Paulo: &#8220;Mais do que nunca \u00e9 hora de celebrar o Perd\u00e3o de Assis\u201d"}]},{"@type":"Person","@id":"https:\/\/franciscanos.org.br\/noticias\/#\/schema\/person\/b5c8cba458c330ccff548b056e95a5d4","name":"moacir","image":{"@type":"ImageObject","inLanguage":"pt-BR","@id":"https:\/\/franciscanos.org.br\/noticias\/#\/schema\/person\/image\/","url":"https:\/\/secure.gravatar.com\/avatar\/d08aa2ce4c8dd416d4479aa8536fcf64?s=96&d=mm&r=g","contentUrl":"https:\/\/secure.gravatar.com\/avatar\/d08aa2ce4c8dd416d4479aa8536fcf64?s=96&d=mm&r=g","caption":"moacir"},"url":"https:\/\/franciscanos.org.br\/noticias\/author\/moacir"}]}},"_links":{"self":[{"href":"https:\/\/franciscanos.org.br\/noticias\/wp-json\/wp\/v2\/posts\/233506"}],"collection":[{"href":"https:\/\/franciscanos.org.br\/noticias\/wp-json\/wp\/v2\/posts"}],"about":[{"href":"https:\/\/franciscanos.org.br\/noticias\/wp-json\/wp\/v2\/types\/post"}],"author":[{"embeddable":true,"href":"https:\/\/franciscanos.org.br\/noticias\/wp-json\/wp\/v2\/users\/3"}],"replies":[{"embeddable":true,"href":"https:\/\/franciscanos.org.br\/noticias\/wp-json\/wp\/v2\/comments?post=233506"}],"version-history":[{"count":3,"href":"https:\/\/franciscanos.org.br\/noticias\/wp-json\/wp\/v2\/posts\/233506\/revisions"}],"predecessor-version":[{"id":233514,"href":"https:\/\/franciscanos.org.br\/noticias\/wp-json\/wp\/v2\/posts\/233506\/revisions\/233514"}],"wp:featuredmedia":[{"embeddable":true,"href":"https:\/\/franciscanos.org.br\/noticias\/wp-json\/wp\/v2\/media\/233511"}],"wp:attachment":[{"href":"https:\/\/franciscanos.org.br\/noticias\/wp-json\/wp\/v2\/media?parent=233506"}],"wp:term":[{"taxonomy":"category","embeddable":true,"href":"https:\/\/franciscanos.org.br\/noticias\/wp-json\/wp\/v2\/categories?post=233506"},{"taxonomy":"post_tag","embeddable":true,"href":"https:\/\/franciscanos.org.br\/noticias\/wp-json\/wp\/v2\/tags?post=233506"}],"curies":[{"name":"wp","href":"https:\/\/api.w.org\/{rel}","templated":true}]}}