{"id":233502,"date":"2021-08-01T10:53:26","date_gmt":"2021-08-01T13:53:26","guid":{"rendered":"https:\/\/franciscanos.org.br\/noticias\/?p=233502"},"modified":"2021-08-01T10:53:26","modified_gmt":"2021-08-01T13:53:26","slug":"papa-aprender-da-amizade-com-jesus-o-amor-desinteressado-e-sem-calculo-pelos-outros","status":"publish","type":"post","link":"https:\/\/franciscanos.org.br\/noticias\/papa-aprender-da-amizade-com-jesus-o-amor-desinteressado-e-sem-calculo-pelos-outros.html","title":{"rendered":"Papa: aprender da amizade com Jesus o amor desinteressado e sem c\u00e1lculo pelos outros"},"content":{"rendered":"<div id=\"attachment_233504\" style=\"width: 1110px\" class=\"wp-caption alignnone\"><img aria-describedby=\"caption-attachment-233504\" loading=\"lazy\" class=\"wp-image-233504 size-full\" src=\"https:\/\/franciscanos.org.br\/noticias\/wp-content\/uploads\/2021\/08\/angelus_01.jpg\" alt=\"\" width=\"1100\" height=\"733\" srcset=\"https:\/\/franciscanos.org.br\/noticias\/wp-content\/uploads\/2021\/08\/angelus_01.jpg 1100w, https:\/\/franciscanos.org.br\/noticias\/wp-content\/uploads\/2021\/08\/angelus_01-450x300.jpg 450w, https:\/\/franciscanos.org.br\/noticias\/wp-content\/uploads\/2021\/08\/angelus_01-1024x682.jpg 1024w, https:\/\/franciscanos.org.br\/noticias\/wp-content\/uploads\/2021\/08\/angelus_01-768x512.jpg 768w, https:\/\/franciscanos.org.br\/noticias\/wp-content\/uploads\/2021\/08\/angelus_01-150x100.jpg 150w\" sizes=\"(max-width: 1100px) 100vw, 1100px\" \/><p id=\"caption-attachment-233504\" class=\"wp-caption-text\">\u00a0 \u00a0 \u00a0 \u00a0 \u00a0 \u00a0 \u00a0 \u00a0 \u00a0 \u00a0 \u00a0 \u00a0 \u00a0 \u00a0 \u00a0 \u00a0 \u00a0 \u00a0 \u00a0 \u00a0 \u00a0 \u00a0 \u00a0 \u00a0 \u00a0 \u00a0 \u00a0 \u00a0 \u00a0 \u00a0 \u00a0 \u00a0 \u00a0 \u00a0 \u00a0 \u00a0 \u00a0 \u00a0 \u00a0 \u00a0 \u00a0 \u00a0 \u00a0 \u00a0 \u00a0 \u00a0 \u00a0 \u00a0 \u00a0 \u00a0 \u00a0 \u00a0 \u00a0 \u00a0 \u00a0 \u00a0 \u00a0 \u00a0 \u00a0 \u00a0 \u00a0 \u00a0 \u00a0 \u00a0 \u00a0 \u00a0 \u00a0 \u00a0 \u00a0 \u00a0 \u00a0 \u00a0 \u00a0 \u00a0<em> \u00a0 \u00a0 Imagem: Vatican Media<\/em><\/p><\/div>\n<p>No centro de uma f\u00e9 imatura n\u00e3o existe Deus, mas as nossas necessidades. Assim, para viver uma rela\u00e7\u00e3o de amor verdadeiro com o Senhor, devemos interrogar-nos sobre os motivos pelo qual O buscamos, fugindo assim da tenta\u00e7\u00e3o idol\u00e1trica que leva a busc\u00e1-Lo apenas para o \u201cpr\u00f3prio uso e consumo\u201d, e depois de satisfeitos, \u201cnos esquecemos dele\u201d.<\/p>\n<p>Jesus o P\u00e3o da vida: a narrativa do Evangelho de Jo\u00e3o da liturgia deste XVIII Domingo do Tempo Comum, ofereceu ao Santo Padre a ocasi\u00e3o para exortar-nos a buscar uma rela\u00e7\u00e3o com Deus que \u201cv\u00e1 al\u00e9m das l\u00f3gicas do interesse e do c\u00e1lculo\u201d, ou seja, a ter com Ele uma rela\u00e7\u00e3o de amor.<\/p>\n<p>Dirigindo-se aos fi\u00e9is e turistas reunidos na Pra\u00e7a S\u00e3o Pedro a uma temperatura de 34\u00baC, Francisco comenta que as pessoas que haviam testemunhado a multiplica\u00e7\u00e3o dos p\u00e3es n\u00e3o haviam compreendido o significado do gesto, \u201cse restringiram ao milagre externo e ao p\u00e3o material.\u201d<\/p>\n<p><strong>O risco da &#8220;tenta\u00e7\u00e3o idol\u00e1trica&#8221;<\/strong><\/p>\n<p>Neste sentido, o Papa prop\u00f5e a primeira pergunta que poder\u00edamos fazer a n\u00f3s mesmos: \u201cPor que buscamos o Senhor? Por que eu busco o Senhor? Quais s\u00e3o as motiva\u00e7\u00f5es da minha f\u00e9, da nossa f\u00e9?\u201d: \u201cTemos necessidade de discernir isso, porque entre as tantas tenta\u00e7\u00f5es que temos na vida, entre as tantas tenta\u00e7\u00f5es h\u00e1 uma que poder\u00edamos chamar de tenta\u00e7\u00e3o idol\u00e1trica. \u00c9 aquela que nos leva a buscar a Deus para nosso pr\u00f3prio uso e consumo, para resolver os problemas, para obter, gra\u00e7as a Ele, o que n\u00e3o conseguimos obter sozinhos, por interesse.\u201d<\/p>\n<p><strong>Amor verdadeiro \u00e9 desinteressado e gratuito<\/strong><\/p>\n<p>Mas assim \u2013 observou o Papa &#8211; a f\u00e9 permanece superficial e miraculosa: \u201cbuscamos a Deus para matar nossa fome e depois quando estamos satisfeitos nos esquecemos dele\u201d: \u201cNo centro desta f\u00e9 imatura n\u00e3o existe Deus, est\u00e3o as nossas necessidades. Penso nos nossos interesses, tantas coisas&#8230;\u00c9 justo apresentar ao cora\u00e7\u00e3o de Deus as nossas necessidades, mas o Senhor, que age bem al\u00e9m das nossas expectativas, deseja viver conosco sobretudo uma rela\u00e7\u00e3o de amor. E o amor verdadeiro \u00e9 desinteressado, \u00e9 gratuito: n\u00e3o se ama para receber um favor em troca. Isso \u00e9 interesse, e tantas vezes na vida n\u00f3s somos interesseiros!\u201d<\/p>\n<p><strong>Passar de uma f\u00e9 m\u00e1gica para uma f\u00e9 que agrada a Deus<\/strong><\/p>\n<p>Vem ent\u00e3o um segundo questionamento: &#8220;Mas, como fazer para purificar a nossa busca por Deus? Como passar de uma f\u00e9 m\u00e1gica, que s\u00f3 pensa nas pr\u00f3prias necessidades, para uma f\u00e9 que agrada a Deus?\u201d. E \u00e9 o pr\u00f3prio Jesus que responde, afirmando que \u201ca obra de Deus \u00e9 acolher Aquele que o Pai enviou, ou seja, Ele mesmo, Jesus\u201d: \u201cN\u00e3o \u00e9 acrescentar pr\u00e1ticas religiosas ou observar especiais preceitos; \u00e9 acolher Jesus, \u00e9 acolh\u00ea-Lo na vida, \u00e9 viver uma hist\u00f3ria de amor com Ele. Ser\u00e1 Ele quem purificar\u00e1 a nossa f\u00e9. Sozinhos, n\u00e3o somos capazes. Mas o Senhor deseja uma rela\u00e7\u00e3o de amor conosco: antes das coisas que recebemos e fazemos, existe Ele a ser amado. Existe uma rela\u00e7\u00e3o com Ele que vai al\u00e9m das l\u00f3gicas do interesse e do c\u00e1lculo.\u201d<\/p>\n<p><strong>A partir da amizade com Jesus, aprender a amar-nos uns aos outros<\/strong><\/p>\n<p>E isso \u2013 disse Francisco &#8211; vale n\u00e3o s\u00f3 em rela\u00e7\u00e3o a Deus, mas tamb\u00e9m nas nossas rela\u00e7\u00f5es humanas e sociais: \u201c[ Quando buscamos sobretudo a satisfa\u00e7\u00e3o das nossas necessidades, corremos o risco de usar as pessoas e de instrumentalizar as situa\u00e7\u00f5es para os nossos objetivos. Quantas vezes ouvimos sobre uma pessoa: &#8216;Mas ele usa as pessoas e depois se esquece&#8217;. Usar as pessoas em proveito pr\u00f3prio, \u00e9 feio isso! E uma sociedade que coloca no centro os interesses em vez das pessoas, \u00e9 uma sociedade que n\u00e3o gera vida. O convite do Evangelho \u00e9 este: em vez de nos preocuparmos apenas com o p\u00e3o material que nos alimenta, acolhamos Jesus como o p\u00e3o da vida e, a partir da amizade com Ele, aprendamos a amar-nos uns aos outros. Com gratuidade e sem c\u00e1lculos. Amor gratuito e sem c\u00e1lculos, sem usar as pessoas, com gratuidade, com generosidade, com magnanimidade.]\u201d<\/p>\n<p>Rezemos agora \u00e0 Virgem Santa &#8211; disse o Santo Padre ao concluir &#8211; Aquela que viveu a mais bela hist\u00f3ria de amor com Deus, para que nos conceda a gra\u00e7a de nos abrirmos ao encontro com o seu Filho.<\/p>\n<hr \/>\n<p><em>Fonte: Vatican News (texto de Jackson Erpen)<\/em><\/p>\n","protected":false},"excerpt":{"rendered":"<p>Angelus<\/p>\n","protected":false},"author":3,"featured_media":233503,"comment_status":"open","ping_status":"open","sticky":false,"template":"","format":"standard","meta":[],"categories":[1428],"tags":[403],"acf":[],"yoast_head":"<!-- This site is optimized with the Yoast SEO plugin v19.2 - https:\/\/yoast.com\/wordpress\/plugins\/seo\/ -->\n<title>Papa: aprender da amizade com Jesus o amor desinteressado e sem c\u00e1lculo pelos outros - Not\u00edcias - Franciscanos<\/title>\n<meta name=\"robots\" content=\"index, follow, max-snippet:-1, max-image-preview:large, max-video-preview:-1\" \/>\n<link rel=\"canonical\" href=\"https:\/\/franciscanos.org.br\/noticias\/papa-aprender-da-amizade-com-jesus-o-amor-desinteressado-e-sem-calculo-pelos-outros.html\" \/>\n<meta property=\"og:locale\" content=\"pt_BR\" \/>\n<meta property=\"og:type\" content=\"article\" \/>\n<meta property=\"og:title\" content=\"Papa: aprender da amizade com Jesus o amor desinteressado e sem c\u00e1lculo pelos outros - Not\u00edcias - Franciscanos\" \/>\n<meta property=\"og:description\" content=\"Angelus\" \/>\n<meta property=\"og:url\" content=\"https:\/\/franciscanos.org.br\/noticias\/papa-aprender-da-amizade-com-jesus-o-amor-desinteressado-e-sem-calculo-pelos-outros.html\" \/>\n<meta property=\"og:site_name\" content=\"Not\u00edcias - Franciscanos\" \/>\n<meta property=\"article:published_time\" content=\"2021-08-01T13:53:26+00:00\" \/>\n<meta property=\"og:image\" content=\"https:\/\/franciscanos.org.br\/noticias\/wp-content\/uploads\/2021\/08\/angelus_01d.jpg\" \/>\n\t<meta property=\"og:image:width\" content=\"800\" \/>\n\t<meta property=\"og:image:height\" content=\"550\" \/>\n\t<meta property=\"og:image:type\" content=\"image\/jpeg\" \/>\n<meta name=\"author\" content=\"moacir\" \/>\n<meta name=\"twitter:card\" content=\"summary_large_image\" \/>\n<meta name=\"twitter:label1\" content=\"Escrito por\" \/>\n\t<meta name=\"twitter:data1\" content=\"moacir\" \/>\n\t<meta name=\"twitter:label2\" content=\"Est. tempo de leitura\" \/>\n\t<meta name=\"twitter:data2\" content=\"4 minutos\" \/>\n<script type=\"application\/ld+json\" class=\"yoast-schema-graph\">{\"@context\":\"https:\/\/schema.org\",\"@graph\":[{\"@type\":\"WebSite\",\"@id\":\"https:\/\/franciscanos.org.br\/noticias\/#website\",\"url\":\"https:\/\/franciscanos.org.br\/noticias\/\",\"name\":\"Not\u00edcias - Franciscanos\",\"description\":\"Prov\u00edncia Franciscana da Imaculada Concei\u00e7\u00e3o do Brasil - Ordem dos Frades Menores - OFM\",\"potentialAction\":[{\"@type\":\"SearchAction\",\"target\":{\"@type\":\"EntryPoint\",\"urlTemplate\":\"https:\/\/franciscanos.org.br\/noticias\/?s={search_term_string}\"},\"query-input\":\"required name=search_term_string\"}],\"inLanguage\":\"pt-BR\"},{\"@type\":\"ImageObject\",\"inLanguage\":\"pt-BR\",\"@id\":\"https:\/\/franciscanos.org.br\/noticias\/papa-aprender-da-amizade-com-jesus-o-amor-desinteressado-e-sem-calculo-pelos-outros.html#primaryimage\",\"url\":\"https:\/\/franciscanos.org.br\/noticias\/wp-content\/uploads\/2021\/08\/angelus_01d.jpg\",\"contentUrl\":\"https:\/\/franciscanos.org.br\/noticias\/wp-content\/uploads\/2021\/08\/angelus_01d.jpg\",\"width\":800,\"height\":550},{\"@type\":\"WebPage\",\"@id\":\"https:\/\/franciscanos.org.br\/noticias\/papa-aprender-da-amizade-com-jesus-o-amor-desinteressado-e-sem-calculo-pelos-outros.html#webpage\",\"url\":\"https:\/\/franciscanos.org.br\/noticias\/papa-aprender-da-amizade-com-jesus-o-amor-desinteressado-e-sem-calculo-pelos-outros.html\",\"name\":\"Papa: aprender da amizade com Jesus o amor desinteressado e sem c\u00e1lculo pelos outros - Not\u00edcias - Franciscanos\",\"isPartOf\":{\"@id\":\"https:\/\/franciscanos.org.br\/noticias\/#website\"},\"primaryImageOfPage\":{\"@id\":\"https:\/\/franciscanos.org.br\/noticias\/papa-aprender-da-amizade-com-jesus-o-amor-desinteressado-e-sem-calculo-pelos-outros.html#primaryimage\"},\"datePublished\":\"2021-08-01T13:53:26+00:00\",\"dateModified\":\"2021-08-01T13:53:26+00:00\",\"author\":{\"@id\":\"https:\/\/franciscanos.org.br\/noticias\/#\/schema\/person\/b5c8cba458c330ccff548b056e95a5d4\"},\"breadcrumb\":{\"@id\":\"https:\/\/franciscanos.org.br\/noticias\/papa-aprender-da-amizade-com-jesus-o-amor-desinteressado-e-sem-calculo-pelos-outros.html#breadcrumb\"},\"inLanguage\":\"pt-BR\",\"potentialAction\":[{\"@type\":\"ReadAction\",\"target\":[\"https:\/\/franciscanos.org.br\/noticias\/papa-aprender-da-amizade-com-jesus-o-amor-desinteressado-e-sem-calculo-pelos-outros.html\"]}]},{\"@type\":\"BreadcrumbList\",\"@id\":\"https:\/\/franciscanos.org.br\/noticias\/papa-aprender-da-amizade-com-jesus-o-amor-desinteressado-e-sem-calculo-pelos-outros.html#breadcrumb\",\"itemListElement\":[{\"@type\":\"ListItem\",\"position\":1,\"name\":\"Home\",\"item\":\"https:\/\/franciscanos.org.br\/noticias\"},{\"@type\":\"ListItem\",\"position\":2,\"name\":\"Papa: aprender da amizade com Jesus o amor desinteressado e sem c\u00e1lculo pelos outros\"}]},{\"@type\":\"Person\",\"@id\":\"https:\/\/franciscanos.org.br\/noticias\/#\/schema\/person\/b5c8cba458c330ccff548b056e95a5d4\",\"name\":\"moacir\",\"image\":{\"@type\":\"ImageObject\",\"inLanguage\":\"pt-BR\",\"@id\":\"https:\/\/franciscanos.org.br\/noticias\/#\/schema\/person\/image\/\",\"url\":\"https:\/\/secure.gravatar.com\/avatar\/d08aa2ce4c8dd416d4479aa8536fcf64?s=96&d=mm&r=g\",\"contentUrl\":\"https:\/\/secure.gravatar.com\/avatar\/d08aa2ce4c8dd416d4479aa8536fcf64?s=96&d=mm&r=g\",\"caption\":\"moacir\"},\"url\":\"https:\/\/franciscanos.org.br\/noticias\/author\/moacir\"}]}<\/script>\n<!-- \/ Yoast SEO plugin. -->","yoast_head_json":{"title":"Papa: aprender da amizade com Jesus o amor desinteressado e sem c\u00e1lculo pelos outros - Not\u00edcias - Franciscanos","robots":{"index":"index","follow":"follow","max-snippet":"max-snippet:-1","max-image-preview":"max-image-preview:large","max-video-preview":"max-video-preview:-1"},"canonical":"https:\/\/franciscanos.org.br\/noticias\/papa-aprender-da-amizade-com-jesus-o-amor-desinteressado-e-sem-calculo-pelos-outros.html","og_locale":"pt_BR","og_type":"article","og_title":"Papa: aprender da amizade com Jesus o amor desinteressado e sem c\u00e1lculo pelos outros - Not\u00edcias - Franciscanos","og_description":"Angelus","og_url":"https:\/\/franciscanos.org.br\/noticias\/papa-aprender-da-amizade-com-jesus-o-amor-desinteressado-e-sem-calculo-pelos-outros.html","og_site_name":"Not\u00edcias - Franciscanos","article_published_time":"2021-08-01T13:53:26+00:00","og_image":[{"width":800,"height":550,"url":"https:\/\/franciscanos.org.br\/noticias\/wp-content\/uploads\/2021\/08\/angelus_01d.jpg","type":"image\/jpeg"}],"author":"moacir","twitter_card":"summary_large_image","twitter_misc":{"Escrito por":"moacir","Est. tempo de leitura":"4 minutos"},"schema":{"@context":"https:\/\/schema.org","@graph":[{"@type":"WebSite","@id":"https:\/\/franciscanos.org.br\/noticias\/#website","url":"https:\/\/franciscanos.org.br\/noticias\/","name":"Not\u00edcias - Franciscanos","description":"Prov\u00edncia Franciscana da Imaculada Concei\u00e7\u00e3o do Brasil - Ordem dos Frades Menores - OFM","potentialAction":[{"@type":"SearchAction","target":{"@type":"EntryPoint","urlTemplate":"https:\/\/franciscanos.org.br\/noticias\/?s={search_term_string}"},"query-input":"required name=search_term_string"}],"inLanguage":"pt-BR"},{"@type":"ImageObject","inLanguage":"pt-BR","@id":"https:\/\/franciscanos.org.br\/noticias\/papa-aprender-da-amizade-com-jesus-o-amor-desinteressado-e-sem-calculo-pelos-outros.html#primaryimage","url":"https:\/\/franciscanos.org.br\/noticias\/wp-content\/uploads\/2021\/08\/angelus_01d.jpg","contentUrl":"https:\/\/franciscanos.org.br\/noticias\/wp-content\/uploads\/2021\/08\/angelus_01d.jpg","width":800,"height":550},{"@type":"WebPage","@id":"https:\/\/franciscanos.org.br\/noticias\/papa-aprender-da-amizade-com-jesus-o-amor-desinteressado-e-sem-calculo-pelos-outros.html#webpage","url":"https:\/\/franciscanos.org.br\/noticias\/papa-aprender-da-amizade-com-jesus-o-amor-desinteressado-e-sem-calculo-pelos-outros.html","name":"Papa: aprender da amizade com Jesus o amor desinteressado e sem c\u00e1lculo pelos outros - Not\u00edcias - Franciscanos","isPartOf":{"@id":"https:\/\/franciscanos.org.br\/noticias\/#website"},"primaryImageOfPage":{"@id":"https:\/\/franciscanos.org.br\/noticias\/papa-aprender-da-amizade-com-jesus-o-amor-desinteressado-e-sem-calculo-pelos-outros.html#primaryimage"},"datePublished":"2021-08-01T13:53:26+00:00","dateModified":"2021-08-01T13:53:26+00:00","author":{"@id":"https:\/\/franciscanos.org.br\/noticias\/#\/schema\/person\/b5c8cba458c330ccff548b056e95a5d4"},"breadcrumb":{"@id":"https:\/\/franciscanos.org.br\/noticias\/papa-aprender-da-amizade-com-jesus-o-amor-desinteressado-e-sem-calculo-pelos-outros.html#breadcrumb"},"inLanguage":"pt-BR","potentialAction":[{"@type":"ReadAction","target":["https:\/\/franciscanos.org.br\/noticias\/papa-aprender-da-amizade-com-jesus-o-amor-desinteressado-e-sem-calculo-pelos-outros.html"]}]},{"@type":"BreadcrumbList","@id":"https:\/\/franciscanos.org.br\/noticias\/papa-aprender-da-amizade-com-jesus-o-amor-desinteressado-e-sem-calculo-pelos-outros.html#breadcrumb","itemListElement":[{"@type":"ListItem","position":1,"name":"Home","item":"https:\/\/franciscanos.org.br\/noticias"},{"@type":"ListItem","position":2,"name":"Papa: aprender da amizade com Jesus o amor desinteressado e sem c\u00e1lculo pelos outros"}]},{"@type":"Person","@id":"https:\/\/franciscanos.org.br\/noticias\/#\/schema\/person\/b5c8cba458c330ccff548b056e95a5d4","name":"moacir","image":{"@type":"ImageObject","inLanguage":"pt-BR","@id":"https:\/\/franciscanos.org.br\/noticias\/#\/schema\/person\/image\/","url":"https:\/\/secure.gravatar.com\/avatar\/d08aa2ce4c8dd416d4479aa8536fcf64?s=96&d=mm&r=g","contentUrl":"https:\/\/secure.gravatar.com\/avatar\/d08aa2ce4c8dd416d4479aa8536fcf64?s=96&d=mm&r=g","caption":"moacir"},"url":"https:\/\/franciscanos.org.br\/noticias\/author\/moacir"}]}},"_links":{"self":[{"href":"https:\/\/franciscanos.org.br\/noticias\/wp-json\/wp\/v2\/posts\/233502"}],"collection":[{"href":"https:\/\/franciscanos.org.br\/noticias\/wp-json\/wp\/v2\/posts"}],"about":[{"href":"https:\/\/franciscanos.org.br\/noticias\/wp-json\/wp\/v2\/types\/post"}],"author":[{"embeddable":true,"href":"https:\/\/franciscanos.org.br\/noticias\/wp-json\/wp\/v2\/users\/3"}],"replies":[{"embeddable":true,"href":"https:\/\/franciscanos.org.br\/noticias\/wp-json\/wp\/v2\/comments?post=233502"}],"version-history":[{"count":1,"href":"https:\/\/franciscanos.org.br\/noticias\/wp-json\/wp\/v2\/posts\/233502\/revisions"}],"predecessor-version":[{"id":233505,"href":"https:\/\/franciscanos.org.br\/noticias\/wp-json\/wp\/v2\/posts\/233502\/revisions\/233505"}],"wp:featuredmedia":[{"embeddable":true,"href":"https:\/\/franciscanos.org.br\/noticias\/wp-json\/wp\/v2\/media\/233503"}],"wp:attachment":[{"href":"https:\/\/franciscanos.org.br\/noticias\/wp-json\/wp\/v2\/media?parent=233502"}],"wp:term":[{"taxonomy":"category","embeddable":true,"href":"https:\/\/franciscanos.org.br\/noticias\/wp-json\/wp\/v2\/categories?post=233502"},{"taxonomy":"post_tag","embeddable":true,"href":"https:\/\/franciscanos.org.br\/noticias\/wp-json\/wp\/v2\/tags?post=233502"}],"curies":[{"name":"wp","href":"https:\/\/api.w.org\/{rel}","templated":true}]}}