{"id":233496,"date":"2021-07-31T18:03:12","date_gmt":"2021-07-31T21:03:12","guid":{"rendered":"https:\/\/franciscanos.org.br\/noticias\/?p=233496"},"modified":"2021-08-17T10:32:24","modified_gmt":"2021-08-17T13:32:24","slug":"frades-estudantes-terminam-encontro-e-encaminham-propostas-a-comissao-do-capitulo-provincial","status":"publish","type":"post","link":"https:\/\/franciscanos.org.br\/noticias\/frades-estudantes-terminam-encontro-e-encaminham-propostas-a-comissao-do-capitulo-provincial.html","title":{"rendered":"Frades estudantes terminam Encontro e encaminham propostas \u00e0 Comiss\u00e3o do Cap\u00edtulo Provincial"},"content":{"rendered":"<p><img loading=\"lazy\" class=\"alignnone wp-image-233497 size-full\" src=\"https:\/\/franciscanos.org.br\/noticias\/wp-content\/uploads\/2021\/07\/estudantes_310721_3.png\" alt=\"\" width=\"1025\" height=\"534\" srcset=\"https:\/\/franciscanos.org.br\/noticias\/wp-content\/uploads\/2021\/07\/estudantes_310721_3.png 1025w, https:\/\/franciscanos.org.br\/noticias\/wp-content\/uploads\/2021\/07\/estudantes_310721_3-450x234.png 450w, https:\/\/franciscanos.org.br\/noticias\/wp-content\/uploads\/2021\/07\/estudantes_310721_3-768x400.png 768w, https:\/\/franciscanos.org.br\/noticias\/wp-content\/uploads\/2021\/07\/estudantes_310721_3-150x78.png 150w\" sizes=\"(max-width: 1025px) 100vw, 1025px\" \/><\/p>\n<p><strong>Petr\u00f3polis (RJ) \u2013<\/strong> No encerramento do Encontro virtual dos Frades Estudantes da Prov\u00edncia da Imaculada Concei\u00e7\u00e3o do Brasil, que come\u00e7ou na quarta-feira (28\/07) e terminou neste s\u00e1bado (31\/07), os frades do Tempo da Teologia, Ano Mission\u00e1rio e Filosofia, deram encaminhamentos e revisaram as propostas para serem apresentadas \u00e0 Comiss\u00e3o Preparat\u00f3ria do Cap\u00edtulo Provincial, previsto para acontecer em novembro. Al\u00e9m disso, o dia contou com a presen\u00e7a e partilha do Definidor Provincial e Secret\u00e1rio para a Forma\u00e7\u00e3o e Estudos, Frei Jo\u00e3o Francisco da Silva, e de uma breve avalia\u00e7\u00e3o do encontro.<\/p>\n<p>Com a ora\u00e7\u00e3o da manh\u00e3, preparada pelos frades de Rondinha (PR), deu-se in\u00edcio \u00e0 revis\u00e3o das propostas, bem como a leitura das atas de todos os dias do evento. Frei Gabriel Dellandrea, representante dos estudantes na Comiss\u00e3o Preparat\u00f3ria do Cap\u00edtulo e secret\u00e1rio do encontro, informou que, ap\u00f3s aprova\u00e7\u00e3o dos estudantes, enviaria o texto final para quem \u00e9 de direito. Dentre as reflex\u00f5es, destaca-se uma preocupa\u00e7\u00e3o dos estudantes com o baixo n\u00famero de formandos. Assim sendo, deu-se pistas para aprimoramento na anima\u00e7\u00e3o vocacional, tarefa de todos os frades e fraternidades. Al\u00e9m disso, evidenciou-se a assertiva busca da Prov\u00edncia e de seus formadores em oferecer uma forma\u00e7\u00e3o franciscana aberta \u00e0s necessidades atuais e aos \u2018sinais dos tempos\u2019.<\/p>\n<p>Frei Jo\u00e3o Francisco expressou a alegria de estar presente e de saber que, mesmo em meio aos desafios dos tempos atuais, os formandos se encontraram e refletiram sobre a vida e miss\u00e3o da Prov\u00edncia. \u201cIsso enriquece muito para n\u00f3s que acompanhamos a forma\u00e7\u00e3o\u201d, declarou, lembrando que os estudantes fazem parte de todo o processo de forma\u00e7\u00e3o da Prov\u00edncia. \u201cO Cap\u00edtulo Provincial \u00e9 uma motiva\u00e7\u00e3o para este encontro, que acontece a cada tr\u00eas anos, mas o que conta mesmo s\u00e3o as reflex\u00f5es e partilhas que aconteceram nestes dias. Vejo uma disposi\u00e7\u00e3o muito bonita para aquilo que \u00e9 a nossa realidade de Prov\u00edncia e voc\u00eas conseguiram tocar, perceber e acolher\u201d, avaliou.<\/p>\n<p><img loading=\"lazy\" class=\"alignnone size-full wp-image-233498\" src=\"https:\/\/franciscanos.org.br\/noticias\/wp-content\/uploads\/2021\/07\/estudantes_310721_2.png\" alt=\"\" width=\"1025\" height=\"533\" srcset=\"https:\/\/franciscanos.org.br\/noticias\/wp-content\/uploads\/2021\/07\/estudantes_310721_2.png 1025w, https:\/\/franciscanos.org.br\/noticias\/wp-content\/uploads\/2021\/07\/estudantes_310721_2-450x234.png 450w, https:\/\/franciscanos.org.br\/noticias\/wp-content\/uploads\/2021\/07\/estudantes_310721_2-768x399.png 768w, https:\/\/franciscanos.org.br\/noticias\/wp-content\/uploads\/2021\/07\/estudantes_310721_2-150x78.png 150w\" sizes=\"(max-width: 1025px) 100vw, 1025px\" \/><\/p>\n<p>\u201c\u00c9 uma alegria saber que no futuro teremos pessoas que tamb\u00e9m v\u00e3o dar respostas \u00e0s quest\u00f5es da Prov\u00edncia. Todas as inquieta\u00e7\u00f5es, no que tange \u00e0 revis\u00e3o e avalia\u00e7\u00e3o de cada fraternidade, merecem uma aten\u00e7\u00e3o maior&#8221;, acrescentou.<\/p>\n<p>Sobre o tema da identidade franciscana, abordado por Frei C\u00e9sar no segundo dia do encontro, Frei Jo\u00e3o comentou que ela acontece nos meandros do cotidiano: \u201cNossa Prov\u00edncia ainda tem esse privil\u00e9gio da forma\u00e7\u00e3o inicial dedicar um tempo para os estudos. Ent\u00e3o, essa identidade s\u00f3 vai acontecer quando cada um de n\u00f3s tiver consci\u00eancia de que o nosso papel fundamental, dentro das quest\u00f5es prementes da nossa espiritualidade e do nosso carisma, ser\u00e1 vivenciado no dia a dia de nossas vidas\u201d. Para Frei Jo\u00e3o, as pessoas olham para n\u00f3s como homens de Deus, como pessoas que amenizam a dor dos irm\u00e3os. \u201cE, se as pessoas nos identificam assim \u00e9 porque nos veem como filhos de S\u00e3o Francisco e percebem essa identidade franciscana\u201d, observou.<\/p>\n<p>&#8220;Essa maturidade que voc\u00eas j\u00e1 demonstram agora \u00e9 a mesma maturidade que n\u00f3s precisamos depois para que possamos responder \u00e0s quest\u00f5es de Prov\u00edncia, da Ordem, como um todo&#8221;, explicou Frei Jo\u00e3o. Ele lembrou que, ap\u00f3s a forma\u00e7\u00e3o inicial, todos far\u00e3o parte da forma\u00e7\u00e3o permanente. &#8220;L\u00e1 na frente, depois, n\u00e3o poder\u00e3o esquecer do que refletimos hoje. Essa mesma pertin\u00eancia n\u00e3o pode secar, ser diminu\u00edda, nem deixar de existir&#8221;, ensinou.<\/p>\n<p><img loading=\"lazy\" class=\"alignnone size-full wp-image-233499\" src=\"https:\/\/franciscanos.org.br\/noticias\/wp-content\/uploads\/2021\/07\/estudantes_310721_1.png\" alt=\"\" width=\"1200\" height=\"517\" srcset=\"https:\/\/franciscanos.org.br\/noticias\/wp-content\/uploads\/2021\/07\/estudantes_310721_1.png 1200w, https:\/\/franciscanos.org.br\/noticias\/wp-content\/uploads\/2021\/07\/estudantes_310721_1-450x194.png 450w, https:\/\/franciscanos.org.br\/noticias\/wp-content\/uploads\/2021\/07\/estudantes_310721_1-1024x441.png 1024w, https:\/\/franciscanos.org.br\/noticias\/wp-content\/uploads\/2021\/07\/estudantes_310721_1-768x331.png 768w, https:\/\/franciscanos.org.br\/noticias\/wp-content\/uploads\/2021\/07\/estudantes_310721_1-150x65.png 150w\" sizes=\"(max-width: 1200px) 100vw, 1200px\" \/><\/p>\n<p>Sobre a diminui\u00e7\u00e3o dos formandos, Frei Jo\u00e3o afirma que cada vez mais teremos frades mais adultos e com certa forma\u00e7\u00e3o acad\u00eamica, o que pressup\u00f5em outras exig\u00eancias de forma\u00e7\u00e3o e novas modalidades de se fazer o acompanhamento. &#8220;Perfil do formando muda, logo o perfil do formador tamb\u00e9m deve mudar&#8221;, ressaltou.<\/p>\n<p>Por fim, Frei Jo\u00e3o agradeceu aos estudantes pelo trabalho destes dias. \u201cMe parece que o resultado foi exitoso e penso que esse encontro pode ser repetido, com momentos intermedi\u00e1rios, no tri\u00eanio. As quest\u00f5es apontadas que devem ir para a Comiss\u00e3o Preparat\u00f3ria do Cap\u00edtulo s\u00e3o bastantes pertinentes e elas espelham tamb\u00e9m aquilo que n\u00f3s desejamos e esperamos da parte de voc\u00eas: uma participa\u00e7\u00e3o massiva dos formandos no que tange \u00e0 vida da Prov\u00edncia como um todo. De bom grado acolhemos\u201d, concluiu.<\/p>\n<p>O Encontro dos Frades Estudantes encerrou com os agradecimentos da equipe organizadora e com a ora\u00e7\u00e3o e\u00a0 b\u00ean\u00e7\u00e3o de Frei Jo\u00e3o Francisco.<\/p>\n<p>Antes, os formandos congratularam-se com o anivers\u00e1rio natal\u00edcio de Frei Bruno Dias de Deus, que neste dia completou mais um ano de vida. Tamb\u00e9m fizeram uma avalia\u00e7\u00e3o do encontro e deram destaque ao bom aproveitamento das reflex\u00f5es, partilhas e troca de experi\u00eancias.<\/p>\n<hr \/>\n<p><em>Frei Augusto Luiz Gabriel e Frei Bruno de Deus<\/em><\/p>\n","protected":false},"excerpt":{"rendered":"<p>Encerramento do Encontro dos Frades Estudantes<\/p>\n","protected":false},"author":3,"featured_media":233500,"comment_status":"open","ping_status":"open","sticky":false,"template":"","format":"standard","meta":[],"categories":[1],"tags":[1878],"acf":[],"yoast_head":"<!-- This site is optimized with the Yoast SEO plugin v19.2 - https:\/\/yoast.com\/wordpress\/plugins\/seo\/ -->\n<title>Frades estudantes terminam Encontro e encaminham propostas \u00e0 Comiss\u00e3o do Cap\u00edtulo Provincial - Not\u00edcias - Franciscanos<\/title>\n<meta name=\"robots\" content=\"index, follow, max-snippet:-1, max-image-preview:large, max-video-preview:-1\" \/>\n<link rel=\"canonical\" href=\"https:\/\/franciscanos.org.br\/noticias\/frades-estudantes-terminam-encontro-e-encaminham-propostas-a-comissao-do-capitulo-provincial.html\" \/>\n<meta property=\"og:locale\" content=\"pt_BR\" \/>\n<meta property=\"og:type\" content=\"article\" \/>\n<meta property=\"og:title\" content=\"Frades estudantes terminam Encontro e encaminham propostas \u00e0 Comiss\u00e3o do Cap\u00edtulo Provincial - Not\u00edcias - Franciscanos\" \/>\n<meta property=\"og:description\" content=\"Encerramento do Encontro dos Frades Estudantes\" \/>\n<meta property=\"og:url\" content=\"https:\/\/franciscanos.org.br\/noticias\/frades-estudantes-terminam-encontro-e-encaminham-propostas-a-comissao-do-capitulo-provincial.html\" \/>\n<meta property=\"og:site_name\" content=\"Not\u00edcias - Franciscanos\" \/>\n<meta property=\"article:published_time\" content=\"2021-07-31T21:03:12+00:00\" \/>\n<meta property=\"article:modified_time\" content=\"2021-08-17T13:32:24+00:00\" \/>\n<meta property=\"og:image\" content=\"https:\/\/franciscanos.org.br\/noticias\/wp-content\/uploads\/2021\/07\/estudantes_310721_3d.png\" \/>\n\t<meta property=\"og:image:width\" content=\"715\" \/>\n\t<meta property=\"og:image:height\" content=\"492\" \/>\n\t<meta property=\"og:image:type\" content=\"image\/png\" \/>\n<meta name=\"author\" content=\"moacir\" \/>\n<meta name=\"twitter:card\" content=\"summary_large_image\" \/>\n<meta name=\"twitter:label1\" content=\"Escrito por\" \/>\n\t<meta name=\"twitter:data1\" content=\"moacir\" \/>\n\t<meta name=\"twitter:label2\" content=\"Est. tempo de leitura\" \/>\n\t<meta name=\"twitter:data2\" content=\"4 minutos\" \/>\n<script type=\"application\/ld+json\" class=\"yoast-schema-graph\">{\"@context\":\"https:\/\/schema.org\",\"@graph\":[{\"@type\":\"WebSite\",\"@id\":\"https:\/\/franciscanos.org.br\/noticias\/#website\",\"url\":\"https:\/\/franciscanos.org.br\/noticias\/\",\"name\":\"Not\u00edcias - Franciscanos\",\"description\":\"Prov\u00edncia Franciscana da Imaculada Concei\u00e7\u00e3o do Brasil - Ordem dos Frades Menores - OFM\",\"potentialAction\":[{\"@type\":\"SearchAction\",\"target\":{\"@type\":\"EntryPoint\",\"urlTemplate\":\"https:\/\/franciscanos.org.br\/noticias\/?s={search_term_string}\"},\"query-input\":\"required name=search_term_string\"}],\"inLanguage\":\"pt-BR\"},{\"@type\":\"ImageObject\",\"inLanguage\":\"pt-BR\",\"@id\":\"https:\/\/franciscanos.org.br\/noticias\/frades-estudantes-terminam-encontro-e-encaminham-propostas-a-comissao-do-capitulo-provincial.html#primaryimage\",\"url\":\"https:\/\/franciscanos.org.br\/noticias\/wp-content\/uploads\/2021\/07\/estudantes_310721_3d.png\",\"contentUrl\":\"https:\/\/franciscanos.org.br\/noticias\/wp-content\/uploads\/2021\/07\/estudantes_310721_3d.png\",\"width\":715,\"height\":492},{\"@type\":\"WebPage\",\"@id\":\"https:\/\/franciscanos.org.br\/noticias\/frades-estudantes-terminam-encontro-e-encaminham-propostas-a-comissao-do-capitulo-provincial.html#webpage\",\"url\":\"https:\/\/franciscanos.org.br\/noticias\/frades-estudantes-terminam-encontro-e-encaminham-propostas-a-comissao-do-capitulo-provincial.html\",\"name\":\"Frades estudantes terminam Encontro e encaminham propostas \u00e0 Comiss\u00e3o do Cap\u00edtulo Provincial - Not\u00edcias - Franciscanos\",\"isPartOf\":{\"@id\":\"https:\/\/franciscanos.org.br\/noticias\/#website\"},\"primaryImageOfPage\":{\"@id\":\"https:\/\/franciscanos.org.br\/noticias\/frades-estudantes-terminam-encontro-e-encaminham-propostas-a-comissao-do-capitulo-provincial.html#primaryimage\"},\"datePublished\":\"2021-07-31T21:03:12+00:00\",\"dateModified\":\"2021-08-17T13:32:24+00:00\",\"author\":{\"@id\":\"https:\/\/franciscanos.org.br\/noticias\/#\/schema\/person\/b5c8cba458c330ccff548b056e95a5d4\"},\"breadcrumb\":{\"@id\":\"https:\/\/franciscanos.org.br\/noticias\/frades-estudantes-terminam-encontro-e-encaminham-propostas-a-comissao-do-capitulo-provincial.html#breadcrumb\"},\"inLanguage\":\"pt-BR\",\"potentialAction\":[{\"@type\":\"ReadAction\",\"target\":[\"https:\/\/franciscanos.org.br\/noticias\/frades-estudantes-terminam-encontro-e-encaminham-propostas-a-comissao-do-capitulo-provincial.html\"]}]},{\"@type\":\"BreadcrumbList\",\"@id\":\"https:\/\/franciscanos.org.br\/noticias\/frades-estudantes-terminam-encontro-e-encaminham-propostas-a-comissao-do-capitulo-provincial.html#breadcrumb\",\"itemListElement\":[{\"@type\":\"ListItem\",\"position\":1,\"name\":\"Home\",\"item\":\"https:\/\/franciscanos.org.br\/noticias\"},{\"@type\":\"ListItem\",\"position\":2,\"name\":\"Frades estudantes terminam Encontro e encaminham propostas \u00e0 Comiss\u00e3o do Cap\u00edtulo Provincial\"}]},{\"@type\":\"Person\",\"@id\":\"https:\/\/franciscanos.org.br\/noticias\/#\/schema\/person\/b5c8cba458c330ccff548b056e95a5d4\",\"name\":\"moacir\",\"image\":{\"@type\":\"ImageObject\",\"inLanguage\":\"pt-BR\",\"@id\":\"https:\/\/franciscanos.org.br\/noticias\/#\/schema\/person\/image\/\",\"url\":\"https:\/\/secure.gravatar.com\/avatar\/d08aa2ce4c8dd416d4479aa8536fcf64?s=96&d=mm&r=g\",\"contentUrl\":\"https:\/\/secure.gravatar.com\/avatar\/d08aa2ce4c8dd416d4479aa8536fcf64?s=96&d=mm&r=g\",\"caption\":\"moacir\"},\"url\":\"https:\/\/franciscanos.org.br\/noticias\/author\/moacir\"}]}<\/script>\n<!-- \/ Yoast SEO plugin. -->","yoast_head_json":{"title":"Frades estudantes terminam Encontro e encaminham propostas \u00e0 Comiss\u00e3o do Cap\u00edtulo Provincial - Not\u00edcias - Franciscanos","robots":{"index":"index","follow":"follow","max-snippet":"max-snippet:-1","max-image-preview":"max-image-preview:large","max-video-preview":"max-video-preview:-1"},"canonical":"https:\/\/franciscanos.org.br\/noticias\/frades-estudantes-terminam-encontro-e-encaminham-propostas-a-comissao-do-capitulo-provincial.html","og_locale":"pt_BR","og_type":"article","og_title":"Frades estudantes terminam Encontro e encaminham propostas \u00e0 Comiss\u00e3o do Cap\u00edtulo Provincial - Not\u00edcias - Franciscanos","og_description":"Encerramento do Encontro dos Frades Estudantes","og_url":"https:\/\/franciscanos.org.br\/noticias\/frades-estudantes-terminam-encontro-e-encaminham-propostas-a-comissao-do-capitulo-provincial.html","og_site_name":"Not\u00edcias - Franciscanos","article_published_time":"2021-07-31T21:03:12+00:00","article_modified_time":"2021-08-17T13:32:24+00:00","og_image":[{"width":715,"height":492,"url":"https:\/\/franciscanos.org.br\/noticias\/wp-content\/uploads\/2021\/07\/estudantes_310721_3d.png","type":"image\/png"}],"author":"moacir","twitter_card":"summary_large_image","twitter_misc":{"Escrito por":"moacir","Est. tempo de leitura":"4 minutos"},"schema":{"@context":"https:\/\/schema.org","@graph":[{"@type":"WebSite","@id":"https:\/\/franciscanos.org.br\/noticias\/#website","url":"https:\/\/franciscanos.org.br\/noticias\/","name":"Not\u00edcias - Franciscanos","description":"Prov\u00edncia Franciscana da Imaculada Concei\u00e7\u00e3o do Brasil - Ordem dos Frades Menores - OFM","potentialAction":[{"@type":"SearchAction","target":{"@type":"EntryPoint","urlTemplate":"https:\/\/franciscanos.org.br\/noticias\/?s={search_term_string}"},"query-input":"required name=search_term_string"}],"inLanguage":"pt-BR"},{"@type":"ImageObject","inLanguage":"pt-BR","@id":"https:\/\/franciscanos.org.br\/noticias\/frades-estudantes-terminam-encontro-e-encaminham-propostas-a-comissao-do-capitulo-provincial.html#primaryimage","url":"https:\/\/franciscanos.org.br\/noticias\/wp-content\/uploads\/2021\/07\/estudantes_310721_3d.png","contentUrl":"https:\/\/franciscanos.org.br\/noticias\/wp-content\/uploads\/2021\/07\/estudantes_310721_3d.png","width":715,"height":492},{"@type":"WebPage","@id":"https:\/\/franciscanos.org.br\/noticias\/frades-estudantes-terminam-encontro-e-encaminham-propostas-a-comissao-do-capitulo-provincial.html#webpage","url":"https:\/\/franciscanos.org.br\/noticias\/frades-estudantes-terminam-encontro-e-encaminham-propostas-a-comissao-do-capitulo-provincial.html","name":"Frades estudantes terminam Encontro e encaminham propostas \u00e0 Comiss\u00e3o do Cap\u00edtulo Provincial - Not\u00edcias - Franciscanos","isPartOf":{"@id":"https:\/\/franciscanos.org.br\/noticias\/#website"},"primaryImageOfPage":{"@id":"https:\/\/franciscanos.org.br\/noticias\/frades-estudantes-terminam-encontro-e-encaminham-propostas-a-comissao-do-capitulo-provincial.html#primaryimage"},"datePublished":"2021-07-31T21:03:12+00:00","dateModified":"2021-08-17T13:32:24+00:00","author":{"@id":"https:\/\/franciscanos.org.br\/noticias\/#\/schema\/person\/b5c8cba458c330ccff548b056e95a5d4"},"breadcrumb":{"@id":"https:\/\/franciscanos.org.br\/noticias\/frades-estudantes-terminam-encontro-e-encaminham-propostas-a-comissao-do-capitulo-provincial.html#breadcrumb"},"inLanguage":"pt-BR","potentialAction":[{"@type":"ReadAction","target":["https:\/\/franciscanos.org.br\/noticias\/frades-estudantes-terminam-encontro-e-encaminham-propostas-a-comissao-do-capitulo-provincial.html"]}]},{"@type":"BreadcrumbList","@id":"https:\/\/franciscanos.org.br\/noticias\/frades-estudantes-terminam-encontro-e-encaminham-propostas-a-comissao-do-capitulo-provincial.html#breadcrumb","itemListElement":[{"@type":"ListItem","position":1,"name":"Home","item":"https:\/\/franciscanos.org.br\/noticias"},{"@type":"ListItem","position":2,"name":"Frades estudantes terminam Encontro e encaminham propostas \u00e0 Comiss\u00e3o do Cap\u00edtulo Provincial"}]},{"@type":"Person","@id":"https:\/\/franciscanos.org.br\/noticias\/#\/schema\/person\/b5c8cba458c330ccff548b056e95a5d4","name":"moacir","image":{"@type":"ImageObject","inLanguage":"pt-BR","@id":"https:\/\/franciscanos.org.br\/noticias\/#\/schema\/person\/image\/","url":"https:\/\/secure.gravatar.com\/avatar\/d08aa2ce4c8dd416d4479aa8536fcf64?s=96&d=mm&r=g","contentUrl":"https:\/\/secure.gravatar.com\/avatar\/d08aa2ce4c8dd416d4479aa8536fcf64?s=96&d=mm&r=g","caption":"moacir"},"url":"https:\/\/franciscanos.org.br\/noticias\/author\/moacir"}]}},"_links":{"self":[{"href":"https:\/\/franciscanos.org.br\/noticias\/wp-json\/wp\/v2\/posts\/233496"}],"collection":[{"href":"https:\/\/franciscanos.org.br\/noticias\/wp-json\/wp\/v2\/posts"}],"about":[{"href":"https:\/\/franciscanos.org.br\/noticias\/wp-json\/wp\/v2\/types\/post"}],"author":[{"embeddable":true,"href":"https:\/\/franciscanos.org.br\/noticias\/wp-json\/wp\/v2\/users\/3"}],"replies":[{"embeddable":true,"href":"https:\/\/franciscanos.org.br\/noticias\/wp-json\/wp\/v2\/comments?post=233496"}],"version-history":[{"count":3,"href":"https:\/\/franciscanos.org.br\/noticias\/wp-json\/wp\/v2\/posts\/233496\/revisions"}],"predecessor-version":[{"id":233763,"href":"https:\/\/franciscanos.org.br\/noticias\/wp-json\/wp\/v2\/posts\/233496\/revisions\/233763"}],"wp:featuredmedia":[{"embeddable":true,"href":"https:\/\/franciscanos.org.br\/noticias\/wp-json\/wp\/v2\/media\/233500"}],"wp:attachment":[{"href":"https:\/\/franciscanos.org.br\/noticias\/wp-json\/wp\/v2\/media?parent=233496"}],"wp:term":[{"taxonomy":"category","embeddable":true,"href":"https:\/\/franciscanos.org.br\/noticias\/wp-json\/wp\/v2\/categories?post=233496"},{"taxonomy":"post_tag","embeddable":true,"href":"https:\/\/franciscanos.org.br\/noticias\/wp-json\/wp\/v2\/tags?post=233496"}],"curies":[{"name":"wp","href":"https:\/\/api.w.org\/{rel}","templated":true}]}}