{"id":233485,"date":"2021-07-30T17:48:32","date_gmt":"2021-07-30T20:48:32","guid":{"rendered":"https:\/\/franciscanos.org.br\/noticias\/?p=233485"},"modified":"2021-07-30T18:07:00","modified_gmt":"2021-07-30T21:07:00","slug":"dia-de-partilhas-e-troca-de-experiencias-no-encontro-dos-estudantes-da-provincia","status":"publish","type":"post","link":"https:\/\/franciscanos.org.br\/noticias\/dia-de-partilhas-e-troca-de-experiencias-no-encontro-dos-estudantes-da-provincia.html","title":{"rendered":"Dia de partilhas e troca de experi\u00eancias no Encontro dos Estudantes da Prov\u00edncia"},"content":{"rendered":"<p><img loading=\"lazy\" class=\"alignnone size-full wp-image-233486\" src=\"https:\/\/franciscanos.org.br\/noticias\/wp-content\/uploads\/2021\/07\/encontro_30.png\" alt=\"\" width=\"1200\" height=\"554\" srcset=\"https:\/\/franciscanos.org.br\/noticias\/wp-content\/uploads\/2021\/07\/encontro_30.png 1200w, https:\/\/franciscanos.org.br\/noticias\/wp-content\/uploads\/2021\/07\/encontro_30-450x208.png 450w, https:\/\/franciscanos.org.br\/noticias\/wp-content\/uploads\/2021\/07\/encontro_30-1024x473.png 1024w, https:\/\/franciscanos.org.br\/noticias\/wp-content\/uploads\/2021\/07\/encontro_30-768x355.png 768w, https:\/\/franciscanos.org.br\/noticias\/wp-content\/uploads\/2021\/07\/encontro_30-150x69.png 150w\" sizes=\"(max-width: 1200px) 100vw, 1200px\" \/><\/p>\n<p><strong>Campo Largo (PR) \u2013<\/strong> Nesta sexta-feira (30\/07), o terceiro dia do Encontro dos Frades Estudantes, novamente foi na modalidade virtual e contou com a presen\u00e7a dos frades do Tempo da Filosofia, Ano Mission\u00e1rio e da Teologia. Ap\u00f3s um momento de ora\u00e7\u00e3o, conduzido pelos religiosos franciscanos de Petr\u00f3polis (RJ), todos os frades partilharam a vida e caminhada de suas fraternidades e suas experi\u00eancias pessoais nestes anos da forma\u00e7\u00e3o inicial. Por meio desta troca de realidades e percep\u00e7\u00f5es, eles enviar\u00e3o \u00e0 Comiss\u00e3o Preparat\u00f3ria do Cap\u00edtulo suas propostas, pensamentos e anseios que lhes parecem favorecer a caminhada de todos os frades e candidatos nos tempos da forma\u00e7\u00e3o. A programa\u00e7\u00e3o do dia contou tamb\u00e9m com momentos de lazer e descanso.<\/p>\n<p>No per\u00edodo da manh\u00e3, Frei Gabriel Dellandrea, secret\u00e1rio, membro da organiza\u00e7\u00e3o do encontro e representante dos frades estudantes na Comiss\u00e3o Preparat\u00f3ria, fomentou um momento interativo e fraterno onde foram expressos e ouvidos os pensamentos, sentimentos e desafios na viv\u00eancia do carisma franciscano nas variadas etapas da forma\u00e7\u00e3o dos frades.<\/p>\n<p>A respeito disso, Frei Janu\u00e1rio de Carvalho, frade do Tempo da Filosofia, disse: \u201cSobre estes momentos de partilhas das caminhadas de cada frade e fraternidade, digo que est\u00e1 sendo boa. Cada um de n\u00f3s tem seus pontos de vista e h\u00e1 uma grande base s\u00f3lida de ideias das diversas fraternidades que podem vir a ser suporte para a forma\u00e7\u00e3o em geral\u201d. Frei Janu\u00e1rio \u00e9 frade da Funda\u00e7\u00e3o Imaculada M\u00e3e de Deus de Angola e chegou ao Brasil h\u00e1 um m\u00eas para cursar Filosofia, compondo a Fraternidade S\u00e3o Boaventura de Rondinha (PR).<\/p>\n<p><img loading=\"lazy\" class=\"alignnone size-full wp-image-233488\" src=\"https:\/\/franciscanos.org.br\/noticias\/wp-content\/uploads\/2021\/07\/encontro_30_2.png\" alt=\"\" width=\"1200\" height=\"626\" srcset=\"https:\/\/franciscanos.org.br\/noticias\/wp-content\/uploads\/2021\/07\/encontro_30_2.png 1200w, https:\/\/franciscanos.org.br\/noticias\/wp-content\/uploads\/2021\/07\/encontro_30_2-450x235.png 450w, https:\/\/franciscanos.org.br\/noticias\/wp-content\/uploads\/2021\/07\/encontro_30_2-1024x534.png 1024w, https:\/\/franciscanos.org.br\/noticias\/wp-content\/uploads\/2021\/07\/encontro_30_2-768x401.png 768w, https:\/\/franciscanos.org.br\/noticias\/wp-content\/uploads\/2021\/07\/encontro_30_2-150x78.png 150w\" sizes=\"(max-width: 1200px) 100vw, 1200px\" \/><\/p>\n<p>Os frades do Ano Mission\u00e1rio e em per\u00edodo de estudos relataram o cotidiano de cada fraternidade, os desafios e beleza da etapa formativa de cada um e os pilares do carisma como o esp\u00edrito de ora\u00e7\u00e3o e devo\u00e7\u00e3o e o pr\u00f3prio da vida fraterna. Emergiram diversas experi\u00eancias ricas de responsabilidade, f\u00e9 e esperan\u00e7a, dentre elas, Frei Hugo C\u00e2mara dos Santos, frade do 4\u00ba ano do Tempo da Teologia, que compartilhou: \u201cDeus me encantou com a vida franciscana e \u00e9 Deus que me faz continuar. Acho que todas as dificuldades e limita\u00e7\u00f5es que encontro no caminho s\u00e3o uma prova que a perseveran\u00e7a vem de Deus. E que tamb\u00e9m h\u00e1 muita alegria quando a reconhecemos nos irm\u00e3os, na miss\u00e3o, na nossa vida\u201d. Frei Hugo comp\u00f5e a Fraternidade S\u00e3o Francisco, de Duque de Caxias (RJ).<\/p>\n<p>Compartilhando o Ano Mission\u00e1rio, Frei Ruan Felipe Sguissardi, que faz sua experi\u00eancia no Semin\u00e1rio Frei Galv\u00e3o de Guaratinguet\u00e1 (SP), disse: \u201cEstar nessa experi\u00eancia, para mim, \u00e9 algo que nos ajuda e nos impulsiona, pois, a mesma nos amadurece como frade menor. Estar nessa etapa do Ano Mission\u00e1rio \u00e9 alimentar o nosso chamado vivenciando a cada dia o nosso sim com mais convic\u00e7\u00e3o e, sem d\u00favida, nos d\u00e1 ainda mais motiva\u00e7\u00f5es para a nossa vida consagrada franciscana\u201d.<\/p>\n<div id=\"attachment_233489\" style=\"width: 510px\" class=\"wp-caption alignright\"><img aria-describedby=\"caption-attachment-233489\" loading=\"lazy\" class=\"wp-image-233489 size-full\" src=\"https:\/\/franciscanos.org.br\/noticias\/wp-content\/uploads\/2021\/07\/encontro_30_4.png\" alt=\"\" width=\"500\" height=\"287\" srcset=\"https:\/\/franciscanos.org.br\/noticias\/wp-content\/uploads\/2021\/07\/encontro_30_4.png 500w, https:\/\/franciscanos.org.br\/noticias\/wp-content\/uploads\/2021\/07\/encontro_30_4-450x258.png 450w, https:\/\/franciscanos.org.br\/noticias\/wp-content\/uploads\/2021\/07\/encontro_30_4-150x86.png 150w\" sizes=\"(max-width: 500px) 100vw, 500px\" \/><p id=\"caption-attachment-233489\" class=\"wp-caption-text\"><em>Frei Marcelo se recupera bem da Covid-19 que o deixou internado 72 dias<\/em><\/p><\/div>\n<p>Em clima de gratid\u00e3o por este encontro que desvela a vida fraterna, Frei Gabriel comentou: \u201cUm aspecto que me salta aos olhos dentro do nosso carisma e que ainda me conduz e me embala muito \u00e9 a capacidade de vivermos em fraternidade. Fraternidade entendida como Fraternidade-Casa dos Frades, com o seu andamento, com sua estrutura, mas tamb\u00e9m a fraternidade numa vis\u00e3o maior, a fraternidade enquanto Igreja, enquanto criaturas, partilhando a vida com os demais membros da Casa Comum. E isso me faz refletir sobre valores franciscanos que n\u00f3s temos como muito caros e que s\u00e3o atuais hoje e, talvez, sejam uma grande resposta do carisma franciscano para as inquieta\u00e7\u00f5es do ser humano de hoje que \u00e9 o respeito, o di\u00e1logo, a toler\u00e2ncia, a capacidade de se colocar no lugar do outro\u201d.<\/p>\n<p>Este terceiro dia do encontro entre os confrades contou com uma an\u00e1lise sobre a caminhada formativa em geral: o que est\u00e1 bom, o que pode ser melhorado e o que est\u00e1 dificultando a realiza\u00e7\u00e3o da miss\u00e3o de cada fraternidade. Tal atitude, recordou Frei Gabriel, \u00e9 uma postura muito incentivada pelo atual governo da Ordem dos Frades Menores \u2013 constitu\u00eddo h\u00e1 poucos dias no Cap\u00edtulo Geral &#8211; de se entenderem todos os frades como membros vivos e ativos da caminhada e vida da Prov\u00edncia e da Ordem, como foi ressaltado no encontro de ontem (29\/07), por Frei C\u00e9sar K\u00fclkamp, Definidor e Visitadorr Geral para o Cap\u00edtulo em novembro deste ano.<\/p>\n<p>As an\u00e1lises e sugest\u00f5es relatadas pelo secret\u00e1rio do encontro, Frei Gabriel Dellandrea, ser\u00e3o enviadas \u00e0 Comiss\u00e3o Preparat\u00f3ria.\u00a0 Neste contexto, o testemunho de Frei Gabriel Nogueira Alves, do 3\u00ba ano de Filosofia, ilustra um sentimento positivo dos confrades: \u201cA forma como estamos caminhando \u00e9 sempre de progresso, em alguns aspectos os passos s\u00e3o bem lentos, mas os apontamentos s\u00e3o cada vez mais postos sob a luz de nossas discuss\u00f5es. O que me deixa muito animado. Sendo assim, n\u00e3o fica dif\u00edcil imaginar no futuro uma caminhada que nos leve \u00e0 uma forma\u00e7\u00e3o que integre todos os confrades, com seus dons, em benef\u00edcio do carisma\u201d.<\/p>\n<p><img loading=\"lazy\" class=\"alignnone size-full wp-image-233490\" src=\"https:\/\/franciscanos.org.br\/noticias\/wp-content\/uploads\/2021\/07\/encontro_30_3.jpg\" alt=\"\" width=\"1280\" height=\"720\" srcset=\"https:\/\/franciscanos.org.br\/noticias\/wp-content\/uploads\/2021\/07\/encontro_30_3.jpg 1280w, https:\/\/franciscanos.org.br\/noticias\/wp-content\/uploads\/2021\/07\/encontro_30_3-450x253.jpg 450w, https:\/\/franciscanos.org.br\/noticias\/wp-content\/uploads\/2021\/07\/encontro_30_3-1024x576.jpg 1024w, https:\/\/franciscanos.org.br\/noticias\/wp-content\/uploads\/2021\/07\/encontro_30_3-768x432.jpg 768w, https:\/\/franciscanos.org.br\/noticias\/wp-content\/uploads\/2021\/07\/encontro_30_3-150x84.jpg 150w\" sizes=\"(max-width: 1280px) 100vw, 1280px\" \/><\/p>\n<p>A programa\u00e7\u00e3o da manh\u00e3 encerrou-se com as felicita\u00e7\u00f5es dos confrades ao Frei Pedro Domingos Caiungue Mugiba, frade do 1\u00ba ano da Teologia, que no dia de hoje completa 28 anos de idade. No per\u00edodo da tarde, os frades, em suas fraternidades, reuniram-se para um momento de lazer e esporte. \u00c0 noite, rezaram as V\u00e9speras e celebraram a Eucaristia.<\/p>\n<p>Neste s\u00e1bado (31\/07), no encerramento do Encontro dos Frades Estudantes ser\u00e1 recapitulado as reflex\u00f5es e partilhas do encontro, que ser\u00e3o reunidas em um texto final para serem apresentadas \u00e0 Comiss\u00e3o Preparat\u00f3ria do Cap\u00edtulo Provincial deste ano. O \u00faltimo dia da reuni\u00e3o contar\u00e1 tamb\u00e9m com a assessoria de Frei Jo\u00e3o Francisco da Silva, Secret\u00e1rio para Forma\u00e7\u00e3o e Estudos e de Frei C\u00e9sar K\u00fclkamp.<\/p>\n<hr \/>\n<p><em>Frei Augusto Luiz Gabriel e Frei Bruno de Deus<\/em><\/p>\n","protected":false},"excerpt":{"rendered":"<p>3\u00ba dia do Encontro dos Frades Estudantes<\/p>\n","protected":false},"author":3,"featured_media":233487,"comment_status":"open","ping_status":"open","sticky":false,"template":"","format":"standard","meta":[],"categories":[1],"tags":[1878],"acf":[],"yoast_head":"<!-- This site is optimized with the Yoast SEO plugin v19.2 - https:\/\/yoast.com\/wordpress\/plugins\/seo\/ -->\n<title>Dia de partilhas e troca de experi\u00eancias no Encontro dos Estudantes da Prov\u00edncia - Not\u00edcias - Franciscanos<\/title>\n<meta name=\"robots\" content=\"index, follow, max-snippet:-1, max-image-preview:large, max-video-preview:-1\" \/>\n<link rel=\"canonical\" href=\"https:\/\/franciscanos.org.br\/noticias\/dia-de-partilhas-e-troca-de-experiencias-no-encontro-dos-estudantes-da-provincia.html\" \/>\n<meta property=\"og:locale\" content=\"pt_BR\" \/>\n<meta property=\"og:type\" content=\"article\" \/>\n<meta property=\"og:title\" content=\"Dia de partilhas e troca de experi\u00eancias no Encontro dos Estudantes da Prov\u00edncia - Not\u00edcias - Franciscanos\" \/>\n<meta property=\"og:description\" content=\"3\u00ba dia do Encontro dos Frades Estudantes\" \/>\n<meta property=\"og:url\" content=\"https:\/\/franciscanos.org.br\/noticias\/dia-de-partilhas-e-troca-de-experiencias-no-encontro-dos-estudantes-da-provincia.html\" \/>\n<meta property=\"og:site_name\" content=\"Not\u00edcias - Franciscanos\" \/>\n<meta property=\"article:published_time\" content=\"2021-07-30T20:48:32+00:00\" \/>\n<meta property=\"article:modified_time\" content=\"2021-07-30T21:07:00+00:00\" \/>\n<meta property=\"og:image\" content=\"https:\/\/franciscanos.org.br\/noticias\/wp-content\/uploads\/2021\/07\/encontro_30d.png\" \/>\n\t<meta property=\"og:image:width\" content=\"800\" \/>\n\t<meta property=\"og:image:height\" content=\"550\" \/>\n\t<meta property=\"og:image:type\" content=\"image\/png\" \/>\n<meta name=\"author\" content=\"moacir\" \/>\n<meta name=\"twitter:card\" content=\"summary_large_image\" \/>\n<meta name=\"twitter:label1\" content=\"Escrito por\" \/>\n\t<meta name=\"twitter:data1\" content=\"moacir\" \/>\n\t<meta name=\"twitter:label2\" content=\"Est. tempo de leitura\" \/>\n\t<meta name=\"twitter:data2\" content=\"5 minutos\" \/>\n<script type=\"application\/ld+json\" class=\"yoast-schema-graph\">{\"@context\":\"https:\/\/schema.org\",\"@graph\":[{\"@type\":\"WebSite\",\"@id\":\"https:\/\/franciscanos.org.br\/noticias\/#website\",\"url\":\"https:\/\/franciscanos.org.br\/noticias\/\",\"name\":\"Not\u00edcias - Franciscanos\",\"description\":\"Prov\u00edncia Franciscana da Imaculada Concei\u00e7\u00e3o do Brasil - Ordem dos Frades Menores - OFM\",\"potentialAction\":[{\"@type\":\"SearchAction\",\"target\":{\"@type\":\"EntryPoint\",\"urlTemplate\":\"https:\/\/franciscanos.org.br\/noticias\/?s={search_term_string}\"},\"query-input\":\"required name=search_term_string\"}],\"inLanguage\":\"pt-BR\"},{\"@type\":\"ImageObject\",\"inLanguage\":\"pt-BR\",\"@id\":\"https:\/\/franciscanos.org.br\/noticias\/dia-de-partilhas-e-troca-de-experiencias-no-encontro-dos-estudantes-da-provincia.html#primaryimage\",\"url\":\"https:\/\/franciscanos.org.br\/noticias\/wp-content\/uploads\/2021\/07\/encontro_30d.png\",\"contentUrl\":\"https:\/\/franciscanos.org.br\/noticias\/wp-content\/uploads\/2021\/07\/encontro_30d.png\",\"width\":800,\"height\":550},{\"@type\":\"WebPage\",\"@id\":\"https:\/\/franciscanos.org.br\/noticias\/dia-de-partilhas-e-troca-de-experiencias-no-encontro-dos-estudantes-da-provincia.html#webpage\",\"url\":\"https:\/\/franciscanos.org.br\/noticias\/dia-de-partilhas-e-troca-de-experiencias-no-encontro-dos-estudantes-da-provincia.html\",\"name\":\"Dia de partilhas e troca de experi\u00eancias no Encontro dos Estudantes da Prov\u00edncia - Not\u00edcias - Franciscanos\",\"isPartOf\":{\"@id\":\"https:\/\/franciscanos.org.br\/noticias\/#website\"},\"primaryImageOfPage\":{\"@id\":\"https:\/\/franciscanos.org.br\/noticias\/dia-de-partilhas-e-troca-de-experiencias-no-encontro-dos-estudantes-da-provincia.html#primaryimage\"},\"datePublished\":\"2021-07-30T20:48:32+00:00\",\"dateModified\":\"2021-07-30T21:07:00+00:00\",\"author\":{\"@id\":\"https:\/\/franciscanos.org.br\/noticias\/#\/schema\/person\/b5c8cba458c330ccff548b056e95a5d4\"},\"breadcrumb\":{\"@id\":\"https:\/\/franciscanos.org.br\/noticias\/dia-de-partilhas-e-troca-de-experiencias-no-encontro-dos-estudantes-da-provincia.html#breadcrumb\"},\"inLanguage\":\"pt-BR\",\"potentialAction\":[{\"@type\":\"ReadAction\",\"target\":[\"https:\/\/franciscanos.org.br\/noticias\/dia-de-partilhas-e-troca-de-experiencias-no-encontro-dos-estudantes-da-provincia.html\"]}]},{\"@type\":\"BreadcrumbList\",\"@id\":\"https:\/\/franciscanos.org.br\/noticias\/dia-de-partilhas-e-troca-de-experiencias-no-encontro-dos-estudantes-da-provincia.html#breadcrumb\",\"itemListElement\":[{\"@type\":\"ListItem\",\"position\":1,\"name\":\"Home\",\"item\":\"https:\/\/franciscanos.org.br\/noticias\"},{\"@type\":\"ListItem\",\"position\":2,\"name\":\"Dia de partilhas e troca de experi\u00eancias no Encontro dos Estudantes da Prov\u00edncia\"}]},{\"@type\":\"Person\",\"@id\":\"https:\/\/franciscanos.org.br\/noticias\/#\/schema\/person\/b5c8cba458c330ccff548b056e95a5d4\",\"name\":\"moacir\",\"image\":{\"@type\":\"ImageObject\",\"inLanguage\":\"pt-BR\",\"@id\":\"https:\/\/franciscanos.org.br\/noticias\/#\/schema\/person\/image\/\",\"url\":\"https:\/\/secure.gravatar.com\/avatar\/d08aa2ce4c8dd416d4479aa8536fcf64?s=96&d=mm&r=g\",\"contentUrl\":\"https:\/\/secure.gravatar.com\/avatar\/d08aa2ce4c8dd416d4479aa8536fcf64?s=96&d=mm&r=g\",\"caption\":\"moacir\"},\"url\":\"https:\/\/franciscanos.org.br\/noticias\/author\/moacir\"}]}<\/script>\n<!-- \/ Yoast SEO plugin. -->","yoast_head_json":{"title":"Dia de partilhas e troca de experi\u00eancias no Encontro dos Estudantes da Prov\u00edncia - Not\u00edcias - Franciscanos","robots":{"index":"index","follow":"follow","max-snippet":"max-snippet:-1","max-image-preview":"max-image-preview:large","max-video-preview":"max-video-preview:-1"},"canonical":"https:\/\/franciscanos.org.br\/noticias\/dia-de-partilhas-e-troca-de-experiencias-no-encontro-dos-estudantes-da-provincia.html","og_locale":"pt_BR","og_type":"article","og_title":"Dia de partilhas e troca de experi\u00eancias no Encontro dos Estudantes da Prov\u00edncia - Not\u00edcias - Franciscanos","og_description":"3\u00ba dia do Encontro dos Frades Estudantes","og_url":"https:\/\/franciscanos.org.br\/noticias\/dia-de-partilhas-e-troca-de-experiencias-no-encontro-dos-estudantes-da-provincia.html","og_site_name":"Not\u00edcias - Franciscanos","article_published_time":"2021-07-30T20:48:32+00:00","article_modified_time":"2021-07-30T21:07:00+00:00","og_image":[{"width":800,"height":550,"url":"https:\/\/franciscanos.org.br\/noticias\/wp-content\/uploads\/2021\/07\/encontro_30d.png","type":"image\/png"}],"author":"moacir","twitter_card":"summary_large_image","twitter_misc":{"Escrito por":"moacir","Est. tempo de leitura":"5 minutos"},"schema":{"@context":"https:\/\/schema.org","@graph":[{"@type":"WebSite","@id":"https:\/\/franciscanos.org.br\/noticias\/#website","url":"https:\/\/franciscanos.org.br\/noticias\/","name":"Not\u00edcias - Franciscanos","description":"Prov\u00edncia Franciscana da Imaculada Concei\u00e7\u00e3o do Brasil - Ordem dos Frades Menores - OFM","potentialAction":[{"@type":"SearchAction","target":{"@type":"EntryPoint","urlTemplate":"https:\/\/franciscanos.org.br\/noticias\/?s={search_term_string}"},"query-input":"required name=search_term_string"}],"inLanguage":"pt-BR"},{"@type":"ImageObject","inLanguage":"pt-BR","@id":"https:\/\/franciscanos.org.br\/noticias\/dia-de-partilhas-e-troca-de-experiencias-no-encontro-dos-estudantes-da-provincia.html#primaryimage","url":"https:\/\/franciscanos.org.br\/noticias\/wp-content\/uploads\/2021\/07\/encontro_30d.png","contentUrl":"https:\/\/franciscanos.org.br\/noticias\/wp-content\/uploads\/2021\/07\/encontro_30d.png","width":800,"height":550},{"@type":"WebPage","@id":"https:\/\/franciscanos.org.br\/noticias\/dia-de-partilhas-e-troca-de-experiencias-no-encontro-dos-estudantes-da-provincia.html#webpage","url":"https:\/\/franciscanos.org.br\/noticias\/dia-de-partilhas-e-troca-de-experiencias-no-encontro-dos-estudantes-da-provincia.html","name":"Dia de partilhas e troca de experi\u00eancias no Encontro dos Estudantes da Prov\u00edncia - Not\u00edcias - Franciscanos","isPartOf":{"@id":"https:\/\/franciscanos.org.br\/noticias\/#website"},"primaryImageOfPage":{"@id":"https:\/\/franciscanos.org.br\/noticias\/dia-de-partilhas-e-troca-de-experiencias-no-encontro-dos-estudantes-da-provincia.html#primaryimage"},"datePublished":"2021-07-30T20:48:32+00:00","dateModified":"2021-07-30T21:07:00+00:00","author":{"@id":"https:\/\/franciscanos.org.br\/noticias\/#\/schema\/person\/b5c8cba458c330ccff548b056e95a5d4"},"breadcrumb":{"@id":"https:\/\/franciscanos.org.br\/noticias\/dia-de-partilhas-e-troca-de-experiencias-no-encontro-dos-estudantes-da-provincia.html#breadcrumb"},"inLanguage":"pt-BR","potentialAction":[{"@type":"ReadAction","target":["https:\/\/franciscanos.org.br\/noticias\/dia-de-partilhas-e-troca-de-experiencias-no-encontro-dos-estudantes-da-provincia.html"]}]},{"@type":"BreadcrumbList","@id":"https:\/\/franciscanos.org.br\/noticias\/dia-de-partilhas-e-troca-de-experiencias-no-encontro-dos-estudantes-da-provincia.html#breadcrumb","itemListElement":[{"@type":"ListItem","position":1,"name":"Home","item":"https:\/\/franciscanos.org.br\/noticias"},{"@type":"ListItem","position":2,"name":"Dia de partilhas e troca de experi\u00eancias no Encontro dos Estudantes da Prov\u00edncia"}]},{"@type":"Person","@id":"https:\/\/franciscanos.org.br\/noticias\/#\/schema\/person\/b5c8cba458c330ccff548b056e95a5d4","name":"moacir","image":{"@type":"ImageObject","inLanguage":"pt-BR","@id":"https:\/\/franciscanos.org.br\/noticias\/#\/schema\/person\/image\/","url":"https:\/\/secure.gravatar.com\/avatar\/d08aa2ce4c8dd416d4479aa8536fcf64?s=96&d=mm&r=g","contentUrl":"https:\/\/secure.gravatar.com\/avatar\/d08aa2ce4c8dd416d4479aa8536fcf64?s=96&d=mm&r=g","caption":"moacir"},"url":"https:\/\/franciscanos.org.br\/noticias\/author\/moacir"}]}},"_links":{"self":[{"href":"https:\/\/franciscanos.org.br\/noticias\/wp-json\/wp\/v2\/posts\/233485"}],"collection":[{"href":"https:\/\/franciscanos.org.br\/noticias\/wp-json\/wp\/v2\/posts"}],"about":[{"href":"https:\/\/franciscanos.org.br\/noticias\/wp-json\/wp\/v2\/types\/post"}],"author":[{"embeddable":true,"href":"https:\/\/franciscanos.org.br\/noticias\/wp-json\/wp\/v2\/users\/3"}],"replies":[{"embeddable":true,"href":"https:\/\/franciscanos.org.br\/noticias\/wp-json\/wp\/v2\/comments?post=233485"}],"version-history":[{"count":2,"href":"https:\/\/franciscanos.org.br\/noticias\/wp-json\/wp\/v2\/posts\/233485\/revisions"}],"predecessor-version":[{"id":233492,"href":"https:\/\/franciscanos.org.br\/noticias\/wp-json\/wp\/v2\/posts\/233485\/revisions\/233492"}],"wp:featuredmedia":[{"embeddable":true,"href":"https:\/\/franciscanos.org.br\/noticias\/wp-json\/wp\/v2\/media\/233487"}],"wp:attachment":[{"href":"https:\/\/franciscanos.org.br\/noticias\/wp-json\/wp\/v2\/media?parent=233485"}],"wp:term":[{"taxonomy":"category","embeddable":true,"href":"https:\/\/franciscanos.org.br\/noticias\/wp-json\/wp\/v2\/categories?post=233485"},{"taxonomy":"post_tag","embeddable":true,"href":"https:\/\/franciscanos.org.br\/noticias\/wp-json\/wp\/v2\/tags?post=233485"}],"curies":[{"name":"wp","href":"https:\/\/api.w.org\/{rel}","templated":true}]}}