{"id":233477,"date":"2021-07-30T08:41:48","date_gmt":"2021-07-30T11:41:48","guid":{"rendered":"https:\/\/franciscanos.org.br\/noticias\/?p=233477"},"modified":"2021-07-30T08:41:48","modified_gmt":"2021-07-30T11:41:48","slug":"movimento-catolico-global-pelo-clima-agora-se-chama-movimento-laudato-si","status":"publish","type":"post","link":"https:\/\/franciscanos.org.br\/noticias\/movimento-catolico-global-pelo-clima-agora-se-chama-movimento-laudato-si.html","title":{"rendered":"Movimento Cat\u00f3lico Global pelo Clima agora se chama Movimento Laudato si&#8217;"},"content":{"rendered":"<p><img loading=\"lazy\" class=\"alignnone wp-image-233478 size-full\" src=\"https:\/\/franciscanos.org.br\/noticias\/wp-content\/uploads\/2021\/07\/logo_laudato.jpg\" alt=\"\" width=\"1280\" height=\"720\" srcset=\"https:\/\/franciscanos.org.br\/noticias\/wp-content\/uploads\/2021\/07\/logo_laudato.jpg 1280w, https:\/\/franciscanos.org.br\/noticias\/wp-content\/uploads\/2021\/07\/logo_laudato-450x253.jpg 450w, https:\/\/franciscanos.org.br\/noticias\/wp-content\/uploads\/2021\/07\/logo_laudato-1024x576.jpg 1024w, https:\/\/franciscanos.org.br\/noticias\/wp-content\/uploads\/2021\/07\/logo_laudato-768x432.jpg 768w, https:\/\/franciscanos.org.br\/noticias\/wp-content\/uploads\/2021\/07\/logo_laudato-150x84.jpg 150w\" sizes=\"(max-width: 1280px) 100vw, 1280px\" \/><br \/>\n&#8220;Inspirar e mobilizar a comunidade cat\u00f3lica para cuidar da nossa casa comum e alcan\u00e7ar a justi\u00e7a clim\u00e1tica e ecol\u00f3gica&#8221;. Estes s\u00e3o os objetivos da nova fase que se abre para o Movimento Cat\u00f3lico Global pelo Clima, que a partir de hoje muda seu nome para Movimento Laudato si&#8217;.<\/p>\n<p>Fundado em 2015 por um grupo de 17 organiza\u00e7\u00f5es cat\u00f3licas e 12 l\u00edderes de realidades universit\u00e1rias e sociais de todos os continentes, empenhados em ajudar os fi\u00e9is a responder \u00e0s exorta\u00e7\u00f5es da enc\u00edclica do Papa Francisco sobre os cuidados da casa comum, publicada naquele mesmo ano, o Movimento conta hoje com mais de 800 organiza\u00e7\u00f5es.<\/p>\n<p><iframe loading=\"lazy\" title=\"Our new name is...\" width=\"500\" height=\"281\" src=\"https:\/\/www.youtube.com\/embed\/ULq0zo3bzcM?feature=oembed\" frameborder=\"0\" allow=\"accelerometer; autoplay; clipboard-write; encrypted-media; gyroscope; picture-in-picture\" allowfullscreen><\/iframe><\/p>\n<p>Em tempos recentes, passou por &#8220;um caminho de discernimento que durou mais de 18 meses&#8221;, explica ao Vatican News Tom\u00e1s Insua, co-fundador e diretor executivo do Movimento: uma reflex\u00e3o sobre identidade, miss\u00e3o, nome e estruturas. O nome anterior, continua, \u201cal\u00e9m de ser longo era dif\u00edcil de recordar. Pensando no trabalho de convers\u00e3o ecol\u00f3gica e na ecologia integral que a Laudato si&#8217; invoca e que catalisa nosso trabalho, em colabora\u00e7\u00e3o com v\u00e1rios parceiros eclesiais decidimos nos chamar de Movimento Laudato si'&#8221;, depois de examinar uma lista de 25 nomes poss\u00edveis.<\/p>\n<p>Lorna Gold, presidente do Comit\u00ea Diretivo, que apresentou a novidade de hoje em uma reuni\u00e3o on-line, destaca como \u00e9 &#8220;importante notar que a miss\u00e3o est\u00e1 sendo ampliada para incluir o conceito de justi\u00e7a ecol\u00f3gica, baseada no esp\u00edrito da Laudato si&#8217;, no qual &#8216;tudo est\u00e1 interligado&#8221;. A enc\u00edclica do Pont\u00edfice, prossegue Tom\u00e1s Insua, &#8220;\u00e9 a base de tudo o que fazemos e organizamos, desde a Semana Laudato si&#8217; ao curso de Animadores Laudato si&#8217;, dos nossos C\u00edrculos aos estudos espec\u00edficos&#8221;: um compromisso que nunca foi interrompido, nem mesmo durante a emerg\u00eancia pand\u00eamica, tanto que agora temos cerca de 25 mil animadores Laudato si&#8217; no mundo, pessoas envolvidas principalmente nas par\u00f3quias, associa\u00e7\u00f5es e \u00e2mbito religioso, mas tamb\u00e9m pessoas comuns que sentem de modo particular o chamado \u00e0 ecologia integral, colocando-se a servi\u00e7o de suas pr\u00f3prias comunidades.<\/p>\n<p><strong>As c\u00fapulas da ONU<\/strong><br \/>\n&#8220;Hoje h\u00e1 muito o que fazer: neste ano em particular precisamos nos concentrar nas pr\u00f3ximas grandes c\u00fapulas da ONU&#8221;, diz Tom\u00e1s Insua com refer\u00eancia \u00e0 Confer\u00eancia da ONU sobre a Biodiversidade, a Cop15, agendada de 11 a 24 de outubro na China, e a Confer\u00eancia da ONU sobre as Mudan\u00e7as Clim\u00e1ticas, a Cop26, em Glasgow, de 31 de outubro a 12 de novembro, antes da qual tamb\u00e9m haver\u00e1 um encontro &#8220;F\u00e9 e Ci\u00eancia: Rumo \u00e0 Cop26&#8221; em 4 de outubro no Vaticano e em Roma.<\/p>\n<p>As grandes c\u00fapulas da ONU, reflete o diretor executivo do Movimento Laudato si&#8217;, &#8220;t\u00eam o objetivo de reunir a fam\u00edlia humana para agir com urg\u00eancia diante destas grandes crises: os cientistas nos dizem que elas s\u00e3o ainda mais urgentes ano ap\u00f3s ano. S\u00e3o muitos os sinais: os inc\u00eandios na Sardenha, o calor recorde e inc\u00eandios no Canad\u00e1, a seca em Madagascar, o grito da terra e dos pobres que s\u00e3o ainda mais altos. Portanto, h\u00e1 necessidade de agir&#8221;. N\u00f3s do Movimento \u2013 anunciou &#8211; estamos ajudando a animar uma iniciativa particular: &#8216;Planeta Saud\u00e1vel, Pessoas Saud\u00e1veis&#8217;. \u00c9 uma peti\u00e7\u00e3o com mais de 200 organiza\u00e7\u00f5es cat\u00f3licas para lan\u00e7ar um apelo aos participantes nas c\u00fapulas da ONU: ser\u00e1 uma de nossas prioridades nos pr\u00f3ximos meses e especialmente no per\u00edodo do Tempo da Cria\u00e7\u00e3o, que come\u00e7a em 1\u00ba de setembro. Estamos pedindo para aumentar o n\u00edvel de ambi\u00e7\u00e3o nas duas c\u00fapulas: em particular na Cop26 &#8211; refere Tom\u00e1s Insua &#8211; fala-se em alcan\u00e7ar at\u00e9 2050 zero emiss\u00f5es de gases de efeito estufa em todo o planeta. Mas sabemos que os pa\u00edses mais ricos, que t\u00eam uma responsabilidade hist\u00f3rica por s\u00e9culos de emiss\u00f5es, t\u00eam possibilidades mais claras para fazer esta transi\u00e7\u00e3o at\u00e9 2035 &#8211; 2040&#8243;.<\/p>\n<p><strong>As palavras do Papa<\/strong><br \/>\nDo Pont\u00edfice, um incentivo constante para continuar o compromisso do Movimento. &#8220;Escrevemos uma carta ao Papa, informando-o do processo, pedindo sua opini\u00e3o e sua b\u00ean\u00e7\u00e3o antes de agir e mudar nosso nome. Francisco &#8211; informa Tom\u00e1s Insua &#8211; escreveu uma breve carta de resposta, que chegou nas V\u00e9speras de Pentecostes, em 22 de maio, e foi um sinal muito forte. Dado que este processo tem sido caracterizado por um clima de ora\u00e7\u00e3o sinodal, pedindo luz ao Esp\u00edrito Santo, o fato de a carta do Papa ter chegado para a festa de Pentecostes foi um sinal que nos motiva ainda mais: ele a dirigiu ao Movimento Laudato si&#8217;, agradecendo-nos &#8220;pela miss\u00e3o de promover a ecologia integral e pela ajuda&#8221; oferecida &#8220;\u00e0 Igreja no mundo&#8221;, desejando-nos uma feliz Semana Laudato si&#8217; que estava em andamento naqueles dias. Um incentivo a mais, reflete Tom\u00e1s Insua, para &#8220;viver Laudato si&#8217;, que n\u00e3o deve permanecer um documento escrito, um documento de biblioteca, mas um documento vivo&#8221;.<\/p>\n<hr \/>\n<p><em>Fonte: Vatican News (texto de Giada Aquilino )<\/em><\/p>\n","protected":false},"excerpt":{"rendered":"<p>Movimento Laudato si&#8217;<\/p>\n","protected":false},"author":3,"featured_media":233479,"comment_status":"open","ping_status":"open","sticky":false,"template":"","format":"standard","meta":[],"categories":[1],"tags":[701],"acf":[],"yoast_head":"<!-- This site is optimized with the Yoast SEO plugin v19.2 - https:\/\/yoast.com\/wordpress\/plugins\/seo\/ -->\n<title>Movimento Cat\u00f3lico Global pelo Clima agora se chama Movimento Laudato si&#039; - Not\u00edcias - Franciscanos<\/title>\n<meta name=\"robots\" content=\"index, follow, max-snippet:-1, max-image-preview:large, max-video-preview:-1\" \/>\n<link rel=\"canonical\" href=\"https:\/\/franciscanos.org.br\/noticias\/movimento-catolico-global-pelo-clima-agora-se-chama-movimento-laudato-si.html\" \/>\n<meta property=\"og:locale\" content=\"pt_BR\" \/>\n<meta property=\"og:type\" content=\"article\" \/>\n<meta property=\"og:title\" content=\"Movimento Cat\u00f3lico Global pelo Clima agora se chama Movimento Laudato si&#039; - Not\u00edcias - Franciscanos\" \/>\n<meta property=\"og:description\" content=\"Movimento Laudato si&#039;\" \/>\n<meta property=\"og:url\" content=\"https:\/\/franciscanos.org.br\/noticias\/movimento-catolico-global-pelo-clima-agora-se-chama-movimento-laudato-si.html\" \/>\n<meta property=\"og:site_name\" content=\"Not\u00edcias - Franciscanos\" \/>\n<meta property=\"article:published_time\" content=\"2021-07-30T11:41:48+00:00\" \/>\n<meta property=\"og:image\" content=\"https:\/\/franciscanos.org.br\/noticias\/wp-content\/uploads\/2021\/07\/logo_laudato_d.jpg\" \/>\n\t<meta property=\"og:image:width\" content=\"800\" \/>\n\t<meta property=\"og:image:height\" content=\"550\" \/>\n\t<meta property=\"og:image:type\" content=\"image\/jpeg\" \/>\n<meta name=\"author\" content=\"moacir\" \/>\n<meta name=\"twitter:card\" content=\"summary_large_image\" \/>\n<meta name=\"twitter:label1\" content=\"Escrito por\" \/>\n\t<meta name=\"twitter:data1\" content=\"moacir\" \/>\n\t<meta name=\"twitter:label2\" content=\"Est. tempo de leitura\" \/>\n\t<meta name=\"twitter:data2\" content=\"4 minutos\" \/>\n<script type=\"application\/ld+json\" class=\"yoast-schema-graph\">{\"@context\":\"https:\/\/schema.org\",\"@graph\":[{\"@type\":\"WebSite\",\"@id\":\"https:\/\/franciscanos.org.br\/noticias\/#website\",\"url\":\"https:\/\/franciscanos.org.br\/noticias\/\",\"name\":\"Not\u00edcias - Franciscanos\",\"description\":\"Prov\u00edncia Franciscana da Imaculada Concei\u00e7\u00e3o do Brasil - Ordem dos Frades Menores - OFM\",\"potentialAction\":[{\"@type\":\"SearchAction\",\"target\":{\"@type\":\"EntryPoint\",\"urlTemplate\":\"https:\/\/franciscanos.org.br\/noticias\/?s={search_term_string}\"},\"query-input\":\"required name=search_term_string\"}],\"inLanguage\":\"pt-BR\"},{\"@type\":\"ImageObject\",\"inLanguage\":\"pt-BR\",\"@id\":\"https:\/\/franciscanos.org.br\/noticias\/movimento-catolico-global-pelo-clima-agora-se-chama-movimento-laudato-si.html#primaryimage\",\"url\":\"https:\/\/franciscanos.org.br\/noticias\/wp-content\/uploads\/2021\/07\/logo_laudato_d.jpg\",\"contentUrl\":\"https:\/\/franciscanos.org.br\/noticias\/wp-content\/uploads\/2021\/07\/logo_laudato_d.jpg\",\"width\":800,\"height\":550},{\"@type\":\"WebPage\",\"@id\":\"https:\/\/franciscanos.org.br\/noticias\/movimento-catolico-global-pelo-clima-agora-se-chama-movimento-laudato-si.html#webpage\",\"url\":\"https:\/\/franciscanos.org.br\/noticias\/movimento-catolico-global-pelo-clima-agora-se-chama-movimento-laudato-si.html\",\"name\":\"Movimento Cat\u00f3lico Global pelo Clima agora se chama Movimento Laudato si' - Not\u00edcias - Franciscanos\",\"isPartOf\":{\"@id\":\"https:\/\/franciscanos.org.br\/noticias\/#website\"},\"primaryImageOfPage\":{\"@id\":\"https:\/\/franciscanos.org.br\/noticias\/movimento-catolico-global-pelo-clima-agora-se-chama-movimento-laudato-si.html#primaryimage\"},\"datePublished\":\"2021-07-30T11:41:48+00:00\",\"dateModified\":\"2021-07-30T11:41:48+00:00\",\"author\":{\"@id\":\"https:\/\/franciscanos.org.br\/noticias\/#\/schema\/person\/b5c8cba458c330ccff548b056e95a5d4\"},\"breadcrumb\":{\"@id\":\"https:\/\/franciscanos.org.br\/noticias\/movimento-catolico-global-pelo-clima-agora-se-chama-movimento-laudato-si.html#breadcrumb\"},\"inLanguage\":\"pt-BR\",\"potentialAction\":[{\"@type\":\"ReadAction\",\"target\":[\"https:\/\/franciscanos.org.br\/noticias\/movimento-catolico-global-pelo-clima-agora-se-chama-movimento-laudato-si.html\"]}]},{\"@type\":\"BreadcrumbList\",\"@id\":\"https:\/\/franciscanos.org.br\/noticias\/movimento-catolico-global-pelo-clima-agora-se-chama-movimento-laudato-si.html#breadcrumb\",\"itemListElement\":[{\"@type\":\"ListItem\",\"position\":1,\"name\":\"Home\",\"item\":\"https:\/\/franciscanos.org.br\/noticias\"},{\"@type\":\"ListItem\",\"position\":2,\"name\":\"Movimento Cat\u00f3lico Global pelo Clima agora se chama Movimento Laudato si&#8217;\"}]},{\"@type\":\"Person\",\"@id\":\"https:\/\/franciscanos.org.br\/noticias\/#\/schema\/person\/b5c8cba458c330ccff548b056e95a5d4\",\"name\":\"moacir\",\"image\":{\"@type\":\"ImageObject\",\"inLanguage\":\"pt-BR\",\"@id\":\"https:\/\/franciscanos.org.br\/noticias\/#\/schema\/person\/image\/\",\"url\":\"https:\/\/secure.gravatar.com\/avatar\/d08aa2ce4c8dd416d4479aa8536fcf64?s=96&d=mm&r=g\",\"contentUrl\":\"https:\/\/secure.gravatar.com\/avatar\/d08aa2ce4c8dd416d4479aa8536fcf64?s=96&d=mm&r=g\",\"caption\":\"moacir\"},\"url\":\"https:\/\/franciscanos.org.br\/noticias\/author\/moacir\"}]}<\/script>\n<!-- \/ Yoast SEO plugin. -->","yoast_head_json":{"title":"Movimento Cat\u00f3lico Global pelo Clima agora se chama Movimento Laudato si' - Not\u00edcias - Franciscanos","robots":{"index":"index","follow":"follow","max-snippet":"max-snippet:-1","max-image-preview":"max-image-preview:large","max-video-preview":"max-video-preview:-1"},"canonical":"https:\/\/franciscanos.org.br\/noticias\/movimento-catolico-global-pelo-clima-agora-se-chama-movimento-laudato-si.html","og_locale":"pt_BR","og_type":"article","og_title":"Movimento Cat\u00f3lico Global pelo Clima agora se chama Movimento Laudato si' - Not\u00edcias - Franciscanos","og_description":"Movimento Laudato si'","og_url":"https:\/\/franciscanos.org.br\/noticias\/movimento-catolico-global-pelo-clima-agora-se-chama-movimento-laudato-si.html","og_site_name":"Not\u00edcias - Franciscanos","article_published_time":"2021-07-30T11:41:48+00:00","og_image":[{"width":800,"height":550,"url":"https:\/\/franciscanos.org.br\/noticias\/wp-content\/uploads\/2021\/07\/logo_laudato_d.jpg","type":"image\/jpeg"}],"author":"moacir","twitter_card":"summary_large_image","twitter_misc":{"Escrito por":"moacir","Est. tempo de leitura":"4 minutos"},"schema":{"@context":"https:\/\/schema.org","@graph":[{"@type":"WebSite","@id":"https:\/\/franciscanos.org.br\/noticias\/#website","url":"https:\/\/franciscanos.org.br\/noticias\/","name":"Not\u00edcias - Franciscanos","description":"Prov\u00edncia Franciscana da Imaculada Concei\u00e7\u00e3o do Brasil - Ordem dos Frades Menores - OFM","potentialAction":[{"@type":"SearchAction","target":{"@type":"EntryPoint","urlTemplate":"https:\/\/franciscanos.org.br\/noticias\/?s={search_term_string}"},"query-input":"required name=search_term_string"}],"inLanguage":"pt-BR"},{"@type":"ImageObject","inLanguage":"pt-BR","@id":"https:\/\/franciscanos.org.br\/noticias\/movimento-catolico-global-pelo-clima-agora-se-chama-movimento-laudato-si.html#primaryimage","url":"https:\/\/franciscanos.org.br\/noticias\/wp-content\/uploads\/2021\/07\/logo_laudato_d.jpg","contentUrl":"https:\/\/franciscanos.org.br\/noticias\/wp-content\/uploads\/2021\/07\/logo_laudato_d.jpg","width":800,"height":550},{"@type":"WebPage","@id":"https:\/\/franciscanos.org.br\/noticias\/movimento-catolico-global-pelo-clima-agora-se-chama-movimento-laudato-si.html#webpage","url":"https:\/\/franciscanos.org.br\/noticias\/movimento-catolico-global-pelo-clima-agora-se-chama-movimento-laudato-si.html","name":"Movimento Cat\u00f3lico Global pelo Clima agora se chama Movimento Laudato si' - Not\u00edcias - Franciscanos","isPartOf":{"@id":"https:\/\/franciscanos.org.br\/noticias\/#website"},"primaryImageOfPage":{"@id":"https:\/\/franciscanos.org.br\/noticias\/movimento-catolico-global-pelo-clima-agora-se-chama-movimento-laudato-si.html#primaryimage"},"datePublished":"2021-07-30T11:41:48+00:00","dateModified":"2021-07-30T11:41:48+00:00","author":{"@id":"https:\/\/franciscanos.org.br\/noticias\/#\/schema\/person\/b5c8cba458c330ccff548b056e95a5d4"},"breadcrumb":{"@id":"https:\/\/franciscanos.org.br\/noticias\/movimento-catolico-global-pelo-clima-agora-se-chama-movimento-laudato-si.html#breadcrumb"},"inLanguage":"pt-BR","potentialAction":[{"@type":"ReadAction","target":["https:\/\/franciscanos.org.br\/noticias\/movimento-catolico-global-pelo-clima-agora-se-chama-movimento-laudato-si.html"]}]},{"@type":"BreadcrumbList","@id":"https:\/\/franciscanos.org.br\/noticias\/movimento-catolico-global-pelo-clima-agora-se-chama-movimento-laudato-si.html#breadcrumb","itemListElement":[{"@type":"ListItem","position":1,"name":"Home","item":"https:\/\/franciscanos.org.br\/noticias"},{"@type":"ListItem","position":2,"name":"Movimento Cat\u00f3lico Global pelo Clima agora se chama Movimento Laudato si&#8217;"}]},{"@type":"Person","@id":"https:\/\/franciscanos.org.br\/noticias\/#\/schema\/person\/b5c8cba458c330ccff548b056e95a5d4","name":"moacir","image":{"@type":"ImageObject","inLanguage":"pt-BR","@id":"https:\/\/franciscanos.org.br\/noticias\/#\/schema\/person\/image\/","url":"https:\/\/secure.gravatar.com\/avatar\/d08aa2ce4c8dd416d4479aa8536fcf64?s=96&d=mm&r=g","contentUrl":"https:\/\/secure.gravatar.com\/avatar\/d08aa2ce4c8dd416d4479aa8536fcf64?s=96&d=mm&r=g","caption":"moacir"},"url":"https:\/\/franciscanos.org.br\/noticias\/author\/moacir"}]}},"_links":{"self":[{"href":"https:\/\/franciscanos.org.br\/noticias\/wp-json\/wp\/v2\/posts\/233477"}],"collection":[{"href":"https:\/\/franciscanos.org.br\/noticias\/wp-json\/wp\/v2\/posts"}],"about":[{"href":"https:\/\/franciscanos.org.br\/noticias\/wp-json\/wp\/v2\/types\/post"}],"author":[{"embeddable":true,"href":"https:\/\/franciscanos.org.br\/noticias\/wp-json\/wp\/v2\/users\/3"}],"replies":[{"embeddable":true,"href":"https:\/\/franciscanos.org.br\/noticias\/wp-json\/wp\/v2\/comments?post=233477"}],"version-history":[{"count":1,"href":"https:\/\/franciscanos.org.br\/noticias\/wp-json\/wp\/v2\/posts\/233477\/revisions"}],"predecessor-version":[{"id":233480,"href":"https:\/\/franciscanos.org.br\/noticias\/wp-json\/wp\/v2\/posts\/233477\/revisions\/233480"}],"wp:featuredmedia":[{"embeddable":true,"href":"https:\/\/franciscanos.org.br\/noticias\/wp-json\/wp\/v2\/media\/233479"}],"wp:attachment":[{"href":"https:\/\/franciscanos.org.br\/noticias\/wp-json\/wp\/v2\/media?parent=233477"}],"wp:term":[{"taxonomy":"category","embeddable":true,"href":"https:\/\/franciscanos.org.br\/noticias\/wp-json\/wp\/v2\/categories?post=233477"},{"taxonomy":"post_tag","embeddable":true,"href":"https:\/\/franciscanos.org.br\/noticias\/wp-json\/wp\/v2\/tags?post=233477"}],"curies":[{"name":"wp","href":"https:\/\/api.w.org\/{rel}","templated":true}]}}