{"id":233468,"date":"2021-07-29T17:56:12","date_gmt":"2021-07-29T20:56:12","guid":{"rendered":"https:\/\/franciscanos.org.br\/noticias\/?p=233468"},"modified":"2021-08-21T13:49:08","modified_gmt":"2021-08-21T16:49:08","slug":"frei-cesar-anima-os-frades-estudantes-nosso-carisma-continua-atual-ee-pode-dar-respostas-muito-mais-vigorosas-ao-mundo-de-hoje","status":"publish","type":"post","link":"https:\/\/franciscanos.org.br\/noticias\/frei-cesar-anima-os-frades-estudantes-nosso-carisma-continua-atual-ee-pode-dar-respostas-muito-mais-vigorosas-ao-mundo-de-hoje.html","title":{"rendered":"Frei C\u00e9sar anima os frades estudantes: \u201cNosso carisma continua atual e pode dar respostas muito vigorosas ao mundo de hoje\u201d"},"content":{"rendered":"<p><img loading=\"lazy\" class=\"alignnone wp-image-233469 size-full\" src=\"https:\/\/franciscanos.org.br\/noticias\/wp-content\/uploads\/2021\/07\/frades_29.jpg\" alt=\"\" width=\"1280\" height=\"720\" srcset=\"https:\/\/franciscanos.org.br\/noticias\/wp-content\/uploads\/2021\/07\/frades_29.jpg 1280w, https:\/\/franciscanos.org.br\/noticias\/wp-content\/uploads\/2021\/07\/frades_29-450x253.jpg 450w, https:\/\/franciscanos.org.br\/noticias\/wp-content\/uploads\/2021\/07\/frades_29-1024x576.jpg 1024w, https:\/\/franciscanos.org.br\/noticias\/wp-content\/uploads\/2021\/07\/frades_29-768x432.jpg 768w, https:\/\/franciscanos.org.br\/noticias\/wp-content\/uploads\/2021\/07\/frades_29-150x84.jpg 150w\" sizes=\"(max-width: 1280px) 100vw, 1280px\" \/><\/p>\n<p><strong>Petr\u00f3polis (RJ) \u2013<\/strong> Nesta quinta-feira (29\/07), os frades do Tempo da Filosofia, Ano Mission\u00e1rio e da Teologia da Prov\u00edncia da Imaculada Concei\u00e7\u00e3o do Brasil reuniram-se novamente de maneira virtual no Encontro dos Frades Estudantes que come\u00e7ou ontem (28\/07). Neste segundo dia, que teve in\u00edcio com a ora\u00e7\u00e3o da manh\u00e3, \u00a0conduzida pelos frades da Teologia, as reflex\u00f5es ficaram sob a responsabilidade do Visitador e Definidor Geral, Frei C\u00e9sar K\u00fclkamp, do Guardi\u00e3o da Fraternidade S\u00e3o Boaventura, Frei J\u00eaa Paulo Andrade e do Coordenador da Frente das Par\u00f3quias, Santu\u00e1rios e Centros de Acolhimento, Frei Ant\u00f4nio Michels.<\/p>\n<p>Frei C\u00e9sar, rec\u00e9m-chegado do Cap\u00edtulo Geral que aconteceu h\u00e1 alguns dias em Roma, come\u00e7ou explicando o que \u00e9 um Cap\u00edtulo e fez um resgate hist\u00f3rico desde os tempos de S\u00e3o Francisco. Para Frei C\u00e9sar, Cap\u00edtulo \u00e9 um encontro sempre em busca de mais fidelidade \u00e0 pr\u00f3pria forma de vida e \u00e0 pr\u00f3pria a regra. &#8220;N\u00f3s conhecemos aquele famoso Cap\u00edtulo das Esteiras em Assis, onde participaram mais de cinco mil frades, que n\u00e3o tinham lugar e por isso estenderam &#8216;esteiras&#8217; no ch\u00e3o pra que eles se acomodassem&#8221;, lembrou. Explicitou que desde o in\u00edcio a Ordem chamava essas reuni\u00f5es de Cap\u00edtulo de Pentecostes, tendo em vista que \u00e9 o pr\u00f3prio Esp\u00edrito Santo o Ministro Geral da Ordem. &#8220;\u00c9 no encontro que o Esp\u00edrito se manifesta&#8221;, frisou, lembrando que o pr\u00f3prio Cristo pede isso no Evangelho e que depois se torna uma caracter\u00edstica da comunidade crist\u00e3. &#8220;Sempre que a Igreja precisa tomar uma decis\u00e3o convoca um S\u00ednodo onde quem fala \u00e9 o pr\u00f3prio Esp\u00edrito Santo&#8221;, mencionou, acrescentando que essa \u00e9 a motiva\u00e7\u00e3o tamb\u00e9m para os cap\u00edtulos gerais, provinciais e locais.<\/p>\n<p>Sobre o Cap\u00edtulo Geral, Frei C\u00e9sar lembrou que teve como tema: &#8220;Renovemos nossa vis\u00e3o. Abracemos nosso futuro&#8221; e lema: \u201cDesperta\u2026 e Cristo te iluminar\u00e1\u201d (Ef 5,14), e destacou que foi um evento muito importante. Disse que neste tempo de pandemia, a Ordem dos Frades Menores foi a primeira a conseguir fazer uma reuni\u00e3o desse porte e que os pr\u00f3prios capitulares atribuem isso como um sinal do pr\u00f3prio Esp\u00edrito.<\/p>\n<p>&#8220;Procuramos olhar a partir da tem\u00e1tica que foi escolhida para o futuro de nossa vida, como Ordem dos Frades Menores. Nosso carisma continua atual, ele pode dar respostas muito mais vigorosas ao mundo de hoje apesar dos desafios que cada institui\u00e7\u00e3o tem&#8221;, disse, observando que o discipulado do Papa Francisco colocou em evid\u00eancia, nos \u00faltimos tempos, nosso carisma franciscano atrav\u00e9s de Documentos e Enc\u00edclicas.<\/p>\n<p><img loading=\"lazy\" class=\"alignnone wp-image-233470 size-full\" src=\"https:\/\/franciscanos.org.br\/noticias\/wp-content\/uploads\/2021\/07\/frades_29_3.png\" alt=\"\" width=\"1280\" height=\"648\" srcset=\"https:\/\/franciscanos.org.br\/noticias\/wp-content\/uploads\/2021\/07\/frades_29_3.png 1280w, https:\/\/franciscanos.org.br\/noticias\/wp-content\/uploads\/2021\/07\/frades_29_3-450x228.png 450w, https:\/\/franciscanos.org.br\/noticias\/wp-content\/uploads\/2021\/07\/frades_29_3-1024x518.png 1024w, https:\/\/franciscanos.org.br\/noticias\/wp-content\/uploads\/2021\/07\/frades_29_3-768x389.png 768w, https:\/\/franciscanos.org.br\/noticias\/wp-content\/uploads\/2021\/07\/frades_29_3-150x76.png 150w\" sizes=\"(max-width: 1280px) 100vw, 1280px\" \/><\/p>\n<p><strong>A FOR\u00c7A DA IDENTIDADE FRANCISCANA<\/strong><\/p>\n<p>Segundo Frei C\u00e9sar, dois grandes elementos foram trabalhados no Cap\u00edtulo Geral: &#8220;A for\u00e7a da identidade franciscana e a necessidade de resgatar essa identidade para o nosso tempo, bem como a dimens\u00e3o da fraternidade a luz da pr\u00f3pria <em>Fratelli Tutti<\/em>&#8220;. O Definidor Geral lembrou que na abertura do Cap\u00edtulo, o ex-Ministro Geral, Frei Michael Perry, pediu para que os frades se reconhecessem como irm\u00e3os da \u00fanica fraternidade universal da Ordem. \u201cEssa necessidade apareceu em v\u00e1rios relat\u00f3rios da Ordem. E este \u00e9 um convite para irmos al\u00e9m e fazermos a experi\u00eancia com o outro que \u00e9 nosso irm\u00e3o&#8221;, ressaltou. \u201cA partir disso nasceu a express\u00e3o: &#8220;Ecologia Fraterna e Integral&#8221;, partilhou Frei C\u00e9sar, afirmando que o pr\u00f3prio Papa Francisco j\u00e1 fala de uma ecologia integral em seus documentos, onde tudo est\u00e1 interligado.<\/p>\n<p>Frei C\u00e9sar destacou ainda que o novo Ministro Geral, Frei Massimo Fusarelli, insistiu na necessidade de se pensar sempre em n\u00edvel de Ordem. &#8220;N\u00f3s dependemos uns dos outros\u201d, citou, lembrando da dimens\u00e3o da interdepend\u00eancia como irm\u00e3os e tamb\u00e9m com a cria\u00e7\u00e3o.<\/p>\n<p>O Visitador Geral abordou alguns desafios como a tend\u00eancia ao individualismo, personalismos, clericalismo, o uso de fun\u00e7\u00f5es de forma autorit\u00e1ria, a perda da identidade e da for\u00e7a do carisma franciscano, o fechamento \u00e0s realidades locais e o peso das estruturas. \u201cA Ordem pede de n\u00f3s coragem\u201d, destacou.<\/p>\n<p>\u201cO grande convite do Cap\u00edtulo \u00e9 este: abra\u00e7ar o futuro da Ordem, com coragem, abertura e com a identidade forte de nosso carisma\u201d, revelou, lembrando que a Ordem passa por um realidade mundial de diminui\u00e7\u00e3o de frades. \u201cHoje, somos 12500 frades e se faz necess\u00e1rio renovar o pr\u00f3prio entusiasmo, a nossa vis\u00e3o e disposi\u00e7\u00e3o, para que assim possamos responder a este futuro com novas voca\u00e7\u00f5es. Esse \u00e9 um grande apelo e empenho que dever\u00e1 ser feito por todos os frades, principalmente por voc\u00eas jovens\u201d, indicou.<\/p>\n<p>Dentro das propostas que apareceram, Frei C\u00e9sar mencionou que somos uma fraternidade a servi\u00e7o da Igreja. Com rela\u00e7\u00e3o \u00e0 forma\u00e7\u00e3o e estudos, as indica\u00e7\u00f5es que o cap\u00edtulo fez s\u00e3o diversas, informou Frei C\u00e9sar, como por exemplo a reformula\u00e7\u00e3o e revis\u00e3o da <em>Ratio Formationis.<\/em><\/p>\n<p>Por fim, os frades estudantes puderam fazer perguntas para Frei C\u00e9sar que, no final, agradeceu a todos pela oportunidade. \u201cQue voc\u00eas continuem com um encontro muito prof\u00edcuo para refletirem sobre a nossa realidade\u201d, desejou.<\/p>\n<p><strong>\u201cENTRE FIDELIDADES E ABANDONOS\u201d<\/strong><\/p>\n<p><img loading=\"lazy\" class=\"alignright size-full wp-image-233471\" src=\"https:\/\/franciscanos.org.br\/noticias\/wp-content\/uploads\/2021\/07\/frades_29_4.png\" alt=\"\" width=\"500\" height=\"288\" srcset=\"https:\/\/franciscanos.org.br\/noticias\/wp-content\/uploads\/2021\/07\/frades_29_4.png 500w, https:\/\/franciscanos.org.br\/noticias\/wp-content\/uploads\/2021\/07\/frades_29_4-450x259.png 450w, https:\/\/franciscanos.org.br\/noticias\/wp-content\/uploads\/2021\/07\/frades_29_4-150x86.png 150w\" sizes=\"(max-width: 500px) 100vw, 500px\" \/>Frei Je\u00e2 Paulo Andrade abriu o segundo momento da manh\u00e3 com reflex\u00f5es sobre o Documento \u201cEntre fidelidades e abandonos\u201d, bem como sobre as perspectivas a partir desse documento. Segundo o frade, este tema j\u00e1 vem sendo estudado por toda a Ordem. Neste sentido, informou que existem dois documentos com essa tem\u00e1tica, o da Ordem, lan\u00e7ado em 2015, e o da Prov\u00edncia em 2019.<\/p>\n<p>Fazendo um resgate dessa reflex\u00e3o na Ordem, Frei Je\u00e2 informou que para a reda\u00e7\u00e3o do subs\u00eddio, teve-se presente o caminho que foi desenvolvido no sex\u00eanio de 2009-2015, sendo apresentado no Relat\u00f3rio do Cap\u00edtulo Geral de 2015, onde se mostrou algumas hip\u00f3teses de interpreta\u00e7\u00f5es destes fen\u00f4menos dos abandonos e algumas sugest\u00f5es para reagir de modo construtivo. \u201cEsse subs\u00eddio tem o objetivo de refletir sobre o fen\u00f4meno dos frades que decidem abandonar a Ordem e sobretudo as motiva\u00e7\u00f5es dessa decis\u00e3o\u201d, salientou.<\/p>\n<p>Sobre o Documento da Prov\u00edncia, Frei Je\u00e2, que escreveu enquanto exerceu o servi\u00e7o de Secret\u00e1rio Provincial em 2019, destacou que o mesmo foi pensado a partir da carta p\u00f3s-conciliar, de Frei Michel Perry, escrita em maio de 2019, sobre o movimento consider\u00e1vel de diminui\u00e7\u00e3o de frades.<\/p>\n<p>Assim sendo, segundo Frei Je\u00e2, em uma das reuni\u00f5es do Conselho de Forma\u00e7\u00e3o e Estudos, o ent\u00e3o Ministro Provincial, Frei C\u00e9sar K\u00fclkamp, pediu que a Prov\u00edncia fizesse um estudo e reflex\u00e3o para identificar fatores que contribuem para a perda da voca\u00e7\u00e3o franciscana, tanto na forma\u00e7\u00e3o inicial como permanente.<\/p>\n<p>Frei Je\u00e2 frisou que esta \u00e9 tamb\u00e9m uma realidade na Igreja, apresentando o documento &#8220;O dom da fidelidade, a alegria da perseveran\u00e7a&#8221;, da Congrega\u00e7\u00e3o para os Institutos de Vida Consagrada e as Sociedades de Vida Apost\u00f3lica\u201d. Citando a introdu\u00e7\u00e3o, disse que \u00e9 decisivo p\u00f4r-se em atitude de escuta e de discernimento, implorando, com confian\u00e7a, \u00e0 luz do Esp\u00edrito Santo, para que nos ajude a ler a realidade com seriedade e serenidade.<\/p>\n<p><strong>\u00a0<\/strong><strong>PARTILHA E REFLEX\u00d5ES SOBRE O CAP\u00cdTULO PROVINCIAL<\/strong><\/p>\n<p><img loading=\"lazy\" class=\"alignleft wp-image-233472\" src=\"https:\/\/franciscanos.org.br\/noticias\/wp-content\/uploads\/2021\/07\/frades_29_5.png\" alt=\"\" width=\"432\" height=\"384\" srcset=\"https:\/\/franciscanos.org.br\/noticias\/wp-content\/uploads\/2021\/07\/frades_29_5.png 498w, https:\/\/franciscanos.org.br\/noticias\/wp-content\/uploads\/2021\/07\/frades_29_5-450x400.png 450w, https:\/\/franciscanos.org.br\/noticias\/wp-content\/uploads\/2021\/07\/frades_29_5-150x133.png 150w\" sizes=\"(max-width: 432px) 100vw, 432px\" \/>No per\u00edodo da tarde, os frades se reuniram novamente com a presen\u00e7a de Frei Ant\u00f4nio Michels, presidente da Comiss\u00e3o Preparat\u00f3ria Capitular e coordenador da Frente de Evangeliza\u00e7\u00e3o das Par\u00f3quias e Santu\u00e1rios, para um momento de partilha e reflex\u00f5es sobre o Cap\u00edtulo Provincial \u2013 que ser\u00e1 realizado em novembro deste ano. Frei Toni, como \u00e9 conhecido, compartilhou as an\u00e1lises e os processos de matura\u00e7\u00e3o de pensamentos, propostas e execu\u00e7\u00f5es que a organiza\u00e7\u00e3o para o Cap\u00edtulo est\u00e1 fazendo, como o levantamento de algumas situa\u00e7\u00f5es, percep\u00e7\u00f5es e questionamento que surgiram da consulta individual dos frades da Prov\u00edncia.<\/p>\n<p>Em clima interativo, os frades partilharam suas ideias e impress\u00f5es entre si, bem como suas d\u00favidas. Aproveitando a presen\u00e7a de Frei Toni, os frades sanaram algumas quest\u00f5es a respeito da reelabora\u00e7\u00e3o do Plano de Evangeliza\u00e7\u00e3o, o espa\u00e7o que a Forma\u00e7\u00e3o \u2013 tanto inicial quanto permanente dos frades \u2013 e a Funda\u00e7\u00e3o Imaculada M\u00e3e de Deus de Angola t\u00eam no Cap\u00edtulo.<\/p>\n<p>Tanto no per\u00edodo da manh\u00e3 como \u00e0 tarde, os frades foram divididos em grupos para partilhas, reflex\u00f5es e indica\u00e7\u00f5es. O 3\u00ba dia do Encontro dos Frades Estudantes, nesta sexta-feira (30\/07), ser\u00e1 de partilha das fraternidades e do ano mission\u00e1rio, com sugest\u00f5es e aprecia\u00e7\u00f5es a serem enviadas ao Governo Provincial sobre cada realidade. Al\u00e9m disso, prev\u00ea-se momentos de lazer e descontra\u00e7\u00e3o.<\/p>\n<hr \/>\n<p><em>Frei Augusto Luiz Gabriel e Frei Bruno de Deus<\/em><\/p>\n","protected":false},"excerpt":{"rendered":"<p>Forma\u00e7\u00e3o e Estudos<\/p>\n","protected":false},"author":3,"featured_media":233473,"comment_status":"open","ping_status":"open","sticky":false,"template":"","format":"standard","meta":[],"categories":[1],"tags":[1878],"acf":[],"yoast_head":"<!-- This site is optimized with the Yoast SEO plugin v19.2 - https:\/\/yoast.com\/wordpress\/plugins\/seo\/ -->\n<title>Frei C\u00e9sar anima os frades estudantes: \u201cNosso carisma continua atual e pode dar respostas muito vigorosas ao mundo de hoje\u201d - Not\u00edcias - Franciscanos<\/title>\n<meta name=\"robots\" content=\"index, follow, max-snippet:-1, max-image-preview:large, max-video-preview:-1\" \/>\n<link rel=\"canonical\" href=\"https:\/\/franciscanos.org.br\/noticias\/frei-cesar-anima-os-frades-estudantes-nosso-carisma-continua-atual-ee-pode-dar-respostas-muito-mais-vigorosas-ao-mundo-de-hoje.html\" \/>\n<meta property=\"og:locale\" content=\"pt_BR\" \/>\n<meta property=\"og:type\" content=\"article\" \/>\n<meta property=\"og:title\" content=\"Frei C\u00e9sar anima os frades estudantes: \u201cNosso carisma continua atual e pode dar respostas muito vigorosas ao mundo de hoje\u201d - Not\u00edcias - Franciscanos\" \/>\n<meta property=\"og:description\" content=\"Forma\u00e7\u00e3o e Estudos\" \/>\n<meta property=\"og:url\" content=\"https:\/\/franciscanos.org.br\/noticias\/frei-cesar-anima-os-frades-estudantes-nosso-carisma-continua-atual-ee-pode-dar-respostas-muito-mais-vigorosas-ao-mundo-de-hoje.html\" \/>\n<meta property=\"og:site_name\" content=\"Not\u00edcias - Franciscanos\" \/>\n<meta property=\"article:published_time\" content=\"2021-07-29T20:56:12+00:00\" \/>\n<meta property=\"article:modified_time\" content=\"2021-08-21T16:49:08+00:00\" \/>\n<meta property=\"og:image\" content=\"https:\/\/franciscanos.org.br\/noticias\/wp-content\/uploads\/2021\/07\/frades_29d.jpg\" \/>\n\t<meta property=\"og:image:width\" content=\"800\" \/>\n\t<meta property=\"og:image:height\" content=\"550\" \/>\n\t<meta property=\"og:image:type\" content=\"image\/jpeg\" \/>\n<meta name=\"author\" content=\"moacir\" \/>\n<meta name=\"twitter:card\" content=\"summary_large_image\" \/>\n<meta name=\"twitter:label1\" content=\"Escrito por\" \/>\n\t<meta name=\"twitter:data1\" content=\"moacir\" \/>\n\t<meta name=\"twitter:label2\" content=\"Est. tempo de leitura\" \/>\n\t<meta name=\"twitter:data2\" content=\"7 minutos\" \/>\n<script type=\"application\/ld+json\" class=\"yoast-schema-graph\">{\"@context\":\"https:\/\/schema.org\",\"@graph\":[{\"@type\":\"WebSite\",\"@id\":\"https:\/\/franciscanos.org.br\/noticias\/#website\",\"url\":\"https:\/\/franciscanos.org.br\/noticias\/\",\"name\":\"Not\u00edcias - Franciscanos\",\"description\":\"Prov\u00edncia Franciscana da Imaculada Concei\u00e7\u00e3o do Brasil - Ordem dos Frades Menores - OFM\",\"potentialAction\":[{\"@type\":\"SearchAction\",\"target\":{\"@type\":\"EntryPoint\",\"urlTemplate\":\"https:\/\/franciscanos.org.br\/noticias\/?s={search_term_string}\"},\"query-input\":\"required name=search_term_string\"}],\"inLanguage\":\"pt-BR\"},{\"@type\":\"ImageObject\",\"inLanguage\":\"pt-BR\",\"@id\":\"https:\/\/franciscanos.org.br\/noticias\/frei-cesar-anima-os-frades-estudantes-nosso-carisma-continua-atual-ee-pode-dar-respostas-muito-mais-vigorosas-ao-mundo-de-hoje.html#primaryimage\",\"url\":\"https:\/\/franciscanos.org.br\/noticias\/wp-content\/uploads\/2021\/07\/frades_29d.jpg\",\"contentUrl\":\"https:\/\/franciscanos.org.br\/noticias\/wp-content\/uploads\/2021\/07\/frades_29d.jpg\",\"width\":800,\"height\":550},{\"@type\":\"WebPage\",\"@id\":\"https:\/\/franciscanos.org.br\/noticias\/frei-cesar-anima-os-frades-estudantes-nosso-carisma-continua-atual-ee-pode-dar-respostas-muito-mais-vigorosas-ao-mundo-de-hoje.html#webpage\",\"url\":\"https:\/\/franciscanos.org.br\/noticias\/frei-cesar-anima-os-frades-estudantes-nosso-carisma-continua-atual-ee-pode-dar-respostas-muito-mais-vigorosas-ao-mundo-de-hoje.html\",\"name\":\"Frei C\u00e9sar anima os frades estudantes: \u201cNosso carisma continua atual e pode dar respostas muito vigorosas ao mundo de hoje\u201d - Not\u00edcias - Franciscanos\",\"isPartOf\":{\"@id\":\"https:\/\/franciscanos.org.br\/noticias\/#website\"},\"primaryImageOfPage\":{\"@id\":\"https:\/\/franciscanos.org.br\/noticias\/frei-cesar-anima-os-frades-estudantes-nosso-carisma-continua-atual-ee-pode-dar-respostas-muito-mais-vigorosas-ao-mundo-de-hoje.html#primaryimage\"},\"datePublished\":\"2021-07-29T20:56:12+00:00\",\"dateModified\":\"2021-08-21T16:49:08+00:00\",\"author\":{\"@id\":\"https:\/\/franciscanos.org.br\/noticias\/#\/schema\/person\/b5c8cba458c330ccff548b056e95a5d4\"},\"breadcrumb\":{\"@id\":\"https:\/\/franciscanos.org.br\/noticias\/frei-cesar-anima-os-frades-estudantes-nosso-carisma-continua-atual-ee-pode-dar-respostas-muito-mais-vigorosas-ao-mundo-de-hoje.html#breadcrumb\"},\"inLanguage\":\"pt-BR\",\"potentialAction\":[{\"@type\":\"ReadAction\",\"target\":[\"https:\/\/franciscanos.org.br\/noticias\/frei-cesar-anima-os-frades-estudantes-nosso-carisma-continua-atual-ee-pode-dar-respostas-muito-mais-vigorosas-ao-mundo-de-hoje.html\"]}]},{\"@type\":\"BreadcrumbList\",\"@id\":\"https:\/\/franciscanos.org.br\/noticias\/frei-cesar-anima-os-frades-estudantes-nosso-carisma-continua-atual-ee-pode-dar-respostas-muito-mais-vigorosas-ao-mundo-de-hoje.html#breadcrumb\",\"itemListElement\":[{\"@type\":\"ListItem\",\"position\":1,\"name\":\"Home\",\"item\":\"https:\/\/franciscanos.org.br\/noticias\"},{\"@type\":\"ListItem\",\"position\":2,\"name\":\"Frei C\u00e9sar anima os frades estudantes: \u201cNosso carisma continua atual e pode dar respostas muito vigorosas ao mundo de hoje\u201d\"}]},{\"@type\":\"Person\",\"@id\":\"https:\/\/franciscanos.org.br\/noticias\/#\/schema\/person\/b5c8cba458c330ccff548b056e95a5d4\",\"name\":\"moacir\",\"image\":{\"@type\":\"ImageObject\",\"inLanguage\":\"pt-BR\",\"@id\":\"https:\/\/franciscanos.org.br\/noticias\/#\/schema\/person\/image\/\",\"url\":\"https:\/\/secure.gravatar.com\/avatar\/d08aa2ce4c8dd416d4479aa8536fcf64?s=96&d=mm&r=g\",\"contentUrl\":\"https:\/\/secure.gravatar.com\/avatar\/d08aa2ce4c8dd416d4479aa8536fcf64?s=96&d=mm&r=g\",\"caption\":\"moacir\"},\"url\":\"https:\/\/franciscanos.org.br\/noticias\/author\/moacir\"}]}<\/script>\n<!-- \/ Yoast SEO plugin. -->","yoast_head_json":{"title":"Frei C\u00e9sar anima os frades estudantes: \u201cNosso carisma continua atual e pode dar respostas muito vigorosas ao mundo de hoje\u201d - Not\u00edcias - Franciscanos","robots":{"index":"index","follow":"follow","max-snippet":"max-snippet:-1","max-image-preview":"max-image-preview:large","max-video-preview":"max-video-preview:-1"},"canonical":"https:\/\/franciscanos.org.br\/noticias\/frei-cesar-anima-os-frades-estudantes-nosso-carisma-continua-atual-ee-pode-dar-respostas-muito-mais-vigorosas-ao-mundo-de-hoje.html","og_locale":"pt_BR","og_type":"article","og_title":"Frei C\u00e9sar anima os frades estudantes: \u201cNosso carisma continua atual e pode dar respostas muito vigorosas ao mundo de hoje\u201d - Not\u00edcias - Franciscanos","og_description":"Forma\u00e7\u00e3o e Estudos","og_url":"https:\/\/franciscanos.org.br\/noticias\/frei-cesar-anima-os-frades-estudantes-nosso-carisma-continua-atual-ee-pode-dar-respostas-muito-mais-vigorosas-ao-mundo-de-hoje.html","og_site_name":"Not\u00edcias - Franciscanos","article_published_time":"2021-07-29T20:56:12+00:00","article_modified_time":"2021-08-21T16:49:08+00:00","og_image":[{"width":800,"height":550,"url":"https:\/\/franciscanos.org.br\/noticias\/wp-content\/uploads\/2021\/07\/frades_29d.jpg","type":"image\/jpeg"}],"author":"moacir","twitter_card":"summary_large_image","twitter_misc":{"Escrito por":"moacir","Est. tempo de leitura":"7 minutos"},"schema":{"@context":"https:\/\/schema.org","@graph":[{"@type":"WebSite","@id":"https:\/\/franciscanos.org.br\/noticias\/#website","url":"https:\/\/franciscanos.org.br\/noticias\/","name":"Not\u00edcias - Franciscanos","description":"Prov\u00edncia Franciscana da Imaculada Concei\u00e7\u00e3o do Brasil - Ordem dos Frades Menores - OFM","potentialAction":[{"@type":"SearchAction","target":{"@type":"EntryPoint","urlTemplate":"https:\/\/franciscanos.org.br\/noticias\/?s={search_term_string}"},"query-input":"required name=search_term_string"}],"inLanguage":"pt-BR"},{"@type":"ImageObject","inLanguage":"pt-BR","@id":"https:\/\/franciscanos.org.br\/noticias\/frei-cesar-anima-os-frades-estudantes-nosso-carisma-continua-atual-ee-pode-dar-respostas-muito-mais-vigorosas-ao-mundo-de-hoje.html#primaryimage","url":"https:\/\/franciscanos.org.br\/noticias\/wp-content\/uploads\/2021\/07\/frades_29d.jpg","contentUrl":"https:\/\/franciscanos.org.br\/noticias\/wp-content\/uploads\/2021\/07\/frades_29d.jpg","width":800,"height":550},{"@type":"WebPage","@id":"https:\/\/franciscanos.org.br\/noticias\/frei-cesar-anima-os-frades-estudantes-nosso-carisma-continua-atual-ee-pode-dar-respostas-muito-mais-vigorosas-ao-mundo-de-hoje.html#webpage","url":"https:\/\/franciscanos.org.br\/noticias\/frei-cesar-anima-os-frades-estudantes-nosso-carisma-continua-atual-ee-pode-dar-respostas-muito-mais-vigorosas-ao-mundo-de-hoje.html","name":"Frei C\u00e9sar anima os frades estudantes: \u201cNosso carisma continua atual e pode dar respostas muito vigorosas ao mundo de hoje\u201d - Not\u00edcias - Franciscanos","isPartOf":{"@id":"https:\/\/franciscanos.org.br\/noticias\/#website"},"primaryImageOfPage":{"@id":"https:\/\/franciscanos.org.br\/noticias\/frei-cesar-anima-os-frades-estudantes-nosso-carisma-continua-atual-ee-pode-dar-respostas-muito-mais-vigorosas-ao-mundo-de-hoje.html#primaryimage"},"datePublished":"2021-07-29T20:56:12+00:00","dateModified":"2021-08-21T16:49:08+00:00","author":{"@id":"https:\/\/franciscanos.org.br\/noticias\/#\/schema\/person\/b5c8cba458c330ccff548b056e95a5d4"},"breadcrumb":{"@id":"https:\/\/franciscanos.org.br\/noticias\/frei-cesar-anima-os-frades-estudantes-nosso-carisma-continua-atual-ee-pode-dar-respostas-muito-mais-vigorosas-ao-mundo-de-hoje.html#breadcrumb"},"inLanguage":"pt-BR","potentialAction":[{"@type":"ReadAction","target":["https:\/\/franciscanos.org.br\/noticias\/frei-cesar-anima-os-frades-estudantes-nosso-carisma-continua-atual-ee-pode-dar-respostas-muito-mais-vigorosas-ao-mundo-de-hoje.html"]}]},{"@type":"BreadcrumbList","@id":"https:\/\/franciscanos.org.br\/noticias\/frei-cesar-anima-os-frades-estudantes-nosso-carisma-continua-atual-ee-pode-dar-respostas-muito-mais-vigorosas-ao-mundo-de-hoje.html#breadcrumb","itemListElement":[{"@type":"ListItem","position":1,"name":"Home","item":"https:\/\/franciscanos.org.br\/noticias"},{"@type":"ListItem","position":2,"name":"Frei C\u00e9sar anima os frades estudantes: \u201cNosso carisma continua atual e pode dar respostas muito vigorosas ao mundo de hoje\u201d"}]},{"@type":"Person","@id":"https:\/\/franciscanos.org.br\/noticias\/#\/schema\/person\/b5c8cba458c330ccff548b056e95a5d4","name":"moacir","image":{"@type":"ImageObject","inLanguage":"pt-BR","@id":"https:\/\/franciscanos.org.br\/noticias\/#\/schema\/person\/image\/","url":"https:\/\/secure.gravatar.com\/avatar\/d08aa2ce4c8dd416d4479aa8536fcf64?s=96&d=mm&r=g","contentUrl":"https:\/\/secure.gravatar.com\/avatar\/d08aa2ce4c8dd416d4479aa8536fcf64?s=96&d=mm&r=g","caption":"moacir"},"url":"https:\/\/franciscanos.org.br\/noticias\/author\/moacir"}]}},"_links":{"self":[{"href":"https:\/\/franciscanos.org.br\/noticias\/wp-json\/wp\/v2\/posts\/233468"}],"collection":[{"href":"https:\/\/franciscanos.org.br\/noticias\/wp-json\/wp\/v2\/posts"}],"about":[{"href":"https:\/\/franciscanos.org.br\/noticias\/wp-json\/wp\/v2\/types\/post"}],"author":[{"embeddable":true,"href":"https:\/\/franciscanos.org.br\/noticias\/wp-json\/wp\/v2\/users\/3"}],"replies":[{"embeddable":true,"href":"https:\/\/franciscanos.org.br\/noticias\/wp-json\/wp\/v2\/comments?post=233468"}],"version-history":[{"count":3,"href":"https:\/\/franciscanos.org.br\/noticias\/wp-json\/wp\/v2\/posts\/233468\/revisions"}],"predecessor-version":[{"id":233772,"href":"https:\/\/franciscanos.org.br\/noticias\/wp-json\/wp\/v2\/posts\/233468\/revisions\/233772"}],"wp:featuredmedia":[{"embeddable":true,"href":"https:\/\/franciscanos.org.br\/noticias\/wp-json\/wp\/v2\/media\/233473"}],"wp:attachment":[{"href":"https:\/\/franciscanos.org.br\/noticias\/wp-json\/wp\/v2\/media?parent=233468"}],"wp:term":[{"taxonomy":"category","embeddable":true,"href":"https:\/\/franciscanos.org.br\/noticias\/wp-json\/wp\/v2\/categories?post=233468"},{"taxonomy":"post_tag","embeddable":true,"href":"https:\/\/franciscanos.org.br\/noticias\/wp-json\/wp\/v2\/tags?post=233468"}],"curies":[{"name":"wp","href":"https:\/\/api.w.org\/{rel}","templated":true}]}}