{"id":233459,"date":"2021-07-28T18:08:39","date_gmt":"2021-07-28T21:08:39","guid":{"rendered":"https:\/\/franciscanos.org.br\/noticias\/?p=233459"},"modified":"2023-01-09T10:47:49","modified_gmt":"2023-01-09T13:47:49","slug":"retiro-e-partilhas-marcam-o-1o-dia-do-encontro-dos-frades-estudantes-da-provincia","status":"publish","type":"post","link":"https:\/\/franciscanos.org.br\/noticias\/retiro-e-partilhas-marcam-o-1o-dia-do-encontro-dos-frades-estudantes-da-provincia.html","title":{"rendered":"Retiro e partilhas marcam o 1\u00ba dia do Encontro dos Frades Estudantes da Prov\u00edncia"},"content":{"rendered":"<p><img loading=\"lazy\" class=\"alignnone wp-image-233460 size-full\" src=\"https:\/\/franciscanos.org.br\/noticias\/wp-content\/uploads\/2021\/07\/estudantes_28.png\" alt=\"\" width=\"1280\" height=\"518\" srcset=\"https:\/\/franciscanos.org.br\/noticias\/wp-content\/uploads\/2021\/07\/estudantes_28.png 1280w, https:\/\/franciscanos.org.br\/noticias\/wp-content\/uploads\/2021\/07\/estudantes_28-450x182.png 450w, https:\/\/franciscanos.org.br\/noticias\/wp-content\/uploads\/2021\/07\/estudantes_28-1024x414.png 1024w, https:\/\/franciscanos.org.br\/noticias\/wp-content\/uploads\/2021\/07\/estudantes_28-768x311.png 768w, https:\/\/franciscanos.org.br\/noticias\/wp-content\/uploads\/2021\/07\/estudantes_28-150x61.png 150w\" sizes=\"(max-width: 1280px) 100vw, 1280px\" \/><\/p>\n<p><strong>Campo Largo (PR) \u2013<\/strong> Nesta quarta-feira (28\/07) teve in\u00edcio o Encontro dos Frades Estudantes da Prov\u00edncia da Imaculada Concei\u00e7\u00e3o do Brasil. Os frades do Tempo da Filosofia, do Ano Mission\u00e1rio e da Teologia encontraram-se, de forma remota e virtual, para estreitarem os la\u00e7os fraternos e se aprofundarem na espiritualidade e miss\u00e3o franciscana.<\/p>\n<p>Logo no in\u00edcio da manh\u00e3, ap\u00f3s um momento de ora\u00e7\u00e3o, Frei C\u00e9sar K\u00fclkamp, Definidor e Visitador Geral, e Frei Gustavo Wayand Medella, Vig\u00e1rio Provincial, motivaram os confrades a usufru\u00edrem deste tempo de encontro para entenderem-se membros ativos da Fraternidade Provincial, a fortalecerem os la\u00e7os fraternos entre si, bem como para analisarem a profundidade da Regra franciscana na miss\u00e3o provincial.<\/p>\n<p>A partir do tema e lema do Cap\u00edtulo Provincial deste ano, a saber: \u201cFraternidade Contemplativa em Miss\u00e3o: nossa Regra \u00e9 o Evangelho, nosso claustro \u00e9 o mundo\u201d e \u201cJuntos se constroem os sonhos\u201d (<em>Fratelli Tutti<\/em> 8), os frades tiveram a oportunidade de abordar e aprofundar as dimens\u00f5es pr\u00f3prias da vida de um frade menor, com um dia inteiro de reflex\u00e3o, deserto e partilha.<\/p>\n<p><img loading=\"lazy\" class=\"alignnone wp-image-233461 size-full\" src=\"https:\/\/franciscanos.org.br\/noticias\/wp-content\/uploads\/2021\/07\/estudantes_28_2.png\" alt=\"\" width=\"1280\" height=\"609\" srcset=\"https:\/\/franciscanos.org.br\/noticias\/wp-content\/uploads\/2021\/07\/estudantes_28_2.png 1280w, https:\/\/franciscanos.org.br\/noticias\/wp-content\/uploads\/2021\/07\/estudantes_28_2-450x214.png 450w, https:\/\/franciscanos.org.br\/noticias\/wp-content\/uploads\/2021\/07\/estudantes_28_2-1024x487.png 1024w, https:\/\/franciscanos.org.br\/noticias\/wp-content\/uploads\/2021\/07\/estudantes_28_2-768x365.png 768w, https:\/\/franciscanos.org.br\/noticias\/wp-content\/uploads\/2021\/07\/estudantes_28_2-150x71.png 150w\" sizes=\"(max-width: 1280px) 100vw, 1280px\" \/><\/p>\n<p>Tendo como pregador o Definidor Provincial, Frei Daniel Dellandrea, e valendo-se do Evangelho segundo Marcos 6, 7-13, que narra o envio dos disc\u00edpulos dois a dois, de um trecho dos textos de S\u00e3o Boaventura e das Mensagens do Papa Francisco, em especial, a destinada aos frades do Cap\u00edtulo Geral \u2013 ocorrido de 3 a 18 deste m\u00eas no Col\u00e9gio Internacional S\u00e3o Louren\u00e7o de Brindisi, em Roma -, Frei Daniel destacou a import\u00e2ncia da dimens\u00e3o contemplativa e oracional na voca\u00e7\u00e3o de cada frade menor. O pregador tamb\u00e9m refletiu sobre o tema e o lema do Cap\u00edtulo Provincial.<\/p>\n<p>Segundo ele, o tempo em que vivemos nos chama a recuperar nossas for\u00e7as, o \u00e2nimo e a esperan\u00e7a. \u201cE \u00e9 neste sentido que devemos sonhar juntos. \u00c9 um sonho que dever\u00e1 novamente desafiar a nossa Prov\u00edncia a buscar esse encantamento pela contempla\u00e7\u00e3o mas tamb\u00e9m pela miss\u00e3o\u201d, ressaltou.<\/p>\n<p>\u201c\u00c9 preciso renovar nosso compromisso de irm\u00e3os em fraternidade. E isso acontece concretamente em nossos trabalhos evangelizadores, mas tamb\u00e9m em nossa vida contemplativa e mission\u00e1ria\u201d, destacou, acrescentando: \u201c\u00c9 preciso colocarmos nossa vida em miss\u00e3o\u201d.<\/p>\n<p>Para o Definidor Provincial, \u00e9 necess\u00e1rio zelar por um ambiente fraterno que propicie viver no \u201cesp\u00edrito da santa ora\u00e7\u00e3o e devo\u00e7\u00e3o\u201d. \u201cColocar a ora\u00e7\u00e3o no centro da vida da Fraternidade, sobretudo, atrav\u00e9s da Eucaristia e da Liturgia das Horas. Valorizar, preparar bem, celebrar bem\u201d, mencionou.<\/p>\n<p>Frei Vin\u00edcius de Oliveira Betim, frade do Tempo da Filosofia, afirmou que, mesmo de forma virtual, \u201creencontrarmo-nos \u00e9 sempre uma alegria e meditarmos sobre a nossa pr\u00f3pria vida \u00e9 sempre uma oportunidade de conviv\u00eancia franciscana que, tal como afirmou Frei Daniel, nos ajuda a acendermos nossa chama buscando no outro essa alegria e f\u00e9 que em alguns momentos nos falta\u201d.<\/p>\n<p><img loading=\"lazy\" class=\"alignnone wp-image-233462 size-full\" src=\"https:\/\/franciscanos.org.br\/noticias\/wp-content\/uploads\/2021\/07\/estudates_28_3.png\" alt=\"\" width=\"1280\" height=\"492\" srcset=\"https:\/\/franciscanos.org.br\/noticias\/wp-content\/uploads\/2021\/07\/estudates_28_3.png 1280w, https:\/\/franciscanos.org.br\/noticias\/wp-content\/uploads\/2021\/07\/estudates_28_3-450x173.png 450w, https:\/\/franciscanos.org.br\/noticias\/wp-content\/uploads\/2021\/07\/estudates_28_3-1024x394.png 1024w, https:\/\/franciscanos.org.br\/noticias\/wp-content\/uploads\/2021\/07\/estudates_28_3-768x295.png 768w, https:\/\/franciscanos.org.br\/noticias\/wp-content\/uploads\/2021\/07\/estudates_28_3-150x58.png 150w\" sizes=\"(max-width: 1280px) 100vw, 1280px\" \/><\/p>\n<p>Para Frei Josielio da Silva Oliveira, um dos frades organizadores do encontro, ao falar sobre o retiro afirma que: \u201cUm dos pontos principais \u00e9 pensarmos como Prov\u00edncia, como fraternidade em si, e n\u00e3o apenas como frades estudantes\u201d.<\/p>\n<p>\u201cQue a nossa vida possa ser uma resposta ao Evangelho do Senhor nos dias de hoje. Mas n\u00e3o sozinhos, e sim em fraternidade. Nos sintamos juntos e queiramos sempre buscar o sonho de Francisco, que tamb\u00e9m \u00e9 de cada um de n\u00f3s hoje\u201d, concluiu Frei Daniel.<\/p>\n<p>No per\u00edodo da tarde, ap\u00f3s um tempo de recolhimento e deserto, os frades se reuniram novamente, mas em pequenos grupos virtuais para partilharem suas experi\u00eancias, percep\u00e7\u00f5es e impress\u00f5es a respeito da vida de ora\u00e7\u00e3o pessoal e comunit\u00e1ria, bem como a partir das interpela\u00e7\u00f5es feitas pelo pregador. Al\u00e9m disso, apresentaram sugest\u00f5es concretas que visam uma melhor qualifica\u00e7\u00e3o da vida contemplativa e da miss\u00e3o em fraternidade.<\/p>\n<p>O dia encerrou-se com a ora\u00e7\u00e3o em fraternidade das V\u00e9speras e da Celebra\u00e7\u00e3o Eucar\u00edstica. Nesta quinta-feira (29\/07), segundo dia do Encontro, pela manh\u00e3, o guardi\u00e3o da Fraternidade S\u00e3o Boaventura, Frei Je\u00e2 Paulo Andrade, ministrar\u00e1 reflex\u00f5es sobre o Documento \u201cEntre fidelidades e abandonos\u201d, bem como sobre as perspectivas a partir desse documento. No per\u00edodo da tarde, Frei Ant\u00f4nio Michels, Coordenador da Frente das Par\u00f3quias, Santu\u00e1rios e Centros de Acolhimento, ser\u00e1 o assessor e far\u00e1 reflex\u00f5es e provoca\u00e7\u00f5es a partir do tema e lema do Cap\u00edtulo Provincial bem como seus desdobramentos.\u00a0O Encontro dos Frades Estudantes acontece at\u00e9 o dia 31 de julho.<\/p>\n<hr \/>\n<p><em>Frei Augusto Luiz Gabriel e Frei Bruno Dias de Deus<\/em><\/p>\n","protected":false},"excerpt":{"rendered":"<p>Primeiro dia do Encontro dos Frades Estudantes da Prov\u00edncia<\/p>\n","protected":false},"author":3,"featured_media":233463,"comment_status":"open","ping_status":"open","sticky":false,"template":"","format":"standard","meta":[],"categories":[1],"tags":[1878,589],"acf":[],"yoast_head":"<!-- This site is optimized with the Yoast SEO plugin v19.2 - https:\/\/yoast.com\/wordpress\/plugins\/seo\/ -->\n<title>Retiro e partilhas marcam o 1\u00ba dia do Encontro dos Frades Estudantes da Prov\u00edncia - Not\u00edcias - Franciscanos<\/title>\n<meta name=\"robots\" content=\"index, follow, max-snippet:-1, max-image-preview:large, max-video-preview:-1\" \/>\n<link rel=\"canonical\" href=\"https:\/\/franciscanos.org.br\/noticias\/retiro-e-partilhas-marcam-o-1o-dia-do-encontro-dos-frades-estudantes-da-provincia.html\" \/>\n<meta property=\"og:locale\" content=\"pt_BR\" \/>\n<meta property=\"og:type\" content=\"article\" \/>\n<meta property=\"og:title\" content=\"Retiro e partilhas marcam o 1\u00ba dia do Encontro dos Frades Estudantes da Prov\u00edncia - Not\u00edcias - Franciscanos\" \/>\n<meta property=\"og:description\" content=\"Primeiro dia do Encontro dos Frades Estudantes da Prov\u00edncia\" \/>\n<meta property=\"og:url\" content=\"https:\/\/franciscanos.org.br\/noticias\/retiro-e-partilhas-marcam-o-1o-dia-do-encontro-dos-frades-estudantes-da-provincia.html\" \/>\n<meta property=\"og:site_name\" content=\"Not\u00edcias - Franciscanos\" \/>\n<meta property=\"article:published_time\" content=\"2021-07-28T21:08:39+00:00\" \/>\n<meta property=\"article:modified_time\" content=\"2023-01-09T13:47:49+00:00\" \/>\n<meta property=\"og:image\" content=\"https:\/\/franciscanos.org.br\/noticias\/wp-content\/uploads\/2021\/07\/estudantes_28d.png\" \/>\n\t<meta property=\"og:image:width\" content=\"800\" \/>\n\t<meta property=\"og:image:height\" content=\"550\" \/>\n\t<meta property=\"og:image:type\" content=\"image\/png\" \/>\n<meta name=\"author\" content=\"moacir\" \/>\n<meta name=\"twitter:card\" content=\"summary_large_image\" \/>\n<meta name=\"twitter:label1\" content=\"Escrito por\" \/>\n\t<meta name=\"twitter:data1\" content=\"moacir\" \/>\n\t<meta name=\"twitter:label2\" content=\"Est. tempo de leitura\" \/>\n\t<meta name=\"twitter:data2\" content=\"4 minutos\" \/>\n<script type=\"application\/ld+json\" class=\"yoast-schema-graph\">{\"@context\":\"https:\/\/schema.org\",\"@graph\":[{\"@type\":\"WebSite\",\"@id\":\"https:\/\/franciscanos.org.br\/noticias\/#website\",\"url\":\"https:\/\/franciscanos.org.br\/noticias\/\",\"name\":\"Not\u00edcias - Franciscanos\",\"description\":\"Prov\u00edncia Franciscana da Imaculada Concei\u00e7\u00e3o do Brasil - Ordem dos Frades Menores - OFM\",\"potentialAction\":[{\"@type\":\"SearchAction\",\"target\":{\"@type\":\"EntryPoint\",\"urlTemplate\":\"https:\/\/franciscanos.org.br\/noticias\/?s={search_term_string}\"},\"query-input\":\"required name=search_term_string\"}],\"inLanguage\":\"pt-BR\"},{\"@type\":\"ImageObject\",\"inLanguage\":\"pt-BR\",\"@id\":\"https:\/\/franciscanos.org.br\/noticias\/retiro-e-partilhas-marcam-o-1o-dia-do-encontro-dos-frades-estudantes-da-provincia.html#primaryimage\",\"url\":\"https:\/\/franciscanos.org.br\/noticias\/wp-content\/uploads\/2021\/07\/estudantes_28d.png\",\"contentUrl\":\"https:\/\/franciscanos.org.br\/noticias\/wp-content\/uploads\/2021\/07\/estudantes_28d.png\",\"width\":800,\"height\":550},{\"@type\":\"WebPage\",\"@id\":\"https:\/\/franciscanos.org.br\/noticias\/retiro-e-partilhas-marcam-o-1o-dia-do-encontro-dos-frades-estudantes-da-provincia.html#webpage\",\"url\":\"https:\/\/franciscanos.org.br\/noticias\/retiro-e-partilhas-marcam-o-1o-dia-do-encontro-dos-frades-estudantes-da-provincia.html\",\"name\":\"Retiro e partilhas marcam o 1\u00ba dia do Encontro dos Frades Estudantes da Prov\u00edncia - Not\u00edcias - Franciscanos\",\"isPartOf\":{\"@id\":\"https:\/\/franciscanos.org.br\/noticias\/#website\"},\"primaryImageOfPage\":{\"@id\":\"https:\/\/franciscanos.org.br\/noticias\/retiro-e-partilhas-marcam-o-1o-dia-do-encontro-dos-frades-estudantes-da-provincia.html#primaryimage\"},\"datePublished\":\"2021-07-28T21:08:39+00:00\",\"dateModified\":\"2023-01-09T13:47:49+00:00\",\"author\":{\"@id\":\"https:\/\/franciscanos.org.br\/noticias\/#\/schema\/person\/b5c8cba458c330ccff548b056e95a5d4\"},\"breadcrumb\":{\"@id\":\"https:\/\/franciscanos.org.br\/noticias\/retiro-e-partilhas-marcam-o-1o-dia-do-encontro-dos-frades-estudantes-da-provincia.html#breadcrumb\"},\"inLanguage\":\"pt-BR\",\"potentialAction\":[{\"@type\":\"ReadAction\",\"target\":[\"https:\/\/franciscanos.org.br\/noticias\/retiro-e-partilhas-marcam-o-1o-dia-do-encontro-dos-frades-estudantes-da-provincia.html\"]}]},{\"@type\":\"BreadcrumbList\",\"@id\":\"https:\/\/franciscanos.org.br\/noticias\/retiro-e-partilhas-marcam-o-1o-dia-do-encontro-dos-frades-estudantes-da-provincia.html#breadcrumb\",\"itemListElement\":[{\"@type\":\"ListItem\",\"position\":1,\"name\":\"Home\",\"item\":\"https:\/\/franciscanos.org.br\/noticias\"},{\"@type\":\"ListItem\",\"position\":2,\"name\":\"Retiro e partilhas marcam o 1\u00ba dia do Encontro dos Frades Estudantes da Prov\u00edncia\"}]},{\"@type\":\"Person\",\"@id\":\"https:\/\/franciscanos.org.br\/noticias\/#\/schema\/person\/b5c8cba458c330ccff548b056e95a5d4\",\"name\":\"moacir\",\"image\":{\"@type\":\"ImageObject\",\"inLanguage\":\"pt-BR\",\"@id\":\"https:\/\/franciscanos.org.br\/noticias\/#\/schema\/person\/image\/\",\"url\":\"https:\/\/secure.gravatar.com\/avatar\/d08aa2ce4c8dd416d4479aa8536fcf64?s=96&d=mm&r=g\",\"contentUrl\":\"https:\/\/secure.gravatar.com\/avatar\/d08aa2ce4c8dd416d4479aa8536fcf64?s=96&d=mm&r=g\",\"caption\":\"moacir\"},\"url\":\"https:\/\/franciscanos.org.br\/noticias\/author\/moacir\"}]}<\/script>\n<!-- \/ Yoast SEO plugin. -->","yoast_head_json":{"title":"Retiro e partilhas marcam o 1\u00ba dia do Encontro dos Frades Estudantes da Prov\u00edncia - Not\u00edcias - Franciscanos","robots":{"index":"index","follow":"follow","max-snippet":"max-snippet:-1","max-image-preview":"max-image-preview:large","max-video-preview":"max-video-preview:-1"},"canonical":"https:\/\/franciscanos.org.br\/noticias\/retiro-e-partilhas-marcam-o-1o-dia-do-encontro-dos-frades-estudantes-da-provincia.html","og_locale":"pt_BR","og_type":"article","og_title":"Retiro e partilhas marcam o 1\u00ba dia do Encontro dos Frades Estudantes da Prov\u00edncia - Not\u00edcias - Franciscanos","og_description":"Primeiro dia do Encontro dos Frades Estudantes da Prov\u00edncia","og_url":"https:\/\/franciscanos.org.br\/noticias\/retiro-e-partilhas-marcam-o-1o-dia-do-encontro-dos-frades-estudantes-da-provincia.html","og_site_name":"Not\u00edcias - Franciscanos","article_published_time":"2021-07-28T21:08:39+00:00","article_modified_time":"2023-01-09T13:47:49+00:00","og_image":[{"width":800,"height":550,"url":"https:\/\/franciscanos.org.br\/noticias\/wp-content\/uploads\/2021\/07\/estudantes_28d.png","type":"image\/png"}],"author":"moacir","twitter_card":"summary_large_image","twitter_misc":{"Escrito por":"moacir","Est. tempo de leitura":"4 minutos"},"schema":{"@context":"https:\/\/schema.org","@graph":[{"@type":"WebSite","@id":"https:\/\/franciscanos.org.br\/noticias\/#website","url":"https:\/\/franciscanos.org.br\/noticias\/","name":"Not\u00edcias - Franciscanos","description":"Prov\u00edncia Franciscana da Imaculada Concei\u00e7\u00e3o do Brasil - Ordem dos Frades Menores - OFM","potentialAction":[{"@type":"SearchAction","target":{"@type":"EntryPoint","urlTemplate":"https:\/\/franciscanos.org.br\/noticias\/?s={search_term_string}"},"query-input":"required name=search_term_string"}],"inLanguage":"pt-BR"},{"@type":"ImageObject","inLanguage":"pt-BR","@id":"https:\/\/franciscanos.org.br\/noticias\/retiro-e-partilhas-marcam-o-1o-dia-do-encontro-dos-frades-estudantes-da-provincia.html#primaryimage","url":"https:\/\/franciscanos.org.br\/noticias\/wp-content\/uploads\/2021\/07\/estudantes_28d.png","contentUrl":"https:\/\/franciscanos.org.br\/noticias\/wp-content\/uploads\/2021\/07\/estudantes_28d.png","width":800,"height":550},{"@type":"WebPage","@id":"https:\/\/franciscanos.org.br\/noticias\/retiro-e-partilhas-marcam-o-1o-dia-do-encontro-dos-frades-estudantes-da-provincia.html#webpage","url":"https:\/\/franciscanos.org.br\/noticias\/retiro-e-partilhas-marcam-o-1o-dia-do-encontro-dos-frades-estudantes-da-provincia.html","name":"Retiro e partilhas marcam o 1\u00ba dia do Encontro dos Frades Estudantes da Prov\u00edncia - Not\u00edcias - Franciscanos","isPartOf":{"@id":"https:\/\/franciscanos.org.br\/noticias\/#website"},"primaryImageOfPage":{"@id":"https:\/\/franciscanos.org.br\/noticias\/retiro-e-partilhas-marcam-o-1o-dia-do-encontro-dos-frades-estudantes-da-provincia.html#primaryimage"},"datePublished":"2021-07-28T21:08:39+00:00","dateModified":"2023-01-09T13:47:49+00:00","author":{"@id":"https:\/\/franciscanos.org.br\/noticias\/#\/schema\/person\/b5c8cba458c330ccff548b056e95a5d4"},"breadcrumb":{"@id":"https:\/\/franciscanos.org.br\/noticias\/retiro-e-partilhas-marcam-o-1o-dia-do-encontro-dos-frades-estudantes-da-provincia.html#breadcrumb"},"inLanguage":"pt-BR","potentialAction":[{"@type":"ReadAction","target":["https:\/\/franciscanos.org.br\/noticias\/retiro-e-partilhas-marcam-o-1o-dia-do-encontro-dos-frades-estudantes-da-provincia.html"]}]},{"@type":"BreadcrumbList","@id":"https:\/\/franciscanos.org.br\/noticias\/retiro-e-partilhas-marcam-o-1o-dia-do-encontro-dos-frades-estudantes-da-provincia.html#breadcrumb","itemListElement":[{"@type":"ListItem","position":1,"name":"Home","item":"https:\/\/franciscanos.org.br\/noticias"},{"@type":"ListItem","position":2,"name":"Retiro e partilhas marcam o 1\u00ba dia do Encontro dos Frades Estudantes da Prov\u00edncia"}]},{"@type":"Person","@id":"https:\/\/franciscanos.org.br\/noticias\/#\/schema\/person\/b5c8cba458c330ccff548b056e95a5d4","name":"moacir","image":{"@type":"ImageObject","inLanguage":"pt-BR","@id":"https:\/\/franciscanos.org.br\/noticias\/#\/schema\/person\/image\/","url":"https:\/\/secure.gravatar.com\/avatar\/d08aa2ce4c8dd416d4479aa8536fcf64?s=96&d=mm&r=g","contentUrl":"https:\/\/secure.gravatar.com\/avatar\/d08aa2ce4c8dd416d4479aa8536fcf64?s=96&d=mm&r=g","caption":"moacir"},"url":"https:\/\/franciscanos.org.br\/noticias\/author\/moacir"}]}},"_links":{"self":[{"href":"https:\/\/franciscanos.org.br\/noticias\/wp-json\/wp\/v2\/posts\/233459"}],"collection":[{"href":"https:\/\/franciscanos.org.br\/noticias\/wp-json\/wp\/v2\/posts"}],"about":[{"href":"https:\/\/franciscanos.org.br\/noticias\/wp-json\/wp\/v2\/types\/post"}],"author":[{"embeddable":true,"href":"https:\/\/franciscanos.org.br\/noticias\/wp-json\/wp\/v2\/users\/3"}],"replies":[{"embeddable":true,"href":"https:\/\/franciscanos.org.br\/noticias\/wp-json\/wp\/v2\/comments?post=233459"}],"version-history":[{"count":1,"href":"https:\/\/franciscanos.org.br\/noticias\/wp-json\/wp\/v2\/posts\/233459\/revisions"}],"predecessor-version":[{"id":233464,"href":"https:\/\/franciscanos.org.br\/noticias\/wp-json\/wp\/v2\/posts\/233459\/revisions\/233464"}],"wp:featuredmedia":[{"embeddable":true,"href":"https:\/\/franciscanos.org.br\/noticias\/wp-json\/wp\/v2\/media\/233463"}],"wp:attachment":[{"href":"https:\/\/franciscanos.org.br\/noticias\/wp-json\/wp\/v2\/media?parent=233459"}],"wp:term":[{"taxonomy":"category","embeddable":true,"href":"https:\/\/franciscanos.org.br\/noticias\/wp-json\/wp\/v2\/categories?post=233459"},{"taxonomy":"post_tag","embeddable":true,"href":"https:\/\/franciscanos.org.br\/noticias\/wp-json\/wp\/v2\/tags?post=233459"}],"curies":[{"name":"wp","href":"https:\/\/api.w.org\/{rel}","templated":true}]}}