{"id":233452,"date":"2021-07-28T15:54:48","date_gmt":"2021-07-28T18:54:48","guid":{"rendered":"https:\/\/franciscanos.org.br\/noticias\/?p=233452"},"modified":"2021-07-29T13:06:37","modified_gmt":"2021-07-29T16:06:37","slug":"falece-frei-abel-o-frade-centenario-da-provincia","status":"publish","type":"post","link":"https:\/\/franciscanos.org.br\/noticias\/falece-frei-abel-o-frade-centenario-da-provincia.html","title":{"rendered":"Falece Frei Abel, o frade centen\u00e1rio da Prov\u00edncia"},"content":{"rendered":"<p><img loading=\"lazy\" class=\"alignnone wp-image-233453 size-full\" src=\"https:\/\/franciscanos.org.br\/noticias\/wp-content\/uploads\/2021\/07\/abel_28.jpg\" alt=\"\" width=\"1280\" height=\"720\" srcset=\"https:\/\/franciscanos.org.br\/noticias\/wp-content\/uploads\/2021\/07\/abel_28.jpg 1280w, https:\/\/franciscanos.org.br\/noticias\/wp-content\/uploads\/2021\/07\/abel_28-450x253.jpg 450w, https:\/\/franciscanos.org.br\/noticias\/wp-content\/uploads\/2021\/07\/abel_28-1024x576.jpg 1024w, https:\/\/franciscanos.org.br\/noticias\/wp-content\/uploads\/2021\/07\/abel_28-768x432.jpg 768w, https:\/\/franciscanos.org.br\/noticias\/wp-content\/uploads\/2021\/07\/abel_28-150x84.jpg 150w\" sizes=\"(max-width: 1280px) 100vw, 1280px\" \/><\/p>\n<p>No \u00faltimo 19 de julho, Frei Abel Schneider celebrou cem anos, tornando-se o segundo frade centen\u00e1rio da Prov\u00edncia. Ele e a Fraternidade do Noviciado de Rodeio, contudo, nem puderam celebrar a data, porque nesse dia Frei Abel foi internado no Hospital da cidade. Seu estado de sa\u00fade piorou muito com v\u00f4mitos e dores muito fortes renais. Nesse tempo de interna\u00e7\u00e3o, n\u00e3o apresentou melhoras e, no in\u00edcio desta tarde, ele veio a falecer.<\/p>\n<p>Seu vel\u00f3rio ser\u00e1 feito a partir das 6h30 de amanh\u00e3, 29 de julho, na Igreja matriz da Par\u00f3quia S\u00e3o Francisco de Assis de Rodeio. \u00c0s 7 horas, a Fraternidade do Noviciado reza as Laudes e, \u00e0s 10 horas, a Missa de Ex\u00e9quias. O corpo de Frei Abel ser\u00e1 sepultado, \u00e0s 11 horas, no jazigo dos frades no Convento de Rodeio.<\/p>\n<p><strong>Dados pessoais, forma\u00e7\u00e3o e atividades<\/strong><br \/>\n19\/07\/1921 \u2013 Nascimento em Selbach, RS (100 anos)<br \/>\n14\/12\/1946 \u2013 Admiss\u00e3o na Ordem dos Frades Menores em Rodeio, SC (74 anos de Vida Religiosa)<br \/>\n18\/12\/1947 \u2013 Profiss\u00e3o simples na Ordem dos Frades Menores<br \/>\n18\/12\/1950 \u2013 Profiss\u00e3o Solene (70 anos)<br \/>\n1\u00ba\/07\/1954 \u2013 Ordena\u00e7\u00e3o presbiteral (67 anos)<br \/>\n1949-1950 &#8211; Filosofia (Curitiba)<br \/>\n1951-1955 &#8211; Teologia (Petr\u00f3polis)<\/p>\n<p><strong>Atividades na Evangeliza\u00e7\u00e3o<\/strong><br \/>\n26\/01\/1956 \u2013 Luzerna<br \/>\n20\/01\/1959 \u2013 Duque de Caxias<br \/>\n27\/11\/1960 \u2013 S\u00e3o Jo\u00e3o de Meriti<br \/>\n30\/07\/1962 &#8211; Indaial, SC, vig\u00e1rio paroquial<br \/>\n16\/02\/1963 &#8211; Chopinzinho, PR, vig\u00e1rio paroquial<br \/>\n15\/01\/1965 \u2013 Porto Uni\u00e3o, SC<br \/>\n03\/05\/1966 \u2013 Xaxim, SC<br \/>\n15\/07\/1966 \u2013 Coronel Freitas, SC<br \/>\n17\/12\/1966 &#8211; Jabor\u00e1, SC<br \/>\n06\/01\/1970 \u2013 Abdon Batista, SC, vig\u00e1rio paroquial<br \/>\n30\/08\/1972 \u2013 Luzerna e \u00c1gua Doce, SC, vig\u00e1rio paroquial<br \/>\n28\/01\/1974 &#8211; Major Vieira, Canoinhas, SC, vig\u00e1rio paroquial<br \/>\n07\/12\/1979 &#8211; \u00c1gua Doce<br \/>\n15\/12\/1982 &#8211; Jabor\u00e1<br \/>\n31\/01\/1984 &#8211; Coronel Freitas, SC, vig\u00e1rio paroquial<br \/>\n04\/04\/1990 &#8211; Lages, Aparecida, SC, vig\u00e1rio paroquial<br \/>\n17\/01\/1992 &#8211; Atendimento Conventual em Lages, SC<br \/>\n22\/03\/2000 &#8211; Agudos, SP, tratamento de sa\u00fade<br \/>\n19\/03\/2001 &#8211; Rodeio, SC, atendente conventual<br \/>\n07\/11\/2003 &#8211; Balne\u00e1rio Cambori\u00fa, SC, atendente conventual<br \/>\n07\/12\/2004 &#8211; Rodeio, SC, atendente conventual<\/p>\n<p><strong>O Frade Menor<\/strong><br \/>\nFrei Abel nasceu em Selbach, RS, no dia 19 de julho de 1921. Era o filho mais velho do casal Fridolino e Agnes Schneider (falecidos) teve nove filhos (8 homens e 1 mulher). Agricultores, os pais eram, segundo o frade &#8220;profundamente&#8221; crist\u00e3os cat\u00f3licos. Seu discernimento vocacional, acreditava, come\u00e7ou desde crian\u00e7a, atrav\u00e9s da pr\u00e1tica religiosa, do trabalho, da honestidade e da boa conviv\u00eancia. &#8220;Todos da minha pequena comunidade eram cat\u00f3licos praticantes e dali sa\u00edram muitas voca\u00e7\u00f5es. Para se ter uma ideia, at\u00e9 1963, \u00e9ramos 27 padres, 45 religiosos (as) e 1 bispo que nasceram ou moraram l\u00e1. O bom exemplo dos franciscanos e sua piedade tamb\u00e9m influenciaram na minha decis\u00e3o&#8221;, contou em sua ficha autobiogr\u00e1fica.<\/p>\n<p>&#8220;Desde crian\u00e7a tive a ideia de ser padre e apresentei-a ao meu pai. Para a minha surpresa, ele gostou muito e me encaminhou para os franciscanos. A par\u00f3quia onde mor\u00e1vamos era dos frades; hoje n\u00e3o \u00e9 mais. Em Selbach, no Rio Grande do Sul, havia muitos seminaristas, companheiros que eu conhecia e outros que n\u00e3o conhecia, mas quase todos da Diocese de Santa Maria. Ent\u00e3o, pensei: vou l\u00e1 para Santa Maria! Pensei que era a mesma coisa. Mas o pai me fez mudar de ideia e disse: &#8216;N\u00e3o, voc\u00ea vai para os Franciscanos!&#8217; Eu aceitei. No semin\u00e1rio, a gente aprendeu o que era ser franciscano e como ser frade menor. Nesse tempo, tinha 13 anos e ingressei na etapa do ensino fundamental. Mas aprendi pouca coisa, pois em casa s\u00f3 fal\u00e1vamos alem\u00e3o. Fui para o semin\u00e1rio sem saber o portugu\u00eas&#8221;, disse em entrevista a Frei Augusto Luiz Gabriel, em 2018. Frei Abel ingressou na Ordem dos Frades Menores no dia 14 de dezembro de 1946 e fez a profiss\u00e3o solene no dia 18 de dezembro de 1950, sendo ordenado sacerdote no dia 1\u00b0 de julho de 1954.<\/p>\n<p>Sobre a sua longa caminhada como religioso, define: &#8220;Toda pessoa humana enfrenta prova\u00e7\u00f5es. Passei tamb\u00e9m as minhas, e se at\u00e9 aqui venci, espero ser fiel at\u00e9 o fim&#8221;.<\/p>\n<p>Para ele, viver bem em fraternidade, \u00e9 &#8220;aceitar a si mesmo e corrigir os erros, buscar a perfei\u00e7\u00e3o sempre, fazer penit\u00eancia, saber que a ren\u00fancia faz parte da vida consagrada para n\u00e3o perder o objetivo maior que \u00e9 seguir Jesus e, com isso, ser fiel ao chamado, ao plano de Deus, \u00e0 voca\u00e7\u00e3o que ele nos deu&#8221;.<\/p>\n<p>Segundo ele, a f\u00f3rmula para ser um bom frade menor \u00e9 ser fiel ao ideal de vida. \u201cSer firme e convicto: eu quero ser isso, ent\u00e3o persisto! Essa \u00e9 a f\u00f3rmula. N\u00e3o se pode ficar na indecis\u00e3o do \u2018vou n\u00e3o vou, n\u00e3o vou, vou, n\u00e3o vou\u2026\u2019. Decida e seja firme! \u00c9 claro que vai esbarrar em dificuldades, obst\u00e1culos, mas isso se encontra em qualquer situa\u00e7\u00e3o de vida. Por isso \u00e9 importante ter bem claro \u00e0 nossa frente o que queremos\u201d, ensina.<\/p>\n<p><strong>A longevidade<\/strong><\/p>\n<p>Para ele n\u00e3o h\u00e1 segredo na longevidade: \u201cA vida \u00e9 um dom que Deus d\u00e1 a cada criatura. Para uns, Deus deu a brevidade, para outros, a longevidade. Ent\u00e3o, que cada um viva e respeite a vontade do Criador\u201d.<\/p>\n<p>Para ele, n\u00e3o mudaria nada nessa caminhada centen\u00e1ria: &#8220;N\u00e3o faria nada de novo! \u00c9 melhor continuar caminhando do que repetir, voltar para tr\u00e1s n\u00e3o permitiria que se chegasse ao fim. Ent\u00e3o, o que estava errado vou corrigir para o futuro ser melhor&#8221;.<\/p>\n<p>Nesses cem anos, um fato marcante para ele foi o Conc\u00edlio Vaticano II: &#8220;O Conc\u00edlio Vaticano trouxe muita euforia entre o clero, isso me lembro bem! Depois, quando as reformas come\u00e7aram a ser implementadas, muitos largaram a batina precipitadamente. As reformas foram feitas lentamente e deram muito certo&#8221;. Mas sobre a vida de nossos governantes faz questionamentos: &#8220;O governo deveria orientar e dirigir a sociedade toda, mas segue os seus pr\u00f3prios interesses. A\u00ed que est\u00e1 a nossa miss\u00e3o: anunciar o Evangelho perante isso tudo!&#8221;<\/p>\n<p>Nos 100 anos de vida, confessa estar realizado na Ordem Franciscana: &#8220;O ideal franciscano me basta. N\u00e3o sou &#8216;topstar&#8217;! A Ordem \u00e9 o nosso ideal para seguir a Palavra de Cristo. Sede santos como o nosso Pai \u00e9 santo. Como ser santo? \u00c9 uma boa pergunta! Ent\u00e3o temos \u00e0 nossa frente meios e caminhos para a santidade, que \u00e9 a Ordem que S\u00e3o Francisco nos deixou. N\u00f3s o conhecemos e procuramos segui-lo. Trope\u00e7amos muitas vezes, mas seguimos firmes, n\u00e3o olhando para tr\u00e1s&#8221;.<\/p>\n<p>Um conselho que deixou a um jovem que quer seguir a vida religiosa: &#8220;Questione-se bastante. O que quero e por que quero entrar na Ordem? Ali\u00e1s, isso \u00e9 para toda e qualquer forma de vida&#8221;.<\/p>\n<p><em>R.I.P<\/em><br \/>\n<strong>Da Secretaria Provincial<\/strong><\/p>\n","protected":false},"excerpt":{"rendered":"<p>Prov\u00edncia de Luto<\/p>\n","protected":false},"author":3,"featured_media":233454,"comment_status":"open","ping_status":"open","sticky":false,"template":"","format":"standard","meta":[],"categories":[1],"tags":[1160],"acf":[],"yoast_head":"<!-- This site is optimized with the Yoast SEO plugin v19.2 - https:\/\/yoast.com\/wordpress\/plugins\/seo\/ -->\n<title>Falece Frei Abel, o frade centen\u00e1rio da Prov\u00edncia - Not\u00edcias - Franciscanos<\/title>\n<meta name=\"robots\" content=\"index, follow, max-snippet:-1, max-image-preview:large, max-video-preview:-1\" \/>\n<link rel=\"canonical\" href=\"https:\/\/franciscanos.org.br\/noticias\/falece-frei-abel-o-frade-centenario-da-provincia.html\" \/>\n<meta property=\"og:locale\" content=\"pt_BR\" \/>\n<meta property=\"og:type\" content=\"article\" \/>\n<meta property=\"og:title\" content=\"Falece Frei Abel, o frade centen\u00e1rio da Prov\u00edncia - Not\u00edcias - Franciscanos\" \/>\n<meta property=\"og:description\" content=\"Prov\u00edncia de Luto\" \/>\n<meta property=\"og:url\" content=\"https:\/\/franciscanos.org.br\/noticias\/falece-frei-abel-o-frade-centenario-da-provincia.html\" \/>\n<meta property=\"og:site_name\" content=\"Not\u00edcias - Franciscanos\" \/>\n<meta property=\"article:published_time\" content=\"2021-07-28T18:54:48+00:00\" \/>\n<meta property=\"article:modified_time\" content=\"2021-07-29T16:06:37+00:00\" \/>\n<meta property=\"og:image\" content=\"https:\/\/franciscanos.org.br\/noticias\/wp-content\/uploads\/2021\/07\/abel_28d.jpg\" \/>\n\t<meta property=\"og:image:width\" content=\"800\" \/>\n\t<meta property=\"og:image:height\" content=\"550\" \/>\n\t<meta property=\"og:image:type\" content=\"image\/jpeg\" \/>\n<meta name=\"author\" content=\"moacir\" \/>\n<meta name=\"twitter:card\" content=\"summary_large_image\" \/>\n<meta name=\"twitter:label1\" content=\"Escrito por\" \/>\n\t<meta name=\"twitter:data1\" content=\"moacir\" \/>\n\t<meta name=\"twitter:label2\" content=\"Est. tempo de leitura\" \/>\n\t<meta name=\"twitter:data2\" content=\"5 minutos\" \/>\n<script type=\"application\/ld+json\" class=\"yoast-schema-graph\">{\"@context\":\"https:\/\/schema.org\",\"@graph\":[{\"@type\":\"WebSite\",\"@id\":\"https:\/\/franciscanos.org.br\/noticias\/#website\",\"url\":\"https:\/\/franciscanos.org.br\/noticias\/\",\"name\":\"Not\u00edcias - Franciscanos\",\"description\":\"Prov\u00edncia Franciscana da Imaculada Concei\u00e7\u00e3o do Brasil - Ordem dos Frades Menores - OFM\",\"potentialAction\":[{\"@type\":\"SearchAction\",\"target\":{\"@type\":\"EntryPoint\",\"urlTemplate\":\"https:\/\/franciscanos.org.br\/noticias\/?s={search_term_string}\"},\"query-input\":\"required name=search_term_string\"}],\"inLanguage\":\"pt-BR\"},{\"@type\":\"ImageObject\",\"inLanguage\":\"pt-BR\",\"@id\":\"https:\/\/franciscanos.org.br\/noticias\/falece-frei-abel-o-frade-centenario-da-provincia.html#primaryimage\",\"url\":\"https:\/\/franciscanos.org.br\/noticias\/wp-content\/uploads\/2021\/07\/abel_28d.jpg\",\"contentUrl\":\"https:\/\/franciscanos.org.br\/noticias\/wp-content\/uploads\/2021\/07\/abel_28d.jpg\",\"width\":800,\"height\":550},{\"@type\":\"WebPage\",\"@id\":\"https:\/\/franciscanos.org.br\/noticias\/falece-frei-abel-o-frade-centenario-da-provincia.html#webpage\",\"url\":\"https:\/\/franciscanos.org.br\/noticias\/falece-frei-abel-o-frade-centenario-da-provincia.html\",\"name\":\"Falece Frei Abel, o frade centen\u00e1rio da Prov\u00edncia - Not\u00edcias - Franciscanos\",\"isPartOf\":{\"@id\":\"https:\/\/franciscanos.org.br\/noticias\/#website\"},\"primaryImageOfPage\":{\"@id\":\"https:\/\/franciscanos.org.br\/noticias\/falece-frei-abel-o-frade-centenario-da-provincia.html#primaryimage\"},\"datePublished\":\"2021-07-28T18:54:48+00:00\",\"dateModified\":\"2021-07-29T16:06:37+00:00\",\"author\":{\"@id\":\"https:\/\/franciscanos.org.br\/noticias\/#\/schema\/person\/b5c8cba458c330ccff548b056e95a5d4\"},\"breadcrumb\":{\"@id\":\"https:\/\/franciscanos.org.br\/noticias\/falece-frei-abel-o-frade-centenario-da-provincia.html#breadcrumb\"},\"inLanguage\":\"pt-BR\",\"potentialAction\":[{\"@type\":\"ReadAction\",\"target\":[\"https:\/\/franciscanos.org.br\/noticias\/falece-frei-abel-o-frade-centenario-da-provincia.html\"]}]},{\"@type\":\"BreadcrumbList\",\"@id\":\"https:\/\/franciscanos.org.br\/noticias\/falece-frei-abel-o-frade-centenario-da-provincia.html#breadcrumb\",\"itemListElement\":[{\"@type\":\"ListItem\",\"position\":1,\"name\":\"Home\",\"item\":\"https:\/\/franciscanos.org.br\/noticias\"},{\"@type\":\"ListItem\",\"position\":2,\"name\":\"Falece Frei Abel, o frade centen\u00e1rio da Prov\u00edncia\"}]},{\"@type\":\"Person\",\"@id\":\"https:\/\/franciscanos.org.br\/noticias\/#\/schema\/person\/b5c8cba458c330ccff548b056e95a5d4\",\"name\":\"moacir\",\"image\":{\"@type\":\"ImageObject\",\"inLanguage\":\"pt-BR\",\"@id\":\"https:\/\/franciscanos.org.br\/noticias\/#\/schema\/person\/image\/\",\"url\":\"https:\/\/secure.gravatar.com\/avatar\/d08aa2ce4c8dd416d4479aa8536fcf64?s=96&d=mm&r=g\",\"contentUrl\":\"https:\/\/secure.gravatar.com\/avatar\/d08aa2ce4c8dd416d4479aa8536fcf64?s=96&d=mm&r=g\",\"caption\":\"moacir\"},\"url\":\"https:\/\/franciscanos.org.br\/noticias\/author\/moacir\"}]}<\/script>\n<!-- \/ Yoast SEO plugin. -->","yoast_head_json":{"title":"Falece Frei Abel, o frade centen\u00e1rio da Prov\u00edncia - Not\u00edcias - Franciscanos","robots":{"index":"index","follow":"follow","max-snippet":"max-snippet:-1","max-image-preview":"max-image-preview:large","max-video-preview":"max-video-preview:-1"},"canonical":"https:\/\/franciscanos.org.br\/noticias\/falece-frei-abel-o-frade-centenario-da-provincia.html","og_locale":"pt_BR","og_type":"article","og_title":"Falece Frei Abel, o frade centen\u00e1rio da Prov\u00edncia - Not\u00edcias - Franciscanos","og_description":"Prov\u00edncia de Luto","og_url":"https:\/\/franciscanos.org.br\/noticias\/falece-frei-abel-o-frade-centenario-da-provincia.html","og_site_name":"Not\u00edcias - Franciscanos","article_published_time":"2021-07-28T18:54:48+00:00","article_modified_time":"2021-07-29T16:06:37+00:00","og_image":[{"width":800,"height":550,"url":"https:\/\/franciscanos.org.br\/noticias\/wp-content\/uploads\/2021\/07\/abel_28d.jpg","type":"image\/jpeg"}],"author":"moacir","twitter_card":"summary_large_image","twitter_misc":{"Escrito por":"moacir","Est. tempo de leitura":"5 minutos"},"schema":{"@context":"https:\/\/schema.org","@graph":[{"@type":"WebSite","@id":"https:\/\/franciscanos.org.br\/noticias\/#website","url":"https:\/\/franciscanos.org.br\/noticias\/","name":"Not\u00edcias - Franciscanos","description":"Prov\u00edncia Franciscana da Imaculada Concei\u00e7\u00e3o do Brasil - Ordem dos Frades Menores - OFM","potentialAction":[{"@type":"SearchAction","target":{"@type":"EntryPoint","urlTemplate":"https:\/\/franciscanos.org.br\/noticias\/?s={search_term_string}"},"query-input":"required name=search_term_string"}],"inLanguage":"pt-BR"},{"@type":"ImageObject","inLanguage":"pt-BR","@id":"https:\/\/franciscanos.org.br\/noticias\/falece-frei-abel-o-frade-centenario-da-provincia.html#primaryimage","url":"https:\/\/franciscanos.org.br\/noticias\/wp-content\/uploads\/2021\/07\/abel_28d.jpg","contentUrl":"https:\/\/franciscanos.org.br\/noticias\/wp-content\/uploads\/2021\/07\/abel_28d.jpg","width":800,"height":550},{"@type":"WebPage","@id":"https:\/\/franciscanos.org.br\/noticias\/falece-frei-abel-o-frade-centenario-da-provincia.html#webpage","url":"https:\/\/franciscanos.org.br\/noticias\/falece-frei-abel-o-frade-centenario-da-provincia.html","name":"Falece Frei Abel, o frade centen\u00e1rio da Prov\u00edncia - Not\u00edcias - Franciscanos","isPartOf":{"@id":"https:\/\/franciscanos.org.br\/noticias\/#website"},"primaryImageOfPage":{"@id":"https:\/\/franciscanos.org.br\/noticias\/falece-frei-abel-o-frade-centenario-da-provincia.html#primaryimage"},"datePublished":"2021-07-28T18:54:48+00:00","dateModified":"2021-07-29T16:06:37+00:00","author":{"@id":"https:\/\/franciscanos.org.br\/noticias\/#\/schema\/person\/b5c8cba458c330ccff548b056e95a5d4"},"breadcrumb":{"@id":"https:\/\/franciscanos.org.br\/noticias\/falece-frei-abel-o-frade-centenario-da-provincia.html#breadcrumb"},"inLanguage":"pt-BR","potentialAction":[{"@type":"ReadAction","target":["https:\/\/franciscanos.org.br\/noticias\/falece-frei-abel-o-frade-centenario-da-provincia.html"]}]},{"@type":"BreadcrumbList","@id":"https:\/\/franciscanos.org.br\/noticias\/falece-frei-abel-o-frade-centenario-da-provincia.html#breadcrumb","itemListElement":[{"@type":"ListItem","position":1,"name":"Home","item":"https:\/\/franciscanos.org.br\/noticias"},{"@type":"ListItem","position":2,"name":"Falece Frei Abel, o frade centen\u00e1rio da Prov\u00edncia"}]},{"@type":"Person","@id":"https:\/\/franciscanos.org.br\/noticias\/#\/schema\/person\/b5c8cba458c330ccff548b056e95a5d4","name":"moacir","image":{"@type":"ImageObject","inLanguage":"pt-BR","@id":"https:\/\/franciscanos.org.br\/noticias\/#\/schema\/person\/image\/","url":"https:\/\/secure.gravatar.com\/avatar\/d08aa2ce4c8dd416d4479aa8536fcf64?s=96&d=mm&r=g","contentUrl":"https:\/\/secure.gravatar.com\/avatar\/d08aa2ce4c8dd416d4479aa8536fcf64?s=96&d=mm&r=g","caption":"moacir"},"url":"https:\/\/franciscanos.org.br\/noticias\/author\/moacir"}]}},"_links":{"self":[{"href":"https:\/\/franciscanos.org.br\/noticias\/wp-json\/wp\/v2\/posts\/233452"}],"collection":[{"href":"https:\/\/franciscanos.org.br\/noticias\/wp-json\/wp\/v2\/posts"}],"about":[{"href":"https:\/\/franciscanos.org.br\/noticias\/wp-json\/wp\/v2\/types\/post"}],"author":[{"embeddable":true,"href":"https:\/\/franciscanos.org.br\/noticias\/wp-json\/wp\/v2\/users\/3"}],"replies":[{"embeddable":true,"href":"https:\/\/franciscanos.org.br\/noticias\/wp-json\/wp\/v2\/comments?post=233452"}],"version-history":[{"count":5,"href":"https:\/\/franciscanos.org.br\/noticias\/wp-json\/wp\/v2\/posts\/233452\/revisions"}],"predecessor-version":[{"id":233467,"href":"https:\/\/franciscanos.org.br\/noticias\/wp-json\/wp\/v2\/posts\/233452\/revisions\/233467"}],"wp:featuredmedia":[{"embeddable":true,"href":"https:\/\/franciscanos.org.br\/noticias\/wp-json\/wp\/v2\/media\/233454"}],"wp:attachment":[{"href":"https:\/\/franciscanos.org.br\/noticias\/wp-json\/wp\/v2\/media?parent=233452"}],"wp:term":[{"taxonomy":"category","embeddable":true,"href":"https:\/\/franciscanos.org.br\/noticias\/wp-json\/wp\/v2\/categories?post=233452"},{"taxonomy":"post_tag","embeddable":true,"href":"https:\/\/franciscanos.org.br\/noticias\/wp-json\/wp\/v2\/tags?post=233452"}],"curies":[{"name":"wp","href":"https:\/\/api.w.org\/{rel}","templated":true}]}}