{"id":233438,"date":"2021-07-27T14:30:29","date_gmt":"2021-07-27T17:30:29","guid":{"rendered":"https:\/\/franciscanos.org.br\/noticias\/?p=233438"},"modified":"2021-07-27T14:31:24","modified_gmt":"2021-07-27T17:31:24","slug":"encontro-dos-frades-estudantes-da-provincia-comeca-nesta-quarta","status":"publish","type":"post","link":"https:\/\/franciscanos.org.br\/noticias\/encontro-dos-frades-estudantes-da-provincia-comeca-nesta-quarta.html","title":{"rendered":"Encontro dos Frades Estudantes da Prov\u00edncia come\u00e7a nesta quarta"},"content":{"rendered":"<p><img loading=\"lazy\" class=\"alignnone wp-image-233440 size-full\" src=\"https:\/\/franciscanos.org.br\/noticias\/wp-content\/uploads\/2021\/07\/encontro_270721.jpg\" alt=\"\" width=\"1280\" height=\"720\" srcset=\"https:\/\/franciscanos.org.br\/noticias\/wp-content\/uploads\/2021\/07\/encontro_270721.jpg 1280w, https:\/\/franciscanos.org.br\/noticias\/wp-content\/uploads\/2021\/07\/encontro_270721-450x253.jpg 450w, https:\/\/franciscanos.org.br\/noticias\/wp-content\/uploads\/2021\/07\/encontro_270721-1024x576.jpg 1024w, https:\/\/franciscanos.org.br\/noticias\/wp-content\/uploads\/2021\/07\/encontro_270721-768x432.jpg 768w, https:\/\/franciscanos.org.br\/noticias\/wp-content\/uploads\/2021\/07\/encontro_270721-150x84.jpg 150w\" sizes=\"(max-width: 1280px) 100vw, 1280px\" \/><\/p>\n<p><strong>Petr\u00f3polis (RJ) \u2013<\/strong> O Encontro dos Frades Estudantes do Tempo da Filosofia e Teologia da Prov\u00edncia da Imaculada Concei\u00e7\u00e3o do Brasil come\u00e7a nesta quarta-feira (28\/07), e vai at\u00e9 no s\u00e1bado (31\/07). Com o tema \u201cFraternidade contemplativa em miss\u00e3o: nossa regra \u00e9 o Evangelho, nosso claustro \u00e9 o mundo\u201d e lema: \u201cJuntos se constroem os sonhos\u201d, os frades estudantes se reunir\u00e3o de maneira remota.<\/p>\n<p>O cronograma do evento prev\u00ea dias de retiro, ora\u00e7\u00e3o, partilhas, forma\u00e7\u00f5es, lazer e contar\u00e1 tamb\u00e9m com momentos de encontro entre os frades que residem na mesma fraternidade. A proposta e o objetivo do encontro \u00e9 aprofundar o tema e o lema do Cap\u00edtulo Provincial previsto para acontecer em novembro deste ano, estimulando uma participa\u00e7\u00e3o ativa e consciente dos frades estudantes de ambas as etapas, bem como dos que est\u00e3o no ano mission\u00e1rio.<\/p>\n<p>Segundo o representante dos frades estudantes da Teologia, Frei Thiago da Silva Soares, essa ser\u00e1 mais uma oportunidade de conversa e partilha entre os frades \u00e0 luz de temas t\u00e3o relevantes, como a fraternidade, ora\u00e7\u00e3o, trabalhos e miss\u00e3o: \u201cTudo isso possibilita um amadurecimento da nossa voca\u00e7\u00e3o religiosa franciscana, concomitante nos faz perceber os desdobramentos dos assuntos partilhados dentro das Frentes de Evangeliza\u00e7\u00e3o da Prov\u00edncia\u201d, destacou, acrescentando: \u201cEstar unidos como irm\u00e3os, mesmo que \u00e0 dist\u00e2ncia \u00e9 muito importante\u201d.<\/p>\n<p><img loading=\"lazy\" class=\"alignnone wp-image-233442 size-full\" src=\"https:\/\/franciscanos.org.br\/noticias\/wp-content\/uploads\/2021\/07\/encontro_270721-1.jpg\" alt=\"\" width=\"1280\" height=\"720\" srcset=\"https:\/\/franciscanos.org.br\/noticias\/wp-content\/uploads\/2021\/07\/encontro_270721-1.jpg 1280w, https:\/\/franciscanos.org.br\/noticias\/wp-content\/uploads\/2021\/07\/encontro_270721-1-450x253.jpg 450w, https:\/\/franciscanos.org.br\/noticias\/wp-content\/uploads\/2021\/07\/encontro_270721-1-1024x576.jpg 1024w, https:\/\/franciscanos.org.br\/noticias\/wp-content\/uploads\/2021\/07\/encontro_270721-1-768x432.jpg 768w, https:\/\/franciscanos.org.br\/noticias\/wp-content\/uploads\/2021\/07\/encontro_270721-1-150x84.jpg 150w\" sizes=\"(max-width: 1280px) 100vw, 1280px\" \/><\/p>\n<p>O Definidor Provincial, Frei Daniel Dellandrea, conduzir\u00e1 o primeiro dia do encontro com reflex\u00f5es que favorecer\u00e3o um dia de retiro. No segundo dia pela manh\u00e3, o guardi\u00e3o da Fraternidade S\u00e3o Boaventura, Frei Je\u00e2 Paulo Andrade, ministrar\u00e1 reflex\u00f5es sobre o Documento \u201cEntre fidelidades e abandonos\u201d, bem como sobre as perspectivas a partir desse documento. No per\u00edodo da tarde, Frei Ant\u00f4nio Michels, Coordenador da Frente das Par\u00f3quias, Santu\u00e1rios e Centros de Acolhimento, ser\u00e1 o assessor e far\u00e1 reflex\u00f5es e provoca\u00e7\u00f5es a partir do tema e lema do Cap\u00edtulo Provincial bem como seus desdobramentos. A manh\u00e3 do terceiro dia ser\u00e1 de partilha das fraternidades e do ano mission\u00e1rio, com sugest\u00f5es e aprecia\u00e7\u00f5es a serem enviadas ao Governo Provincial sobre cada realidade. Al\u00e9m disso, no per\u00edodo da tarde, prev\u00ea-se momentos de lazer e descontra\u00e7\u00e3o. J\u00e1 o quarto e \u00faltimo dia do encontro ser\u00e1 conclusivo com alguns encaminhamentos. Durante os dias do encontro est\u00e3o previstas tamb\u00e9m as participa\u00e7\u00f5es do Secret\u00e1rio para a Forma\u00e7\u00e3o e Estudos, Frei Jo\u00e3o Francisco da Silva, e do Visitador e Definidor Geral, Frei C\u00e9sar K\u00fclkamp.<\/p>\n<p>Para Frei Gabriel Dellandrea, um dos organizadores do evento, preparar um encontro \u00e9 sempre um desafio, mas quando se trata da modalidade <em>on-line<\/em>, torna-se ainda mais exigente. \u201cIsso porque a tradicional forma de os frades estudantes se prepararem para o Cap\u00edtulo Provincial sempre foi presencial e din\u00e2mica. Agora, com os tempos que vivemos, foi preciso se adaptar, repensar e elaborar uma estrutura de atividades que n\u00e3o torne o momento cansativo, uma vez que a maioria dos participantes vivencia a modalidade <em>on-line<\/em> j\u00e1 nas aulas. E pensar isso do zero foi um trabalho que a equipe desempenhou com muito esmero. Foi uma lavra em conjunto, a fim de que pud\u00e9ssemos aproveitar o m\u00e1ximo daquilo que est\u00e1 ao nosso alcance!\u201d, frisou. Para ele, a pandemia n\u00e3o deu uma cartilha de como fazermos as coisas. \u201cMas \u00e9 no esp\u00edrito fraterno e com a luz do Esp\u00edrito Santo que vamos sonhando novos caminhos e concretizando aquilo que precisa ser feito\u201d, concluiu.<\/p>\n<hr \/>\n<p><em>\u00a0Frei Augusto Luiz Gabriel e Frei Bruno de Deus<\/em><\/p>\n","protected":false},"excerpt":{"rendered":"<p>Forma\u00e7\u00e3o e Estudos<\/p>\n","protected":false},"author":3,"featured_media":233441,"comment_status":"open","ping_status":"open","sticky":false,"template":"","format":"standard","meta":[],"categories":[1],"tags":[1878],"acf":[],"yoast_head":"<!-- This site is optimized with the Yoast SEO plugin v19.2 - https:\/\/yoast.com\/wordpress\/plugins\/seo\/ -->\n<title>Encontro dos Frades Estudantes da Prov\u00edncia come\u00e7a nesta quarta - Not\u00edcias - Franciscanos<\/title>\n<meta name=\"robots\" content=\"index, follow, max-snippet:-1, max-image-preview:large, max-video-preview:-1\" \/>\n<link rel=\"canonical\" href=\"https:\/\/franciscanos.org.br\/noticias\/encontro-dos-frades-estudantes-da-provincia-comeca-nesta-quarta.html\" \/>\n<meta property=\"og:locale\" content=\"pt_BR\" \/>\n<meta property=\"og:type\" content=\"article\" \/>\n<meta property=\"og:title\" content=\"Encontro dos Frades Estudantes da Prov\u00edncia come\u00e7a nesta quarta - Not\u00edcias - Franciscanos\" \/>\n<meta property=\"og:description\" content=\"Forma\u00e7\u00e3o e Estudos\" \/>\n<meta property=\"og:url\" content=\"https:\/\/franciscanos.org.br\/noticias\/encontro-dos-frades-estudantes-da-provincia-comeca-nesta-quarta.html\" \/>\n<meta property=\"og:site_name\" content=\"Not\u00edcias - Franciscanos\" \/>\n<meta property=\"article:published_time\" content=\"2021-07-27T17:30:29+00:00\" \/>\n<meta property=\"article:modified_time\" content=\"2021-07-27T17:31:24+00:00\" \/>\n<meta property=\"og:image\" content=\"https:\/\/franciscanos.org.br\/noticias\/wp-content\/uploads\/2021\/07\/encontro_270721_800X600.jpg\" \/>\n\t<meta property=\"og:image:width\" content=\"800\" \/>\n\t<meta property=\"og:image:height\" content=\"600\" \/>\n\t<meta property=\"og:image:type\" content=\"image\/jpeg\" \/>\n<meta name=\"author\" content=\"moacir\" \/>\n<meta name=\"twitter:card\" content=\"summary_large_image\" \/>\n<meta name=\"twitter:label1\" content=\"Escrito por\" \/>\n\t<meta name=\"twitter:data1\" content=\"moacir\" \/>\n\t<meta name=\"twitter:label2\" content=\"Est. tempo de leitura\" \/>\n\t<meta name=\"twitter:data2\" content=\"3 minutos\" \/>\n<script type=\"application\/ld+json\" class=\"yoast-schema-graph\">{\"@context\":\"https:\/\/schema.org\",\"@graph\":[{\"@type\":\"WebSite\",\"@id\":\"https:\/\/franciscanos.org.br\/noticias\/#website\",\"url\":\"https:\/\/franciscanos.org.br\/noticias\/\",\"name\":\"Not\u00edcias - Franciscanos\",\"description\":\"Prov\u00edncia Franciscana da Imaculada Concei\u00e7\u00e3o do Brasil - Ordem dos Frades Menores - OFM\",\"potentialAction\":[{\"@type\":\"SearchAction\",\"target\":{\"@type\":\"EntryPoint\",\"urlTemplate\":\"https:\/\/franciscanos.org.br\/noticias\/?s={search_term_string}\"},\"query-input\":\"required name=search_term_string\"}],\"inLanguage\":\"pt-BR\"},{\"@type\":\"ImageObject\",\"inLanguage\":\"pt-BR\",\"@id\":\"https:\/\/franciscanos.org.br\/noticias\/encontro-dos-frades-estudantes-da-provincia-comeca-nesta-quarta.html#primaryimage\",\"url\":\"https:\/\/franciscanos.org.br\/noticias\/wp-content\/uploads\/2021\/07\/encontro_270721_800X600.jpg\",\"contentUrl\":\"https:\/\/franciscanos.org.br\/noticias\/wp-content\/uploads\/2021\/07\/encontro_270721_800X600.jpg\",\"width\":800,\"height\":600},{\"@type\":\"WebPage\",\"@id\":\"https:\/\/franciscanos.org.br\/noticias\/encontro-dos-frades-estudantes-da-provincia-comeca-nesta-quarta.html#webpage\",\"url\":\"https:\/\/franciscanos.org.br\/noticias\/encontro-dos-frades-estudantes-da-provincia-comeca-nesta-quarta.html\",\"name\":\"Encontro dos Frades Estudantes da Prov\u00edncia come\u00e7a nesta quarta - Not\u00edcias - Franciscanos\",\"isPartOf\":{\"@id\":\"https:\/\/franciscanos.org.br\/noticias\/#website\"},\"primaryImageOfPage\":{\"@id\":\"https:\/\/franciscanos.org.br\/noticias\/encontro-dos-frades-estudantes-da-provincia-comeca-nesta-quarta.html#primaryimage\"},\"datePublished\":\"2021-07-27T17:30:29+00:00\",\"dateModified\":\"2021-07-27T17:31:24+00:00\",\"author\":{\"@id\":\"https:\/\/franciscanos.org.br\/noticias\/#\/schema\/person\/b5c8cba458c330ccff548b056e95a5d4\"},\"breadcrumb\":{\"@id\":\"https:\/\/franciscanos.org.br\/noticias\/encontro-dos-frades-estudantes-da-provincia-comeca-nesta-quarta.html#breadcrumb\"},\"inLanguage\":\"pt-BR\",\"potentialAction\":[{\"@type\":\"ReadAction\",\"target\":[\"https:\/\/franciscanos.org.br\/noticias\/encontro-dos-frades-estudantes-da-provincia-comeca-nesta-quarta.html\"]}]},{\"@type\":\"BreadcrumbList\",\"@id\":\"https:\/\/franciscanos.org.br\/noticias\/encontro-dos-frades-estudantes-da-provincia-comeca-nesta-quarta.html#breadcrumb\",\"itemListElement\":[{\"@type\":\"ListItem\",\"position\":1,\"name\":\"Home\",\"item\":\"https:\/\/franciscanos.org.br\/noticias\"},{\"@type\":\"ListItem\",\"position\":2,\"name\":\"Encontro dos Frades Estudantes da Prov\u00edncia come\u00e7a nesta quarta\"}]},{\"@type\":\"Person\",\"@id\":\"https:\/\/franciscanos.org.br\/noticias\/#\/schema\/person\/b5c8cba458c330ccff548b056e95a5d4\",\"name\":\"moacir\",\"image\":{\"@type\":\"ImageObject\",\"inLanguage\":\"pt-BR\",\"@id\":\"https:\/\/franciscanos.org.br\/noticias\/#\/schema\/person\/image\/\",\"url\":\"https:\/\/secure.gravatar.com\/avatar\/d08aa2ce4c8dd416d4479aa8536fcf64?s=96&d=mm&r=g\",\"contentUrl\":\"https:\/\/secure.gravatar.com\/avatar\/d08aa2ce4c8dd416d4479aa8536fcf64?s=96&d=mm&r=g\",\"caption\":\"moacir\"},\"url\":\"https:\/\/franciscanos.org.br\/noticias\/author\/moacir\"}]}<\/script>\n<!-- \/ Yoast SEO plugin. -->","yoast_head_json":{"title":"Encontro dos Frades Estudantes da Prov\u00edncia come\u00e7a nesta quarta - Not\u00edcias - Franciscanos","robots":{"index":"index","follow":"follow","max-snippet":"max-snippet:-1","max-image-preview":"max-image-preview:large","max-video-preview":"max-video-preview:-1"},"canonical":"https:\/\/franciscanos.org.br\/noticias\/encontro-dos-frades-estudantes-da-provincia-comeca-nesta-quarta.html","og_locale":"pt_BR","og_type":"article","og_title":"Encontro dos Frades Estudantes da Prov\u00edncia come\u00e7a nesta quarta - Not\u00edcias - Franciscanos","og_description":"Forma\u00e7\u00e3o e Estudos","og_url":"https:\/\/franciscanos.org.br\/noticias\/encontro-dos-frades-estudantes-da-provincia-comeca-nesta-quarta.html","og_site_name":"Not\u00edcias - Franciscanos","article_published_time":"2021-07-27T17:30:29+00:00","article_modified_time":"2021-07-27T17:31:24+00:00","og_image":[{"width":800,"height":600,"url":"https:\/\/franciscanos.org.br\/noticias\/wp-content\/uploads\/2021\/07\/encontro_270721_800X600.jpg","type":"image\/jpeg"}],"author":"moacir","twitter_card":"summary_large_image","twitter_misc":{"Escrito por":"moacir","Est. tempo de leitura":"3 minutos"},"schema":{"@context":"https:\/\/schema.org","@graph":[{"@type":"WebSite","@id":"https:\/\/franciscanos.org.br\/noticias\/#website","url":"https:\/\/franciscanos.org.br\/noticias\/","name":"Not\u00edcias - Franciscanos","description":"Prov\u00edncia Franciscana da Imaculada Concei\u00e7\u00e3o do Brasil - Ordem dos Frades Menores - OFM","potentialAction":[{"@type":"SearchAction","target":{"@type":"EntryPoint","urlTemplate":"https:\/\/franciscanos.org.br\/noticias\/?s={search_term_string}"},"query-input":"required name=search_term_string"}],"inLanguage":"pt-BR"},{"@type":"ImageObject","inLanguage":"pt-BR","@id":"https:\/\/franciscanos.org.br\/noticias\/encontro-dos-frades-estudantes-da-provincia-comeca-nesta-quarta.html#primaryimage","url":"https:\/\/franciscanos.org.br\/noticias\/wp-content\/uploads\/2021\/07\/encontro_270721_800X600.jpg","contentUrl":"https:\/\/franciscanos.org.br\/noticias\/wp-content\/uploads\/2021\/07\/encontro_270721_800X600.jpg","width":800,"height":600},{"@type":"WebPage","@id":"https:\/\/franciscanos.org.br\/noticias\/encontro-dos-frades-estudantes-da-provincia-comeca-nesta-quarta.html#webpage","url":"https:\/\/franciscanos.org.br\/noticias\/encontro-dos-frades-estudantes-da-provincia-comeca-nesta-quarta.html","name":"Encontro dos Frades Estudantes da Prov\u00edncia come\u00e7a nesta quarta - Not\u00edcias - Franciscanos","isPartOf":{"@id":"https:\/\/franciscanos.org.br\/noticias\/#website"},"primaryImageOfPage":{"@id":"https:\/\/franciscanos.org.br\/noticias\/encontro-dos-frades-estudantes-da-provincia-comeca-nesta-quarta.html#primaryimage"},"datePublished":"2021-07-27T17:30:29+00:00","dateModified":"2021-07-27T17:31:24+00:00","author":{"@id":"https:\/\/franciscanos.org.br\/noticias\/#\/schema\/person\/b5c8cba458c330ccff548b056e95a5d4"},"breadcrumb":{"@id":"https:\/\/franciscanos.org.br\/noticias\/encontro-dos-frades-estudantes-da-provincia-comeca-nesta-quarta.html#breadcrumb"},"inLanguage":"pt-BR","potentialAction":[{"@type":"ReadAction","target":["https:\/\/franciscanos.org.br\/noticias\/encontro-dos-frades-estudantes-da-provincia-comeca-nesta-quarta.html"]}]},{"@type":"BreadcrumbList","@id":"https:\/\/franciscanos.org.br\/noticias\/encontro-dos-frades-estudantes-da-provincia-comeca-nesta-quarta.html#breadcrumb","itemListElement":[{"@type":"ListItem","position":1,"name":"Home","item":"https:\/\/franciscanos.org.br\/noticias"},{"@type":"ListItem","position":2,"name":"Encontro dos Frades Estudantes da Prov\u00edncia come\u00e7a nesta quarta"}]},{"@type":"Person","@id":"https:\/\/franciscanos.org.br\/noticias\/#\/schema\/person\/b5c8cba458c330ccff548b056e95a5d4","name":"moacir","image":{"@type":"ImageObject","inLanguage":"pt-BR","@id":"https:\/\/franciscanos.org.br\/noticias\/#\/schema\/person\/image\/","url":"https:\/\/secure.gravatar.com\/avatar\/d08aa2ce4c8dd416d4479aa8536fcf64?s=96&d=mm&r=g","contentUrl":"https:\/\/secure.gravatar.com\/avatar\/d08aa2ce4c8dd416d4479aa8536fcf64?s=96&d=mm&r=g","caption":"moacir"},"url":"https:\/\/franciscanos.org.br\/noticias\/author\/moacir"}]}},"_links":{"self":[{"href":"https:\/\/franciscanos.org.br\/noticias\/wp-json\/wp\/v2\/posts\/233438"}],"collection":[{"href":"https:\/\/franciscanos.org.br\/noticias\/wp-json\/wp\/v2\/posts"}],"about":[{"href":"https:\/\/franciscanos.org.br\/noticias\/wp-json\/wp\/v2\/types\/post"}],"author":[{"embeddable":true,"href":"https:\/\/franciscanos.org.br\/noticias\/wp-json\/wp\/v2\/users\/3"}],"replies":[{"embeddable":true,"href":"https:\/\/franciscanos.org.br\/noticias\/wp-json\/wp\/v2\/comments?post=233438"}],"version-history":[{"count":3,"href":"https:\/\/franciscanos.org.br\/noticias\/wp-json\/wp\/v2\/posts\/233438\/revisions"}],"predecessor-version":[{"id":233445,"href":"https:\/\/franciscanos.org.br\/noticias\/wp-json\/wp\/v2\/posts\/233438\/revisions\/233445"}],"wp:featuredmedia":[{"embeddable":true,"href":"https:\/\/franciscanos.org.br\/noticias\/wp-json\/wp\/v2\/media\/233441"}],"wp:attachment":[{"href":"https:\/\/franciscanos.org.br\/noticias\/wp-json\/wp\/v2\/media?parent=233438"}],"wp:term":[{"taxonomy":"category","embeddable":true,"href":"https:\/\/franciscanos.org.br\/noticias\/wp-json\/wp\/v2\/categories?post=233438"},{"taxonomy":"post_tag","embeddable":true,"href":"https:\/\/franciscanos.org.br\/noticias\/wp-json\/wp\/v2\/tags?post=233438"}],"curies":[{"name":"wp","href":"https:\/\/api.w.org\/{rel}","templated":true}]}}