{"id":233428,"date":"2021-07-26T14:18:52","date_gmt":"2021-07-26T17:18:52","guid":{"rendered":"https:\/\/franciscanos.org.br\/noticias\/?p=233428"},"modified":"2021-07-26T14:23:53","modified_gmt":"2021-07-26T17:23:53","slug":"papa-a-fome-no-mundo-e-um-escandalo-e-um-crime-contra-os-direitos-humanos","status":"publish","type":"post","link":"https:\/\/franciscanos.org.br\/noticias\/papa-a-fome-no-mundo-e-um-escandalo-e-um-crime-contra-os-direitos-humanos.html","title":{"rendered":"Papa: a fome no mundo \u00e9 um esc\u00e2ndalo e um crime contra os direitos humanos"},"content":{"rendered":"<div id=\"attachment_233430\" style=\"width: 1290px\" class=\"wp-caption alignnone\"><img aria-describedby=\"caption-attachment-233430\" loading=\"lazy\" class=\"wp-image-233430 size-full\" src=\"https:\/\/franciscanos.org.br\/noticias\/wp-content\/uploads\/2021\/07\/fome_26.jpg\" alt=\"\" width=\"1280\" height=\"720\" srcset=\"https:\/\/franciscanos.org.br\/noticias\/wp-content\/uploads\/2021\/07\/fome_26.jpg 1280w, https:\/\/franciscanos.org.br\/noticias\/wp-content\/uploads\/2021\/07\/fome_26-450x253.jpg 450w, https:\/\/franciscanos.org.br\/noticias\/wp-content\/uploads\/2021\/07\/fome_26-1024x576.jpg 1024w, https:\/\/franciscanos.org.br\/noticias\/wp-content\/uploads\/2021\/07\/fome_26-768x432.jpg 768w, https:\/\/franciscanos.org.br\/noticias\/wp-content\/uploads\/2021\/07\/fome_26-150x84.jpg 150w\" sizes=\"(max-width: 1280px) 100vw, 1280px\" \/><p id=\"caption-attachment-233430\" class=\"wp-caption-text\"><em>\u00a0 \u00a0 \u00a0 \u00a0 \u00a0 \u00a0 \u00a0 \u00a0 \u00a0 \u00a0 \u00a0 \u00a0 \u00a0 \u00a0 \u00a0 \u00a0 \u00a0 \u00a0 \u00a0 \u00a0 \u00a0 \u00a0 \u00a0 \u00a0 \u00a0 \u00a0 \u00a0 \u00a0 \u00a0 \u00a0 \u00a0 \u00a0 \u00a0 \u00a0 \u00a0 \u00a0 \u00a0 \u00a0 \u00a0 \u00a0 \u00a0 \u00a0 \u00a0 \u00a0 \u00a0 \u00a0 \u00a0 \u00a0 \u00a0 \u00a0 \u00a0 \u00a0 \u00a0 \u00a0 \u00a0 \u00a0 \u00a0 \u00a0 \u00a0 \u00a0 \u00a0 \u00a0 \u00a0 \u00a0 \u00a0 \u00a0 \u00a0 \u00a0 Imagem de Arquivo da Vatican News: O Papa na ONU<\/em><\/p><\/div>\n<p>O Papa Francisco, atrav\u00e9s de uma mensagem, tamb\u00e9m participa da Pr\u00e9-C\u00fapula sobre sistemas alimentares da ONU que come\u00e7ou nesta segunda-feira (26), em Roma, junto com representantes de mais de 110 governos do mundo, entre eles, o Brasil. At\u00e9 quarta-feira (28), as sess\u00f5es \u2013 em formato h\u00edbrido, presencial e virtual \u2013 preparam o maior evento global sobre o tema agendado para setembro, na Assembleia Geral das Na\u00e7\u00f5es Unidas.<\/p>\n<p>O texto em espanhol do Pont\u00edfice foi lido pelo secret\u00e1rio para as Rela\u00e7\u00f5es com os Estados do Vaticano, Dom Paul Richard Gallagher, e dirigido ao secret\u00e1rio geral das Na\u00e7\u00f5es Unidas, Ant\u00f3nio Guterres. Na mensagem, Francisco come\u00e7a destacando \u201ccomo um dos nossos maiores desafios hoje \u00e9 vencer a fome, a inseguran\u00e7a alimentar e a desnutri\u00e7\u00e3o na era da Covid-19\u201d, uma pandemia que projetou ainda mais as injusti\u00e7as, \u201cminando a nossa unidade como fam\u00edlia humana\u201d, sobretudo os pobres e a casa comum.<\/p>\n<p><strong>O esc\u00e2ndalo das v\u00edtimas da fome<\/strong><br \/>\n\u00c9 necess\u00e1ria \u201cuma mudan\u00e7a radical\u201d, alerta o Pont\u00edfice, diante da explora\u00e7\u00e3o da natureza com o uso irrespons\u00e1vel e o abuso dos bens: \u201cProduzimos comida suficiente para todas as pessoas, mas muitas ficam sem o p\u00e3o de cada dia. Isso \u2018constitui um verdadeiro esc\u00e2ndalo\u2019, um crime que viola direitos humanos b\u00e1sicos. Portanto, \u00e9 um dever de todos extirpar esta injusti\u00e7a atrav\u00e9s de a\u00e7\u00f5es concretas e boas pr\u00e1ticas, e atrav\u00e9s de pol\u00edticas locais e internacionais ousadas.\u201d<\/p>\n<p>Nessa perspectiva, continua o Papa na mensagem, a \u201ccorreta transforma\u00e7\u00e3o dos sistemas alimentares desempenha um papel importante\u201d para fortalecer economias locais e reduzir o desperd\u00edcio alimentar, por exemplo. Para garantir \u201co direito fundamental a um padr\u00e3o de vida adequado\u201d para alcan\u00e7ar a Fome Zero at\u00e9 2030, \u201cn\u00e3o basta produzir alimentos\u201d, comenta Francisco, mas \u00e9 preciso \u201cuma nova mentalidade e uma nova abordagem integral e projetar sistemas alimentares que protejam a Terra e mantenham a dignidade da pessoa humana no centro; que garantam alimentos suficientes globalmente e promovam o trabalho digno em n\u00edvel local; e que alimentem o mundo de hoje, sem comprometer o futuro\u201d.<\/p>\n<p><strong>O setor rural deve ser valorizado<\/strong><br \/>\nO Papa, ent\u00e3o, orienta para a recupera\u00e7\u00e3o do setor rural como a\u00e7\u00e3o fundamental na p\u00f3s-pandemia e para corrigir \u201cas ra\u00edzes do nosso sistema alimentar injusto\u201d. O Pont\u00edfice comenta sobre a import\u00e2ncia dos \u201cconhecimentos tradicionais\u201d dos agricultores que n\u00e3o devem ser negligenciados ou ignorados. Um reconhecimento que \u201cdeve ser acompanhado de pol\u00edticas e iniciativas que atendam plenamente \u00e0s necessidades das mulheres rurais, promovam o emprego de jovens e melhorem o trabalho dos agricultores nas \u00e1reas mais pobres e mais remotas\u201d. E o Papa finaliza a mensagem:<\/p>\n<p>\u201cAo longo deste encontro, temos a responsabilidade de realizar o sonho de um mundo onde o p\u00e3o, a \u00e1gua, os rem\u00e9dios e o trabalho fluam em abund\u00e2ncia e cheguem primeiro aos mais necessitados. A Santa S\u00e9 e a Igreja Cat\u00f3lica estar\u00e3o a servi\u00e7o desse nobre objetivo, oferecendo a sua contribui\u00e7\u00e3o, unindo for\u00e7as e vontades, a\u00e7\u00f5es e s\u00e1bias decis\u00f5es.\u201d<\/p>\n<p>E um v\u00eddeo especial intitulado \u201cComida para todos: um apelo moral\u201d, com uma pr\u00e9via lan\u00e7ada nesta segunda-feira (26), mas que ser\u00e1 exibido na sess\u00e3o da Pr\u00e9-C\u00fapula que o Vaticano vai sediar nesta ter\u00e7a-feira (27), o Papa Francisco refor\u00e7a a preocupa\u00e7\u00e3o com as v\u00edtimas da fome e da desnutri\u00e7\u00e3o no mundo. O Pont\u00edfice chama a todos, novamente, para \u201cmudar os estilos de vida, o uso dos recursos, os crit\u00e9rios de produ\u00e7\u00e3o at\u00e9 o consumo\u201d para garantir sistemas alimentares sustent\u00e1veis.<\/p>\n<p><iframe loading=\"lazy\" title=\"ALIMENTOS PARA TODOS, UN RECLAMO MORAL\" width=\"500\" height=\"281\" src=\"https:\/\/www.youtube.com\/embed\/CyaPUoxfNO4?feature=oembed\" frameborder=\"0\" allow=\"accelerometer; autoplay; clipboard-write; encrypted-media; gyroscope; picture-in-picture\" allowfullscreen><\/iframe><\/p>\n<p>\u201cQuantas m\u00e3es e quantos pais, ainda hoje, v\u00e3o dormir com o tormento de n\u00e3o ter no dia seguinte p\u00e3o suficiente para os pr\u00f3prios filhos!\u201d<\/p>\n<hr \/>\n<p><em>Fonte: \u00a0Vatican News (texto de Andressa Collet )<\/em><\/p>\n","protected":false},"excerpt":{"rendered":"<p>Pr\u00e9-C\u00fapula sobre sistemas alimentares da ONU<\/p>\n","protected":false},"author":3,"featured_media":233431,"comment_status":"open","ping_status":"open","sticky":false,"template":"","format":"standard","meta":[],"categories":[1428],"tags":[55],"acf":[],"yoast_head":"<!-- This site is optimized with the Yoast SEO plugin v19.2 - https:\/\/yoast.com\/wordpress\/plugins\/seo\/ -->\n<title>Papa: a fome no mundo \u00e9 um esc\u00e2ndalo e um crime contra os direitos humanos - Not\u00edcias - Franciscanos<\/title>\n<meta name=\"robots\" content=\"index, follow, max-snippet:-1, max-image-preview:large, max-video-preview:-1\" \/>\n<link rel=\"canonical\" href=\"https:\/\/franciscanos.org.br\/noticias\/papa-a-fome-no-mundo-e-um-escandalo-e-um-crime-contra-os-direitos-humanos.html\" \/>\n<meta property=\"og:locale\" content=\"pt_BR\" \/>\n<meta property=\"og:type\" content=\"article\" \/>\n<meta property=\"og:title\" content=\"Papa: a fome no mundo \u00e9 um esc\u00e2ndalo e um crime contra os direitos humanos - Not\u00edcias - Franciscanos\" \/>\n<meta property=\"og:description\" content=\"Pr\u00e9-C\u00fapula sobre sistemas alimentares da ONU\" \/>\n<meta property=\"og:url\" content=\"https:\/\/franciscanos.org.br\/noticias\/papa-a-fome-no-mundo-e-um-escandalo-e-um-crime-contra-os-direitos-humanos.html\" \/>\n<meta property=\"og:site_name\" content=\"Not\u00edcias - Franciscanos\" \/>\n<meta property=\"article:published_time\" content=\"2021-07-26T17:18:52+00:00\" \/>\n<meta property=\"article:modified_time\" content=\"2021-07-26T17:23:53+00:00\" \/>\n<meta property=\"og:image\" content=\"https:\/\/franciscanos.org.br\/noticias\/wp-content\/uploads\/2021\/07\/fome_26d.jpg\" \/>\n\t<meta property=\"og:image:width\" content=\"800\" \/>\n\t<meta property=\"og:image:height\" content=\"550\" \/>\n\t<meta property=\"og:image:type\" content=\"image\/jpeg\" \/>\n<meta name=\"author\" content=\"moacir\" \/>\n<meta name=\"twitter:card\" content=\"summary_large_image\" \/>\n<meta name=\"twitter:label1\" content=\"Escrito por\" \/>\n\t<meta name=\"twitter:data1\" content=\"moacir\" \/>\n\t<meta name=\"twitter:label2\" content=\"Est. tempo de leitura\" \/>\n\t<meta name=\"twitter:data2\" content=\"3 minutos\" \/>\n<script type=\"application\/ld+json\" class=\"yoast-schema-graph\">{\"@context\":\"https:\/\/schema.org\",\"@graph\":[{\"@type\":\"WebSite\",\"@id\":\"https:\/\/franciscanos.org.br\/noticias\/#website\",\"url\":\"https:\/\/franciscanos.org.br\/noticias\/\",\"name\":\"Not\u00edcias - Franciscanos\",\"description\":\"Prov\u00edncia Franciscana da Imaculada Concei\u00e7\u00e3o do Brasil - Ordem dos Frades Menores - OFM\",\"potentialAction\":[{\"@type\":\"SearchAction\",\"target\":{\"@type\":\"EntryPoint\",\"urlTemplate\":\"https:\/\/franciscanos.org.br\/noticias\/?s={search_term_string}\"},\"query-input\":\"required name=search_term_string\"}],\"inLanguage\":\"pt-BR\"},{\"@type\":\"ImageObject\",\"inLanguage\":\"pt-BR\",\"@id\":\"https:\/\/franciscanos.org.br\/noticias\/papa-a-fome-no-mundo-e-um-escandalo-e-um-crime-contra-os-direitos-humanos.html#primaryimage\",\"url\":\"https:\/\/franciscanos.org.br\/noticias\/wp-content\/uploads\/2021\/07\/fome_26d.jpg\",\"contentUrl\":\"https:\/\/franciscanos.org.br\/noticias\/wp-content\/uploads\/2021\/07\/fome_26d.jpg\",\"width\":800,\"height\":550},{\"@type\":\"WebPage\",\"@id\":\"https:\/\/franciscanos.org.br\/noticias\/papa-a-fome-no-mundo-e-um-escandalo-e-um-crime-contra-os-direitos-humanos.html#webpage\",\"url\":\"https:\/\/franciscanos.org.br\/noticias\/papa-a-fome-no-mundo-e-um-escandalo-e-um-crime-contra-os-direitos-humanos.html\",\"name\":\"Papa: a fome no mundo \u00e9 um esc\u00e2ndalo e um crime contra os direitos humanos - Not\u00edcias - Franciscanos\",\"isPartOf\":{\"@id\":\"https:\/\/franciscanos.org.br\/noticias\/#website\"},\"primaryImageOfPage\":{\"@id\":\"https:\/\/franciscanos.org.br\/noticias\/papa-a-fome-no-mundo-e-um-escandalo-e-um-crime-contra-os-direitos-humanos.html#primaryimage\"},\"datePublished\":\"2021-07-26T17:18:52+00:00\",\"dateModified\":\"2021-07-26T17:23:53+00:00\",\"author\":{\"@id\":\"https:\/\/franciscanos.org.br\/noticias\/#\/schema\/person\/b5c8cba458c330ccff548b056e95a5d4\"},\"breadcrumb\":{\"@id\":\"https:\/\/franciscanos.org.br\/noticias\/papa-a-fome-no-mundo-e-um-escandalo-e-um-crime-contra-os-direitos-humanos.html#breadcrumb\"},\"inLanguage\":\"pt-BR\",\"potentialAction\":[{\"@type\":\"ReadAction\",\"target\":[\"https:\/\/franciscanos.org.br\/noticias\/papa-a-fome-no-mundo-e-um-escandalo-e-um-crime-contra-os-direitos-humanos.html\"]}]},{\"@type\":\"BreadcrumbList\",\"@id\":\"https:\/\/franciscanos.org.br\/noticias\/papa-a-fome-no-mundo-e-um-escandalo-e-um-crime-contra-os-direitos-humanos.html#breadcrumb\",\"itemListElement\":[{\"@type\":\"ListItem\",\"position\":1,\"name\":\"Home\",\"item\":\"https:\/\/franciscanos.org.br\/noticias\"},{\"@type\":\"ListItem\",\"position\":2,\"name\":\"Papa: a fome no mundo \u00e9 um esc\u00e2ndalo e um crime contra os direitos humanos\"}]},{\"@type\":\"Person\",\"@id\":\"https:\/\/franciscanos.org.br\/noticias\/#\/schema\/person\/b5c8cba458c330ccff548b056e95a5d4\",\"name\":\"moacir\",\"image\":{\"@type\":\"ImageObject\",\"inLanguage\":\"pt-BR\",\"@id\":\"https:\/\/franciscanos.org.br\/noticias\/#\/schema\/person\/image\/\",\"url\":\"https:\/\/secure.gravatar.com\/avatar\/d08aa2ce4c8dd416d4479aa8536fcf64?s=96&d=mm&r=g\",\"contentUrl\":\"https:\/\/secure.gravatar.com\/avatar\/d08aa2ce4c8dd416d4479aa8536fcf64?s=96&d=mm&r=g\",\"caption\":\"moacir\"},\"url\":\"https:\/\/franciscanos.org.br\/noticias\/author\/moacir\"}]}<\/script>\n<!-- \/ Yoast SEO plugin. -->","yoast_head_json":{"title":"Papa: a fome no mundo \u00e9 um esc\u00e2ndalo e um crime contra os direitos humanos - Not\u00edcias - Franciscanos","robots":{"index":"index","follow":"follow","max-snippet":"max-snippet:-1","max-image-preview":"max-image-preview:large","max-video-preview":"max-video-preview:-1"},"canonical":"https:\/\/franciscanos.org.br\/noticias\/papa-a-fome-no-mundo-e-um-escandalo-e-um-crime-contra-os-direitos-humanos.html","og_locale":"pt_BR","og_type":"article","og_title":"Papa: a fome no mundo \u00e9 um esc\u00e2ndalo e um crime contra os direitos humanos - Not\u00edcias - Franciscanos","og_description":"Pr\u00e9-C\u00fapula sobre sistemas alimentares da ONU","og_url":"https:\/\/franciscanos.org.br\/noticias\/papa-a-fome-no-mundo-e-um-escandalo-e-um-crime-contra-os-direitos-humanos.html","og_site_name":"Not\u00edcias - Franciscanos","article_published_time":"2021-07-26T17:18:52+00:00","article_modified_time":"2021-07-26T17:23:53+00:00","og_image":[{"width":800,"height":550,"url":"https:\/\/franciscanos.org.br\/noticias\/wp-content\/uploads\/2021\/07\/fome_26d.jpg","type":"image\/jpeg"}],"author":"moacir","twitter_card":"summary_large_image","twitter_misc":{"Escrito por":"moacir","Est. tempo de leitura":"3 minutos"},"schema":{"@context":"https:\/\/schema.org","@graph":[{"@type":"WebSite","@id":"https:\/\/franciscanos.org.br\/noticias\/#website","url":"https:\/\/franciscanos.org.br\/noticias\/","name":"Not\u00edcias - Franciscanos","description":"Prov\u00edncia Franciscana da Imaculada Concei\u00e7\u00e3o do Brasil - Ordem dos Frades Menores - OFM","potentialAction":[{"@type":"SearchAction","target":{"@type":"EntryPoint","urlTemplate":"https:\/\/franciscanos.org.br\/noticias\/?s={search_term_string}"},"query-input":"required name=search_term_string"}],"inLanguage":"pt-BR"},{"@type":"ImageObject","inLanguage":"pt-BR","@id":"https:\/\/franciscanos.org.br\/noticias\/papa-a-fome-no-mundo-e-um-escandalo-e-um-crime-contra-os-direitos-humanos.html#primaryimage","url":"https:\/\/franciscanos.org.br\/noticias\/wp-content\/uploads\/2021\/07\/fome_26d.jpg","contentUrl":"https:\/\/franciscanos.org.br\/noticias\/wp-content\/uploads\/2021\/07\/fome_26d.jpg","width":800,"height":550},{"@type":"WebPage","@id":"https:\/\/franciscanos.org.br\/noticias\/papa-a-fome-no-mundo-e-um-escandalo-e-um-crime-contra-os-direitos-humanos.html#webpage","url":"https:\/\/franciscanos.org.br\/noticias\/papa-a-fome-no-mundo-e-um-escandalo-e-um-crime-contra-os-direitos-humanos.html","name":"Papa: a fome no mundo \u00e9 um esc\u00e2ndalo e um crime contra os direitos humanos - Not\u00edcias - Franciscanos","isPartOf":{"@id":"https:\/\/franciscanos.org.br\/noticias\/#website"},"primaryImageOfPage":{"@id":"https:\/\/franciscanos.org.br\/noticias\/papa-a-fome-no-mundo-e-um-escandalo-e-um-crime-contra-os-direitos-humanos.html#primaryimage"},"datePublished":"2021-07-26T17:18:52+00:00","dateModified":"2021-07-26T17:23:53+00:00","author":{"@id":"https:\/\/franciscanos.org.br\/noticias\/#\/schema\/person\/b5c8cba458c330ccff548b056e95a5d4"},"breadcrumb":{"@id":"https:\/\/franciscanos.org.br\/noticias\/papa-a-fome-no-mundo-e-um-escandalo-e-um-crime-contra-os-direitos-humanos.html#breadcrumb"},"inLanguage":"pt-BR","potentialAction":[{"@type":"ReadAction","target":["https:\/\/franciscanos.org.br\/noticias\/papa-a-fome-no-mundo-e-um-escandalo-e-um-crime-contra-os-direitos-humanos.html"]}]},{"@type":"BreadcrumbList","@id":"https:\/\/franciscanos.org.br\/noticias\/papa-a-fome-no-mundo-e-um-escandalo-e-um-crime-contra-os-direitos-humanos.html#breadcrumb","itemListElement":[{"@type":"ListItem","position":1,"name":"Home","item":"https:\/\/franciscanos.org.br\/noticias"},{"@type":"ListItem","position":2,"name":"Papa: a fome no mundo \u00e9 um esc\u00e2ndalo e um crime contra os direitos humanos"}]},{"@type":"Person","@id":"https:\/\/franciscanos.org.br\/noticias\/#\/schema\/person\/b5c8cba458c330ccff548b056e95a5d4","name":"moacir","image":{"@type":"ImageObject","inLanguage":"pt-BR","@id":"https:\/\/franciscanos.org.br\/noticias\/#\/schema\/person\/image\/","url":"https:\/\/secure.gravatar.com\/avatar\/d08aa2ce4c8dd416d4479aa8536fcf64?s=96&d=mm&r=g","contentUrl":"https:\/\/secure.gravatar.com\/avatar\/d08aa2ce4c8dd416d4479aa8536fcf64?s=96&d=mm&r=g","caption":"moacir"},"url":"https:\/\/franciscanos.org.br\/noticias\/author\/moacir"}]}},"_links":{"self":[{"href":"https:\/\/franciscanos.org.br\/noticias\/wp-json\/wp\/v2\/posts\/233428"}],"collection":[{"href":"https:\/\/franciscanos.org.br\/noticias\/wp-json\/wp\/v2\/posts"}],"about":[{"href":"https:\/\/franciscanos.org.br\/noticias\/wp-json\/wp\/v2\/types\/post"}],"author":[{"embeddable":true,"href":"https:\/\/franciscanos.org.br\/noticias\/wp-json\/wp\/v2\/users\/3"}],"replies":[{"embeddable":true,"href":"https:\/\/franciscanos.org.br\/noticias\/wp-json\/wp\/v2\/comments?post=233428"}],"version-history":[{"count":5,"href":"https:\/\/franciscanos.org.br\/noticias\/wp-json\/wp\/v2\/posts\/233428\/revisions"}],"predecessor-version":[{"id":233436,"href":"https:\/\/franciscanos.org.br\/noticias\/wp-json\/wp\/v2\/posts\/233428\/revisions\/233436"}],"wp:featuredmedia":[{"embeddable":true,"href":"https:\/\/franciscanos.org.br\/noticias\/wp-json\/wp\/v2\/media\/233431"}],"wp:attachment":[{"href":"https:\/\/franciscanos.org.br\/noticias\/wp-json\/wp\/v2\/media?parent=233428"}],"wp:term":[{"taxonomy":"category","embeddable":true,"href":"https:\/\/franciscanos.org.br\/noticias\/wp-json\/wp\/v2\/categories?post=233428"},{"taxonomy":"post_tag","embeddable":true,"href":"https:\/\/franciscanos.org.br\/noticias\/wp-json\/wp\/v2\/tags?post=233428"}],"curies":[{"name":"wp","href":"https:\/\/api.w.org\/{rel}","templated":true}]}}