{"id":233420,"date":"2021-07-26T09:25:36","date_gmt":"2021-07-26T12:25:36","guid":{"rendered":"https:\/\/franciscanos.org.br\/noticias\/?p=233420"},"modified":"2021-07-26T09:26:03","modified_gmt":"2021-07-26T12:26:03","slug":"comeca-hoje-ciclo-de-conversa-misticas-cristas","status":"publish","type":"post","link":"https:\/\/franciscanos.org.br\/noticias\/comeca-hoje-ciclo-de-conversa-misticas-cristas.html","title":{"rendered":"Come\u00e7a hoje Ciclo de conversa \u201cM\u00edsticas Crist\u00e3s\u201d"},"content":{"rendered":"<p><img loading=\"lazy\" class=\"alignnone wp-image-233421\" src=\"https:\/\/franciscanos.org.br\/noticias\/wp-content\/uploads\/2021\/07\/Feed-2-1-450x450.png\" alt=\"\" width=\"832\" height=\"832\" srcset=\"https:\/\/franciscanos.org.br\/noticias\/wp-content\/uploads\/2021\/07\/Feed-2-1-450x450.png 450w, https:\/\/franciscanos.org.br\/noticias\/wp-content\/uploads\/2021\/07\/Feed-2-1-300x300.png 300w, https:\/\/franciscanos.org.br\/noticias\/wp-content\/uploads\/2021\/07\/Feed-2-1-150x150.png 150w, https:\/\/franciscanos.org.br\/noticias\/wp-content\/uploads\/2021\/07\/Feed-2-1-100x100.png 100w, https:\/\/franciscanos.org.br\/noticias\/wp-content\/uploads\/2021\/07\/Feed-2-1.png 600w\" sizes=\"(max-width: 832px) 100vw, 832px\" \/><\/p>\n<p>Simone Weil, Santa Terezinha e Matilde de Magdeburg. O que essas tr\u00eas m\u00edsticas crist\u00e3s t\u00eam em comum?<\/p>\n<p>Todas far\u00e3o parte do ciclo de conversa promovido pela Editora Vozes no segundo semestre de 2021.<\/p>\n<p>A proposta \u00e9 que o participante leia o livro selecionada para aquele m\u00eas, e na data agendada participe do clico de conversa trazendo quest\u00f5es, observa\u00e7\u00f5es, opini\u00f5es, etc<br \/>\nEm cinco encontros com dura\u00e7\u00e3o de 1h30min, Padre Enio Marcos de Oliveira mediar\u00e1 o debate sobre a obra que foi lida no m\u00eas.<\/p>\n<p>Com a inscri\u00e7\u00e3o no valor de R$ 350,00,o participante j\u00e1 garante automaticamente o recebimento dos 5 livros que ser\u00e3o lidos nos ciclos de conversa.<\/p>\n<p>Garanta j\u00e1 sua participa\u00e7\u00e3o!<\/p>\n<p>Acesse: <a href=\"https:\/\/www.sympla.com.br\/ciclo-de-conversa-misticas-cristas__1258689\">https:\/\/www.sympla.com.br\/ciclo-de-conversa-misticas-cristas__1258689<\/a><\/p>\n<p>Cronograma:<\/p>\n<h1>Sempre \u00e0s 19h30min<\/h1>\n<p>26\/07 \u2013 Espera de Deus (Simone Weil)<br \/>\n30\/08 \u2013 Pensamentos desordenados sobre o amor de Deus (Simone Weil)<br \/>\n27\/09 \u2013 Carta a um religioso (Simone Weill)<br \/>\n25\/10 \u2013 Obras completas de Santa Terezinha (Lan\u00e7amento outubro)<br \/>\n29\/11 \u2013 Revela\u00e7\u00f5es ou a luz fluente da divindade (Matilde de Magdeburg)<\/p>\n<p>* Os participantes que conclu\u00edrem o curso receber\u00e3o certificado.<\/p>\n<p>** As aulas ser\u00e3o gravadas e disponibilizadas \u00e0 todos os inscritos.<\/p>\n","protected":false},"excerpt":{"rendered":"<p>Editora Vozes<\/p>\n","protected":false},"author":3,"featured_media":233421,"comment_status":"open","ping_status":"open","sticky":false,"template":"","format":"standard","meta":[],"categories":[1],"tags":[238],"acf":[],"yoast_head":"<!-- This site is optimized with the Yoast SEO plugin v19.2 - https:\/\/yoast.com\/wordpress\/plugins\/seo\/ -->\n<title>Come\u00e7a hoje Ciclo de conversa \u201cM\u00edsticas Crist\u00e3s\u201d - Not\u00edcias - Franciscanos<\/title>\n<meta name=\"robots\" content=\"index, follow, max-snippet:-1, max-image-preview:large, max-video-preview:-1\" \/>\n<link rel=\"canonical\" href=\"https:\/\/franciscanos.org.br\/noticias\/comeca-hoje-ciclo-de-conversa-misticas-cristas.html\" \/>\n<meta property=\"og:locale\" content=\"pt_BR\" \/>\n<meta property=\"og:type\" content=\"article\" \/>\n<meta property=\"og:title\" content=\"Come\u00e7a hoje Ciclo de conversa \u201cM\u00edsticas Crist\u00e3s\u201d - Not\u00edcias - Franciscanos\" \/>\n<meta property=\"og:description\" content=\"Editora Vozes\" \/>\n<meta property=\"og:url\" content=\"https:\/\/franciscanos.org.br\/noticias\/comeca-hoje-ciclo-de-conversa-misticas-cristas.html\" \/>\n<meta property=\"og:site_name\" content=\"Not\u00edcias - Franciscanos\" \/>\n<meta property=\"article:published_time\" content=\"2021-07-26T12:25:36+00:00\" \/>\n<meta property=\"article:modified_time\" content=\"2021-07-26T12:26:03+00:00\" \/>\n<meta property=\"og:image\" content=\"https:\/\/franciscanos.org.br\/noticias\/wp-content\/uploads\/2021\/07\/Feed-2-1.png\" \/>\n\t<meta property=\"og:image:width\" content=\"600\" \/>\n\t<meta property=\"og:image:height\" content=\"600\" \/>\n\t<meta property=\"og:image:type\" content=\"image\/png\" \/>\n<meta name=\"author\" content=\"moacir\" \/>\n<meta name=\"twitter:card\" content=\"summary_large_image\" \/>\n<meta name=\"twitter:label1\" content=\"Escrito por\" \/>\n\t<meta name=\"twitter:data1\" content=\"moacir\" \/>\n\t<meta name=\"twitter:label2\" content=\"Est. tempo de leitura\" \/>\n\t<meta name=\"twitter:data2\" content=\"1 minuto\" \/>\n<script type=\"application\/ld+json\" class=\"yoast-schema-graph\">{\"@context\":\"https:\/\/schema.org\",\"@graph\":[{\"@type\":\"WebSite\",\"@id\":\"https:\/\/franciscanos.org.br\/noticias\/#website\",\"url\":\"https:\/\/franciscanos.org.br\/noticias\/\",\"name\":\"Not\u00edcias - Franciscanos\",\"description\":\"Prov\u00edncia Franciscana da Imaculada Concei\u00e7\u00e3o do Brasil - Ordem dos Frades Menores - OFM\",\"potentialAction\":[{\"@type\":\"SearchAction\",\"target\":{\"@type\":\"EntryPoint\",\"urlTemplate\":\"https:\/\/franciscanos.org.br\/noticias\/?s={search_term_string}\"},\"query-input\":\"required name=search_term_string\"}],\"inLanguage\":\"pt-BR\"},{\"@type\":\"ImageObject\",\"inLanguage\":\"pt-BR\",\"@id\":\"https:\/\/franciscanos.org.br\/noticias\/comeca-hoje-ciclo-de-conversa-misticas-cristas.html#primaryimage\",\"url\":\"https:\/\/franciscanos.org.br\/noticias\/wp-content\/uploads\/2021\/07\/Feed-2-1.png\",\"contentUrl\":\"https:\/\/franciscanos.org.br\/noticias\/wp-content\/uploads\/2021\/07\/Feed-2-1.png\",\"width\":600,\"height\":600},{\"@type\":\"WebPage\",\"@id\":\"https:\/\/franciscanos.org.br\/noticias\/comeca-hoje-ciclo-de-conversa-misticas-cristas.html#webpage\",\"url\":\"https:\/\/franciscanos.org.br\/noticias\/comeca-hoje-ciclo-de-conversa-misticas-cristas.html\",\"name\":\"Come\u00e7a hoje Ciclo de conversa \u201cM\u00edsticas Crist\u00e3s\u201d - Not\u00edcias - Franciscanos\",\"isPartOf\":{\"@id\":\"https:\/\/franciscanos.org.br\/noticias\/#website\"},\"primaryImageOfPage\":{\"@id\":\"https:\/\/franciscanos.org.br\/noticias\/comeca-hoje-ciclo-de-conversa-misticas-cristas.html#primaryimage\"},\"datePublished\":\"2021-07-26T12:25:36+00:00\",\"dateModified\":\"2021-07-26T12:26:03+00:00\",\"author\":{\"@id\":\"https:\/\/franciscanos.org.br\/noticias\/#\/schema\/person\/b5c8cba458c330ccff548b056e95a5d4\"},\"breadcrumb\":{\"@id\":\"https:\/\/franciscanos.org.br\/noticias\/comeca-hoje-ciclo-de-conversa-misticas-cristas.html#breadcrumb\"},\"inLanguage\":\"pt-BR\",\"potentialAction\":[{\"@type\":\"ReadAction\",\"target\":[\"https:\/\/franciscanos.org.br\/noticias\/comeca-hoje-ciclo-de-conversa-misticas-cristas.html\"]}]},{\"@type\":\"BreadcrumbList\",\"@id\":\"https:\/\/franciscanos.org.br\/noticias\/comeca-hoje-ciclo-de-conversa-misticas-cristas.html#breadcrumb\",\"itemListElement\":[{\"@type\":\"ListItem\",\"position\":1,\"name\":\"Home\",\"item\":\"https:\/\/franciscanos.org.br\/noticias\"},{\"@type\":\"ListItem\",\"position\":2,\"name\":\"Come\u00e7a hoje Ciclo de conversa \u201cM\u00edsticas Crist\u00e3s\u201d\"}]},{\"@type\":\"Person\",\"@id\":\"https:\/\/franciscanos.org.br\/noticias\/#\/schema\/person\/b5c8cba458c330ccff548b056e95a5d4\",\"name\":\"moacir\",\"image\":{\"@type\":\"ImageObject\",\"inLanguage\":\"pt-BR\",\"@id\":\"https:\/\/franciscanos.org.br\/noticias\/#\/schema\/person\/image\/\",\"url\":\"https:\/\/secure.gravatar.com\/avatar\/d08aa2ce4c8dd416d4479aa8536fcf64?s=96&d=mm&r=g\",\"contentUrl\":\"https:\/\/secure.gravatar.com\/avatar\/d08aa2ce4c8dd416d4479aa8536fcf64?s=96&d=mm&r=g\",\"caption\":\"moacir\"},\"url\":\"https:\/\/franciscanos.org.br\/noticias\/author\/moacir\"}]}<\/script>\n<!-- \/ Yoast SEO plugin. -->","yoast_head_json":{"title":"Come\u00e7a hoje Ciclo de conversa \u201cM\u00edsticas Crist\u00e3s\u201d - Not\u00edcias - Franciscanos","robots":{"index":"index","follow":"follow","max-snippet":"max-snippet:-1","max-image-preview":"max-image-preview:large","max-video-preview":"max-video-preview:-1"},"canonical":"https:\/\/franciscanos.org.br\/noticias\/comeca-hoje-ciclo-de-conversa-misticas-cristas.html","og_locale":"pt_BR","og_type":"article","og_title":"Come\u00e7a hoje Ciclo de conversa \u201cM\u00edsticas Crist\u00e3s\u201d - Not\u00edcias - Franciscanos","og_description":"Editora Vozes","og_url":"https:\/\/franciscanos.org.br\/noticias\/comeca-hoje-ciclo-de-conversa-misticas-cristas.html","og_site_name":"Not\u00edcias - Franciscanos","article_published_time":"2021-07-26T12:25:36+00:00","article_modified_time":"2021-07-26T12:26:03+00:00","og_image":[{"width":600,"height":600,"url":"https:\/\/franciscanos.org.br\/noticias\/wp-content\/uploads\/2021\/07\/Feed-2-1.png","type":"image\/png"}],"author":"moacir","twitter_card":"summary_large_image","twitter_misc":{"Escrito por":"moacir","Est. tempo de leitura":"1 minuto"},"schema":{"@context":"https:\/\/schema.org","@graph":[{"@type":"WebSite","@id":"https:\/\/franciscanos.org.br\/noticias\/#website","url":"https:\/\/franciscanos.org.br\/noticias\/","name":"Not\u00edcias - Franciscanos","description":"Prov\u00edncia Franciscana da Imaculada Concei\u00e7\u00e3o do Brasil - Ordem dos Frades Menores - OFM","potentialAction":[{"@type":"SearchAction","target":{"@type":"EntryPoint","urlTemplate":"https:\/\/franciscanos.org.br\/noticias\/?s={search_term_string}"},"query-input":"required name=search_term_string"}],"inLanguage":"pt-BR"},{"@type":"ImageObject","inLanguage":"pt-BR","@id":"https:\/\/franciscanos.org.br\/noticias\/comeca-hoje-ciclo-de-conversa-misticas-cristas.html#primaryimage","url":"https:\/\/franciscanos.org.br\/noticias\/wp-content\/uploads\/2021\/07\/Feed-2-1.png","contentUrl":"https:\/\/franciscanos.org.br\/noticias\/wp-content\/uploads\/2021\/07\/Feed-2-1.png","width":600,"height":600},{"@type":"WebPage","@id":"https:\/\/franciscanos.org.br\/noticias\/comeca-hoje-ciclo-de-conversa-misticas-cristas.html#webpage","url":"https:\/\/franciscanos.org.br\/noticias\/comeca-hoje-ciclo-de-conversa-misticas-cristas.html","name":"Come\u00e7a hoje Ciclo de conversa \u201cM\u00edsticas Crist\u00e3s\u201d - Not\u00edcias - Franciscanos","isPartOf":{"@id":"https:\/\/franciscanos.org.br\/noticias\/#website"},"primaryImageOfPage":{"@id":"https:\/\/franciscanos.org.br\/noticias\/comeca-hoje-ciclo-de-conversa-misticas-cristas.html#primaryimage"},"datePublished":"2021-07-26T12:25:36+00:00","dateModified":"2021-07-26T12:26:03+00:00","author":{"@id":"https:\/\/franciscanos.org.br\/noticias\/#\/schema\/person\/b5c8cba458c330ccff548b056e95a5d4"},"breadcrumb":{"@id":"https:\/\/franciscanos.org.br\/noticias\/comeca-hoje-ciclo-de-conversa-misticas-cristas.html#breadcrumb"},"inLanguage":"pt-BR","potentialAction":[{"@type":"ReadAction","target":["https:\/\/franciscanos.org.br\/noticias\/comeca-hoje-ciclo-de-conversa-misticas-cristas.html"]}]},{"@type":"BreadcrumbList","@id":"https:\/\/franciscanos.org.br\/noticias\/comeca-hoje-ciclo-de-conversa-misticas-cristas.html#breadcrumb","itemListElement":[{"@type":"ListItem","position":1,"name":"Home","item":"https:\/\/franciscanos.org.br\/noticias"},{"@type":"ListItem","position":2,"name":"Come\u00e7a hoje Ciclo de conversa \u201cM\u00edsticas Crist\u00e3s\u201d"}]},{"@type":"Person","@id":"https:\/\/franciscanos.org.br\/noticias\/#\/schema\/person\/b5c8cba458c330ccff548b056e95a5d4","name":"moacir","image":{"@type":"ImageObject","inLanguage":"pt-BR","@id":"https:\/\/franciscanos.org.br\/noticias\/#\/schema\/person\/image\/","url":"https:\/\/secure.gravatar.com\/avatar\/d08aa2ce4c8dd416d4479aa8536fcf64?s=96&d=mm&r=g","contentUrl":"https:\/\/secure.gravatar.com\/avatar\/d08aa2ce4c8dd416d4479aa8536fcf64?s=96&d=mm&r=g","caption":"moacir"},"url":"https:\/\/franciscanos.org.br\/noticias\/author\/moacir"}]}},"_links":{"self":[{"href":"https:\/\/franciscanos.org.br\/noticias\/wp-json\/wp\/v2\/posts\/233420"}],"collection":[{"href":"https:\/\/franciscanos.org.br\/noticias\/wp-json\/wp\/v2\/posts"}],"about":[{"href":"https:\/\/franciscanos.org.br\/noticias\/wp-json\/wp\/v2\/types\/post"}],"author":[{"embeddable":true,"href":"https:\/\/franciscanos.org.br\/noticias\/wp-json\/wp\/v2\/users\/3"}],"replies":[{"embeddable":true,"href":"https:\/\/franciscanos.org.br\/noticias\/wp-json\/wp\/v2\/comments?post=233420"}],"version-history":[{"count":1,"href":"https:\/\/franciscanos.org.br\/noticias\/wp-json\/wp\/v2\/posts\/233420\/revisions"}],"predecessor-version":[{"id":233422,"href":"https:\/\/franciscanos.org.br\/noticias\/wp-json\/wp\/v2\/posts\/233420\/revisions\/233422"}],"wp:featuredmedia":[{"embeddable":true,"href":"https:\/\/franciscanos.org.br\/noticias\/wp-json\/wp\/v2\/media\/233421"}],"wp:attachment":[{"href":"https:\/\/franciscanos.org.br\/noticias\/wp-json\/wp\/v2\/media?parent=233420"}],"wp:term":[{"taxonomy":"category","embeddable":true,"href":"https:\/\/franciscanos.org.br\/noticias\/wp-json\/wp\/v2\/categories?post=233420"},{"taxonomy":"post_tag","embeddable":true,"href":"https:\/\/franciscanos.org.br\/noticias\/wp-json\/wp\/v2\/tags?post=233420"}],"curies":[{"name":"wp","href":"https:\/\/api.w.org\/{rel}","templated":true}]}}