{"id":233399,"date":"2021-07-25T08:29:08","date_gmt":"2021-07-25T11:29:08","guid":{"rendered":"https:\/\/franciscanos.org.br\/noticias\/?p=233399"},"modified":"2021-07-25T08:29:42","modified_gmt":"2021-07-25T11:29:42","slug":"francisco-acredite-no-amor-no-poder-do-servico-na-forca-da-gratuidade","status":"publish","type":"post","link":"https:\/\/franciscanos.org.br\/noticias\/francisco-acredite-no-amor-no-poder-do-servico-na-forca-da-gratuidade.html","title":{"rendered":"Papa Francisco: acredite no amor, no poder do servi\u00e7o, na for\u00e7a da gratuidade"},"content":{"rendered":"<div id=\"attachment_233400\" style=\"width: 1290px\" class=\"wp-caption alignnone\"><img aria-describedby=\"caption-attachment-233400\" loading=\"lazy\" class=\"wp-image-233400 size-full\" src=\"https:\/\/franciscanos.org.br\/noticias\/wp-content\/uploads\/2021\/07\/papa_25.jpg\" alt=\"\" width=\"1280\" height=\"720\" srcset=\"https:\/\/franciscanos.org.br\/noticias\/wp-content\/uploads\/2021\/07\/papa_25.jpg 1280w, https:\/\/franciscanos.org.br\/noticias\/wp-content\/uploads\/2021\/07\/papa_25-450x253.jpg 450w, https:\/\/franciscanos.org.br\/noticias\/wp-content\/uploads\/2021\/07\/papa_25-1024x576.jpg 1024w, https:\/\/franciscanos.org.br\/noticias\/wp-content\/uploads\/2021\/07\/papa_25-768x432.jpg 768w, https:\/\/franciscanos.org.br\/noticias\/wp-content\/uploads\/2021\/07\/papa_25-150x84.jpg 150w\" sizes=\"(max-width: 1280px) 100vw, 1280px\" \/><p id=\"caption-attachment-233400\" class=\"wp-caption-text\"><em>\u00a0 \u00a0 \u00a0 \u00a0 \u00a0 \u00a0 \u00a0 \u00a0 \u00a0 \u00a0 \u00a0 \u00a0 \u00a0 \u00a0 \u00a0 \u00a0 \u00a0 \u00a0 \u00a0 \u00a0 \u00a0 \u00a0 \u00a0 \u00a0 \u00a0 \u00a0 \u00a0 \u00a0 \u00a0 \u00a0 \u00a0 \u00a0 \u00a0 \u00a0 \u00a0 \u00a0 \u00a0 \u00a0 \u00a0 \u00a0 \u00a0 \u00a0 \u00a0 \u00a0 \u00a0 \u00a0 \u00a0 \u00a0 \u00a0 \u00a0 \u00a0 \u00a0 \u00a0 \u00a0 \u00a0 \u00a0 \u00a0 \u00a0 \u00a0 \u00a0 \u00a0 \u00a0 \u00a0 \u00a0 \u00a0 \u00a0 \u00a0 \u00a0 \u00a0 \u00a0 \u00a0 \u00a0 \u00a0 \u00a0 \u00a0 \u00a0 \u00a0 \u00a0 \u00a0 \u00a0 \u00a0 \u00a0 \u00a0 \u00a0 \u00a0 \u00a0 \u00a0 \u00a0 \u00a0 Imagem: Vatican Media<\/em><\/p><\/div>\n<p>O Papa Francisco rezou a ora\u00e7\u00e3o mariana do Angelus, deste domingo (25\/07), da janela do apartamento pontif\u00edcio, com os fi\u00e9is e peregrinos reunidos na Pra\u00e7a S\u00e3o Pedro.<\/p>\n<p>Na alocu\u00e7\u00e3o que precedeu a ora\u00e7\u00e3o, Francisco recordou o Evangelho da Liturgia deste domingo que narra o famoso epis\u00f3dio da multiplica\u00e7\u00e3o dos p\u00e3es e peixes, com o qual Jesus alimentou cerca de cinco mil pessoas que foram ouvi-lo.<\/p>\n<p>Segundo o Papa, &#8220;\u00e9 interessante ver como acontece este milagre: Jesus n\u00e3o cria os p\u00e3es e os peixes do nada, mas age a partir do que os disc\u00edpulos lhe trazem. Um deles diz: &#8220;H\u00e1 aqui um menino que tem cinco p\u00e3es de cevada e dois peixes; mas o que \u00e9 isso para tanta gente&#8221;? &#8220;\u00c9 pouco, n\u00e3o \u00e9 nada, mas \u00e9 o suficiente para Jesus&#8221;, disse o Pont\u00edfice.<\/p>\n<p><strong>Um grande ensinamento para n\u00f3s<\/strong><br \/>\n&#8220;Vamos agora tentar nos colocar no lugar daquele menino&#8221;, disse Francisco, acrescentando: Os disc\u00edpulos lhe pedem para partilhar tudo o que ele tem para comer. Parece uma proposta insensata, ali\u00e1s, injusta. Por que privar uma pessoa, principalmente um menino, do que ele trouxe de casa e tem o direito de guardar para si? Por que tirar de uma pessoa o que n\u00e3o \u00e9 suficiente para alimentar a todos? Humanamente, \u00e9 il\u00f3gico. Mas n\u00e3o para Deus. Pelo contr\u00e1rio, gra\u00e7as a esse pequeno dom gratuito e, portanto, heroico, Jesus pode alimentar a todos. Este \u00e9 um grande ensinamento para n\u00f3s. Ele nos diz que o Senhor pode fazer muito com o pouco que colocamos \u00e0 sua disposi\u00e7\u00e3o.<\/p>\n<p>A seguir, o Papa disse que seria bom perguntar-nos todos os dias: &#8220;O que eu levo para Jesus hoje?&#8221; &#8220;Ele pode fazer muito com uma ora\u00e7\u00e3o nossa, com um gesto de caridade para com os outros, at\u00e9 mesmo com a nossa mis\u00e9ria entregue \u00e0 sua miseric\u00f3rdia. Deus ama agir assim: Ele faz grandes coisas a partir de coisas pequenas e gratuitas&#8221;, sublinhou.<\/p>\n<p><strong>Jesus nos pede para doar, para diminuir<\/strong><br \/>\nA seguir, Francisco recordou que todos os grandes protagonistas da B\u00edblia, de Abra\u00e3o a Maria, e tamb\u00e9m o menino citado no Evangelho de hoje, mostram esta l\u00f3gica da pequenez e do dom.<\/p>\n<p>A l\u00f3gica do dom \u00e9 muito diferente da nossa. N\u00f3s buscamos acumular e aumentar o que temos. Em vez disso, Jesus nos pede para doar, para diminuir. N\u00f3s amamos acrescentar, gostamos de adicionar. Jesus gosta de subtrair, de tirar alguma coisa para dar aos outros. N\u00f3s queremos multiplicar para n\u00f3s. Jesus aprecia quando dividimos com os outros, quando partilhamos. \u00c9 curioso que nos relatos da multiplica\u00e7\u00e3o dos p\u00e3es presentes nos Evangelhos, o verbo &#8220;multiplicar&#8221; nunca aparece. Pelo contr\u00e1rio, os verbos usados s\u00e3o de sinal oposto: &#8220;partir&#8221;, &#8220;dar&#8221;, &#8220;distribuir&#8221;. O verdadeiro milagre, diz Jesus, n\u00e3o \u00e9 a multiplica\u00e7\u00e3o que produz gl\u00f3ria e poder, mas a divis\u00e3o, a partilha, que aumenta o amor e permite que Deus realize maravilhas. Vamos compartilhar mais: experimentar este caminho Jesus nos ensina.<\/p>\n<p><strong>Fome que afeta particularmente as crian\u00e7as<\/strong><br \/>\nFrancisco recordou que &#8220;tamb\u00e9m hoje, a multiplica\u00e7\u00e3o de bens n\u00e3o resolve os problemas sem uma partilha justa&#8221;.<\/p>\n<p>Vem \u00e0 mente a trag\u00e9dia da fome que afeta particularmente as crian\u00e7as. Foi calculado que todos os dias no mundo cerca de sete mil crian\u00e7as abaixo de cinco anos morrem por causa da desnutri\u00e7\u00e3o. Porque n\u00e3o t\u00eam o necess\u00e1rio para viver. Diante de esc\u00e2ndalos como estes, Jesus tamb\u00e9m nos faz um convite, um convite semelhante ao que provavelmente recebeu o menino do Evangelho, que n\u00e3o tem nome e no qual todos n\u00f3s podemos nos ver: &#8220;Coragem, doa o pouco que tem, os seus talentos e seus bens, coloque-os \u00e0 disposi\u00e7\u00e3o de Jesus e dos irm\u00e3os. N\u00e3o tenha medo, nada ser\u00e1 perdido, porque se voc\u00ea partilha, Deus multiplica. Expulse a falsa mod\u00e9stia de se sentir inadequado, confie. Acredite no amor, no poder do servi\u00e7o, na for\u00e7a da gratuidade.<\/p>\n<p>O Papa concluiu sua alocu\u00e7\u00e3o, pedindo &#8220;que a Virgem Maria, que respondeu &#8220;sim&#8221; \u00e0 proposta inaudita de Deus, nos ajude a abrir o cora\u00e7\u00e3o para os convites do Senhor e para as necessidades dos outros&#8221;.<\/p>\n<hr \/>\n<p><em>Fonte: Vatican News (Mariangela Jaguraba)<\/em><\/p>\n","protected":false},"excerpt":{"rendered":"<p>Angelus<\/p>\n","protected":false},"author":3,"featured_media":233401,"comment_status":"open","ping_status":"open","sticky":false,"template":"","format":"standard","meta":[],"categories":[1428],"tags":[403],"acf":[],"yoast_head":"<!-- This site is optimized with the Yoast SEO plugin v19.2 - https:\/\/yoast.com\/wordpress\/plugins\/seo\/ -->\n<title>Papa Francisco: acredite no amor, no poder do servi\u00e7o, na for\u00e7a da gratuidade - Not\u00edcias - Franciscanos<\/title>\n<meta name=\"robots\" content=\"index, follow, max-snippet:-1, max-image-preview:large, max-video-preview:-1\" \/>\n<link rel=\"canonical\" href=\"https:\/\/franciscanos.org.br\/noticias\/francisco-acredite-no-amor-no-poder-do-servico-na-forca-da-gratuidade.html\" \/>\n<meta property=\"og:locale\" content=\"pt_BR\" \/>\n<meta property=\"og:type\" content=\"article\" \/>\n<meta property=\"og:title\" content=\"Papa Francisco: acredite no amor, no poder do servi\u00e7o, na for\u00e7a da gratuidade - Not\u00edcias - Franciscanos\" \/>\n<meta property=\"og:description\" content=\"Angelus\" \/>\n<meta property=\"og:url\" content=\"https:\/\/franciscanos.org.br\/noticias\/francisco-acredite-no-amor-no-poder-do-servico-na-forca-da-gratuidade.html\" \/>\n<meta property=\"og:site_name\" content=\"Not\u00edcias - Franciscanos\" \/>\n<meta property=\"article:published_time\" content=\"2021-07-25T11:29:08+00:00\" \/>\n<meta property=\"article:modified_time\" content=\"2021-07-25T11:29:42+00:00\" \/>\n<meta property=\"og:image\" content=\"https:\/\/franciscanos.org.br\/noticias\/wp-content\/uploads\/2021\/07\/papa_25d.jpg\" \/>\n\t<meta property=\"og:image:width\" content=\"800\" \/>\n\t<meta property=\"og:image:height\" content=\"550\" \/>\n\t<meta property=\"og:image:type\" content=\"image\/jpeg\" \/>\n<meta name=\"author\" content=\"moacir\" \/>\n<meta name=\"twitter:card\" content=\"summary_large_image\" \/>\n<meta name=\"twitter:label1\" content=\"Escrito por\" \/>\n\t<meta name=\"twitter:data1\" content=\"moacir\" \/>\n\t<meta name=\"twitter:label2\" content=\"Est. tempo de leitura\" \/>\n\t<meta name=\"twitter:data2\" content=\"4 minutos\" \/>\n<script type=\"application\/ld+json\" class=\"yoast-schema-graph\">{\"@context\":\"https:\/\/schema.org\",\"@graph\":[{\"@type\":\"WebSite\",\"@id\":\"https:\/\/franciscanos.org.br\/noticias\/#website\",\"url\":\"https:\/\/franciscanos.org.br\/noticias\/\",\"name\":\"Not\u00edcias - Franciscanos\",\"description\":\"Prov\u00edncia Franciscana da Imaculada Concei\u00e7\u00e3o do Brasil - Ordem dos Frades Menores - OFM\",\"potentialAction\":[{\"@type\":\"SearchAction\",\"target\":{\"@type\":\"EntryPoint\",\"urlTemplate\":\"https:\/\/franciscanos.org.br\/noticias\/?s={search_term_string}\"},\"query-input\":\"required name=search_term_string\"}],\"inLanguage\":\"pt-BR\"},{\"@type\":\"ImageObject\",\"inLanguage\":\"pt-BR\",\"@id\":\"https:\/\/franciscanos.org.br\/noticias\/francisco-acredite-no-amor-no-poder-do-servico-na-forca-da-gratuidade.html#primaryimage\",\"url\":\"https:\/\/franciscanos.org.br\/noticias\/wp-content\/uploads\/2021\/07\/papa_25d.jpg\",\"contentUrl\":\"https:\/\/franciscanos.org.br\/noticias\/wp-content\/uploads\/2021\/07\/papa_25d.jpg\",\"width\":800,\"height\":550},{\"@type\":\"WebPage\",\"@id\":\"https:\/\/franciscanos.org.br\/noticias\/francisco-acredite-no-amor-no-poder-do-servico-na-forca-da-gratuidade.html#webpage\",\"url\":\"https:\/\/franciscanos.org.br\/noticias\/francisco-acredite-no-amor-no-poder-do-servico-na-forca-da-gratuidade.html\",\"name\":\"Papa Francisco: acredite no amor, no poder do servi\u00e7o, na for\u00e7a da gratuidade - Not\u00edcias - Franciscanos\",\"isPartOf\":{\"@id\":\"https:\/\/franciscanos.org.br\/noticias\/#website\"},\"primaryImageOfPage\":{\"@id\":\"https:\/\/franciscanos.org.br\/noticias\/francisco-acredite-no-amor-no-poder-do-servico-na-forca-da-gratuidade.html#primaryimage\"},\"datePublished\":\"2021-07-25T11:29:08+00:00\",\"dateModified\":\"2021-07-25T11:29:42+00:00\",\"author\":{\"@id\":\"https:\/\/franciscanos.org.br\/noticias\/#\/schema\/person\/b5c8cba458c330ccff548b056e95a5d4\"},\"breadcrumb\":{\"@id\":\"https:\/\/franciscanos.org.br\/noticias\/francisco-acredite-no-amor-no-poder-do-servico-na-forca-da-gratuidade.html#breadcrumb\"},\"inLanguage\":\"pt-BR\",\"potentialAction\":[{\"@type\":\"ReadAction\",\"target\":[\"https:\/\/franciscanos.org.br\/noticias\/francisco-acredite-no-amor-no-poder-do-servico-na-forca-da-gratuidade.html\"]}]},{\"@type\":\"BreadcrumbList\",\"@id\":\"https:\/\/franciscanos.org.br\/noticias\/francisco-acredite-no-amor-no-poder-do-servico-na-forca-da-gratuidade.html#breadcrumb\",\"itemListElement\":[{\"@type\":\"ListItem\",\"position\":1,\"name\":\"Home\",\"item\":\"https:\/\/franciscanos.org.br\/noticias\"},{\"@type\":\"ListItem\",\"position\":2,\"name\":\"Papa Francisco: acredite no amor, no poder do servi\u00e7o, na for\u00e7a da gratuidade\"}]},{\"@type\":\"Person\",\"@id\":\"https:\/\/franciscanos.org.br\/noticias\/#\/schema\/person\/b5c8cba458c330ccff548b056e95a5d4\",\"name\":\"moacir\",\"image\":{\"@type\":\"ImageObject\",\"inLanguage\":\"pt-BR\",\"@id\":\"https:\/\/franciscanos.org.br\/noticias\/#\/schema\/person\/image\/\",\"url\":\"https:\/\/secure.gravatar.com\/avatar\/d08aa2ce4c8dd416d4479aa8536fcf64?s=96&d=mm&r=g\",\"contentUrl\":\"https:\/\/secure.gravatar.com\/avatar\/d08aa2ce4c8dd416d4479aa8536fcf64?s=96&d=mm&r=g\",\"caption\":\"moacir\"},\"url\":\"https:\/\/franciscanos.org.br\/noticias\/author\/moacir\"}]}<\/script>\n<!-- \/ Yoast SEO plugin. -->","yoast_head_json":{"title":"Papa Francisco: acredite no amor, no poder do servi\u00e7o, na for\u00e7a da gratuidade - Not\u00edcias - Franciscanos","robots":{"index":"index","follow":"follow","max-snippet":"max-snippet:-1","max-image-preview":"max-image-preview:large","max-video-preview":"max-video-preview:-1"},"canonical":"https:\/\/franciscanos.org.br\/noticias\/francisco-acredite-no-amor-no-poder-do-servico-na-forca-da-gratuidade.html","og_locale":"pt_BR","og_type":"article","og_title":"Papa Francisco: acredite no amor, no poder do servi\u00e7o, na for\u00e7a da gratuidade - Not\u00edcias - Franciscanos","og_description":"Angelus","og_url":"https:\/\/franciscanos.org.br\/noticias\/francisco-acredite-no-amor-no-poder-do-servico-na-forca-da-gratuidade.html","og_site_name":"Not\u00edcias - Franciscanos","article_published_time":"2021-07-25T11:29:08+00:00","article_modified_time":"2021-07-25T11:29:42+00:00","og_image":[{"width":800,"height":550,"url":"https:\/\/franciscanos.org.br\/noticias\/wp-content\/uploads\/2021\/07\/papa_25d.jpg","type":"image\/jpeg"}],"author":"moacir","twitter_card":"summary_large_image","twitter_misc":{"Escrito por":"moacir","Est. tempo de leitura":"4 minutos"},"schema":{"@context":"https:\/\/schema.org","@graph":[{"@type":"WebSite","@id":"https:\/\/franciscanos.org.br\/noticias\/#website","url":"https:\/\/franciscanos.org.br\/noticias\/","name":"Not\u00edcias - Franciscanos","description":"Prov\u00edncia Franciscana da Imaculada Concei\u00e7\u00e3o do Brasil - Ordem dos Frades Menores - OFM","potentialAction":[{"@type":"SearchAction","target":{"@type":"EntryPoint","urlTemplate":"https:\/\/franciscanos.org.br\/noticias\/?s={search_term_string}"},"query-input":"required name=search_term_string"}],"inLanguage":"pt-BR"},{"@type":"ImageObject","inLanguage":"pt-BR","@id":"https:\/\/franciscanos.org.br\/noticias\/francisco-acredite-no-amor-no-poder-do-servico-na-forca-da-gratuidade.html#primaryimage","url":"https:\/\/franciscanos.org.br\/noticias\/wp-content\/uploads\/2021\/07\/papa_25d.jpg","contentUrl":"https:\/\/franciscanos.org.br\/noticias\/wp-content\/uploads\/2021\/07\/papa_25d.jpg","width":800,"height":550},{"@type":"WebPage","@id":"https:\/\/franciscanos.org.br\/noticias\/francisco-acredite-no-amor-no-poder-do-servico-na-forca-da-gratuidade.html#webpage","url":"https:\/\/franciscanos.org.br\/noticias\/francisco-acredite-no-amor-no-poder-do-servico-na-forca-da-gratuidade.html","name":"Papa Francisco: acredite no amor, no poder do servi\u00e7o, na for\u00e7a da gratuidade - Not\u00edcias - Franciscanos","isPartOf":{"@id":"https:\/\/franciscanos.org.br\/noticias\/#website"},"primaryImageOfPage":{"@id":"https:\/\/franciscanos.org.br\/noticias\/francisco-acredite-no-amor-no-poder-do-servico-na-forca-da-gratuidade.html#primaryimage"},"datePublished":"2021-07-25T11:29:08+00:00","dateModified":"2021-07-25T11:29:42+00:00","author":{"@id":"https:\/\/franciscanos.org.br\/noticias\/#\/schema\/person\/b5c8cba458c330ccff548b056e95a5d4"},"breadcrumb":{"@id":"https:\/\/franciscanos.org.br\/noticias\/francisco-acredite-no-amor-no-poder-do-servico-na-forca-da-gratuidade.html#breadcrumb"},"inLanguage":"pt-BR","potentialAction":[{"@type":"ReadAction","target":["https:\/\/franciscanos.org.br\/noticias\/francisco-acredite-no-amor-no-poder-do-servico-na-forca-da-gratuidade.html"]}]},{"@type":"BreadcrumbList","@id":"https:\/\/franciscanos.org.br\/noticias\/francisco-acredite-no-amor-no-poder-do-servico-na-forca-da-gratuidade.html#breadcrumb","itemListElement":[{"@type":"ListItem","position":1,"name":"Home","item":"https:\/\/franciscanos.org.br\/noticias"},{"@type":"ListItem","position":2,"name":"Papa Francisco: acredite no amor, no poder do servi\u00e7o, na for\u00e7a da gratuidade"}]},{"@type":"Person","@id":"https:\/\/franciscanos.org.br\/noticias\/#\/schema\/person\/b5c8cba458c330ccff548b056e95a5d4","name":"moacir","image":{"@type":"ImageObject","inLanguage":"pt-BR","@id":"https:\/\/franciscanos.org.br\/noticias\/#\/schema\/person\/image\/","url":"https:\/\/secure.gravatar.com\/avatar\/d08aa2ce4c8dd416d4479aa8536fcf64?s=96&d=mm&r=g","contentUrl":"https:\/\/secure.gravatar.com\/avatar\/d08aa2ce4c8dd416d4479aa8536fcf64?s=96&d=mm&r=g","caption":"moacir"},"url":"https:\/\/franciscanos.org.br\/noticias\/author\/moacir"}]}},"_links":{"self":[{"href":"https:\/\/franciscanos.org.br\/noticias\/wp-json\/wp\/v2\/posts\/233399"}],"collection":[{"href":"https:\/\/franciscanos.org.br\/noticias\/wp-json\/wp\/v2\/posts"}],"about":[{"href":"https:\/\/franciscanos.org.br\/noticias\/wp-json\/wp\/v2\/types\/post"}],"author":[{"embeddable":true,"href":"https:\/\/franciscanos.org.br\/noticias\/wp-json\/wp\/v2\/users\/3"}],"replies":[{"embeddable":true,"href":"https:\/\/franciscanos.org.br\/noticias\/wp-json\/wp\/v2\/comments?post=233399"}],"version-history":[{"count":2,"href":"https:\/\/franciscanos.org.br\/noticias\/wp-json\/wp\/v2\/posts\/233399\/revisions"}],"predecessor-version":[{"id":233403,"href":"https:\/\/franciscanos.org.br\/noticias\/wp-json\/wp\/v2\/posts\/233399\/revisions\/233403"}],"wp:featuredmedia":[{"embeddable":true,"href":"https:\/\/franciscanos.org.br\/noticias\/wp-json\/wp\/v2\/media\/233401"}],"wp:attachment":[{"href":"https:\/\/franciscanos.org.br\/noticias\/wp-json\/wp\/v2\/media?parent=233399"}],"wp:term":[{"taxonomy":"category","embeddable":true,"href":"https:\/\/franciscanos.org.br\/noticias\/wp-json\/wp\/v2\/categories?post=233399"},{"taxonomy":"post_tag","embeddable":true,"href":"https:\/\/franciscanos.org.br\/noticias\/wp-json\/wp\/v2\/tags?post=233399"}],"curies":[{"name":"wp","href":"https:\/\/api.w.org\/{rel}","templated":true}]}}