{"id":233383,"date":"2021-07-24T20:03:18","date_gmt":"2021-07-24T23:03:18","guid":{"rendered":"https:\/\/franciscanos.org.br\/noticias\/?p=233383"},"modified":"2021-07-25T23:07:01","modified_gmt":"2021-07-26T02:07:01","slug":"coral-dos-canarinhos-de-petropolis-e-finalista-nos-premios-de-comunicacao-da-cnbb","status":"publish","type":"post","link":"https:\/\/franciscanos.org.br\/noticias\/coral-dos-canarinhos-de-petropolis-e-finalista-nos-premios-de-comunicacao-da-cnbb.html","title":{"rendered":"Coral dos Canarinhos de Petr\u00f3polis \u00e9 finalista nos Pr\u00eamios de Comunica\u00e7\u00e3o da CNBB"},"content":{"rendered":"<p><img loading=\"lazy\" class=\"alignnone wp-image-233384 size-full\" src=\"https:\/\/franciscanos.org.br\/noticias\/wp-content\/uploads\/2021\/07\/canarinhos_240721.jpg\" alt=\"\" width=\"1200\" height=\"700\" srcset=\"https:\/\/franciscanos.org.br\/noticias\/wp-content\/uploads\/2021\/07\/canarinhos_240721.jpg 1200w, https:\/\/franciscanos.org.br\/noticias\/wp-content\/uploads\/2021\/07\/canarinhos_240721-450x263.jpg 450w, https:\/\/franciscanos.org.br\/noticias\/wp-content\/uploads\/2021\/07\/canarinhos_240721-1024x597.jpg 1024w, https:\/\/franciscanos.org.br\/noticias\/wp-content\/uploads\/2021\/07\/canarinhos_240721-768x448.jpg 768w, https:\/\/franciscanos.org.br\/noticias\/wp-content\/uploads\/2021\/07\/canarinhos_240721-150x88.jpg 150w\" sizes=\"(max-width: 1200px) 100vw, 1200px\" \/><\/p>\n<p><strong>Petr\u00f3polis (RJ) \u2013<\/strong> O Coral dos Canarinhos de Petr\u00f3polis \u00e9 um dos finalistas da 53\u00aa edi\u00e7\u00e3o dos Pr\u00eamios de Comunica\u00e7\u00e3o da Confer\u00eancia Nacional dos Bispos do Brasil (CNBB). A informa\u00e7\u00e3o foi divulgada na tarde deste s\u00e1bado (24\/07), durante o evento do Mutir\u00e3o de Comunica\u00e7\u00e3o da CNBB, que re\u00fane mais de cinco mil participantes.<\/p>\n<p>O coro mais antigo do pa\u00eds foi um dos escolhidos na categoria \u201cIniciativas em Redes Sociais\u201d, referente ao pr\u00eamio Dom Luciano Mendes de Almeida, com o Especial dos 78 anos do Coral dos Canarinhos de Petr\u00f3polis, que foi exibido pela TvFranciscanos da Prov\u00edncia da Imaculada Concei\u00e7\u00e3o do Brasil, em 15 de agosto de 2020.<\/p>\n<div id=\"attachment_233386\" style=\"width: 460px\" class=\"wp-caption alignright\"><img aria-describedby=\"caption-attachment-233386\" loading=\"lazy\" class=\"wp-image-233386 size-medium\" src=\"https:\/\/franciscanos.org.br\/noticias\/wp-content\/uploads\/2021\/07\/canarinhos_240721_2-450x221.jpeg\" alt=\"\" width=\"450\" height=\"221\" srcset=\"https:\/\/franciscanos.org.br\/noticias\/wp-content\/uploads\/2021\/07\/canarinhos_240721_2-450x221.jpeg 450w, https:\/\/franciscanos.org.br\/noticias\/wp-content\/uploads\/2021\/07\/canarinhos_240721_2-1024x503.jpeg 1024w, https:\/\/franciscanos.org.br\/noticias\/wp-content\/uploads\/2021\/07\/canarinhos_240721_2-768x377.jpeg 768w, https:\/\/franciscanos.org.br\/noticias\/wp-content\/uploads\/2021\/07\/canarinhos_240721_2-150x74.jpeg 150w, https:\/\/franciscanos.org.br\/noticias\/wp-content\/uploads\/2021\/07\/canarinhos_240721_2.jpeg 1082w\" sizes=\"(max-width: 450px) 100vw, 450px\" \/><p id=\"caption-attachment-233386\" class=\"wp-caption-text\"><em>Imagem: captura de tela da transmiss\u00e3o digital<\/em><\/p><\/div>\n<p>Segundo Dom Edilson Nobre, bispo de Oeiras (PI) e membro da Comiss\u00e3o Episcopal Pastoral \u00a0para a Comunica\u00e7\u00e3o, a edi\u00e7\u00e3o dos Pr\u00eamios de Comunica\u00e7\u00e3o, que compreende os anos de 2019 e 2020, teve 397 inscritos e 41 finalistas, distribu\u00eddos entre as categorias de r\u00e1dio, tv, cinema, redes sociais, aplicativos e afins. Na categoria das Redes Sociais, al\u00e9m do Instituto dos Meninos Cantores, outras duas obras foram classificadas: \u201cMeu voto importa\u201d de Franklin Machado do Regional Sul 4 da CNBB e o \u201cO Brasil que l\u00ea\u201d, de Viviane Aparecida Moreira Silva da PUC &#8211; Rio de Janeiro.<\/p>\n<p>Frei Marcos Antonio de Andrade, presidente do Instituto dos Meninos Cantores (IMCP), n\u00e3o esconde a alegria e o entusiasmo com a indica\u00e7\u00e3o. \u201cPela primeira vez somos indicados ao pr\u00eamio da CNBB em uma hist\u00f3ria de quase 80 anos de coro\u201d, frisou. \u201cSem d\u00favida, \u00e9 uma marco na hist\u00f3ria de evangeliza\u00e7\u00e3o dos frades menores franciscanos junto ao coral e indica que, mesmo em tempos de pandemia, onde tudo \u00e9 t\u00e3o incerto e desafiador, estamos trilhando o caminho certo\u201d, revelou.<\/p>\n<p>Para o regente do Coral dos Canarinhos, Marco Aur\u00e9lio Lischt, ser indicado a um pr\u00eamio \u00e9 sempre motivo de reconhecimento do trabalho, \u201cprincipalmente neste per\u00edodo dif\u00edcil em que estamos passando, mantendo nossos ensaios on-line e tamb\u00e9m outras aulas de m\u00fasica. Estamos muito lisonjeados\u201d, frisou.<\/p>\n<div id=\"attachment_233388\" style=\"width: 1210px\" class=\"wp-caption alignnone\"><img aria-describedby=\"caption-attachment-233388\" loading=\"lazy\" class=\"wp-image-233388 size-full\" src=\"https:\/\/franciscanos.org.br\/noticias\/wp-content\/uploads\/2021\/07\/canarinhos_240721_3.jpg\" alt=\"\" width=\"1200\" height=\"700\" srcset=\"https:\/\/franciscanos.org.br\/noticias\/wp-content\/uploads\/2021\/07\/canarinhos_240721_3.jpg 1200w, https:\/\/franciscanos.org.br\/noticias\/wp-content\/uploads\/2021\/07\/canarinhos_240721_3-450x263.jpg 450w, https:\/\/franciscanos.org.br\/noticias\/wp-content\/uploads\/2021\/07\/canarinhos_240721_3-1024x597.jpg 1024w, https:\/\/franciscanos.org.br\/noticias\/wp-content\/uploads\/2021\/07\/canarinhos_240721_3-768x448.jpg 768w, https:\/\/franciscanos.org.br\/noticias\/wp-content\/uploads\/2021\/07\/canarinhos_240721_3-150x88.jpg 150w\" sizes=\"(max-width: 1200px) 100vw, 1200px\" \/><p id=\"caption-attachment-233388\" class=\"wp-caption-text\"><em>Cerim\u00f4nia de Investidura de 11 novos integrantes do Coral. Foto: 2021<\/em><\/p><\/div>\n<p>O Coral dos Canarinhos de Petr\u00f3polis \u00e9 um grupo que tem em sua primeira miss\u00e3o o servi\u00e7o \u00e0 Igreja Cat\u00f3lica. \u201cTermos esse reconhecimento pela CNBB \u00e9 motivo de muita satisfa\u00e7\u00e3o e orgulho de sermos m\u00fasicos sacros em um pa\u00eds onde h\u00e1 tantas dificuldades. Creio que somos mais\u00a0 do que um coro de meninos e jovens. Somos uma institui\u00e7\u00e3o que educa e forma bons cidad\u00e3os, abrindo caminhos para que as novas gera\u00e7\u00f5es tenham melhores oportunidades na vida\u201d, destacou.<\/p>\n<p>Para a gestora do Instituto dos Meninos Cantores de Petr\u00f3polis (IMCP), Rose de Mello, \u00e9 uma grande alegria \u00a0ter o v\u00eddeo dos 78 anos do Coral dos Canarinhos indicado na 53\u00aa edi\u00e7\u00e3o dos pr\u00eamios de comunica\u00e7\u00e3o da CNBB. \u201cA atividade principal da institui\u00e7\u00e3o n\u00e3o \u00e9 produzir v\u00eddeos, mas a pandemia nos fez criar uma nova forma de se apresentar para a nossa plateia\u201d, explicou. \u201cHoje tenho um sentimento de vit\u00f3ria, pois no in\u00edcio da pandemia ach\u00e1vamos que o Coral dos Canarinhos iria parar suas atividades, mas gra\u00e7as ao esfor\u00e7o dos cantores, pais, frades e colaboradores conseguimos nos reinventar e hoje esta not\u00edcia vem nos mostrar que nunca podemos desistir do que acreditamos. Para tudo h\u00e1 uma solu\u00e7\u00e3o\u201d, comemorou.<\/p>\n<p>Os Pr\u00eamios de Comunica\u00e7\u00e3o ser\u00e3o entregues nas cidades dos premiados, por meio das dioceses locais, entre agosto e outubro de 2021. Um programa de TV com participa\u00e7\u00e3o dos premiados ser\u00e1 veiculado pelas emissoras de inspira\u00e7\u00e3o cat\u00f3lica do Brasil, em outubro, em data ainda a ser definida.<\/p>\n<h3 style=\"text-align: center;\"><strong>VEJA O ESPECIAL DE 78 ANOS DO CORAL DOS CANARINHOS<\/strong><\/h3>\n<p><iframe loading=\"lazy\" title=\"YouTube video player\" src=\"https:\/\/www.youtube.com\/embed\/3G7WH5TiQtE\" width=\"100%\" height=\"480\" frameborder=\"0\" allowfullscreen=\"allowfullscreen\"><\/iframe><\/p>\n<hr \/>\n<p><em>Frei Augusto Luiz Gabriel<\/em><\/p>\n<p>&nbsp;<\/p>\n","protected":false},"excerpt":{"rendered":"<p>Instituto dos Meninos Cantores de Petr\u00f3polis (RJ)<\/p>\n","protected":false},"author":5,"featured_media":233385,"comment_status":"open","ping_status":"open","sticky":false,"template":"","format":"standard","meta":[],"categories":[1],"tags":[1378,29,550],"acf":[],"yoast_head":"<!-- This site is optimized with the Yoast SEO plugin v19.2 - https:\/\/yoast.com\/wordpress\/plugins\/seo\/ -->\n<title>Coral dos Canarinhos de Petr\u00f3polis \u00e9 finalista nos Pr\u00eamios de Comunica\u00e7\u00e3o da CNBB - Not\u00edcias - Franciscanos<\/title>\n<meta name=\"robots\" content=\"index, follow, max-snippet:-1, max-image-preview:large, max-video-preview:-1\" \/>\n<link rel=\"canonical\" href=\"https:\/\/franciscanos.org.br\/noticias\/coral-dos-canarinhos-de-petropolis-e-finalista-nos-premios-de-comunicacao-da-cnbb.html\" \/>\n<meta property=\"og:locale\" content=\"pt_BR\" \/>\n<meta property=\"og:type\" content=\"article\" \/>\n<meta property=\"og:title\" content=\"Coral dos Canarinhos de Petr\u00f3polis \u00e9 finalista nos Pr\u00eamios de Comunica\u00e7\u00e3o da CNBB - Not\u00edcias - Franciscanos\" \/>\n<meta property=\"og:description\" content=\"Instituto dos Meninos Cantores de Petr\u00f3polis (RJ)\" \/>\n<meta property=\"og:url\" content=\"https:\/\/franciscanos.org.br\/noticias\/coral-dos-canarinhos-de-petropolis-e-finalista-nos-premios-de-comunicacao-da-cnbb.html\" \/>\n<meta property=\"og:site_name\" content=\"Not\u00edcias - Franciscanos\" \/>\n<meta property=\"article:published_time\" content=\"2021-07-24T23:03:18+00:00\" \/>\n<meta property=\"article:modified_time\" content=\"2021-07-26T02:07:01+00:00\" \/>\n<meta property=\"og:image\" content=\"https:\/\/franciscanos.org.br\/noticias\/wp-content\/uploads\/2021\/07\/canarinhos_240721_1.jpg\" \/>\n\t<meta property=\"og:image:width\" content=\"800\" \/>\n\t<meta property=\"og:image:height\" content=\"600\" \/>\n\t<meta property=\"og:image:type\" content=\"image\/jpeg\" \/>\n<meta name=\"author\" content=\"freiaugusto\" \/>\n<meta name=\"twitter:card\" content=\"summary_large_image\" \/>\n<meta name=\"twitter:label1\" content=\"Escrito por\" \/>\n\t<meta name=\"twitter:data1\" content=\"freiaugusto\" \/>\n\t<meta name=\"twitter:label2\" content=\"Est. tempo de leitura\" \/>\n\t<meta name=\"twitter:data2\" content=\"3 minutos\" \/>\n<script type=\"application\/ld+json\" class=\"yoast-schema-graph\">{\"@context\":\"https:\/\/schema.org\",\"@graph\":[{\"@type\":\"WebSite\",\"@id\":\"https:\/\/franciscanos.org.br\/noticias\/#website\",\"url\":\"https:\/\/franciscanos.org.br\/noticias\/\",\"name\":\"Not\u00edcias - Franciscanos\",\"description\":\"Prov\u00edncia Franciscana da Imaculada Concei\u00e7\u00e3o do Brasil - Ordem dos Frades Menores - OFM\",\"potentialAction\":[{\"@type\":\"SearchAction\",\"target\":{\"@type\":\"EntryPoint\",\"urlTemplate\":\"https:\/\/franciscanos.org.br\/noticias\/?s={search_term_string}\"},\"query-input\":\"required name=search_term_string\"}],\"inLanguage\":\"pt-BR\"},{\"@type\":\"ImageObject\",\"inLanguage\":\"pt-BR\",\"@id\":\"https:\/\/franciscanos.org.br\/noticias\/coral-dos-canarinhos-de-petropolis-e-finalista-nos-premios-de-comunicacao-da-cnbb.html#primaryimage\",\"url\":\"https:\/\/franciscanos.org.br\/noticias\/wp-content\/uploads\/2021\/07\/canarinhos_240721_1.jpg\",\"contentUrl\":\"https:\/\/franciscanos.org.br\/noticias\/wp-content\/uploads\/2021\/07\/canarinhos_240721_1.jpg\",\"width\":800,\"height\":600},{\"@type\":\"WebPage\",\"@id\":\"https:\/\/franciscanos.org.br\/noticias\/coral-dos-canarinhos-de-petropolis-e-finalista-nos-premios-de-comunicacao-da-cnbb.html#webpage\",\"url\":\"https:\/\/franciscanos.org.br\/noticias\/coral-dos-canarinhos-de-petropolis-e-finalista-nos-premios-de-comunicacao-da-cnbb.html\",\"name\":\"Coral dos Canarinhos de Petr\u00f3polis \u00e9 finalista nos Pr\u00eamios de Comunica\u00e7\u00e3o da CNBB - Not\u00edcias - Franciscanos\",\"isPartOf\":{\"@id\":\"https:\/\/franciscanos.org.br\/noticias\/#website\"},\"primaryImageOfPage\":{\"@id\":\"https:\/\/franciscanos.org.br\/noticias\/coral-dos-canarinhos-de-petropolis-e-finalista-nos-premios-de-comunicacao-da-cnbb.html#primaryimage\"},\"datePublished\":\"2021-07-24T23:03:18+00:00\",\"dateModified\":\"2021-07-26T02:07:01+00:00\",\"author\":{\"@id\":\"https:\/\/franciscanos.org.br\/noticias\/#\/schema\/person\/37f88f0d111cd5358b12a6556a99eb91\"},\"breadcrumb\":{\"@id\":\"https:\/\/franciscanos.org.br\/noticias\/coral-dos-canarinhos-de-petropolis-e-finalista-nos-premios-de-comunicacao-da-cnbb.html#breadcrumb\"},\"inLanguage\":\"pt-BR\",\"potentialAction\":[{\"@type\":\"ReadAction\",\"target\":[\"https:\/\/franciscanos.org.br\/noticias\/coral-dos-canarinhos-de-petropolis-e-finalista-nos-premios-de-comunicacao-da-cnbb.html\"]}]},{\"@type\":\"BreadcrumbList\",\"@id\":\"https:\/\/franciscanos.org.br\/noticias\/coral-dos-canarinhos-de-petropolis-e-finalista-nos-premios-de-comunicacao-da-cnbb.html#breadcrumb\",\"itemListElement\":[{\"@type\":\"ListItem\",\"position\":1,\"name\":\"Home\",\"item\":\"https:\/\/franciscanos.org.br\/noticias\"},{\"@type\":\"ListItem\",\"position\":2,\"name\":\"Coral dos Canarinhos de Petr\u00f3polis \u00e9 finalista nos Pr\u00eamios de Comunica\u00e7\u00e3o da CNBB\"}]},{\"@type\":\"Person\",\"@id\":\"https:\/\/franciscanos.org.br\/noticias\/#\/schema\/person\/37f88f0d111cd5358b12a6556a99eb91\",\"name\":\"freiaugusto\",\"image\":{\"@type\":\"ImageObject\",\"inLanguage\":\"pt-BR\",\"@id\":\"https:\/\/franciscanos.org.br\/noticias\/#\/schema\/person\/image\/\",\"url\":\"https:\/\/secure.gravatar.com\/avatar\/9840b940e621801b24f3e6b059efb4b7?s=96&d=mm&r=g\",\"contentUrl\":\"https:\/\/secure.gravatar.com\/avatar\/9840b940e621801b24f3e6b059efb4b7?s=96&d=mm&r=g\",\"caption\":\"freiaugusto\"},\"url\":\"https:\/\/franciscanos.org.br\/noticias\/author\/freiaugusto\"}]}<\/script>\n<!-- \/ Yoast SEO plugin. -->","yoast_head_json":{"title":"Coral dos Canarinhos de Petr\u00f3polis \u00e9 finalista nos Pr\u00eamios de Comunica\u00e7\u00e3o da CNBB - Not\u00edcias - Franciscanos","robots":{"index":"index","follow":"follow","max-snippet":"max-snippet:-1","max-image-preview":"max-image-preview:large","max-video-preview":"max-video-preview:-1"},"canonical":"https:\/\/franciscanos.org.br\/noticias\/coral-dos-canarinhos-de-petropolis-e-finalista-nos-premios-de-comunicacao-da-cnbb.html","og_locale":"pt_BR","og_type":"article","og_title":"Coral dos Canarinhos de Petr\u00f3polis \u00e9 finalista nos Pr\u00eamios de Comunica\u00e7\u00e3o da CNBB - Not\u00edcias - Franciscanos","og_description":"Instituto dos Meninos Cantores de Petr\u00f3polis (RJ)","og_url":"https:\/\/franciscanos.org.br\/noticias\/coral-dos-canarinhos-de-petropolis-e-finalista-nos-premios-de-comunicacao-da-cnbb.html","og_site_name":"Not\u00edcias - Franciscanos","article_published_time":"2021-07-24T23:03:18+00:00","article_modified_time":"2021-07-26T02:07:01+00:00","og_image":[{"width":800,"height":600,"url":"https:\/\/franciscanos.org.br\/noticias\/wp-content\/uploads\/2021\/07\/canarinhos_240721_1.jpg","type":"image\/jpeg"}],"author":"freiaugusto","twitter_card":"summary_large_image","twitter_misc":{"Escrito por":"freiaugusto","Est. tempo de leitura":"3 minutos"},"schema":{"@context":"https:\/\/schema.org","@graph":[{"@type":"WebSite","@id":"https:\/\/franciscanos.org.br\/noticias\/#website","url":"https:\/\/franciscanos.org.br\/noticias\/","name":"Not\u00edcias - Franciscanos","description":"Prov\u00edncia Franciscana da Imaculada Concei\u00e7\u00e3o do Brasil - Ordem dos Frades Menores - OFM","potentialAction":[{"@type":"SearchAction","target":{"@type":"EntryPoint","urlTemplate":"https:\/\/franciscanos.org.br\/noticias\/?s={search_term_string}"},"query-input":"required name=search_term_string"}],"inLanguage":"pt-BR"},{"@type":"ImageObject","inLanguage":"pt-BR","@id":"https:\/\/franciscanos.org.br\/noticias\/coral-dos-canarinhos-de-petropolis-e-finalista-nos-premios-de-comunicacao-da-cnbb.html#primaryimage","url":"https:\/\/franciscanos.org.br\/noticias\/wp-content\/uploads\/2021\/07\/canarinhos_240721_1.jpg","contentUrl":"https:\/\/franciscanos.org.br\/noticias\/wp-content\/uploads\/2021\/07\/canarinhos_240721_1.jpg","width":800,"height":600},{"@type":"WebPage","@id":"https:\/\/franciscanos.org.br\/noticias\/coral-dos-canarinhos-de-petropolis-e-finalista-nos-premios-de-comunicacao-da-cnbb.html#webpage","url":"https:\/\/franciscanos.org.br\/noticias\/coral-dos-canarinhos-de-petropolis-e-finalista-nos-premios-de-comunicacao-da-cnbb.html","name":"Coral dos Canarinhos de Petr\u00f3polis \u00e9 finalista nos Pr\u00eamios de Comunica\u00e7\u00e3o da CNBB - Not\u00edcias - Franciscanos","isPartOf":{"@id":"https:\/\/franciscanos.org.br\/noticias\/#website"},"primaryImageOfPage":{"@id":"https:\/\/franciscanos.org.br\/noticias\/coral-dos-canarinhos-de-petropolis-e-finalista-nos-premios-de-comunicacao-da-cnbb.html#primaryimage"},"datePublished":"2021-07-24T23:03:18+00:00","dateModified":"2021-07-26T02:07:01+00:00","author":{"@id":"https:\/\/franciscanos.org.br\/noticias\/#\/schema\/person\/37f88f0d111cd5358b12a6556a99eb91"},"breadcrumb":{"@id":"https:\/\/franciscanos.org.br\/noticias\/coral-dos-canarinhos-de-petropolis-e-finalista-nos-premios-de-comunicacao-da-cnbb.html#breadcrumb"},"inLanguage":"pt-BR","potentialAction":[{"@type":"ReadAction","target":["https:\/\/franciscanos.org.br\/noticias\/coral-dos-canarinhos-de-petropolis-e-finalista-nos-premios-de-comunicacao-da-cnbb.html"]}]},{"@type":"BreadcrumbList","@id":"https:\/\/franciscanos.org.br\/noticias\/coral-dos-canarinhos-de-petropolis-e-finalista-nos-premios-de-comunicacao-da-cnbb.html#breadcrumb","itemListElement":[{"@type":"ListItem","position":1,"name":"Home","item":"https:\/\/franciscanos.org.br\/noticias"},{"@type":"ListItem","position":2,"name":"Coral dos Canarinhos de Petr\u00f3polis \u00e9 finalista nos Pr\u00eamios de Comunica\u00e7\u00e3o da CNBB"}]},{"@type":"Person","@id":"https:\/\/franciscanos.org.br\/noticias\/#\/schema\/person\/37f88f0d111cd5358b12a6556a99eb91","name":"freiaugusto","image":{"@type":"ImageObject","inLanguage":"pt-BR","@id":"https:\/\/franciscanos.org.br\/noticias\/#\/schema\/person\/image\/","url":"https:\/\/secure.gravatar.com\/avatar\/9840b940e621801b24f3e6b059efb4b7?s=96&d=mm&r=g","contentUrl":"https:\/\/secure.gravatar.com\/avatar\/9840b940e621801b24f3e6b059efb4b7?s=96&d=mm&r=g","caption":"freiaugusto"},"url":"https:\/\/franciscanos.org.br\/noticias\/author\/freiaugusto"}]}},"_links":{"self":[{"href":"https:\/\/franciscanos.org.br\/noticias\/wp-json\/wp\/v2\/posts\/233383"}],"collection":[{"href":"https:\/\/franciscanos.org.br\/noticias\/wp-json\/wp\/v2\/posts"}],"about":[{"href":"https:\/\/franciscanos.org.br\/noticias\/wp-json\/wp\/v2\/types\/post"}],"author":[{"embeddable":true,"href":"https:\/\/franciscanos.org.br\/noticias\/wp-json\/wp\/v2\/users\/5"}],"replies":[{"embeddable":true,"href":"https:\/\/franciscanos.org.br\/noticias\/wp-json\/wp\/v2\/comments?post=233383"}],"version-history":[{"count":7,"href":"https:\/\/franciscanos.org.br\/noticias\/wp-json\/wp\/v2\/posts\/233383\/revisions"}],"predecessor-version":[{"id":233404,"href":"https:\/\/franciscanos.org.br\/noticias\/wp-json\/wp\/v2\/posts\/233383\/revisions\/233404"}],"wp:featuredmedia":[{"embeddable":true,"href":"https:\/\/franciscanos.org.br\/noticias\/wp-json\/wp\/v2\/media\/233385"}],"wp:attachment":[{"href":"https:\/\/franciscanos.org.br\/noticias\/wp-json\/wp\/v2\/media?parent=233383"}],"wp:term":[{"taxonomy":"category","embeddable":true,"href":"https:\/\/franciscanos.org.br\/noticias\/wp-json\/wp\/v2\/categories?post=233383"},{"taxonomy":"post_tag","embeddable":true,"href":"https:\/\/franciscanos.org.br\/noticias\/wp-json\/wp\/v2\/tags?post=233383"}],"curies":[{"name":"wp","href":"https:\/\/api.w.org\/{rel}","templated":true}]}}