{"id":233379,"date":"2021-07-24T06:42:52","date_gmt":"2021-07-24T09:42:52","guid":{"rendered":"https:\/\/franciscanos.org.br\/noticias\/?p=233379"},"modified":"2021-07-24T06:42:52","modified_gmt":"2021-07-24T09:42:52","slug":"oracao-do-terco-vocacional-marcara-celebracao-de-abertura-do-mes-vocacional-na-igreja-do-brasil","status":"publish","type":"post","link":"https:\/\/franciscanos.org.br\/noticias\/oracao-do-terco-vocacional-marcara-celebracao-de-abertura-do-mes-vocacional-na-igreja-do-brasil.html","title":{"rendered":"Ora\u00e7\u00e3o do Ter\u00e7o Vocacional marcar\u00e1 celebra\u00e7\u00e3o de abertura do M\u00eas Vocacional na Igreja do Brasil"},"content":{"rendered":"<div id=\"attachment_233380\" style=\"width: 1213px\" class=\"wp-caption alignnone\"><img aria-describedby=\"caption-attachment-233380\" loading=\"lazy\" class=\"wp-image-233380 size-full\" src=\"https:\/\/franciscanos.org.br\/noticias\/wp-content\/uploads\/2021\/07\/vocacional_24_1.jpeg\" alt=\"\" width=\"1203\" height=\"636\" srcset=\"https:\/\/franciscanos.org.br\/noticias\/wp-content\/uploads\/2021\/07\/vocacional_24_1.jpeg 1203w, https:\/\/franciscanos.org.br\/noticias\/wp-content\/uploads\/2021\/07\/vocacional_24_1-450x238.jpeg 450w, https:\/\/franciscanos.org.br\/noticias\/wp-content\/uploads\/2021\/07\/vocacional_24_1-1024x541.jpeg 1024w, https:\/\/franciscanos.org.br\/noticias\/wp-content\/uploads\/2021\/07\/vocacional_24_1-768x406.jpeg 768w, https:\/\/franciscanos.org.br\/noticias\/wp-content\/uploads\/2021\/07\/vocacional_24_1-150x79.jpeg 150w\" sizes=\"(max-width: 1203px) 100vw, 1203px\" \/><p id=\"caption-attachment-233380\" class=\"wp-caption-text\">\u00a0 \u00a0 \u00a0 \u00a0 \u00a0 \u00a0 \u00a0 \u00a0 \u00a0 \u00a0 \u00a0 \u00a0 \u00a0 \u00a0 \u00a0 \u00a0 \u00a0 \u00a0 \u00a0 \u00a0 \u00a0 \u00a0 \u00a0 \u00a0 \u00a0 \u00a0 \u00a0 \u00a0 \u00a0 \u00a0 \u00a0 \u00a0 \u00a0 \u00a0 \u00a0 \u00a0 \u00a0 \u00a0 \u00a0 \u00a0 \u00a0 \u00a0 \u00a0 \u00a0 \u00a0 \u00a0 \u00a0 \u00a0 \u00a0 \u00a0 \u00a0 \u00a0 \u00a0 \u00a0 \u00a0 \u00a0 \u00a0 \u00a0 \u00a0 \u00a0 \u00a0 \u00a0 \u00a0 \u00a0 \u00a0 \u00a0 \u00a0 \u00a0 \u00a0 \u00a0 \u00a0 \u00a0 \u00a0 \u00a0 \u00a0 \u00a0 \u00a0 \u00a0 \u00a0 \u00a0 <em>\u00a0 \u00a0 \u00a0 \u00a0Arte: CNBB<\/em><\/p><\/div>\n<p>Com os cora\u00e7\u00f5es sens\u00edveis \u00e0 escuta do chamado e a certeza vocacional de que \u201cCristo nos salva e nos envia\u201d, a Comiss\u00e3o para os Minist\u00e9rios Ordenados e a Vida Consagrada da Confer\u00eancia Nacional dos Bispos do Brasil apresentou o tema do M\u00eas Vocacional 2021, a ser celebrado em agosto.<\/p>\n<p>A tem\u00e1tica vem da Exorta\u00e7\u00e3o Apost\u00f3lica P\u00f3s-Sinodal, Christus Vivit, dentro do projeto do Servi\u00e7o de Anima\u00e7\u00e3o Vocacional\/Pastoral Vocacional do Brasil (ChV 118-123). O lema \u00e9 \u201cQuem escuta a minha palavra possui a vida eterna\u201d (cf. Jo 5,24).<\/p>\n<p>Para dar in\u00edcio as comemora\u00e7\u00f5es do M\u00eas Vocacional, a Comiss\u00e3o para os Minist\u00e9rios Ordenados e a Vida Consagrada, juntamente com o Servi\u00e7o de Anima\u00e7\u00e3o Vocacional\/Pastoral Vocacional do Brasil, realizar\u00e1 uma celebra\u00e7\u00e3o de abertura com um ter\u00e7o vocacional. A transmiss\u00e3o ser\u00e1 feita no dia 31 de julho, \u00e0s 17h, por meio das redes sociais da CNBB (@cnbbnacional) e Edi\u00e7\u00f5es CNBB (@cnbbedicoes).<\/p>\n<p>O momento ter\u00e1 uma acolhida e motiva\u00e7\u00e3o inicial que ser\u00e1 feita pelo bispo auxiliar de Manaus e referencial da Pastoral Vocacional, dom Jos\u00e9 Albuquerque. O in\u00edcio do ter\u00e7o vocacional e o an\u00fancio de cada minist\u00e9rio ser\u00e1 feito pelo assessor da Comiss\u00e3o, o padre Jo\u00e3o C\u00e2ndido Neto.<\/p>\n<p>Os demais minist\u00e9rios ser\u00e3o rezados por membros do Servi\u00e7o de Anima\u00e7\u00e3o Vocacional\/Pastoral Vocacional do Brasil. E dom Jo\u00e3o Francisco Salm, presidente da Comiss\u00e3o para os Minist\u00e9rios Ordenados e a Vida Consagrada, encerrar\u00e1 o momento.<\/p>\n<p>\u201cVamos rezar o ter\u00e7o vocacional e faremos a abertura, em n\u00edvel nacional do M\u00eas Vocacional de 2021. Ser\u00e1 um momento importante para a Igreja no Brasil, das diversas comunidades estarem juntas, rezando e pedindo a gra\u00e7a das mais diversas voca\u00e7\u00f5es para a nossa igreja\u201d afirma o padre Jo\u00e3o C\u00e2ndido Neto, assessor da Comiss\u00e3o.<\/p>\n<p>Padre Jo\u00e3o C\u00e2ndido Neto explica que o momento ser\u00e1 oportuno para rezar pelas voca\u00e7\u00f5es. \u201cO melhor modo de promovermos a cultura vocacional e o incentivo para a realiza\u00e7\u00e3o do M\u00eas Vocacional em todo o Brasil \u00e9 atrav\u00e9s da ora\u00e7\u00e3o e faremos isso rezando o ter\u00e7o, confiando todo o nosso trabalho ao cora\u00e7\u00e3o imaculado da Virgem Maria, contando com a sua intercess\u00e3o\u201d, finaliza.<\/p>\n","protected":false},"excerpt":{"rendered":"<p>Agosto, M\u00eas Vocacional<\/p>\n","protected":false},"author":3,"featured_media":233381,"comment_status":"open","ping_status":"open","sticky":false,"template":"","format":"standard","meta":[],"categories":[1],"tags":[1877],"acf":[],"yoast_head":"<!-- This site is optimized with the Yoast SEO plugin v19.2 - https:\/\/yoast.com\/wordpress\/plugins\/seo\/ -->\n<title>Ora\u00e7\u00e3o do Ter\u00e7o Vocacional marcar\u00e1 celebra\u00e7\u00e3o de abertura do M\u00eas Vocacional na Igreja do Brasil - Not\u00edcias - Franciscanos<\/title>\n<meta name=\"robots\" content=\"index, follow, max-snippet:-1, max-image-preview:large, max-video-preview:-1\" \/>\n<link rel=\"canonical\" href=\"https:\/\/franciscanos.org.br\/noticias\/oracao-do-terco-vocacional-marcara-celebracao-de-abertura-do-mes-vocacional-na-igreja-do-brasil.html\" \/>\n<meta property=\"og:locale\" content=\"pt_BR\" \/>\n<meta property=\"og:type\" content=\"article\" \/>\n<meta property=\"og:title\" content=\"Ora\u00e7\u00e3o do Ter\u00e7o Vocacional marcar\u00e1 celebra\u00e7\u00e3o de abertura do M\u00eas Vocacional na Igreja do Brasil - Not\u00edcias - Franciscanos\" \/>\n<meta property=\"og:description\" content=\"Agosto, M\u00eas Vocacional\" \/>\n<meta property=\"og:url\" content=\"https:\/\/franciscanos.org.br\/noticias\/oracao-do-terco-vocacional-marcara-celebracao-de-abertura-do-mes-vocacional-na-igreja-do-brasil.html\" \/>\n<meta property=\"og:site_name\" content=\"Not\u00edcias - Franciscanos\" \/>\n<meta property=\"article:published_time\" content=\"2021-07-24T09:42:52+00:00\" \/>\n<meta property=\"og:image\" content=\"https:\/\/franciscanos.org.br\/noticias\/wp-content\/uploads\/2021\/07\/vocacional_24.jpg\" \/>\n\t<meta property=\"og:image:width\" content=\"800\" \/>\n\t<meta property=\"og:image:height\" content=\"550\" \/>\n\t<meta property=\"og:image:type\" content=\"image\/jpeg\" \/>\n<meta name=\"author\" content=\"moacir\" \/>\n<meta name=\"twitter:card\" content=\"summary_large_image\" \/>\n<meta name=\"twitter:label1\" content=\"Escrito por\" \/>\n\t<meta name=\"twitter:data1\" content=\"moacir\" \/>\n\t<meta name=\"twitter:label2\" content=\"Est. tempo de leitura\" \/>\n\t<meta name=\"twitter:data2\" content=\"2 minutos\" \/>\n<script type=\"application\/ld+json\" class=\"yoast-schema-graph\">{\"@context\":\"https:\/\/schema.org\",\"@graph\":[{\"@type\":\"WebSite\",\"@id\":\"https:\/\/franciscanos.org.br\/noticias\/#website\",\"url\":\"https:\/\/franciscanos.org.br\/noticias\/\",\"name\":\"Not\u00edcias - Franciscanos\",\"description\":\"Prov\u00edncia Franciscana da Imaculada Concei\u00e7\u00e3o do Brasil - Ordem dos Frades Menores - OFM\",\"potentialAction\":[{\"@type\":\"SearchAction\",\"target\":{\"@type\":\"EntryPoint\",\"urlTemplate\":\"https:\/\/franciscanos.org.br\/noticias\/?s={search_term_string}\"},\"query-input\":\"required name=search_term_string\"}],\"inLanguage\":\"pt-BR\"},{\"@type\":\"ImageObject\",\"inLanguage\":\"pt-BR\",\"@id\":\"https:\/\/franciscanos.org.br\/noticias\/oracao-do-terco-vocacional-marcara-celebracao-de-abertura-do-mes-vocacional-na-igreja-do-brasil.html#primaryimage\",\"url\":\"https:\/\/franciscanos.org.br\/noticias\/wp-content\/uploads\/2021\/07\/vocacional_24.jpg\",\"contentUrl\":\"https:\/\/franciscanos.org.br\/noticias\/wp-content\/uploads\/2021\/07\/vocacional_24.jpg\",\"width\":800,\"height\":550},{\"@type\":\"WebPage\",\"@id\":\"https:\/\/franciscanos.org.br\/noticias\/oracao-do-terco-vocacional-marcara-celebracao-de-abertura-do-mes-vocacional-na-igreja-do-brasil.html#webpage\",\"url\":\"https:\/\/franciscanos.org.br\/noticias\/oracao-do-terco-vocacional-marcara-celebracao-de-abertura-do-mes-vocacional-na-igreja-do-brasil.html\",\"name\":\"Ora\u00e7\u00e3o do Ter\u00e7o Vocacional marcar\u00e1 celebra\u00e7\u00e3o de abertura do M\u00eas Vocacional na Igreja do Brasil - Not\u00edcias - Franciscanos\",\"isPartOf\":{\"@id\":\"https:\/\/franciscanos.org.br\/noticias\/#website\"},\"primaryImageOfPage\":{\"@id\":\"https:\/\/franciscanos.org.br\/noticias\/oracao-do-terco-vocacional-marcara-celebracao-de-abertura-do-mes-vocacional-na-igreja-do-brasil.html#primaryimage\"},\"datePublished\":\"2021-07-24T09:42:52+00:00\",\"dateModified\":\"2021-07-24T09:42:52+00:00\",\"author\":{\"@id\":\"https:\/\/franciscanos.org.br\/noticias\/#\/schema\/person\/b5c8cba458c330ccff548b056e95a5d4\"},\"breadcrumb\":{\"@id\":\"https:\/\/franciscanos.org.br\/noticias\/oracao-do-terco-vocacional-marcara-celebracao-de-abertura-do-mes-vocacional-na-igreja-do-brasil.html#breadcrumb\"},\"inLanguage\":\"pt-BR\",\"potentialAction\":[{\"@type\":\"ReadAction\",\"target\":[\"https:\/\/franciscanos.org.br\/noticias\/oracao-do-terco-vocacional-marcara-celebracao-de-abertura-do-mes-vocacional-na-igreja-do-brasil.html\"]}]},{\"@type\":\"BreadcrumbList\",\"@id\":\"https:\/\/franciscanos.org.br\/noticias\/oracao-do-terco-vocacional-marcara-celebracao-de-abertura-do-mes-vocacional-na-igreja-do-brasil.html#breadcrumb\",\"itemListElement\":[{\"@type\":\"ListItem\",\"position\":1,\"name\":\"Home\",\"item\":\"https:\/\/franciscanos.org.br\/noticias\"},{\"@type\":\"ListItem\",\"position\":2,\"name\":\"Ora\u00e7\u00e3o do Ter\u00e7o Vocacional marcar\u00e1 celebra\u00e7\u00e3o de abertura do M\u00eas Vocacional na Igreja do Brasil\"}]},{\"@type\":\"Person\",\"@id\":\"https:\/\/franciscanos.org.br\/noticias\/#\/schema\/person\/b5c8cba458c330ccff548b056e95a5d4\",\"name\":\"moacir\",\"image\":{\"@type\":\"ImageObject\",\"inLanguage\":\"pt-BR\",\"@id\":\"https:\/\/franciscanos.org.br\/noticias\/#\/schema\/person\/image\/\",\"url\":\"https:\/\/secure.gravatar.com\/avatar\/d08aa2ce4c8dd416d4479aa8536fcf64?s=96&d=mm&r=g\",\"contentUrl\":\"https:\/\/secure.gravatar.com\/avatar\/d08aa2ce4c8dd416d4479aa8536fcf64?s=96&d=mm&r=g\",\"caption\":\"moacir\"},\"url\":\"https:\/\/franciscanos.org.br\/noticias\/author\/moacir\"}]}<\/script>\n<!-- \/ Yoast SEO plugin. -->","yoast_head_json":{"title":"Ora\u00e7\u00e3o do Ter\u00e7o Vocacional marcar\u00e1 celebra\u00e7\u00e3o de abertura do M\u00eas Vocacional na Igreja do Brasil - Not\u00edcias - Franciscanos","robots":{"index":"index","follow":"follow","max-snippet":"max-snippet:-1","max-image-preview":"max-image-preview:large","max-video-preview":"max-video-preview:-1"},"canonical":"https:\/\/franciscanos.org.br\/noticias\/oracao-do-terco-vocacional-marcara-celebracao-de-abertura-do-mes-vocacional-na-igreja-do-brasil.html","og_locale":"pt_BR","og_type":"article","og_title":"Ora\u00e7\u00e3o do Ter\u00e7o Vocacional marcar\u00e1 celebra\u00e7\u00e3o de abertura do M\u00eas Vocacional na Igreja do Brasil - Not\u00edcias - Franciscanos","og_description":"Agosto, M\u00eas Vocacional","og_url":"https:\/\/franciscanos.org.br\/noticias\/oracao-do-terco-vocacional-marcara-celebracao-de-abertura-do-mes-vocacional-na-igreja-do-brasil.html","og_site_name":"Not\u00edcias - Franciscanos","article_published_time":"2021-07-24T09:42:52+00:00","og_image":[{"width":800,"height":550,"url":"https:\/\/franciscanos.org.br\/noticias\/wp-content\/uploads\/2021\/07\/vocacional_24.jpg","type":"image\/jpeg"}],"author":"moacir","twitter_card":"summary_large_image","twitter_misc":{"Escrito por":"moacir","Est. tempo de leitura":"2 minutos"},"schema":{"@context":"https:\/\/schema.org","@graph":[{"@type":"WebSite","@id":"https:\/\/franciscanos.org.br\/noticias\/#website","url":"https:\/\/franciscanos.org.br\/noticias\/","name":"Not\u00edcias - Franciscanos","description":"Prov\u00edncia Franciscana da Imaculada Concei\u00e7\u00e3o do Brasil - Ordem dos Frades Menores - OFM","potentialAction":[{"@type":"SearchAction","target":{"@type":"EntryPoint","urlTemplate":"https:\/\/franciscanos.org.br\/noticias\/?s={search_term_string}"},"query-input":"required name=search_term_string"}],"inLanguage":"pt-BR"},{"@type":"ImageObject","inLanguage":"pt-BR","@id":"https:\/\/franciscanos.org.br\/noticias\/oracao-do-terco-vocacional-marcara-celebracao-de-abertura-do-mes-vocacional-na-igreja-do-brasil.html#primaryimage","url":"https:\/\/franciscanos.org.br\/noticias\/wp-content\/uploads\/2021\/07\/vocacional_24.jpg","contentUrl":"https:\/\/franciscanos.org.br\/noticias\/wp-content\/uploads\/2021\/07\/vocacional_24.jpg","width":800,"height":550},{"@type":"WebPage","@id":"https:\/\/franciscanos.org.br\/noticias\/oracao-do-terco-vocacional-marcara-celebracao-de-abertura-do-mes-vocacional-na-igreja-do-brasil.html#webpage","url":"https:\/\/franciscanos.org.br\/noticias\/oracao-do-terco-vocacional-marcara-celebracao-de-abertura-do-mes-vocacional-na-igreja-do-brasil.html","name":"Ora\u00e7\u00e3o do Ter\u00e7o Vocacional marcar\u00e1 celebra\u00e7\u00e3o de abertura do M\u00eas Vocacional na Igreja do Brasil - Not\u00edcias - Franciscanos","isPartOf":{"@id":"https:\/\/franciscanos.org.br\/noticias\/#website"},"primaryImageOfPage":{"@id":"https:\/\/franciscanos.org.br\/noticias\/oracao-do-terco-vocacional-marcara-celebracao-de-abertura-do-mes-vocacional-na-igreja-do-brasil.html#primaryimage"},"datePublished":"2021-07-24T09:42:52+00:00","dateModified":"2021-07-24T09:42:52+00:00","author":{"@id":"https:\/\/franciscanos.org.br\/noticias\/#\/schema\/person\/b5c8cba458c330ccff548b056e95a5d4"},"breadcrumb":{"@id":"https:\/\/franciscanos.org.br\/noticias\/oracao-do-terco-vocacional-marcara-celebracao-de-abertura-do-mes-vocacional-na-igreja-do-brasil.html#breadcrumb"},"inLanguage":"pt-BR","potentialAction":[{"@type":"ReadAction","target":["https:\/\/franciscanos.org.br\/noticias\/oracao-do-terco-vocacional-marcara-celebracao-de-abertura-do-mes-vocacional-na-igreja-do-brasil.html"]}]},{"@type":"BreadcrumbList","@id":"https:\/\/franciscanos.org.br\/noticias\/oracao-do-terco-vocacional-marcara-celebracao-de-abertura-do-mes-vocacional-na-igreja-do-brasil.html#breadcrumb","itemListElement":[{"@type":"ListItem","position":1,"name":"Home","item":"https:\/\/franciscanos.org.br\/noticias"},{"@type":"ListItem","position":2,"name":"Ora\u00e7\u00e3o do Ter\u00e7o Vocacional marcar\u00e1 celebra\u00e7\u00e3o de abertura do M\u00eas Vocacional na Igreja do Brasil"}]},{"@type":"Person","@id":"https:\/\/franciscanos.org.br\/noticias\/#\/schema\/person\/b5c8cba458c330ccff548b056e95a5d4","name":"moacir","image":{"@type":"ImageObject","inLanguage":"pt-BR","@id":"https:\/\/franciscanos.org.br\/noticias\/#\/schema\/person\/image\/","url":"https:\/\/secure.gravatar.com\/avatar\/d08aa2ce4c8dd416d4479aa8536fcf64?s=96&d=mm&r=g","contentUrl":"https:\/\/secure.gravatar.com\/avatar\/d08aa2ce4c8dd416d4479aa8536fcf64?s=96&d=mm&r=g","caption":"moacir"},"url":"https:\/\/franciscanos.org.br\/noticias\/author\/moacir"}]}},"_links":{"self":[{"href":"https:\/\/franciscanos.org.br\/noticias\/wp-json\/wp\/v2\/posts\/233379"}],"collection":[{"href":"https:\/\/franciscanos.org.br\/noticias\/wp-json\/wp\/v2\/posts"}],"about":[{"href":"https:\/\/franciscanos.org.br\/noticias\/wp-json\/wp\/v2\/types\/post"}],"author":[{"embeddable":true,"href":"https:\/\/franciscanos.org.br\/noticias\/wp-json\/wp\/v2\/users\/3"}],"replies":[{"embeddable":true,"href":"https:\/\/franciscanos.org.br\/noticias\/wp-json\/wp\/v2\/comments?post=233379"}],"version-history":[{"count":1,"href":"https:\/\/franciscanos.org.br\/noticias\/wp-json\/wp\/v2\/posts\/233379\/revisions"}],"predecessor-version":[{"id":233382,"href":"https:\/\/franciscanos.org.br\/noticias\/wp-json\/wp\/v2\/posts\/233379\/revisions\/233382"}],"wp:featuredmedia":[{"embeddable":true,"href":"https:\/\/franciscanos.org.br\/noticias\/wp-json\/wp\/v2\/media\/233381"}],"wp:attachment":[{"href":"https:\/\/franciscanos.org.br\/noticias\/wp-json\/wp\/v2\/media?parent=233379"}],"wp:term":[{"taxonomy":"category","embeddable":true,"href":"https:\/\/franciscanos.org.br\/noticias\/wp-json\/wp\/v2\/categories?post=233379"},{"taxonomy":"post_tag","embeddable":true,"href":"https:\/\/franciscanos.org.br\/noticias\/wp-json\/wp\/v2\/tags?post=233379"}],"curies":[{"name":"wp","href":"https:\/\/api.w.org\/{rel}","templated":true}]}}